{"id":202147,"date":"2026-02-06T15:51:00","date_gmt":"2026-02-06T18:51:00","guid":{"rendered":"https:\/\/portaltela.pt\/noticias\/2026\/02\/06\/subida-do-minho-obriga-a-evacuar-oito-familias-de-acampamento-em-valenca\/"},"modified":"2026-02-06T15:51:00","modified_gmt":"2026-02-06T18:51:00","slug":"subida-do-minho-obriga-a-evacuar-oito-familias-de-acampamento-em-valenca","status":"publish","type":"post","link":"https:\/\/portaltela.pt\/noticias\/2026\/02\/06\/subida-do-minho-obriga-a-evacuar-oito-familias-de-acampamento-em-valenca\/","title":{"rendered":"Subida do Minho obriga a evacuar oito fam\u00edlias de acampamento em Valen\u00e7a"},"content":{"rendered":"<p>Oito fam\u00edlias, totalizando 34 pessoas, foram retiradas de um acampamento cigano junto \u00e0s margens do rio Minho, em Valen\u00e7a. A opera\u00e7\u00e3o decorreu na quinta-feira, devido ao aumento do caudal que levou \u00e0 subida das \u00e1guas e \u00e0 necessidade de realojamento pela C\u00e2mara Municipal de Valen\u00e7a.<\/p>\n<p>Ao todo, dezasseis adultos e 18 crian\u00e7as foram removidos e encaminhados para acolhimento municipal. A mesma vaga de enchente obrigou tamb\u00e9m ao encerramento de v\u00e1rias vias e zonas pedonais em Mon\u00e7\u00e3o, Caminha e Vila Nova de Cerveira, com impactos na circula\u00e7\u00e3o.<\/p>\n<p>Em Ponte de Lima e Ponte da Barca, as cheias do Lima resultaram no afastamento de acessos, incluindo a interdi\u00e7\u00e3o da ponte do Arquinho, em Arcozelo, e a zona perto do restaurante O Moinho, respetivamente. N\u00e3o h\u00e1 registo de habita\u00e7\u00f5es em risco at\u00e9 ao momento.<\/p>\n<h3>Interdi\u00e7\u00f5es e condu\u00e7\u00e3o de ocorr\u00eancias<\/h3>\n<p>Segundo o Comando Sub-regional de Emerg\u00eancia e Prote\u00e7\u00e3o Civil de Viana do Castelo, as marginais de Seixas de Lanhelas, em Caminha, o Parque das Caldas, em Mon\u00e7\u00e3o, e zonas marginais de Vila Nova de Cerveira, entre as piscinas e o Aquamuseu, permaneciam interditadas por precau\u00e7\u00e3o devido \u00e0 subida das \u00e1guas do Minho.<\/p>\n<h3>Situa\u00e7\u00e3o nos rios Lima<\/h3>\n<p>Em Ponte de Lima, a ponte do Arquinho ficou encerrada por causa da enchente do Lima. Em Ponte da Barca, o caudal aproxima-se de um ponto junto ao restaurante O Moinho, limitando acessos locais. At\u00e9 agora n\u00e3o foi registado qualquer risco para habita\u00e7\u00f5es.<\/p>\n","protected":false},"excerpt":{"rendered":"<ul>\n<li>Oito fam\u00edlias (34 pessoas) foram retiradas de um acampamento cigano junto ao rio Minho, em Valen\u00e7a, devido \u00e0s cheias.<\/li>\n<li>Foram retirados 16 adultos e 18 crian\u00e7as, que foram realojados pela C\u00e2mara Municipal de Valen\u00e7a na quinta-feira.<\/li>\n<li>O aumento do caudal do Minho levou \u00e0 interdi\u00e7\u00e3o de v\u00e1rias vias e zonas pedonais em Mon\u00e7\u00e3o, Caminha e Vila Nova de Cerveira; o Lima tamb\u00e9m ficou interdito em Ponte de Lima e Ponte da Barca.<\/li>\n<li>Por precau\u00e7\u00e3o, mantinham-se fechadas as marginais em Seixas de Lanhelas (Caminha), Parque das Caldas (Mon\u00e7\u00e3o) e em Vila Nova de Cerveira.<\/li>\n<li>Em Ponte de Lima, a ponte do Arquinho ficou interditada; em Ponte da Barca, o caudal do Lima situava-se perto de um restaurante (Moinho); n\u00e3o h\u00e1 registo de habita\u00e7\u00f5es em risco.<\/li>\n<\/ul>\n","protected":false},"author":2,"featured_media":202149,"comment_status":"closed","ping_status":"closed","sticky":false,"template":"","format":"standard","meta":{"footnotes":""},"categories":[1],"tags":[5589,1331,5449,1935,2051,320],"class_list":["post-202147","post","type-post","status-publish","format-standard","has-post-thumbnail","hentry","category-noticias","tag-acampamentos","tag-alagamento","tag-camara-municipal","tag-emergencias","tag-inundacao","tag-protecao-civil"],"yoast_head":"<!-- This site is optimized with the Yoast SEO plugin v27.2 - https:\/\/yoast.com\/product\/yoast-seo-wordpress\/ -->\n<title>Subida do Minho obriga a evacuar oito fam\u00edlias de acampamento em Valen\u00e7a - Portal Tela Portugal<\/title>\n<meta name=\"robots\" content=\"index, follow, max-snippet:-1, max-image-preview:large, max-video-preview:-1\" \/>\n<meta property=\"og:locale\" content=\"pt_PT\" \/>\n<meta property=\"og:type\" content=\"article\" \/>\n<meta property=\"og:title\" content=\"Subida do Minho obriga a evacuar oito fam\u00edlias de acampamento em Valen\u00e7a - Portal Tela Portugal\" \/>\n<meta property=\"og:description\" content=\"Oito fam\u00edlias (34 pessoas) foram retiradas de um acampamento cigano junto ao rio Minho, em Valen\u00e7a, devido \u00e0s cheias. Foram retirados 16 adultos e 18 crian\u00e7as, que foram realojados pela C\u00e2mara Municipal de Valen\u00e7a na quinta-feira. O aumento do caudal do Minho levou \u00e0 interdi\u00e7\u00e3o de v\u00e1rias vias e zonas pedonais em Mon\u00e7\u00e3o, Caminha e Vila Nova de Cerveira; o Lima tamb\u00e9m ficou interdito em Ponte de Lima e Ponte da Barca. Por precau\u00e7\u00e3o, mantinham-se fechadas as marginais em Seixas de Lanhelas (Caminha), Parque das Caldas (Mon\u00e7\u00e3o) e em Vila Nova de Cerveira. Em Ponte de Lima, a ponte do Arquinho ficou interditada; em Ponte da Barca, o caudal do Lima situava-se perto de um restaurante (Moinho); n\u00e3o h\u00e1 registo de habita\u00e7\u00f5es em risco.\" \/>\n<meta property=\"og:url\" content=\"https:\/\/portaltela.pt\/noticias\/2026\/02\/06\/subida-do-minho-obriga-a-evacuar-oito-familias-de-acampamento-em-valenca\/\" \/>\n<meta property=\"og:site_name\" content=\"Portal Tela Portugal\" \/>\n<meta property=\"article:published_time\" content=\"2026-02-06T18:51:00+00:00\" \/>\n<meta name=\"author\" content=\"Telinha\" \/>\n<meta name=\"twitter:card\" content=\"summary_large_image\" \/>\n<meta name=\"twitter:label1\" content=\"Escrito por\" \/>\n\t<meta name=\"twitter:data1\" content=\"Telinha\" \/>\n\t<meta name=\"twitter:label2\" content=\"Tempo estimado de leitura\" \/>\n\t<meta name=\"twitter:data2\" content=\"1 minuto\" \/>\n<script type=\"application\/ld+json\" class=\"yoast-schema-graph\">{\"@context\":\"https:\/\/schema.org\",\"@graph\":[{\"@type\":\"Article\",\"@id\":\"https:\/\/portaltela.pt\/noticias\/2026\/02\/06\/subida-do-minho-obriga-a-evacuar-oito-familias-de-acampamento-em-valenca\/#article\",\"isPartOf\":{\"@id\":\"https:\/\/portaltela.pt\/noticias\/2026\/02\/06\/subida-do-minho-obriga-a-evacuar-oito-familias-de-acampamento-em-valenca\/\"},\"author\":{\"name\":\"Telinha\",\"@id\":\"https:\/\/portaltela.pt\/#\/schema\/person\/c4278d4a6028830caff9ee44b42d32ed\"},\"headline\":\"Subida do Minho obriga a evacuar oito fam\u00edlias de acampamento em Valen\u00e7a\",\"datePublished\":\"2026-02-06T18:51:00+00:00\",\"mainEntityOfPage\":{\"@id\":\"https:\/\/portaltela.pt\/noticias\/2026\/02\/06\/subida-do-minho-obriga-a-evacuar-oito-familias-de-acampamento-em-valenca\/\"},\"wordCount\":267,\"image\":{\"@id\":\"https:\/\/portaltela.pt\/noticias\/2026\/02\/06\/subida-do-minho-obriga-a-evacuar-oito-familias-de-acampamento-em-valenca\/#primaryimage\"},\"thumbnailUrl\":\"https:\/\/portaltela.pt\/s.01k8rhncp4jt1\/2026\/02\/image-504.jpg\",\"keywords\":[\"acampamentos\",\"alagamento\",\"C\u00e2mara Municipal\",\"emerg\u00eancias\",\"inunda\u00e7\u00e3o\",\"prote\u00e7\u00e3o civil\"],\"articleSection\":[\"Not\u00edcias\"],\"inLanguage\":\"pt-PT\"},{\"@type\":\"WebPage\",\"@id\":\"https:\/\/portaltela.pt\/noticias\/2026\/02\/06\/subida-do-minho-obriga-a-evacuar-oito-familias-de-acampamento-em-valenca\/\",\"url\":\"https:\/\/portaltela.pt\/noticias\/2026\/02\/06\/subida-do-minho-obriga-a-evacuar-oito-familias-de-acampamento-em-valenca\/\",\"name\":\"Subida do Minho obriga a evacuar oito fam\u00edlias de acampamento em Valen\u00e7a - Portal Tela Portugal\",\"isPartOf\":{\"@id\":\"https:\/\/portaltela.pt\/#website\"},\"primaryImageOfPage\":{\"@id\":\"https:\/\/portaltela.pt\/noticias\/2026\/02\/06\/subida-do-minho-obriga-a-evacuar-oito-familias-de-acampamento-em-valenca\/#primaryimage\"},\"image\":{\"@id\":\"https:\/\/portaltela.pt\/noticias\/2026\/02\/06\/subida-do-minho-obriga-a-evacuar-oito-familias-de-acampamento-em-valenca\/#primaryimage\"},\"thumbnailUrl\":\"https:\/\/portaltela.pt\/s.01k8rhncp4jt1\/2026\/02\/image-504.jpg\",\"datePublished\":\"2026-02-06T18:51:00+00:00\",\"author\":{\"@id\":\"https:\/\/portaltela.pt\/#\/schema\/person\/c4278d4a6028830caff9ee44b42d32ed\"},\"breadcrumb\":{\"@id\":\"https:\/\/portaltela.pt\/noticias\/2026\/02\/06\/subida-do-minho-obriga-a-evacuar-oito-familias-de-acampamento-em-valenca\/#breadcrumb\"},\"inLanguage\":\"pt-PT\",\"potentialAction\":[{\"@type\":\"ReadAction\",\"target\":[\"https:\/\/portaltela.pt\/noticias\/2026\/02\/06\/subida-do-minho-obriga-a-evacuar-oito-familias-de-acampamento-em-valenca\/\"]}]},{\"@type\":\"ImageObject\",\"inLanguage\":\"pt-PT\",\"@id\":\"https:\/\/portaltela.pt\/noticias\/2026\/02\/06\/subida-do-minho-obriga-a-evacuar-oito-familias-de-acampamento-em-valenca\/#primaryimage\",\"url\":\"https:\/\/portaltela.pt\/s.01k8rhncp4jt1\/2026\/02\/image-504.jpg\",\"contentUrl\":\"https:\/\/portaltela.pt\/s.01k8rhncp4jt1\/2026\/02\/image-504.jpg\",\"width\":796,\"height\":448,\"caption\":\"Inunda\u00e7\u00f5es no Parque das Caldas, em Mon\u00e7\u00e3o\"},{\"@type\":\"BreadcrumbList\",\"@id\":\"https:\/\/portaltela.pt\/noticias\/2026\/02\/06\/subida-do-minho-obriga-a-evacuar-oito-familias-de-acampamento-em-valenca\/#breadcrumb\",\"itemListElement\":[{\"@type\":\"ListItem\",\"position\":1,\"name\":\"In\u00edcio\",\"item\":\"https:\/\/portaltela.pt\/\"},{\"@type\":\"ListItem\",\"position\":2,\"name\":\"Subida do Minho obriga a evacuar oito fam\u00edlias de acampamento em Valen\u00e7a\"}]},{\"@type\":\"WebSite\",\"@id\":\"https:\/\/portaltela.pt\/#website\",\"url\":\"https:\/\/portaltela.pt\/\",\"name\":\"Portal Tela Portugal\",\"description\":\"\",\"potentialAction\":[{\"@type\":\"SearchAction\",\"target\":{\"@type\":\"EntryPoint\",\"urlTemplate\":\"https:\/\/portaltela.pt\/?s={search_term_string}\"},\"query-input\":{\"@type\":\"PropertyValueSpecification\",\"valueRequired\":true,\"valueName\":\"search_term_string\"}}],\"inLanguage\":\"pt-PT\"},{\"@type\":\"Person\",\"@id\":\"https:\/\/portaltela.pt\/#\/schema\/person\/c4278d4a6028830caff9ee44b42d32ed\",\"name\":\"Telinha\",\"image\":{\"@type\":\"ImageObject\",\"inLanguage\":\"pt-PT\",\"@id\":\"https:\/\/portaltela.pt\/s.01k8rhncp4jt1\/2025\/11\/talking-bot-125x125.png\",\"url\":\"https:\/\/portaltela.pt\/s.01k8rhncp4jt1\/2025\/11\/talking-bot-125x125.png\",\"contentUrl\":\"https:\/\/portaltela.pt\/s.01k8rhncp4jt1\/2025\/11\/talking-bot-125x125.png\",\"caption\":\"Telinha\"},\"sameAs\":[\"https:\/\/portaltela.pt\/\"],\"url\":\"https:\/\/portaltela.pt\/por\/367410592786\/\"}]}<\/script>\n<!-- \/ Yoast SEO plugin. -->","yoast_head_json":{"title":"Subida do Minho obriga a evacuar oito fam\u00edlias de acampamento em Valen\u00e7a - Portal Tela Portugal","robots":{"index":"index","follow":"follow","max-snippet":"max-snippet:-1","max-image-preview":"max-image-preview:large","max-video-preview":"max-video-preview:-1"},"og_locale":"pt_PT","og_type":"article","og_title":"Subida do Minho obriga a evacuar oito fam\u00edlias de acampamento em Valen\u00e7a - Portal Tela Portugal","og_description":"Oito fam\u00edlias (34 pessoas) foram retiradas de um acampamento cigano junto ao rio Minho, em Valen\u00e7a, devido \u00e0s cheias. Foram retirados 16 adultos e 18 crian\u00e7as, que foram realojados pela C\u00e2mara Municipal de Valen\u00e7a na quinta-feira. O aumento do caudal do Minho levou \u00e0 interdi\u00e7\u00e3o de v\u00e1rias vias e zonas pedonais em Mon\u00e7\u00e3o, Caminha e Vila Nova de Cerveira; o Lima tamb\u00e9m ficou interdito em Ponte de Lima e Ponte da Barca. Por precau\u00e7\u00e3o, mantinham-se fechadas as marginais em Seixas de Lanhelas (Caminha), Parque das Caldas (Mon\u00e7\u00e3o) e em Vila Nova de Cerveira. Em Ponte de Lima, a ponte do Arquinho ficou interditada; em Ponte da Barca, o caudal do Lima situava-se perto de um restaurante (Moinho); n\u00e3o h\u00e1 registo de habita\u00e7\u00f5es em risco.","og_url":"https:\/\/portaltela.pt\/noticias\/2026\/02\/06\/subida-do-minho-obriga-a-evacuar-oito-familias-de-acampamento-em-valenca\/","og_site_name":"Portal Tela Portugal","article_published_time":"2026-02-06T18:51:00+00:00","author":"Telinha","twitter_card":"summary_large_image","twitter_misc":{"Escrito por":"Telinha","Tempo estimado de leitura":"1 minuto"},"schema":{"@context":"https:\/\/schema.org","@graph":[{"@type":"Article","@id":"https:\/\/portaltela.pt\/noticias\/2026\/02\/06\/subida-do-minho-obriga-a-evacuar-oito-familias-de-acampamento-em-valenca\/#article","isPartOf":{"@id":"https:\/\/portaltela.pt\/noticias\/2026\/02\/06\/subida-do-minho-obriga-a-evacuar-oito-familias-de-acampamento-em-valenca\/"},"author":{"name":"Telinha","@id":"https:\/\/portaltela.pt\/#\/schema\/person\/c4278d4a6028830caff9ee44b42d32ed"},"headline":"Subida do Minho obriga a evacuar oito fam\u00edlias de acampamento em Valen\u00e7a","datePublished":"2026-02-06T18:51:00+00:00","mainEntityOfPage":{"@id":"https:\/\/portaltela.pt\/noticias\/2026\/02\/06\/subida-do-minho-obriga-a-evacuar-oito-familias-de-acampamento-em-valenca\/"},"wordCount":267,"image":{"@id":"https:\/\/portaltela.pt\/noticias\/2026\/02\/06\/subida-do-minho-obriga-a-evacuar-oito-familias-de-acampamento-em-valenca\/#primaryimage"},"thumbnailUrl":"https:\/\/portaltela.pt\/s.01k8rhncp4jt1\/2026\/02\/image-504.jpg","keywords":["acampamentos","alagamento","C\u00e2mara Municipal","emerg\u00eancias","inunda\u00e7\u00e3o","prote\u00e7\u00e3o civil"],"articleSection":["Not\u00edcias"],"inLanguage":"pt-PT"},{"@type":"WebPage","@id":"https:\/\/portaltela.pt\/noticias\/2026\/02\/06\/subida-do-minho-obriga-a-evacuar-oito-familias-de-acampamento-em-valenca\/","url":"https:\/\/portaltela.pt\/noticias\/2026\/02\/06\/subida-do-minho-obriga-a-evacuar-oito-familias-de-acampamento-em-valenca\/","name":"Subida do Minho obriga a evacuar oito fam\u00edlias de acampamento em Valen\u00e7a - Portal Tela Portugal","isPartOf":{"@id":"https:\/\/portaltela.pt\/#website"},"primaryImageOfPage":{"@id":"https:\/\/portaltela.pt\/noticias\/2026\/02\/06\/subida-do-minho-obriga-a-evacuar-oito-familias-de-acampamento-em-valenca\/#primaryimage"},"image":{"@id":"https:\/\/portaltela.pt\/noticias\/2026\/02\/06\/subida-do-minho-obriga-a-evacuar-oito-familias-de-acampamento-em-valenca\/#primaryimage"},"thumbnailUrl":"https:\/\/portaltela.pt\/s.01k8rhncp4jt1\/2026\/02\/image-504.jpg","datePublished":"2026-02-06T18:51:00+00:00","author":{"@id":"https:\/\/portaltela.pt\/#\/schema\/person\/c4278d4a6028830caff9ee44b42d32ed"},"breadcrumb":{"@id":"https:\/\/portaltela.pt\/noticias\/2026\/02\/06\/subida-do-minho-obriga-a-evacuar-oito-familias-de-acampamento-em-valenca\/#breadcrumb"},"inLanguage":"pt-PT","potentialAction":[{"@type":"ReadAction","target":["https:\/\/portaltela.pt\/noticias\/2026\/02\/06\/subida-do-minho-obriga-a-evacuar-oito-familias-de-acampamento-em-valenca\/"]}]},{"@type":"ImageObject","inLanguage":"pt-PT","@id":"https:\/\/portaltela.pt\/noticias\/2026\/02\/06\/subida-do-minho-obriga-a-evacuar-oito-familias-de-acampamento-em-valenca\/#primaryimage","url":"https:\/\/portaltela.pt\/s.01k8rhncp4jt1\/2026\/02\/image-504.jpg","contentUrl":"https:\/\/portaltela.pt\/s.01k8rhncp4jt1\/2026\/02\/image-504.jpg","width":796,"height":448,"caption":"Inunda\u00e7\u00f5es no Parque das Caldas, em Mon\u00e7\u00e3o"},{"@type":"BreadcrumbList","@id":"https:\/\/portaltela.pt\/noticias\/2026\/02\/06\/subida-do-minho-obriga-a-evacuar-oito-familias-de-acampamento-em-valenca\/#breadcrumb","itemListElement":[{"@type":"ListItem","position":1,"name":"In\u00edcio","item":"https:\/\/portaltela.pt\/"},{"@type":"ListItem","position":2,"name":"Subida do Minho obriga a evacuar oito fam\u00edlias de acampamento em Valen\u00e7a"}]},{"@type":"WebSite","@id":"https:\/\/portaltela.pt\/#website","url":"https:\/\/portaltela.pt\/","name":"Portal Tela Portugal","description":"","potentialAction":[{"@type":"SearchAction","target":{"@type":"EntryPoint","urlTemplate":"https:\/\/portaltela.pt\/?s={search_term_string}"},"query-input":{"@type":"PropertyValueSpecification","valueRequired":true,"valueName":"search_term_string"}}],"inLanguage":"pt-PT"},{"@type":"Person","@id":"https:\/\/portaltela.pt\/#\/schema\/person\/c4278d4a6028830caff9ee44b42d32ed","name":"Telinha","image":{"@type":"ImageObject","inLanguage":"pt-PT","@id":"https:\/\/portaltela.pt\/s.01k8rhncp4jt1\/2025\/11\/talking-bot-125x125.png","url":"https:\/\/portaltela.pt\/s.01k8rhncp4jt1\/2025\/11\/talking-bot-125x125.png","contentUrl":"https:\/\/portaltela.pt\/s.01k8rhncp4jt1\/2025\/11\/talking-bot-125x125.png","caption":"Telinha"},"sameAs":["https:\/\/portaltela.pt\/"],"url":"https:\/\/portaltela.pt\/por\/367410592786\/"}]}},"_links":{"self":[{"href":"https:\/\/portaltela.pt\/api\/wp\/v2\/posts\/202147","targetHints":{"allow":["GET"]}}],"collection":[{"href":"https:\/\/portaltela.pt\/api\/wp\/v2\/posts"}],"about":[{"href":"https:\/\/portaltela.pt\/api\/wp\/v2\/types\/post"}],"author":[{"embeddable":true,"href":"https:\/\/portaltela.pt\/api\/wp\/v2\/users\/2"}],"replies":[{"embeddable":true,"href":"https:\/\/portaltela.pt\/api\/wp\/v2\/comments?post=202147"}],"version-history":[{"count":0,"href":"https:\/\/portaltela.pt\/api\/wp\/v2\/posts\/202147\/revisions"}],"wp:featuredmedia":[{"embeddable":true,"href":"https:\/\/portaltela.pt\/api\/wp\/v2\/media\/202149"}],"wp:attachment":[{"href":"https:\/\/portaltela.pt\/api\/wp\/v2\/media?parent=202147"}],"wp:term":[{"taxonomy":"category","embeddable":true,"href":"https:\/\/portaltela.pt\/api\/wp\/v2\/categories?post=202147"},{"taxonomy":"post_tag","embeddable":true,"href":"https:\/\/portaltela.pt\/api\/wp\/v2\/tags?post=202147"}],"curies":[{"name":"wp","href":"https:\/\/api.w.org\/{rel}","templated":true}]}}