{"id":202134,"date":"2026-02-06T15:37:30","date_gmt":"2026-02-06T18:37:30","guid":{"rendered":"https:\/\/portaltela.pt\/noticias\/2026\/02\/06\/feira-de-queijos-enchidos-e-vinhos-esta-de-volta-ao-continente\/"},"modified":"2026-02-06T15:37:30","modified_gmt":"2026-02-06T18:37:30","slug":"feira-de-queijos-enchidos-e-vinhos-esta-de-volta-ao-continente","status":"publish","type":"post","link":"https:\/\/portaltela.pt\/noticias\/2026\/02\/06\/feira-de-queijos-enchidos-e-vinhos-esta-de-volta-ao-continente\/","title":{"rendered":"Feira de queijos, enchidos e vinhos est\u00e1 de volta ao Continente"},"content":{"rendered":"<p>A Feira de Queijos, Enchidos e Vinhos do Continente est\u00e1 de regresso, com mais variedade e pre\u00e7os atrativos at\u00e9 22 de fevereiro. A iniciativa acontece nas lojas Continente de todo o pa\u00eds e no Continente Online.<\/p>\n<p>Entre os queijos, chegam novidades como o Queijo Azul Cremoso Continente, leve e com veios azuis, e o Queijo de Ovelha Amanteigado Intenso A Nossa Queijaria, com textura cremosa. Est\u00e3o tamb\u00e9m o Queijo de Azeit\u00e3o DOP e o Queijo Curado com Leite de B\u00fafala Continente Sele\u00e7\u00e3o.<\/p>\n<p>Este \u00faltimo paira entre cl\u00e1ssicismo e inova\u00e7\u00e3o, destacando-se pela medalha de bronze nos World Cheese Awards. Promete elevar qualquer t\u00e1bua a uma primeira prova, com equil\u00edbrio entre sabor e cremosidade.<\/p>\n<p>Na sec\u00e7\u00e3o de charcutaria, a linha Continente Sele\u00e7\u00e3o Signature cresce com op\u00e7\u00f5es para todos os gostos. Inclui Alheira e Chouri\u00e7a com carne de porco B\u00edsaro, Chouri\u00e7a Picante de Porco B\u00edsaro e Presunto de Porco Preto Bolota, com 30 meses de cura.<\/p>\n<p>Tamb\u00e9m refor\u00e7am-se as escolhas para entradas: Bolinhas de Alheira de Aves, de Ca\u00e7a ou com Chouri\u00e7o, perfeitas para servir antes do prato principal. A sele\u00e7\u00e3o mant\u00e9m o foco em qualidade e tradi\u00e7\u00e3o.<\/p>\n<h3>Garrafeira do Continente<\/h3>\n<p>A Garrafeira do Continente apresenta sugest\u00f5es para harmonizar com estes sabores. O Vinho Tinto EA Syrah Alentejano traz intensidade para os enchidos, enquanto o Vinho Verde Branco Soalheiro Alma Loureiro&amp;Alvarinho oferece frescura para os queijos mais marcados.<\/p>\n<p>Todos os produtos est\u00e3o dispon\u00edveis online e nas lojas Continente, refor\u00e7ando o compromisso com qualidade a bons pre\u00e7os. A feira celebra a diversidade de produtores portugueses do Clube de Produtores Continente.<\/p>\n","protected":false},"excerpt":{"rendered":"<ul>\n<li>A Feira de Queijos, Enchidos e Vinhos do Continente est\u00e1 de volta at\u00e9 ao dia 22 de fevereiro, dispon\u00edvel nas lojas e no Continente Online.<\/li>\n<li>Novos queijos incluem o Queijo Azul Cremoso Continente, o Queijo de Ovelha Amanteigado Intenso A Nossa Queijaria, o Queijo de Azeit\u00e3o DOP e o Queijo Curado com Leite de B\u00fafala Continente Sele\u00e7\u00e3o, alguns com medalha nos World Cheese Awards.<\/li>\n<li>Na charcutaria, destacam-se a gama Continente Sele\u00e7\u00e3o Signature, a Chouri\u00e7a Picante de Porco B\u00edsaro, o Presunto de Porco Preto Bolota com 30 meses de cura e as Bolinhas de Alheira de Aves, de Ca\u00e7a ou com Chouri\u00e7o.<\/li>\n<li>Para acompanhar, a Garrafeira do Continente sugere o Vinho Tinto EA Syrah Alentejano e o Vinho Verde Branco Soalheiro Alma Loureiro&amp;Alvarinho.<\/li>\n<li>Os produtos est\u00e3o dispon\u00edveis online e nas lojas Continente, apoiando o Clube de Produtores Continente e a promo\u00e7\u00e3o de produtos nacionais.<\/li>\n<\/ul>\n","protected":false},"author":2,"featured_media":202136,"comment_status":"closed","ping_status":"closed","sticky":false,"template":"","format":"standard","meta":{"footnotes":""},"categories":[1],"tags":[3289,1034,244,219,5586,779],"class_list":["post-202134","post","type-post","status-publish","format-standard","has-post-thumbnail","hentry","category-noticias","tag-alimentos","tag-charcutaria","tag-comercio","tag-gastronomia","tag-vinho","tag-vinhos"],"yoast_head":"<!-- This site is optimized with the Yoast SEO plugin v27.2 - https:\/\/yoast.com\/product\/yoast-seo-wordpress\/ -->\n<title>Feira de queijos, enchidos e vinhos est\u00e1 de volta ao Continente - Portal Tela Portugal<\/title>\n<meta name=\"robots\" content=\"index, follow, max-snippet:-1, max-image-preview:large, max-video-preview:-1\" \/>\n<meta property=\"og:locale\" content=\"pt_PT\" \/>\n<meta property=\"og:type\" content=\"article\" \/>\n<meta property=\"og:title\" content=\"Feira de queijos, enchidos e vinhos est\u00e1 de volta ao Continente - Portal Tela Portugal\" \/>\n<meta property=\"og:description\" content=\"A Feira de Queijos, Enchidos e Vinhos do Continente est\u00e1 de volta at\u00e9 ao dia 22 de fevereiro, dispon\u00edvel nas lojas e no Continente Online. Novos queijos incluem o Queijo Azul Cremoso Continente, o Queijo de Ovelha Amanteigado Intenso A Nossa Queijaria, o Queijo de Azeit\u00e3o DOP e o Queijo Curado com Leite de B\u00fafala Continente Sele\u00e7\u00e3o, alguns com medalha nos World Cheese Awards. Na charcutaria, destacam-se a gama Continente Sele\u00e7\u00e3o Signature, a Chouri\u00e7a Picante de Porco B\u00edsaro, o Presunto de Porco Preto Bolota com 30 meses de cura e as Bolinhas de Alheira de Aves, de Ca\u00e7a ou com Chouri\u00e7o. Para acompanhar, a Garrafeira do Continente sugere o Vinho Tinto EA Syrah Alentejano e o Vinho Verde Branco Soalheiro Alma Loureiro&amp;Alvarinho. Os produtos est\u00e3o dispon\u00edveis online e nas lojas Continente, apoiando o Clube de Produtores Continente e a promo\u00e7\u00e3o de produtos nacionais.\" \/>\n<meta property=\"og:url\" content=\"https:\/\/portaltela.pt\/noticias\/2026\/02\/06\/feira-de-queijos-enchidos-e-vinhos-esta-de-volta-ao-continente\/\" \/>\n<meta property=\"og:site_name\" content=\"Portal Tela Portugal\" \/>\n<meta property=\"article:published_time\" content=\"2026-02-06T18:37:30+00:00\" \/>\n<meta name=\"author\" content=\"Telinha\" \/>\n<meta name=\"twitter:card\" content=\"summary_large_image\" \/>\n<meta name=\"twitter:label1\" content=\"Escrito por\" \/>\n\t<meta name=\"twitter:data1\" content=\"Telinha\" \/>\n\t<meta name=\"twitter:label2\" content=\"Tempo estimado de leitura\" \/>\n\t<meta name=\"twitter:data2\" content=\"1 minuto\" \/>\n<script type=\"application\/ld+json\" class=\"yoast-schema-graph\">{\"@context\":\"https:\/\/schema.org\",\"@graph\":[{\"@type\":\"Article\",\"@id\":\"https:\/\/portaltela.pt\/noticias\/2026\/02\/06\/feira-de-queijos-enchidos-e-vinhos-esta-de-volta-ao-continente\/#article\",\"isPartOf\":{\"@id\":\"https:\/\/portaltela.pt\/noticias\/2026\/02\/06\/feira-de-queijos-enchidos-e-vinhos-esta-de-volta-ao-continente\/\"},\"author\":{\"name\":\"Telinha\",\"@id\":\"https:\/\/portaltela.pt\/#\/schema\/person\/c4278d4a6028830caff9ee44b42d32ed\"},\"headline\":\"Feira de queijos, enchidos e vinhos est\u00e1 de volta ao Continente\",\"datePublished\":\"2026-02-06T18:37:30+00:00\",\"mainEntityOfPage\":{\"@id\":\"https:\/\/portaltela.pt\/noticias\/2026\/02\/06\/feira-de-queijos-enchidos-e-vinhos-esta-de-volta-ao-continente\/\"},\"wordCount\":297,\"image\":{\"@id\":\"https:\/\/portaltela.pt\/noticias\/2026\/02\/06\/feira-de-queijos-enchidos-e-vinhos-esta-de-volta-ao-continente\/#primaryimage\"},\"thumbnailUrl\":\"https:\/\/portaltela.pt\/s.01k8rhncp4jt1\/2026\/02\/img_1280x721uu2026-02-06-18-37-20-2265288.jpg\",\"keywords\":[\"alimentos\",\"charcutaria\",\"com\u00e9rcio\",\"gastronomia\",\"vinho\",\"vinhos\"],\"articleSection\":[\"Not\u00edcias\"],\"inLanguage\":\"pt-PT\"},{\"@type\":\"WebPage\",\"@id\":\"https:\/\/portaltela.pt\/noticias\/2026\/02\/06\/feira-de-queijos-enchidos-e-vinhos-esta-de-volta-ao-continente\/\",\"url\":\"https:\/\/portaltela.pt\/noticias\/2026\/02\/06\/feira-de-queijos-enchidos-e-vinhos-esta-de-volta-ao-continente\/\",\"name\":\"Feira de queijos, enchidos e vinhos est\u00e1 de volta ao Continente - Portal Tela Portugal\",\"isPartOf\":{\"@id\":\"https:\/\/portaltela.pt\/#website\"},\"primaryImageOfPage\":{\"@id\":\"https:\/\/portaltela.pt\/noticias\/2026\/02\/06\/feira-de-queijos-enchidos-e-vinhos-esta-de-volta-ao-continente\/#primaryimage\"},\"image\":{\"@id\":\"https:\/\/portaltela.pt\/noticias\/2026\/02\/06\/feira-de-queijos-enchidos-e-vinhos-esta-de-volta-ao-continente\/#primaryimage\"},\"thumbnailUrl\":\"https:\/\/portaltela.pt\/s.01k8rhncp4jt1\/2026\/02\/img_1280x721uu2026-02-06-18-37-20-2265288.jpg\",\"datePublished\":\"2026-02-06T18:37:30+00:00\",\"author\":{\"@id\":\"https:\/\/portaltela.pt\/#\/schema\/person\/c4278d4a6028830caff9ee44b42d32ed\"},\"breadcrumb\":{\"@id\":\"https:\/\/portaltela.pt\/noticias\/2026\/02\/06\/feira-de-queijos-enchidos-e-vinhos-esta-de-volta-ao-continente\/#breadcrumb\"},\"inLanguage\":\"pt-PT\",\"potentialAction\":[{\"@type\":\"ReadAction\",\"target\":[\"https:\/\/portaltela.pt\/noticias\/2026\/02\/06\/feira-de-queijos-enchidos-e-vinhos-esta-de-volta-ao-continente\/\"]}]},{\"@type\":\"ImageObject\",\"inLanguage\":\"pt-PT\",\"@id\":\"https:\/\/portaltela.pt\/noticias\/2026\/02\/06\/feira-de-queijos-enchidos-e-vinhos-esta-de-volta-ao-continente\/#primaryimage\",\"url\":\"https:\/\/portaltela.pt\/s.01k8rhncp4jt1\/2026\/02\/img_1280x721uu2026-02-06-18-37-20-2265288.jpg\",\"contentUrl\":\"https:\/\/portaltela.pt\/s.01k8rhncp4jt1\/2026\/02\/img_1280x721uu2026-02-06-18-37-20-2265288.jpg\",\"width\":796,\"height\":448,\"caption\":\"Presunto de porco preto bolota Continente Sele\u00e7\u00e3o Signature\"},{\"@type\":\"BreadcrumbList\",\"@id\":\"https:\/\/portaltela.pt\/noticias\/2026\/02\/06\/feira-de-queijos-enchidos-e-vinhos-esta-de-volta-ao-continente\/#breadcrumb\",\"itemListElement\":[{\"@type\":\"ListItem\",\"position\":1,\"name\":\"In\u00edcio\",\"item\":\"https:\/\/portaltela.pt\/\"},{\"@type\":\"ListItem\",\"position\":2,\"name\":\"Feira de queijos, enchidos e vinhos est\u00e1 de volta ao Continente\"}]},{\"@type\":\"WebSite\",\"@id\":\"https:\/\/portaltela.pt\/#website\",\"url\":\"https:\/\/portaltela.pt\/\",\"name\":\"Portal Tela Portugal\",\"description\":\"\",\"potentialAction\":[{\"@type\":\"SearchAction\",\"target\":{\"@type\":\"EntryPoint\",\"urlTemplate\":\"https:\/\/portaltela.pt\/?s={search_term_string}\"},\"query-input\":{\"@type\":\"PropertyValueSpecification\",\"valueRequired\":true,\"valueName\":\"search_term_string\"}}],\"inLanguage\":\"pt-PT\"},{\"@type\":\"Person\",\"@id\":\"https:\/\/portaltela.pt\/#\/schema\/person\/c4278d4a6028830caff9ee44b42d32ed\",\"name\":\"Telinha\",\"image\":{\"@type\":\"ImageObject\",\"inLanguage\":\"pt-PT\",\"@id\":\"https:\/\/portaltela.pt\/s.01k8rhncp4jt1\/2025\/11\/talking-bot-125x125.png\",\"url\":\"https:\/\/portaltela.pt\/s.01k8rhncp4jt1\/2025\/11\/talking-bot-125x125.png\",\"contentUrl\":\"https:\/\/portaltela.pt\/s.01k8rhncp4jt1\/2025\/11\/talking-bot-125x125.png\",\"caption\":\"Telinha\"},\"sameAs\":[\"https:\/\/portaltela.pt\/\"],\"url\":\"https:\/\/portaltela.pt\/por\/367410592786\/\"}]}<\/script>\n<!-- \/ Yoast SEO plugin. -->","yoast_head_json":{"title":"Feira de queijos, enchidos e vinhos est\u00e1 de volta ao Continente - Portal Tela Portugal","robots":{"index":"index","follow":"follow","max-snippet":"max-snippet:-1","max-image-preview":"max-image-preview:large","max-video-preview":"max-video-preview:-1"},"og_locale":"pt_PT","og_type":"article","og_title":"Feira de queijos, enchidos e vinhos est\u00e1 de volta ao Continente - Portal Tela Portugal","og_description":"A Feira de Queijos, Enchidos e Vinhos do Continente est\u00e1 de volta at\u00e9 ao dia 22 de fevereiro, dispon\u00edvel nas lojas e no Continente Online. Novos queijos incluem o Queijo Azul Cremoso Continente, o Queijo de Ovelha Amanteigado Intenso A Nossa Queijaria, o Queijo de Azeit\u00e3o DOP e o Queijo Curado com Leite de B\u00fafala Continente Sele\u00e7\u00e3o, alguns com medalha nos World Cheese Awards. Na charcutaria, destacam-se a gama Continente Sele\u00e7\u00e3o Signature, a Chouri\u00e7a Picante de Porco B\u00edsaro, o Presunto de Porco Preto Bolota com 30 meses de cura e as Bolinhas de Alheira de Aves, de Ca\u00e7a ou com Chouri\u00e7o. Para acompanhar, a Garrafeira do Continente sugere o Vinho Tinto EA Syrah Alentejano e o Vinho Verde Branco Soalheiro Alma Loureiro&amp;Alvarinho. Os produtos est\u00e3o dispon\u00edveis online e nas lojas Continente, apoiando o Clube de Produtores Continente e a promo\u00e7\u00e3o de produtos nacionais.","og_url":"https:\/\/portaltela.pt\/noticias\/2026\/02\/06\/feira-de-queijos-enchidos-e-vinhos-esta-de-volta-ao-continente\/","og_site_name":"Portal Tela Portugal","article_published_time":"2026-02-06T18:37:30+00:00","author":"Telinha","twitter_card":"summary_large_image","twitter_misc":{"Escrito por":"Telinha","Tempo estimado de leitura":"1 minuto"},"schema":{"@context":"https:\/\/schema.org","@graph":[{"@type":"Article","@id":"https:\/\/portaltela.pt\/noticias\/2026\/02\/06\/feira-de-queijos-enchidos-e-vinhos-esta-de-volta-ao-continente\/#article","isPartOf":{"@id":"https:\/\/portaltela.pt\/noticias\/2026\/02\/06\/feira-de-queijos-enchidos-e-vinhos-esta-de-volta-ao-continente\/"},"author":{"name":"Telinha","@id":"https:\/\/portaltela.pt\/#\/schema\/person\/c4278d4a6028830caff9ee44b42d32ed"},"headline":"Feira de queijos, enchidos e vinhos est\u00e1 de volta ao Continente","datePublished":"2026-02-06T18:37:30+00:00","mainEntityOfPage":{"@id":"https:\/\/portaltela.pt\/noticias\/2026\/02\/06\/feira-de-queijos-enchidos-e-vinhos-esta-de-volta-ao-continente\/"},"wordCount":297,"image":{"@id":"https:\/\/portaltela.pt\/noticias\/2026\/02\/06\/feira-de-queijos-enchidos-e-vinhos-esta-de-volta-ao-continente\/#primaryimage"},"thumbnailUrl":"https:\/\/portaltela.pt\/s.01k8rhncp4jt1\/2026\/02\/img_1280x721uu2026-02-06-18-37-20-2265288.jpg","keywords":["alimentos","charcutaria","com\u00e9rcio","gastronomia","vinho","vinhos"],"articleSection":["Not\u00edcias"],"inLanguage":"pt-PT"},{"@type":"WebPage","@id":"https:\/\/portaltela.pt\/noticias\/2026\/02\/06\/feira-de-queijos-enchidos-e-vinhos-esta-de-volta-ao-continente\/","url":"https:\/\/portaltela.pt\/noticias\/2026\/02\/06\/feira-de-queijos-enchidos-e-vinhos-esta-de-volta-ao-continente\/","name":"Feira de queijos, enchidos e vinhos est\u00e1 de volta ao Continente - Portal Tela Portugal","isPartOf":{"@id":"https:\/\/portaltela.pt\/#website"},"primaryImageOfPage":{"@id":"https:\/\/portaltela.pt\/noticias\/2026\/02\/06\/feira-de-queijos-enchidos-e-vinhos-esta-de-volta-ao-continente\/#primaryimage"},"image":{"@id":"https:\/\/portaltela.pt\/noticias\/2026\/02\/06\/feira-de-queijos-enchidos-e-vinhos-esta-de-volta-ao-continente\/#primaryimage"},"thumbnailUrl":"https:\/\/portaltela.pt\/s.01k8rhncp4jt1\/2026\/02\/img_1280x721uu2026-02-06-18-37-20-2265288.jpg","datePublished":"2026-02-06T18:37:30+00:00","author":{"@id":"https:\/\/portaltela.pt\/#\/schema\/person\/c4278d4a6028830caff9ee44b42d32ed"},"breadcrumb":{"@id":"https:\/\/portaltela.pt\/noticias\/2026\/02\/06\/feira-de-queijos-enchidos-e-vinhos-esta-de-volta-ao-continente\/#breadcrumb"},"inLanguage":"pt-PT","potentialAction":[{"@type":"ReadAction","target":["https:\/\/portaltela.pt\/noticias\/2026\/02\/06\/feira-de-queijos-enchidos-e-vinhos-esta-de-volta-ao-continente\/"]}]},{"@type":"ImageObject","inLanguage":"pt-PT","@id":"https:\/\/portaltela.pt\/noticias\/2026\/02\/06\/feira-de-queijos-enchidos-e-vinhos-esta-de-volta-ao-continente\/#primaryimage","url":"https:\/\/portaltela.pt\/s.01k8rhncp4jt1\/2026\/02\/img_1280x721uu2026-02-06-18-37-20-2265288.jpg","contentUrl":"https:\/\/portaltela.pt\/s.01k8rhncp4jt1\/2026\/02\/img_1280x721uu2026-02-06-18-37-20-2265288.jpg","width":796,"height":448,"caption":"Presunto de porco preto bolota Continente Sele\u00e7\u00e3o Signature"},{"@type":"BreadcrumbList","@id":"https:\/\/portaltela.pt\/noticias\/2026\/02\/06\/feira-de-queijos-enchidos-e-vinhos-esta-de-volta-ao-continente\/#breadcrumb","itemListElement":[{"@type":"ListItem","position":1,"name":"In\u00edcio","item":"https:\/\/portaltela.pt\/"},{"@type":"ListItem","position":2,"name":"Feira de queijos, enchidos e vinhos est\u00e1 de volta ao Continente"}]},{"@type":"WebSite","@id":"https:\/\/portaltela.pt\/#website","url":"https:\/\/portaltela.pt\/","name":"Portal Tela Portugal","description":"","potentialAction":[{"@type":"SearchAction","target":{"@type":"EntryPoint","urlTemplate":"https:\/\/portaltela.pt\/?s={search_term_string}"},"query-input":{"@type":"PropertyValueSpecification","valueRequired":true,"valueName":"search_term_string"}}],"inLanguage":"pt-PT"},{"@type":"Person","@id":"https:\/\/portaltela.pt\/#\/schema\/person\/c4278d4a6028830caff9ee44b42d32ed","name":"Telinha","image":{"@type":"ImageObject","inLanguage":"pt-PT","@id":"https:\/\/portaltela.pt\/s.01k8rhncp4jt1\/2025\/11\/talking-bot-125x125.png","url":"https:\/\/portaltela.pt\/s.01k8rhncp4jt1\/2025\/11\/talking-bot-125x125.png","contentUrl":"https:\/\/portaltela.pt\/s.01k8rhncp4jt1\/2025\/11\/talking-bot-125x125.png","caption":"Telinha"},"sameAs":["https:\/\/portaltela.pt\/"],"url":"https:\/\/portaltela.pt\/por\/367410592786\/"}]}},"_links":{"self":[{"href":"https:\/\/portaltela.pt\/api\/wp\/v2\/posts\/202134","targetHints":{"allow":["GET"]}}],"collection":[{"href":"https:\/\/portaltela.pt\/api\/wp\/v2\/posts"}],"about":[{"href":"https:\/\/portaltela.pt\/api\/wp\/v2\/types\/post"}],"author":[{"embeddable":true,"href":"https:\/\/portaltela.pt\/api\/wp\/v2\/users\/2"}],"replies":[{"embeddable":true,"href":"https:\/\/portaltela.pt\/api\/wp\/v2\/comments?post=202134"}],"version-history":[{"count":0,"href":"https:\/\/portaltela.pt\/api\/wp\/v2\/posts\/202134\/revisions"}],"wp:featuredmedia":[{"embeddable":true,"href":"https:\/\/portaltela.pt\/api\/wp\/v2\/media\/202136"}],"wp:attachment":[{"href":"https:\/\/portaltela.pt\/api\/wp\/v2\/media?parent=202134"}],"wp:term":[{"taxonomy":"category","embeddable":true,"href":"https:\/\/portaltela.pt\/api\/wp\/v2\/categories?post=202134"},{"taxonomy":"post_tag","embeddable":true,"href":"https:\/\/portaltela.pt\/api\/wp\/v2\/tags?post=202134"}],"curies":[{"name":"wp","href":"https:\/\/api.w.org\/{rel}","templated":true}]}}