{"id":202118,"date":"2026-02-06T15:35:01","date_gmt":"2026-02-06T18:35:01","guid":{"rendered":"https:\/\/portaltela.pt\/noticias\/2026\/02\/06\/girmay-mantem-lideranca-na-volta-a-comunitat-valenciana-apos-triunfo-de-august\/"},"modified":"2026-02-06T15:35:01","modified_gmt":"2026-02-06T18:35:01","slug":"girmay-mantem-lideranca-na-volta-a-comunitat-valenciana-apos-triunfo-de-august","status":"publish","type":"post","link":"https:\/\/portaltela.pt\/desporto\/2026\/02\/06\/girmay-mantem-lideranca-na-volta-a-comunitat-valenciana-apos-triunfo-de-august\/","title":{"rendered":"Girmay mant\u00e9m lideran\u00e7a na Volta \u00e0 Comunitat Valenciana ap\u00f3s triunfo de August"},"content":{"rendered":"<p>Biniam Girmay (NSN) manteve a lideran\u00e7a da Volta \u00e0 Comunitat Valenciana ap\u00f3s a 3.\u00aa etapa disputada nesta sexta-feira, em igualdade com Adne Holter (Uno-X). Andrew August (INEOS) venceu a tirada de 158 km entre Orihuela e San Vicente del Raspeig, em 3:20.54.<\/p>\n<p>O jovem norte-americano, de 20 anos, alcan\u00e7ou a primeira vit\u00f3ria como profissional, com Holter e Florian Vermeersch (UAE Emirates) a terminar empatados na segunda posi\u00e7\u00e3o. Girmay ficou em quinto, na frente do pelot\u00e3o, a quatro segundos do vencedor.<\/p>\n<p>Jo\u00e3o Almeida (UAE Emirates) esteve entre os ataques, integrando o grupo que tentou marcar diferen\u00e7as nos \u00faltimos 30 km, junto de August, Vermeersch, Holter e Jonathan Vervenne (Soudal Quick-Step). August beneficiou de ficar fresco na fuga, lan\u00e7ando o ataque aos 300 metros finais.<\/p>\n<h3>Protagonistas e classifica\u00e7\u00e3o geral<\/h3>\n<p>Na geral, Almeida ascendeu ao 30.\u00ba lugar, a 10 segundos de Girmay. Nelson Oliveira (Movistar) \u00e9 65.\u00ba, a 8.42 minutos. Girmay mant\u00e9m a lideran\u00e7a, com o mesmo tempo de Holter e dois segundos de vantagem sobre Vermeersch.<\/p>\n<p>O pelot\u00e3o encontra-se a duas etapas do fim, com a 4.\u00aa etapa a abrir no s\u00e1bado, ligando La Nuc\u00eda a Teulada Moraira, num percurso de 172 quil\u00f3metros com cinco contagens de montanha, incluindo duas de primeira categoria. A \u00faltima ascens\u00e3o fica a pouco mais de 10 km da meta.<\/p>\n","protected":false},"excerpt":{"rendered":"<ul>\n<li>Andrew August ganhou a terceira etapa da Volta \u00e0 Comunitat Valenciana, entre Orihuela e San Vicente del Raspeig, \u00e0 dist\u00e2ncia de 158 quil\u00f3metros, em 3h20m54s, a sua primeira vit\u00f3ria profissional.<\/li>\n<li>O colombiano? N\u00e3o, o norte-americano foi seguido na meta por Adne Holter e Florian Vermeersch, ambos com o mesmo tempo do vencedor.<\/li>\n<li>Biniam Girmay manteve a lideran\u00e7a da geral, agora em igualdade de tempo com Adne Holter; Vermeersch fica a dois segundos na classifica\u00e7\u00e3o geral.<\/li>\n<li>Jo\u00e3o Almeida terminou na 22.\u00aa posi\u00e7\u00e3o, a quatro segundos do vencedor, mantendo-se na 30.\u00aa posi\u00e7\u00e3o da geral, a 10 segundos do l\u00edder.<\/li>\n<li>A quarta e pen\u00faltima etapa liga La Nuc\u00eda a Teulada Moraira, com 172 quil\u00f3metros e cinco contagens de montanha, a \u00faltima de primeira categoria.<\/li>\n<\/ul>\n","protected":false},"author":2,"featured_media":202121,"comment_status":"closed","ping_status":"closed","sticky":false,"template":"","format":"standard","meta":{"footnotes":""},"categories":[21],"tags":[923,152,2830,5416,5588,3997],"class_list":["post-202118","post","type-post","status-publish","format-standard","has-post-thumbnail","hentry","category-desporto","tag-ciclismo","tag-desporto","tag-etiopia","tag-movistar","tag-soudal-quick-step","tag-uae-emirates"],"yoast_head":"<!-- This site is optimized with the Yoast SEO plugin v27.2 - https:\/\/yoast.com\/product\/yoast-seo-wordpress\/ -->\n<title>Girmay mant\u00e9m lideran\u00e7a na Volta \u00e0 Comunitat Valenciana ap\u00f3s triunfo de August - Portal Tela Portugal<\/title>\n<meta name=\"robots\" content=\"index, follow, max-snippet:-1, max-image-preview:large, max-video-preview:-1\" \/>\n<meta property=\"og:locale\" content=\"pt_PT\" \/>\n<meta property=\"og:type\" content=\"article\" \/>\n<meta property=\"og:title\" content=\"Girmay mant\u00e9m lideran\u00e7a na Volta \u00e0 Comunitat Valenciana ap\u00f3s triunfo de August - Portal Tela Portugal\" \/>\n<meta property=\"og:description\" content=\"Andrew August ganhou a terceira etapa da Volta \u00e0 Comunitat Valenciana, entre Orihuela e San Vicente del Raspeig, \u00e0 dist\u00e2ncia de 158 quil\u00f3metros, em 3h20m54s, a sua primeira vit\u00f3ria profissional. O colombiano? N\u00e3o, o norte-americano foi seguido na meta por Adne Holter e Florian Vermeersch, ambos com o mesmo tempo do vencedor. Biniam Girmay manteve a lideran\u00e7a da geral, agora em igualdade de tempo com Adne Holter; Vermeersch fica a dois segundos na classifica\u00e7\u00e3o geral. Jo\u00e3o Almeida terminou na 22.\u00aa posi\u00e7\u00e3o, a quatro segundos do vencedor, mantendo-se na 30.\u00aa posi\u00e7\u00e3o da geral, a 10 segundos do l\u00edder. A quarta e pen\u00faltima etapa liga La Nuc\u00eda a Teulada Moraira, com 172 quil\u00f3metros e cinco contagens de montanha, a \u00faltima de primeira categoria.\" \/>\n<meta property=\"og:url\" content=\"https:\/\/portaltela.pt\/noticias\/2026\/02\/06\/girmay-mantem-lideranca-na-volta-a-comunitat-valenciana-apos-triunfo-de-august\/\" \/>\n<meta property=\"og:site_name\" content=\"Portal Tela Portugal\" \/>\n<meta property=\"article:published_time\" content=\"2026-02-06T18:35:01+00:00\" \/>\n<meta name=\"author\" content=\"Telinha\" \/>\n<meta name=\"twitter:card\" content=\"summary_large_image\" \/>\n<meta name=\"twitter:label1\" content=\"Escrito por\" \/>\n\t<meta name=\"twitter:data1\" content=\"Telinha\" \/>\n\t<meta name=\"twitter:label2\" content=\"Tempo estimado de leitura\" \/>\n\t<meta name=\"twitter:data2\" content=\"1 minuto\" \/>\n<script type=\"application\/ld+json\" class=\"yoast-schema-graph\">{\"@context\":\"https:\/\/schema.org\",\"@graph\":[{\"@type\":\"Article\",\"@id\":\"https:\/\/portaltela.pt\/noticias\/2026\/02\/06\/girmay-mantem-lideranca-na-volta-a-comunitat-valenciana-apos-triunfo-de-august\/#article\",\"isPartOf\":{\"@id\":\"https:\/\/portaltela.pt\/noticias\/2026\/02\/06\/girmay-mantem-lideranca-na-volta-a-comunitat-valenciana-apos-triunfo-de-august\/\"},\"author\":{\"name\":\"Telinha\",\"@id\":\"https:\/\/portaltela.pt\/#\/schema\/person\/c4278d4a6028830caff9ee44b42d32ed\"},\"headline\":\"Girmay mant\u00e9m lideran\u00e7a na Volta \u00e0 Comunitat Valenciana ap\u00f3s triunfo de August\",\"datePublished\":\"2026-02-06T18:35:01+00:00\",\"mainEntityOfPage\":{\"@id\":\"https:\/\/portaltela.pt\/noticias\/2026\/02\/06\/girmay-mantem-lideranca-na-volta-a-comunitat-valenciana-apos-triunfo-de-august\/\"},\"wordCount\":229,\"image\":{\"@id\":\"https:\/\/portaltela.pt\/noticias\/2026\/02\/06\/girmay-mantem-lideranca-na-volta-a-comunitat-valenciana-apos-triunfo-de-august\/#primaryimage\"},\"thumbnailUrl\":\"https:\/\/portaltela.pt\/s.01k8rhncp4jt1\/2026\/02\/img_920x518uu2026-02-06-18-34-20-2420007.jpg\",\"keywords\":[\"ciclismo\",\"desporto\",\"Eti\u00f3pia\",\"Movistar\",\"Soudal Quick-Step\",\"UAE Emirates\"],\"articleSection\":[\"Desporto\"],\"inLanguage\":\"pt-PT\"},{\"@type\":\"WebPage\",\"@id\":\"https:\/\/portaltela.pt\/noticias\/2026\/02\/06\/girmay-mantem-lideranca-na-volta-a-comunitat-valenciana-apos-triunfo-de-august\/\",\"url\":\"https:\/\/portaltela.pt\/noticias\/2026\/02\/06\/girmay-mantem-lideranca-na-volta-a-comunitat-valenciana-apos-triunfo-de-august\/\",\"name\":\"Girmay mant\u00e9m lideran\u00e7a na Volta \u00e0 Comunitat Valenciana ap\u00f3s triunfo de August - Portal Tela Portugal\",\"isPartOf\":{\"@id\":\"https:\/\/portaltela.pt\/#website\"},\"primaryImageOfPage\":{\"@id\":\"https:\/\/portaltela.pt\/noticias\/2026\/02\/06\/girmay-mantem-lideranca-na-volta-a-comunitat-valenciana-apos-triunfo-de-august\/#primaryimage\"},\"image\":{\"@id\":\"https:\/\/portaltela.pt\/noticias\/2026\/02\/06\/girmay-mantem-lideranca-na-volta-a-comunitat-valenciana-apos-triunfo-de-august\/#primaryimage\"},\"thumbnailUrl\":\"https:\/\/portaltela.pt\/s.01k8rhncp4jt1\/2026\/02\/img_920x518uu2026-02-06-18-34-20-2420007.jpg\",\"datePublished\":\"2026-02-06T18:35:01+00:00\",\"author\":{\"@id\":\"https:\/\/portaltela.pt\/#\/schema\/person\/c4278d4a6028830caff9ee44b42d32ed\"},\"breadcrumb\":{\"@id\":\"https:\/\/portaltela.pt\/noticias\/2026\/02\/06\/girmay-mantem-lideranca-na-volta-a-comunitat-valenciana-apos-triunfo-de-august\/#breadcrumb\"},\"inLanguage\":\"pt-PT\",\"potentialAction\":[{\"@type\":\"ReadAction\",\"target\":[\"https:\/\/portaltela.pt\/noticias\/2026\/02\/06\/girmay-mantem-lideranca-na-volta-a-comunitat-valenciana-apos-triunfo-de-august\/\"]}]},{\"@type\":\"ImageObject\",\"inLanguage\":\"pt-PT\",\"@id\":\"https:\/\/portaltela.pt\/noticias\/2026\/02\/06\/girmay-mantem-lideranca-na-volta-a-comunitat-valenciana-apos-triunfo-de-august\/#primaryimage\",\"url\":\"https:\/\/portaltela.pt\/s.01k8rhncp4jt1\/2026\/02\/img_920x518uu2026-02-06-18-34-20-2420007.jpg\",\"contentUrl\":\"https:\/\/portaltela.pt\/s.01k8rhncp4jt1\/2026\/02\/img_920x518uu2026-02-06-18-34-20-2420007.jpg\",\"width\":796,\"height\":448,\"caption\":\"Biniam Girmay lidera Volta \u00e0 Comunitat Valenciana\"},{\"@type\":\"BreadcrumbList\",\"@id\":\"https:\/\/portaltela.pt\/noticias\/2026\/02\/06\/girmay-mantem-lideranca-na-volta-a-comunitat-valenciana-apos-triunfo-de-august\/#breadcrumb\",\"itemListElement\":[{\"@type\":\"ListItem\",\"position\":1,\"name\":\"In\u00edcio\",\"item\":\"https:\/\/portaltela.pt\/\"},{\"@type\":\"ListItem\",\"position\":2,\"name\":\"Girmay mant\u00e9m lideran\u00e7a na Volta \u00e0 Comunitat Valenciana ap\u00f3s triunfo de August\"}]},{\"@type\":\"WebSite\",\"@id\":\"https:\/\/portaltela.pt\/#website\",\"url\":\"https:\/\/portaltela.pt\/\",\"name\":\"Portal Tela Portugal\",\"description\":\"\",\"potentialAction\":[{\"@type\":\"SearchAction\",\"target\":{\"@type\":\"EntryPoint\",\"urlTemplate\":\"https:\/\/portaltela.pt\/?s={search_term_string}\"},\"query-input\":{\"@type\":\"PropertyValueSpecification\",\"valueRequired\":true,\"valueName\":\"search_term_string\"}}],\"inLanguage\":\"pt-PT\"},{\"@type\":\"Person\",\"@id\":\"https:\/\/portaltela.pt\/#\/schema\/person\/c4278d4a6028830caff9ee44b42d32ed\",\"name\":\"Telinha\",\"image\":{\"@type\":\"ImageObject\",\"inLanguage\":\"pt-PT\",\"@id\":\"https:\/\/portaltela.pt\/s.01k8rhncp4jt1\/2025\/11\/talking-bot-125x125.png\",\"url\":\"https:\/\/portaltela.pt\/s.01k8rhncp4jt1\/2025\/11\/talking-bot-125x125.png\",\"contentUrl\":\"https:\/\/portaltela.pt\/s.01k8rhncp4jt1\/2025\/11\/talking-bot-125x125.png\",\"caption\":\"Telinha\"},\"sameAs\":[\"https:\/\/portaltela.pt\/\"],\"url\":\"https:\/\/portaltela.pt\/por\/367410592786\/\"}]}<\/script>\n<!-- \/ Yoast SEO plugin. -->","yoast_head_json":{"title":"Girmay mant\u00e9m lideran\u00e7a na Volta \u00e0 Comunitat Valenciana ap\u00f3s triunfo de August - Portal Tela Portugal","robots":{"index":"index","follow":"follow","max-snippet":"max-snippet:-1","max-image-preview":"max-image-preview:large","max-video-preview":"max-video-preview:-1"},"og_locale":"pt_PT","og_type":"article","og_title":"Girmay mant\u00e9m lideran\u00e7a na Volta \u00e0 Comunitat Valenciana ap\u00f3s triunfo de August - Portal Tela Portugal","og_description":"Andrew August ganhou a terceira etapa da Volta \u00e0 Comunitat Valenciana, entre Orihuela e San Vicente del Raspeig, \u00e0 dist\u00e2ncia de 158 quil\u00f3metros, em 3h20m54s, a sua primeira vit\u00f3ria profissional. O colombiano? N\u00e3o, o norte-americano foi seguido na meta por Adne Holter e Florian Vermeersch, ambos com o mesmo tempo do vencedor. Biniam Girmay manteve a lideran\u00e7a da geral, agora em igualdade de tempo com Adne Holter; Vermeersch fica a dois segundos na classifica\u00e7\u00e3o geral. Jo\u00e3o Almeida terminou na 22.\u00aa posi\u00e7\u00e3o, a quatro segundos do vencedor, mantendo-se na 30.\u00aa posi\u00e7\u00e3o da geral, a 10 segundos do l\u00edder. A quarta e pen\u00faltima etapa liga La Nuc\u00eda a Teulada Moraira, com 172 quil\u00f3metros e cinco contagens de montanha, a \u00faltima de primeira categoria.","og_url":"https:\/\/portaltela.pt\/noticias\/2026\/02\/06\/girmay-mantem-lideranca-na-volta-a-comunitat-valenciana-apos-triunfo-de-august\/","og_site_name":"Portal Tela Portugal","article_published_time":"2026-02-06T18:35:01+00:00","author":"Telinha","twitter_card":"summary_large_image","twitter_misc":{"Escrito por":"Telinha","Tempo estimado de leitura":"1 minuto"},"schema":{"@context":"https:\/\/schema.org","@graph":[{"@type":"Article","@id":"https:\/\/portaltela.pt\/noticias\/2026\/02\/06\/girmay-mantem-lideranca-na-volta-a-comunitat-valenciana-apos-triunfo-de-august\/#article","isPartOf":{"@id":"https:\/\/portaltela.pt\/noticias\/2026\/02\/06\/girmay-mantem-lideranca-na-volta-a-comunitat-valenciana-apos-triunfo-de-august\/"},"author":{"name":"Telinha","@id":"https:\/\/portaltela.pt\/#\/schema\/person\/c4278d4a6028830caff9ee44b42d32ed"},"headline":"Girmay mant\u00e9m lideran\u00e7a na Volta \u00e0 Comunitat Valenciana ap\u00f3s triunfo de August","datePublished":"2026-02-06T18:35:01+00:00","mainEntityOfPage":{"@id":"https:\/\/portaltela.pt\/noticias\/2026\/02\/06\/girmay-mantem-lideranca-na-volta-a-comunitat-valenciana-apos-triunfo-de-august\/"},"wordCount":229,"image":{"@id":"https:\/\/portaltela.pt\/noticias\/2026\/02\/06\/girmay-mantem-lideranca-na-volta-a-comunitat-valenciana-apos-triunfo-de-august\/#primaryimage"},"thumbnailUrl":"https:\/\/portaltela.pt\/s.01k8rhncp4jt1\/2026\/02\/img_920x518uu2026-02-06-18-34-20-2420007.jpg","keywords":["ciclismo","desporto","Eti\u00f3pia","Movistar","Soudal Quick-Step","UAE Emirates"],"articleSection":["Desporto"],"inLanguage":"pt-PT"},{"@type":"WebPage","@id":"https:\/\/portaltela.pt\/noticias\/2026\/02\/06\/girmay-mantem-lideranca-na-volta-a-comunitat-valenciana-apos-triunfo-de-august\/","url":"https:\/\/portaltela.pt\/noticias\/2026\/02\/06\/girmay-mantem-lideranca-na-volta-a-comunitat-valenciana-apos-triunfo-de-august\/","name":"Girmay mant\u00e9m lideran\u00e7a na Volta \u00e0 Comunitat Valenciana ap\u00f3s triunfo de August - Portal Tela Portugal","isPartOf":{"@id":"https:\/\/portaltela.pt\/#website"},"primaryImageOfPage":{"@id":"https:\/\/portaltela.pt\/noticias\/2026\/02\/06\/girmay-mantem-lideranca-na-volta-a-comunitat-valenciana-apos-triunfo-de-august\/#primaryimage"},"image":{"@id":"https:\/\/portaltela.pt\/noticias\/2026\/02\/06\/girmay-mantem-lideranca-na-volta-a-comunitat-valenciana-apos-triunfo-de-august\/#primaryimage"},"thumbnailUrl":"https:\/\/portaltela.pt\/s.01k8rhncp4jt1\/2026\/02\/img_920x518uu2026-02-06-18-34-20-2420007.jpg","datePublished":"2026-02-06T18:35:01+00:00","author":{"@id":"https:\/\/portaltela.pt\/#\/schema\/person\/c4278d4a6028830caff9ee44b42d32ed"},"breadcrumb":{"@id":"https:\/\/portaltela.pt\/noticias\/2026\/02\/06\/girmay-mantem-lideranca-na-volta-a-comunitat-valenciana-apos-triunfo-de-august\/#breadcrumb"},"inLanguage":"pt-PT","potentialAction":[{"@type":"ReadAction","target":["https:\/\/portaltela.pt\/noticias\/2026\/02\/06\/girmay-mantem-lideranca-na-volta-a-comunitat-valenciana-apos-triunfo-de-august\/"]}]},{"@type":"ImageObject","inLanguage":"pt-PT","@id":"https:\/\/portaltela.pt\/noticias\/2026\/02\/06\/girmay-mantem-lideranca-na-volta-a-comunitat-valenciana-apos-triunfo-de-august\/#primaryimage","url":"https:\/\/portaltela.pt\/s.01k8rhncp4jt1\/2026\/02\/img_920x518uu2026-02-06-18-34-20-2420007.jpg","contentUrl":"https:\/\/portaltela.pt\/s.01k8rhncp4jt1\/2026\/02\/img_920x518uu2026-02-06-18-34-20-2420007.jpg","width":796,"height":448,"caption":"Biniam Girmay lidera Volta \u00e0 Comunitat Valenciana"},{"@type":"BreadcrumbList","@id":"https:\/\/portaltela.pt\/noticias\/2026\/02\/06\/girmay-mantem-lideranca-na-volta-a-comunitat-valenciana-apos-triunfo-de-august\/#breadcrumb","itemListElement":[{"@type":"ListItem","position":1,"name":"In\u00edcio","item":"https:\/\/portaltela.pt\/"},{"@type":"ListItem","position":2,"name":"Girmay mant\u00e9m lideran\u00e7a na Volta \u00e0 Comunitat Valenciana ap\u00f3s triunfo de August"}]},{"@type":"WebSite","@id":"https:\/\/portaltela.pt\/#website","url":"https:\/\/portaltela.pt\/","name":"Portal Tela Portugal","description":"","potentialAction":[{"@type":"SearchAction","target":{"@type":"EntryPoint","urlTemplate":"https:\/\/portaltela.pt\/?s={search_term_string}"},"query-input":{"@type":"PropertyValueSpecification","valueRequired":true,"valueName":"search_term_string"}}],"inLanguage":"pt-PT"},{"@type":"Person","@id":"https:\/\/portaltela.pt\/#\/schema\/person\/c4278d4a6028830caff9ee44b42d32ed","name":"Telinha","image":{"@type":"ImageObject","inLanguage":"pt-PT","@id":"https:\/\/portaltela.pt\/s.01k8rhncp4jt1\/2025\/11\/talking-bot-125x125.png","url":"https:\/\/portaltela.pt\/s.01k8rhncp4jt1\/2025\/11\/talking-bot-125x125.png","contentUrl":"https:\/\/portaltela.pt\/s.01k8rhncp4jt1\/2025\/11\/talking-bot-125x125.png","caption":"Telinha"},"sameAs":["https:\/\/portaltela.pt\/"],"url":"https:\/\/portaltela.pt\/por\/367410592786\/"}]}},"_links":{"self":[{"href":"https:\/\/portaltela.pt\/api\/wp\/v2\/posts\/202118","targetHints":{"allow":["GET"]}}],"collection":[{"href":"https:\/\/portaltela.pt\/api\/wp\/v2\/posts"}],"about":[{"href":"https:\/\/portaltela.pt\/api\/wp\/v2\/types\/post"}],"author":[{"embeddable":true,"href":"https:\/\/portaltela.pt\/api\/wp\/v2\/users\/2"}],"replies":[{"embeddable":true,"href":"https:\/\/portaltela.pt\/api\/wp\/v2\/comments?post=202118"}],"version-history":[{"count":0,"href":"https:\/\/portaltela.pt\/api\/wp\/v2\/posts\/202118\/revisions"}],"wp:featuredmedia":[{"embeddable":true,"href":"https:\/\/portaltela.pt\/api\/wp\/v2\/media\/202121"}],"wp:attachment":[{"href":"https:\/\/portaltela.pt\/api\/wp\/v2\/media?parent=202118"}],"wp:term":[{"taxonomy":"category","embeddable":true,"href":"https:\/\/portaltela.pt\/api\/wp\/v2\/categories?post=202118"},{"taxonomy":"post_tag","embeddable":true,"href":"https:\/\/portaltela.pt\/api\/wp\/v2\/tags?post=202118"}],"curies":[{"name":"wp","href":"https:\/\/api.w.org\/{rel}","templated":true}]}}