{"id":202026,"date":"2026-02-06T14:31:00","date_gmt":"2026-02-06T17:31:00","guid":{"rendered":"https:\/\/portaltela.pt\/noticias\/2026\/02\/06\/chuva-deixa-quartel-da-gnr-em-famalicao-com-condicoes-adversas\/"},"modified":"2026-02-06T14:31:00","modified_gmt":"2026-02-06T17:31:00","slug":"chuva-deixa-quartel-da-gnr-em-famalicao-com-condicoes-adversas","status":"publish","type":"post","link":"https:\/\/portaltela.pt\/noticias\/2026\/02\/06\/chuva-deixa-quartel-da-gnr-em-famalicao-com-condicoes-adversas\/","title":{"rendered":"Chuva deixa quartel da GNR em Famalic\u00e3o com condi\u00e7\u00f5es adversas"},"content":{"rendered":"<p>O posto da GNR de Vila Nova de Famalic\u00e3o continua a enfrentar infiltra\u00e7\u00f5es causadas pela chuva. Nas instala\u00e7\u00f5es, a \u00e1gua invade espa\u00e7os do atendimento ao p\u00fablico, e as paredes ficaram escuras pela humidade persistente.<\/p>\n<p>Segundo relatos, h\u00e1 zonas onde as inquiri\u00e7\u00f5es s\u00e3o realizadas e a sala da v\u00edtima fica particularmente afetada. Recipientes s\u00e3o usados para conter as escorr\u00eancias, numa tentativa de minimizar danos estruturais e de higiene.<\/p>\n<p>A situa\u00e7\u00e3o \u00e9 constante durante o per\u00edodo chuvoso e preocupa trabalhadores e utentes que procuram os servi\u00e7os daquela esquadra. A equipa tem trabalhado para manter as opera\u00e7\u00f5es b\u00e1sicas, apesar das condi\u00e7\u00f5es apresentadas.<\/p>\n<h3>Persist\u00eancia da humidade e impacto nas opera\u00e7\u00f5es<\/h3>\n<p>Os danos de humidade, combinados com infiltra\u00e7\u00f5es, continuam a colocar press\u00e3o sobre as \u00e1reas destinadas ao atendimento e \u00e0 recolha de informa\u00e7\u00e3o. As autoridades locais n\u00e3o comentaram at\u00e9 ao momento sobre medidas espec\u00edficas.<\/p>\n","protected":false},"excerpt":{"rendered":"<ul>\n<li>A chuva persiste no posto da GNR de Famalic\u00e3o, com \u00e1gua a entrar nas instala\u00e7\u00f5es.<\/li>\n<li>As paredes ficam negras devido \u00e0 humidade constante, especialmente nas zonas de atendimento ao p\u00fablico.<\/li>\n<li>Recipientes s\u00e3o usados para apurar as escorr\u00eancias provocadas pelas infiltra\u00e7\u00f5es.<\/li>\n<li>O problema acontece principalmente na \u00e1rea onde decorrem as inquiri\u00e7\u00f5es e na sala da v\u00edtima.<\/li>\n<li>A situa\u00e7\u00e3o \u00e9 descrita como um cen\u00e1rio de \u201cterceiro mundo\u201d devido \u00e0s infiltra\u00e7\u00f5es e \u00e0s condi\u00e7\u00f5es do im\u00f3vel.<\/li>\n<\/ul>\n","protected":false},"author":2,"featured_media":202031,"comment_status":"closed","ping_status":"closed","sticky":false,"template":"","format":"standard","meta":{"footnotes":""},"categories":[1],"tags":[1396,4676,45,3418,250,1221],"class_list":["post-202026","post","type-post","status-publish","format-standard","has-post-thumbnail","hentry","category-noticias","tag-famalicao","tag-infiltracoes","tag-meio-ambiente","tag-policia-de-seguranca-publica","tag-seguranca-publica","tag-servicos-publicos"],"yoast_head":"<!-- This site is optimized with the Yoast SEO plugin v27.2 - https:\/\/yoast.com\/product\/yoast-seo-wordpress\/ -->\n<title>Chuva deixa quartel da GNR em Famalic\u00e3o com condi\u00e7\u00f5es adversas - Portal Tela Portugal<\/title>\n<meta name=\"robots\" content=\"index, follow, max-snippet:-1, max-image-preview:large, max-video-preview:-1\" \/>\n<meta property=\"og:locale\" content=\"pt_PT\" \/>\n<meta property=\"og:type\" content=\"article\" \/>\n<meta property=\"og:title\" content=\"Chuva deixa quartel da GNR em Famalic\u00e3o com condi\u00e7\u00f5es adversas - Portal Tela Portugal\" \/>\n<meta property=\"og:description\" content=\"A chuva persiste no posto da GNR de Famalic\u00e3o, com \u00e1gua a entrar nas instala\u00e7\u00f5es. As paredes ficam negras devido \u00e0 humidade constante, especialmente nas zonas de atendimento ao p\u00fablico. Recipientes s\u00e3o usados para apurar as escorr\u00eancias provocadas pelas infiltra\u00e7\u00f5es. O problema acontece principalmente na \u00e1rea onde decorrem as inquiri\u00e7\u00f5es e na sala da v\u00edtima. A situa\u00e7\u00e3o \u00e9 descrita como um cen\u00e1rio de \u201cterceiro mundo\u201d devido \u00e0s infiltra\u00e7\u00f5es e \u00e0s condi\u00e7\u00f5es do im\u00f3vel.\" \/>\n<meta property=\"og:url\" content=\"https:\/\/portaltela.pt\/noticias\/2026\/02\/06\/chuva-deixa-quartel-da-gnr-em-famalicao-com-condicoes-adversas\/\" \/>\n<meta property=\"og:site_name\" content=\"Portal Tela Portugal\" \/>\n<meta property=\"article:published_time\" content=\"2026-02-06T17:31:00+00:00\" \/>\n<meta name=\"author\" content=\"Telinha\" \/>\n<meta name=\"twitter:card\" content=\"summary_large_image\" \/>\n<meta name=\"twitter:label1\" content=\"Escrito por\" \/>\n\t<meta name=\"twitter:data1\" content=\"Telinha\" \/>\n\t<meta name=\"twitter:label2\" content=\"Tempo estimado de leitura\" \/>\n\t<meta name=\"twitter:data2\" content=\"1 minuto\" \/>\n<script type=\"application\/ld+json\" class=\"yoast-schema-graph\">{\"@context\":\"https:\/\/schema.org\",\"@graph\":[{\"@type\":\"Article\",\"@id\":\"https:\/\/portaltela.pt\/noticias\/2026\/02\/06\/chuva-deixa-quartel-da-gnr-em-famalicao-com-condicoes-adversas\/#article\",\"isPartOf\":{\"@id\":\"https:\/\/portaltela.pt\/noticias\/2026\/02\/06\/chuva-deixa-quartel-da-gnr-em-famalicao-com-condicoes-adversas\/\"},\"author\":{\"name\":\"Telinha\",\"@id\":\"https:\/\/portaltela.pt\/#\/schema\/person\/c4278d4a6028830caff9ee44b42d32ed\"},\"headline\":\"Chuva deixa quartel da GNR em Famalic\u00e3o com condi\u00e7\u00f5es adversas\",\"datePublished\":\"2026-02-06T17:31:00+00:00\",\"mainEntityOfPage\":{\"@id\":\"https:\/\/portaltela.pt\/noticias\/2026\/02\/06\/chuva-deixa-quartel-da-gnr-em-famalicao-com-condicoes-adversas\/\"},\"wordCount\":172,\"image\":{\"@id\":\"https:\/\/portaltela.pt\/noticias\/2026\/02\/06\/chuva-deixa-quartel-da-gnr-em-famalicao-com-condicoes-adversas\/#primaryimage\"},\"thumbnailUrl\":\"https:\/\/portaltela.pt\/s.01k8rhncp4jt1\/2026\/02\/image-497.jpg\",\"keywords\":[\"Famalic\u00e3o\",\"infiltra\u00e7\u00f5es\",\"meio-ambiente\",\"Pol\u00edcia de Seguran\u00e7a P\u00fablica\",\"seguran\u00e7a p\u00fablica\",\"servi\u00e7os p\u00fablicos\"],\"articleSection\":[\"Not\u00edcias\"],\"inLanguage\":\"pt-PT\"},{\"@type\":\"WebPage\",\"@id\":\"https:\/\/portaltela.pt\/noticias\/2026\/02\/06\/chuva-deixa-quartel-da-gnr-em-famalicao-com-condicoes-adversas\/\",\"url\":\"https:\/\/portaltela.pt\/noticias\/2026\/02\/06\/chuva-deixa-quartel-da-gnr-em-famalicao-com-condicoes-adversas\/\",\"name\":\"Chuva deixa quartel da GNR em Famalic\u00e3o com condi\u00e7\u00f5es adversas - Portal Tela Portugal\",\"isPartOf\":{\"@id\":\"https:\/\/portaltela.pt\/#website\"},\"primaryImageOfPage\":{\"@id\":\"https:\/\/portaltela.pt\/noticias\/2026\/02\/06\/chuva-deixa-quartel-da-gnr-em-famalicao-com-condicoes-adversas\/#primaryimage\"},\"image\":{\"@id\":\"https:\/\/portaltela.pt\/noticias\/2026\/02\/06\/chuva-deixa-quartel-da-gnr-em-famalicao-com-condicoes-adversas\/#primaryimage\"},\"thumbnailUrl\":\"https:\/\/portaltela.pt\/s.01k8rhncp4jt1\/2026\/02\/image-497.jpg\",\"datePublished\":\"2026-02-06T17:31:00+00:00\",\"author\":{\"@id\":\"https:\/\/portaltela.pt\/#\/schema\/person\/c4278d4a6028830caff9ee44b42d32ed\"},\"breadcrumb\":{\"@id\":\"https:\/\/portaltela.pt\/noticias\/2026\/02\/06\/chuva-deixa-quartel-da-gnr-em-famalicao-com-condicoes-adversas\/#breadcrumb\"},\"inLanguage\":\"pt-PT\",\"potentialAction\":[{\"@type\":\"ReadAction\",\"target\":[\"https:\/\/portaltela.pt\/noticias\/2026\/02\/06\/chuva-deixa-quartel-da-gnr-em-famalicao-com-condicoes-adversas\/\"]}]},{\"@type\":\"ImageObject\",\"inLanguage\":\"pt-PT\",\"@id\":\"https:\/\/portaltela.pt\/noticias\/2026\/02\/06\/chuva-deixa-quartel-da-gnr-em-famalicao-com-condicoes-adversas\/#primaryimage\",\"url\":\"https:\/\/portaltela.pt\/s.01k8rhncp4jt1\/2026\/02\/image-497.jpg\",\"contentUrl\":\"https:\/\/portaltela.pt\/s.01k8rhncp4jt1\/2026\/02\/image-497.jpg\",\"width\":796,\"height\":448,\"caption\":\"S\u00e3o frequentes as inunda\u00e7\u00f5es nas instala\u00e7\u00f5es da GNR em Famalic\u00e3o\"},{\"@type\":\"BreadcrumbList\",\"@id\":\"https:\/\/portaltela.pt\/noticias\/2026\/02\/06\/chuva-deixa-quartel-da-gnr-em-famalicao-com-condicoes-adversas\/#breadcrumb\",\"itemListElement\":[{\"@type\":\"ListItem\",\"position\":1,\"name\":\"In\u00edcio\",\"item\":\"https:\/\/portaltela.pt\/\"},{\"@type\":\"ListItem\",\"position\":2,\"name\":\"Chuva deixa quartel da GNR em Famalic\u00e3o com condi\u00e7\u00f5es adversas\"}]},{\"@type\":\"WebSite\",\"@id\":\"https:\/\/portaltela.pt\/#website\",\"url\":\"https:\/\/portaltela.pt\/\",\"name\":\"Portal Tela Portugal\",\"description\":\"\",\"potentialAction\":[{\"@type\":\"SearchAction\",\"target\":{\"@type\":\"EntryPoint\",\"urlTemplate\":\"https:\/\/portaltela.pt\/?s={search_term_string}\"},\"query-input\":{\"@type\":\"PropertyValueSpecification\",\"valueRequired\":true,\"valueName\":\"search_term_string\"}}],\"inLanguage\":\"pt-PT\"},{\"@type\":\"Person\",\"@id\":\"https:\/\/portaltela.pt\/#\/schema\/person\/c4278d4a6028830caff9ee44b42d32ed\",\"name\":\"Telinha\",\"image\":{\"@type\":\"ImageObject\",\"inLanguage\":\"pt-PT\",\"@id\":\"https:\/\/portaltela.pt\/s.01k8rhncp4jt1\/2025\/11\/talking-bot-125x125.png\",\"url\":\"https:\/\/portaltela.pt\/s.01k8rhncp4jt1\/2025\/11\/talking-bot-125x125.png\",\"contentUrl\":\"https:\/\/portaltela.pt\/s.01k8rhncp4jt1\/2025\/11\/talking-bot-125x125.png\",\"caption\":\"Telinha\"},\"sameAs\":[\"https:\/\/portaltela.pt\/\"],\"url\":\"https:\/\/portaltela.pt\/por\/367410592786\/\"}]}<\/script>\n<!-- \/ Yoast SEO plugin. -->","yoast_head_json":{"title":"Chuva deixa quartel da GNR em Famalic\u00e3o com condi\u00e7\u00f5es adversas - Portal Tela Portugal","robots":{"index":"index","follow":"follow","max-snippet":"max-snippet:-1","max-image-preview":"max-image-preview:large","max-video-preview":"max-video-preview:-1"},"og_locale":"pt_PT","og_type":"article","og_title":"Chuva deixa quartel da GNR em Famalic\u00e3o com condi\u00e7\u00f5es adversas - Portal Tela Portugal","og_description":"A chuva persiste no posto da GNR de Famalic\u00e3o, com \u00e1gua a entrar nas instala\u00e7\u00f5es. As paredes ficam negras devido \u00e0 humidade constante, especialmente nas zonas de atendimento ao p\u00fablico. Recipientes s\u00e3o usados para apurar as escorr\u00eancias provocadas pelas infiltra\u00e7\u00f5es. O problema acontece principalmente na \u00e1rea onde decorrem as inquiri\u00e7\u00f5es e na sala da v\u00edtima. A situa\u00e7\u00e3o \u00e9 descrita como um cen\u00e1rio de \u201cterceiro mundo\u201d devido \u00e0s infiltra\u00e7\u00f5es e \u00e0s condi\u00e7\u00f5es do im\u00f3vel.","og_url":"https:\/\/portaltela.pt\/noticias\/2026\/02\/06\/chuva-deixa-quartel-da-gnr-em-famalicao-com-condicoes-adversas\/","og_site_name":"Portal Tela Portugal","article_published_time":"2026-02-06T17:31:00+00:00","author":"Telinha","twitter_card":"summary_large_image","twitter_misc":{"Escrito por":"Telinha","Tempo estimado de leitura":"1 minuto"},"schema":{"@context":"https:\/\/schema.org","@graph":[{"@type":"Article","@id":"https:\/\/portaltela.pt\/noticias\/2026\/02\/06\/chuva-deixa-quartel-da-gnr-em-famalicao-com-condicoes-adversas\/#article","isPartOf":{"@id":"https:\/\/portaltela.pt\/noticias\/2026\/02\/06\/chuva-deixa-quartel-da-gnr-em-famalicao-com-condicoes-adversas\/"},"author":{"name":"Telinha","@id":"https:\/\/portaltela.pt\/#\/schema\/person\/c4278d4a6028830caff9ee44b42d32ed"},"headline":"Chuva deixa quartel da GNR em Famalic\u00e3o com condi\u00e7\u00f5es adversas","datePublished":"2026-02-06T17:31:00+00:00","mainEntityOfPage":{"@id":"https:\/\/portaltela.pt\/noticias\/2026\/02\/06\/chuva-deixa-quartel-da-gnr-em-famalicao-com-condicoes-adversas\/"},"wordCount":172,"image":{"@id":"https:\/\/portaltela.pt\/noticias\/2026\/02\/06\/chuva-deixa-quartel-da-gnr-em-famalicao-com-condicoes-adversas\/#primaryimage"},"thumbnailUrl":"https:\/\/portaltela.pt\/s.01k8rhncp4jt1\/2026\/02\/image-497.jpg","keywords":["Famalic\u00e3o","infiltra\u00e7\u00f5es","meio-ambiente","Pol\u00edcia de Seguran\u00e7a P\u00fablica","seguran\u00e7a p\u00fablica","servi\u00e7os p\u00fablicos"],"articleSection":["Not\u00edcias"],"inLanguage":"pt-PT"},{"@type":"WebPage","@id":"https:\/\/portaltela.pt\/noticias\/2026\/02\/06\/chuva-deixa-quartel-da-gnr-em-famalicao-com-condicoes-adversas\/","url":"https:\/\/portaltela.pt\/noticias\/2026\/02\/06\/chuva-deixa-quartel-da-gnr-em-famalicao-com-condicoes-adversas\/","name":"Chuva deixa quartel da GNR em Famalic\u00e3o com condi\u00e7\u00f5es adversas - Portal Tela Portugal","isPartOf":{"@id":"https:\/\/portaltela.pt\/#website"},"primaryImageOfPage":{"@id":"https:\/\/portaltela.pt\/noticias\/2026\/02\/06\/chuva-deixa-quartel-da-gnr-em-famalicao-com-condicoes-adversas\/#primaryimage"},"image":{"@id":"https:\/\/portaltela.pt\/noticias\/2026\/02\/06\/chuva-deixa-quartel-da-gnr-em-famalicao-com-condicoes-adversas\/#primaryimage"},"thumbnailUrl":"https:\/\/portaltela.pt\/s.01k8rhncp4jt1\/2026\/02\/image-497.jpg","datePublished":"2026-02-06T17:31:00+00:00","author":{"@id":"https:\/\/portaltela.pt\/#\/schema\/person\/c4278d4a6028830caff9ee44b42d32ed"},"breadcrumb":{"@id":"https:\/\/portaltela.pt\/noticias\/2026\/02\/06\/chuva-deixa-quartel-da-gnr-em-famalicao-com-condicoes-adversas\/#breadcrumb"},"inLanguage":"pt-PT","potentialAction":[{"@type":"ReadAction","target":["https:\/\/portaltela.pt\/noticias\/2026\/02\/06\/chuva-deixa-quartel-da-gnr-em-famalicao-com-condicoes-adversas\/"]}]},{"@type":"ImageObject","inLanguage":"pt-PT","@id":"https:\/\/portaltela.pt\/noticias\/2026\/02\/06\/chuva-deixa-quartel-da-gnr-em-famalicao-com-condicoes-adversas\/#primaryimage","url":"https:\/\/portaltela.pt\/s.01k8rhncp4jt1\/2026\/02\/image-497.jpg","contentUrl":"https:\/\/portaltela.pt\/s.01k8rhncp4jt1\/2026\/02\/image-497.jpg","width":796,"height":448,"caption":"S\u00e3o frequentes as inunda\u00e7\u00f5es nas instala\u00e7\u00f5es da GNR em Famalic\u00e3o"},{"@type":"BreadcrumbList","@id":"https:\/\/portaltela.pt\/noticias\/2026\/02\/06\/chuva-deixa-quartel-da-gnr-em-famalicao-com-condicoes-adversas\/#breadcrumb","itemListElement":[{"@type":"ListItem","position":1,"name":"In\u00edcio","item":"https:\/\/portaltela.pt\/"},{"@type":"ListItem","position":2,"name":"Chuva deixa quartel da GNR em Famalic\u00e3o com condi\u00e7\u00f5es adversas"}]},{"@type":"WebSite","@id":"https:\/\/portaltela.pt\/#website","url":"https:\/\/portaltela.pt\/","name":"Portal Tela Portugal","description":"","potentialAction":[{"@type":"SearchAction","target":{"@type":"EntryPoint","urlTemplate":"https:\/\/portaltela.pt\/?s={search_term_string}"},"query-input":{"@type":"PropertyValueSpecification","valueRequired":true,"valueName":"search_term_string"}}],"inLanguage":"pt-PT"},{"@type":"Person","@id":"https:\/\/portaltela.pt\/#\/schema\/person\/c4278d4a6028830caff9ee44b42d32ed","name":"Telinha","image":{"@type":"ImageObject","inLanguage":"pt-PT","@id":"https:\/\/portaltela.pt\/s.01k8rhncp4jt1\/2025\/11\/talking-bot-125x125.png","url":"https:\/\/portaltela.pt\/s.01k8rhncp4jt1\/2025\/11\/talking-bot-125x125.png","contentUrl":"https:\/\/portaltela.pt\/s.01k8rhncp4jt1\/2025\/11\/talking-bot-125x125.png","caption":"Telinha"},"sameAs":["https:\/\/portaltela.pt\/"],"url":"https:\/\/portaltela.pt\/por\/367410592786\/"}]}},"_links":{"self":[{"href":"https:\/\/portaltela.pt\/api\/wp\/v2\/posts\/202026","targetHints":{"allow":["GET"]}}],"collection":[{"href":"https:\/\/portaltela.pt\/api\/wp\/v2\/posts"}],"about":[{"href":"https:\/\/portaltela.pt\/api\/wp\/v2\/types\/post"}],"author":[{"embeddable":true,"href":"https:\/\/portaltela.pt\/api\/wp\/v2\/users\/2"}],"replies":[{"embeddable":true,"href":"https:\/\/portaltela.pt\/api\/wp\/v2\/comments?post=202026"}],"version-history":[{"count":0,"href":"https:\/\/portaltela.pt\/api\/wp\/v2\/posts\/202026\/revisions"}],"wp:featuredmedia":[{"embeddable":true,"href":"https:\/\/portaltela.pt\/api\/wp\/v2\/media\/202031"}],"wp:attachment":[{"href":"https:\/\/portaltela.pt\/api\/wp\/v2\/media?parent=202026"}],"wp:term":[{"taxonomy":"category","embeddable":true,"href":"https:\/\/portaltela.pt\/api\/wp\/v2\/categories?post=202026"},{"taxonomy":"post_tag","embeddable":true,"href":"https:\/\/portaltela.pt\/api\/wp\/v2\/tags?post=202026"}],"curies":[{"name":"wp","href":"https:\/\/api.w.org\/{rel}","templated":true}]}}