{"id":202002,"date":"2026-02-06T13:59:00","date_gmt":"2026-02-06T16:59:00","guid":{"rendered":"https:\/\/portaltela.pt\/noticias\/2026\/02\/06\/volvo-es90-em-testes-viagens-executivas-no-horizonte\/"},"modified":"2026-02-06T13:59:00","modified_gmt":"2026-02-06T16:59:00","slug":"volvo-es90-em-testes-viagens-executivas-no-horizonte","status":"publish","type":"post","link":"https:\/\/portaltela.pt\/noticias\/2026\/02\/06\/volvo-es90-em-testes-viagens-executivas-no-horizonte\/","title":{"rendered":"Volvo ES90 em testes: viagens executivas no horizonte"},"content":{"rendered":"<p>O Volvo ES90 fotocopou-se como berlina topo de gama, com promessa de competir com a BMW e a Mercedes. O objetivo? Combinar luxo com um minimalismo sereno, sem abrir m\u00e3o da assinatura tecnol\u00f3gica. O teste revelou uma experi\u00eancia de condu\u00e7\u00e3o que pode agradar tanto a quem conduz como a quem viaja no banco de tr\u00e1s.<\/p>\n<p>No interior, o espa\u00e7o \u00e9 amplo e os bancos envolventes criam uma sensa\u00e7\u00e3o \u201cde executiva\u201d. O piso plano, resultado da plataforma el\u00e9ctrica, evita o t\u00fanel de transmiss\u00e3o. O painel de instrumentos fica atr\u00e1s do volante, com head-up display generoso para manter o olhar na estrada.<\/p>\n<h3>Minimalismo sueco<\/h3>\n<p>Ao volante, a Volvo privilegia tranquilidade frente a uma corrida de armamentos digitais. O design \u00e9 sofisticado, sem menus complicados para ligar o aquecimento dos bancos. O conjunto transmite calma, em contraste com rivais que apostam em grandes telas.<\/p>\n<p>O ecr\u00e3 vertical de 14,5 polegadas funciona com o Google Maps nativo e permite instalar apps como o Waze. A integra\u00e7\u00e3o com a cloud Google facilita dados como agenda e favoritos, potenciando a navega\u00e7\u00e3o por voz.<\/p>\n<h3>Tecnologias de assist\u00eancia<\/h3>\n<p>O ES90 usa dois computadores Nvidia Drive AGX Orion, com capacidade de 508 bili\u00f5es de opera\u00e7\u00f5es por segundo. O objetivo \u00e9 refor\u00e7ar a seguran\u00e7a com sensores: lidar, radares, c\u00e2maras e ultrass\u00f3nicos. O Pilot Assist mostrou, por\u00e9m, alguns pontos de melhoria na leitura de limites.<\/p>\n<p>A visibilidade \u00e9 refor\u00e7ada pela c\u00e2mara 360 graus. A condu\u00e7\u00e3o assente em assistentes mant\u00e9m-se boa, mas pode exigir atualiza\u00e7\u00f5es remotas para maior fluidez no centro da faixa.<\/p>\n<h3>Desempenho e autonomia<\/h3>\n<p>A vers\u00e3o testada tem um motor \u00fanico de 245 kW (333 cv) com trac\u00e7\u00e3o traseira, capaz de 0-100 km\/h em 6,6 segundos. A vers\u00e3o com trac\u00e7\u00e3o integral oferece quase 700 cv, com arranque em 4 segundos, sendo opcional para quem n\u00e3o pretende excessos.<\/p>\n<p>A suspens\u00e3o pneum\u00e1tica filtra bem as irregularidades, e a insonoriza\u00e7\u00e3o \u00e9 eficaz. A bateria de 88 kWh \u00fateis oferece autonomia WLTP acima de 600 km (vers\u00e3o \u00fanica) ou 700 km com dois motores. Carregamentos at\u00e9 350 kW aceleram o reabastecimento.<\/p>\n<h3>Espa\u00e7o de bagagem e frunk<\/h3>\n<p>Na bagageira cabem 468 litros, valor competitivo, mas inferior ao BMW i5. O frunk de 27 litros \u00e0 frente \u00e9 reduzido, \u00fatil para tri\u00e2ngulos, mas pouco para cabos de carregamento.<\/p>\n<p>O ES90 apresenta-se como uma op\u00e7\u00e3o de luxo discreto, com conforto e tecnologia \u00fatil para viagens longas. Pode n\u00e3o oferecer a maior malha de capacidade ou a autonomia mais elevada, mas entrega uma experi\u00eancia premium aut\u00eantica.<\/p>\n","protected":false},"excerpt":{"rendered":"<ul>\n<li>O Volvo ES90 \u00e9 uma berlina el\u00e9trica de topo de gama que combina luxo com minimalismo, enfrentando a BMW e a Mercedes.<\/li>\n<li>O interior prioritiza conforto e espa\u00e7o, com um piso plano, bancos envolventes e um painel atr\u00e1s do volante, al\u00e9m de um head-up display generoso.<\/li>\n<li>O ecr\u00e3 central de 14,5 polegadas roda o sistema Google, com mapas nativos e integra\u00e7\u00e3o com Google Maps e Waze, mais c\u00e2mara de 360 graus.<\/li>\n<li>O ES90 usa dois computadores Nvidia Drive AGX Orion, com sensores avan\u00e7ados ( lidar, cinco radares, sete c\u00e2maras e 12 sensores ultrass\u00f3nicos) para assist\u00eancia \u00e0 condu\u00e7\u00e3o\u2014por vezes algo brusca no Pilot Assist.<\/li>\n<li>Em termos de performance, h\u00e1 vers\u00e3o 245 kW (333 cv) com trac\u00e7\u00e3o traseira (0 a 100 km\/h em 6,6 s) e vers\u00e3o AWD quase 700 cv (4 s); baterias de 88 kWh \u00fateis (Single Motor) ou 102 kWh \u00fateis (AWD), com autonomia WLTP acima de 600 km e at\u00e9 700 km, carregando at\u00e9 310\u2013350 kW. A bagageira tem 468 litros, com frunk de 27 litros.<\/li>\n<\/ul>\n","protected":false},"author":2,"featured_media":202003,"comment_status":"closed","ping_status":"closed","sticky":false,"template":"","format":"standard","meta":{"footnotes":""},"categories":[1],"tags":[37,2371,33,2110,153,3853],"class_list":["post-202002","post","type-post","status-publish","format-standard","has-post-thumbnail","hentry","category-noticias","tag-apps","tag-automoveis","tag-inovacao","tag-mobilidade","tag-tecnologia","tag-veiculos-autonomos"],"yoast_head":"<!-- This site is optimized with the Yoast SEO plugin v27.2 - https:\/\/yoast.com\/product\/yoast-seo-wordpress\/ -->\n<title>Volvo ES90 em testes: viagens executivas no horizonte - Portal Tela Portugal<\/title>\n<meta name=\"robots\" content=\"index, follow, max-snippet:-1, max-image-preview:large, max-video-preview:-1\" \/>\n<meta property=\"og:locale\" content=\"pt_PT\" \/>\n<meta property=\"og:type\" content=\"article\" \/>\n<meta property=\"og:title\" content=\"Volvo ES90 em testes: viagens executivas no horizonte - Portal Tela Portugal\" \/>\n<meta property=\"og:description\" content=\"O Volvo ES90 \u00e9 uma berlina el\u00e9trica de topo de gama que combina luxo com minimalismo, enfrentando a BMW e a Mercedes. O interior prioritiza conforto e espa\u00e7o, com um piso plano, bancos envolventes e um painel atr\u00e1s do volante, al\u00e9m de um head-up display generoso. O ecr\u00e3 central de 14,5 polegadas roda o sistema Google, com mapas nativos e integra\u00e7\u00e3o com Google Maps e Waze, mais c\u00e2mara de 360 graus. O ES90 usa dois computadores Nvidia Drive AGX Orion, com sensores avan\u00e7ados ( lidar, cinco radares, sete c\u00e2maras e 12 sensores ultrass\u00f3nicos) para assist\u00eancia \u00e0 condu\u00e7\u00e3o\u2014por vezes algo brusca no Pilot Assist. Em termos de performance, h\u00e1 vers\u00e3o 245 kW (333 cv) com trac\u00e7\u00e3o traseira (0 a 100 km\/h em 6,6 s) e vers\u00e3o AWD quase 700 cv (4 s); baterias de 88 kWh \u00fateis (Single Motor) ou 102 kWh \u00fateis (AWD), com autonomia WLTP acima de 600 km e at\u00e9 700 km, carregando at\u00e9 310\u2013350 kW. A bagageira tem 468 litros, com frunk de 27 litros.\" \/>\n<meta property=\"og:url\" content=\"https:\/\/portaltela.pt\/noticias\/2026\/02\/06\/volvo-es90-em-testes-viagens-executivas-no-horizonte\/\" \/>\n<meta property=\"og:site_name\" content=\"Portal Tela Portugal\" \/>\n<meta property=\"article:published_time\" content=\"2026-02-06T16:59:00+00:00\" \/>\n<meta name=\"author\" content=\"Telinha\" \/>\n<meta name=\"twitter:card\" content=\"summary_large_image\" \/>\n<meta name=\"twitter:label1\" content=\"Escrito por\" \/>\n\t<meta name=\"twitter:data1\" content=\"Telinha\" \/>\n\t<meta name=\"twitter:label2\" content=\"Tempo estimado de leitura\" \/>\n\t<meta name=\"twitter:data2\" content=\"2 minutos\" \/>\n<script type=\"application\/ld+json\" class=\"yoast-schema-graph\">{\"@context\":\"https:\/\/schema.org\",\"@graph\":[{\"@type\":\"Article\",\"@id\":\"https:\/\/portaltela.pt\/noticias\/2026\/02\/06\/volvo-es90-em-testes-viagens-executivas-no-horizonte\/#article\",\"isPartOf\":{\"@id\":\"https:\/\/portaltela.pt\/noticias\/2026\/02\/06\/volvo-es90-em-testes-viagens-executivas-no-horizonte\/\"},\"author\":{\"name\":\"Telinha\",\"@id\":\"https:\/\/portaltela.pt\/#\/schema\/person\/c4278d4a6028830caff9ee44b42d32ed\"},\"headline\":\"Volvo ES90 em testes: viagens executivas no horizonte\",\"datePublished\":\"2026-02-06T16:59:00+00:00\",\"mainEntityOfPage\":{\"@id\":\"https:\/\/portaltela.pt\/noticias\/2026\/02\/06\/volvo-es90-em-testes-viagens-executivas-no-horizonte\/\"},\"wordCount\":437,\"image\":{\"@id\":\"https:\/\/portaltela.pt\/noticias\/2026\/02\/06\/volvo-es90-em-testes-viagens-executivas-no-horizonte\/#primaryimage\"},\"thumbnailUrl\":\"https:\/\/portaltela.pt\/s.01k8rhncp4jt1\/2026\/02\/2063714.jpg\",\"keywords\":[\"apps\",\"Autom\u00f3veis\",\"inova\u00e7\u00e3o\",\"mobilidade\",\"tecnologia\",\"ve\u00edculos aut\u00f3nomos\"],\"articleSection\":[\"Not\u00edcias\"],\"inLanguage\":\"pt-PT\"},{\"@type\":\"WebPage\",\"@id\":\"https:\/\/portaltela.pt\/noticias\/2026\/02\/06\/volvo-es90-em-testes-viagens-executivas-no-horizonte\/\",\"url\":\"https:\/\/portaltela.pt\/noticias\/2026\/02\/06\/volvo-es90-em-testes-viagens-executivas-no-horizonte\/\",\"name\":\"Volvo ES90 em testes: viagens executivas no horizonte - Portal Tela Portugal\",\"isPartOf\":{\"@id\":\"https:\/\/portaltela.pt\/#website\"},\"primaryImageOfPage\":{\"@id\":\"https:\/\/portaltela.pt\/noticias\/2026\/02\/06\/volvo-es90-em-testes-viagens-executivas-no-horizonte\/#primaryimage\"},\"image\":{\"@id\":\"https:\/\/portaltela.pt\/noticias\/2026\/02\/06\/volvo-es90-em-testes-viagens-executivas-no-horizonte\/#primaryimage\"},\"thumbnailUrl\":\"https:\/\/portaltela.pt\/s.01k8rhncp4jt1\/2026\/02\/2063714.jpg\",\"datePublished\":\"2026-02-06T16:59:00+00:00\",\"author\":{\"@id\":\"https:\/\/portaltela.pt\/#\/schema\/person\/c4278d4a6028830caff9ee44b42d32ed\"},\"breadcrumb\":{\"@id\":\"https:\/\/portaltela.pt\/noticias\/2026\/02\/06\/volvo-es90-em-testes-viagens-executivas-no-horizonte\/#breadcrumb\"},\"inLanguage\":\"pt-PT\",\"potentialAction\":[{\"@type\":\"ReadAction\",\"target\":[\"https:\/\/portaltela.pt\/noticias\/2026\/02\/06\/volvo-es90-em-testes-viagens-executivas-no-horizonte\/\"]}]},{\"@type\":\"ImageObject\",\"inLanguage\":\"pt-PT\",\"@id\":\"https:\/\/portaltela.pt\/noticias\/2026\/02\/06\/volvo-es90-em-testes-viagens-executivas-no-horizonte\/#primaryimage\",\"url\":\"https:\/\/portaltela.pt\/s.01k8rhncp4jt1\/2026\/02\/2063714.jpg\",\"contentUrl\":\"https:\/\/portaltela.pt\/s.01k8rhncp4jt1\/2026\/02\/2063714.jpg\",\"width\":796,\"height\":448,\"caption\":\"O ES90 tem uma presen\u00e7a imponente e um n\u00edvel de conforto de topo\"},{\"@type\":\"BreadcrumbList\",\"@id\":\"https:\/\/portaltela.pt\/noticias\/2026\/02\/06\/volvo-es90-em-testes-viagens-executivas-no-horizonte\/#breadcrumb\",\"itemListElement\":[{\"@type\":\"ListItem\",\"position\":1,\"name\":\"In\u00edcio\",\"item\":\"https:\/\/portaltela.pt\/\"},{\"@type\":\"ListItem\",\"position\":2,\"name\":\"Volvo ES90 em testes: viagens executivas no horizonte\"}]},{\"@type\":\"WebSite\",\"@id\":\"https:\/\/portaltela.pt\/#website\",\"url\":\"https:\/\/portaltela.pt\/\",\"name\":\"Portal Tela Portugal\",\"description\":\"\",\"potentialAction\":[{\"@type\":\"SearchAction\",\"target\":{\"@type\":\"EntryPoint\",\"urlTemplate\":\"https:\/\/portaltela.pt\/?s={search_term_string}\"},\"query-input\":{\"@type\":\"PropertyValueSpecification\",\"valueRequired\":true,\"valueName\":\"search_term_string\"}}],\"inLanguage\":\"pt-PT\"},{\"@type\":\"Person\",\"@id\":\"https:\/\/portaltela.pt\/#\/schema\/person\/c4278d4a6028830caff9ee44b42d32ed\",\"name\":\"Telinha\",\"image\":{\"@type\":\"ImageObject\",\"inLanguage\":\"pt-PT\",\"@id\":\"https:\/\/portaltela.pt\/s.01k8rhncp4jt1\/2025\/11\/talking-bot-125x125.png\",\"url\":\"https:\/\/portaltela.pt\/s.01k8rhncp4jt1\/2025\/11\/talking-bot-125x125.png\",\"contentUrl\":\"https:\/\/portaltela.pt\/s.01k8rhncp4jt1\/2025\/11\/talking-bot-125x125.png\",\"caption\":\"Telinha\"},\"sameAs\":[\"https:\/\/portaltela.pt\/\"],\"url\":\"https:\/\/portaltela.pt\/por\/367410592786\/\"}]}<\/script>\n<!-- \/ Yoast SEO plugin. -->","yoast_head_json":{"title":"Volvo ES90 em testes: viagens executivas no horizonte - Portal Tela Portugal","robots":{"index":"index","follow":"follow","max-snippet":"max-snippet:-1","max-image-preview":"max-image-preview:large","max-video-preview":"max-video-preview:-1"},"og_locale":"pt_PT","og_type":"article","og_title":"Volvo ES90 em testes: viagens executivas no horizonte - Portal Tela Portugal","og_description":"O Volvo ES90 \u00e9 uma berlina el\u00e9trica de topo de gama que combina luxo com minimalismo, enfrentando a BMW e a Mercedes. O interior prioritiza conforto e espa\u00e7o, com um piso plano, bancos envolventes e um painel atr\u00e1s do volante, al\u00e9m de um head-up display generoso. O ecr\u00e3 central de 14,5 polegadas roda o sistema Google, com mapas nativos e integra\u00e7\u00e3o com Google Maps e Waze, mais c\u00e2mara de 360 graus. O ES90 usa dois computadores Nvidia Drive AGX Orion, com sensores avan\u00e7ados ( lidar, cinco radares, sete c\u00e2maras e 12 sensores ultrass\u00f3nicos) para assist\u00eancia \u00e0 condu\u00e7\u00e3o\u2014por vezes algo brusca no Pilot Assist. Em termos de performance, h\u00e1 vers\u00e3o 245 kW (333 cv) com trac\u00e7\u00e3o traseira (0 a 100 km\/h em 6,6 s) e vers\u00e3o AWD quase 700 cv (4 s); baterias de 88 kWh \u00fateis (Single Motor) ou 102 kWh \u00fateis (AWD), com autonomia WLTP acima de 600 km e at\u00e9 700 km, carregando at\u00e9 310\u2013350 kW. A bagageira tem 468 litros, com frunk de 27 litros.","og_url":"https:\/\/portaltela.pt\/noticias\/2026\/02\/06\/volvo-es90-em-testes-viagens-executivas-no-horizonte\/","og_site_name":"Portal Tela Portugal","article_published_time":"2026-02-06T16:59:00+00:00","author":"Telinha","twitter_card":"summary_large_image","twitter_misc":{"Escrito por":"Telinha","Tempo estimado de leitura":"2 minutos"},"schema":{"@context":"https:\/\/schema.org","@graph":[{"@type":"Article","@id":"https:\/\/portaltela.pt\/noticias\/2026\/02\/06\/volvo-es90-em-testes-viagens-executivas-no-horizonte\/#article","isPartOf":{"@id":"https:\/\/portaltela.pt\/noticias\/2026\/02\/06\/volvo-es90-em-testes-viagens-executivas-no-horizonte\/"},"author":{"name":"Telinha","@id":"https:\/\/portaltela.pt\/#\/schema\/person\/c4278d4a6028830caff9ee44b42d32ed"},"headline":"Volvo ES90 em testes: viagens executivas no horizonte","datePublished":"2026-02-06T16:59:00+00:00","mainEntityOfPage":{"@id":"https:\/\/portaltela.pt\/noticias\/2026\/02\/06\/volvo-es90-em-testes-viagens-executivas-no-horizonte\/"},"wordCount":437,"image":{"@id":"https:\/\/portaltela.pt\/noticias\/2026\/02\/06\/volvo-es90-em-testes-viagens-executivas-no-horizonte\/#primaryimage"},"thumbnailUrl":"https:\/\/portaltela.pt\/s.01k8rhncp4jt1\/2026\/02\/2063714.jpg","keywords":["apps","Autom\u00f3veis","inova\u00e7\u00e3o","mobilidade","tecnologia","ve\u00edculos aut\u00f3nomos"],"articleSection":["Not\u00edcias"],"inLanguage":"pt-PT"},{"@type":"WebPage","@id":"https:\/\/portaltela.pt\/noticias\/2026\/02\/06\/volvo-es90-em-testes-viagens-executivas-no-horizonte\/","url":"https:\/\/portaltela.pt\/noticias\/2026\/02\/06\/volvo-es90-em-testes-viagens-executivas-no-horizonte\/","name":"Volvo ES90 em testes: viagens executivas no horizonte - Portal Tela Portugal","isPartOf":{"@id":"https:\/\/portaltela.pt\/#website"},"primaryImageOfPage":{"@id":"https:\/\/portaltela.pt\/noticias\/2026\/02\/06\/volvo-es90-em-testes-viagens-executivas-no-horizonte\/#primaryimage"},"image":{"@id":"https:\/\/portaltela.pt\/noticias\/2026\/02\/06\/volvo-es90-em-testes-viagens-executivas-no-horizonte\/#primaryimage"},"thumbnailUrl":"https:\/\/portaltela.pt\/s.01k8rhncp4jt1\/2026\/02\/2063714.jpg","datePublished":"2026-02-06T16:59:00+00:00","author":{"@id":"https:\/\/portaltela.pt\/#\/schema\/person\/c4278d4a6028830caff9ee44b42d32ed"},"breadcrumb":{"@id":"https:\/\/portaltela.pt\/noticias\/2026\/02\/06\/volvo-es90-em-testes-viagens-executivas-no-horizonte\/#breadcrumb"},"inLanguage":"pt-PT","potentialAction":[{"@type":"ReadAction","target":["https:\/\/portaltela.pt\/noticias\/2026\/02\/06\/volvo-es90-em-testes-viagens-executivas-no-horizonte\/"]}]},{"@type":"ImageObject","inLanguage":"pt-PT","@id":"https:\/\/portaltela.pt\/noticias\/2026\/02\/06\/volvo-es90-em-testes-viagens-executivas-no-horizonte\/#primaryimage","url":"https:\/\/portaltela.pt\/s.01k8rhncp4jt1\/2026\/02\/2063714.jpg","contentUrl":"https:\/\/portaltela.pt\/s.01k8rhncp4jt1\/2026\/02\/2063714.jpg","width":796,"height":448,"caption":"O ES90 tem uma presen\u00e7a imponente e um n\u00edvel de conforto de topo"},{"@type":"BreadcrumbList","@id":"https:\/\/portaltela.pt\/noticias\/2026\/02\/06\/volvo-es90-em-testes-viagens-executivas-no-horizonte\/#breadcrumb","itemListElement":[{"@type":"ListItem","position":1,"name":"In\u00edcio","item":"https:\/\/portaltela.pt\/"},{"@type":"ListItem","position":2,"name":"Volvo ES90 em testes: viagens executivas no horizonte"}]},{"@type":"WebSite","@id":"https:\/\/portaltela.pt\/#website","url":"https:\/\/portaltela.pt\/","name":"Portal Tela Portugal","description":"","potentialAction":[{"@type":"SearchAction","target":{"@type":"EntryPoint","urlTemplate":"https:\/\/portaltela.pt\/?s={search_term_string}"},"query-input":{"@type":"PropertyValueSpecification","valueRequired":true,"valueName":"search_term_string"}}],"inLanguage":"pt-PT"},{"@type":"Person","@id":"https:\/\/portaltela.pt\/#\/schema\/person\/c4278d4a6028830caff9ee44b42d32ed","name":"Telinha","image":{"@type":"ImageObject","inLanguage":"pt-PT","@id":"https:\/\/portaltela.pt\/s.01k8rhncp4jt1\/2025\/11\/talking-bot-125x125.png","url":"https:\/\/portaltela.pt\/s.01k8rhncp4jt1\/2025\/11\/talking-bot-125x125.png","contentUrl":"https:\/\/portaltela.pt\/s.01k8rhncp4jt1\/2025\/11\/talking-bot-125x125.png","caption":"Telinha"},"sameAs":["https:\/\/portaltela.pt\/"],"url":"https:\/\/portaltela.pt\/por\/367410592786\/"}]}},"_links":{"self":[{"href":"https:\/\/portaltela.pt\/api\/wp\/v2\/posts\/202002","targetHints":{"allow":["GET"]}}],"collection":[{"href":"https:\/\/portaltela.pt\/api\/wp\/v2\/posts"}],"about":[{"href":"https:\/\/portaltela.pt\/api\/wp\/v2\/types\/post"}],"author":[{"embeddable":true,"href":"https:\/\/portaltela.pt\/api\/wp\/v2\/users\/2"}],"replies":[{"embeddable":true,"href":"https:\/\/portaltela.pt\/api\/wp\/v2\/comments?post=202002"}],"version-history":[{"count":0,"href":"https:\/\/portaltela.pt\/api\/wp\/v2\/posts\/202002\/revisions"}],"wp:featuredmedia":[{"embeddable":true,"href":"https:\/\/portaltela.pt\/api\/wp\/v2\/media\/202003"}],"wp:attachment":[{"href":"https:\/\/portaltela.pt\/api\/wp\/v2\/media?parent=202002"}],"wp:term":[{"taxonomy":"category","embeddable":true,"href":"https:\/\/portaltela.pt\/api\/wp\/v2\/categories?post=202002"},{"taxonomy":"post_tag","embeddable":true,"href":"https:\/\/portaltela.pt\/api\/wp\/v2\/tags?post=202002"}],"curies":[{"name":"wp","href":"https:\/\/api.w.org\/{rel}","templated":true}]}}