{"id":201968,"date":"2026-02-06T13:45:37","date_gmt":"2026-02-06T16:45:37","guid":{"rendered":"https:\/\/portaltela.pt\/noticias\/2026\/02\/06\/danos-na-escola-sede-de-vila-nova-de-poiares-afetam-oito-salas\/"},"modified":"2026-02-06T13:45:37","modified_gmt":"2026-02-06T16:45:37","slug":"danos-na-escola-sede-de-vila-nova-de-poiares-afetam-oito-salas","status":"publish","type":"post","link":"https:\/\/portaltela.pt\/noticias\/2026\/02\/06\/danos-na-escola-sede-de-vila-nova-de-poiares-afetam-oito-salas\/","title":{"rendered":"Danos na escola sede de Vila Nova de Poiares afetam oito salas"},"content":{"rendered":"<p>Na escola Doutor Daniel de Matos, em Vila Nova de Poiares, as coberturas de dois pavilh\u00f5es foram dos principais danos causados pelo mau tempo. O choque foi sentido em oito salas de aula, levando as turmas a partilhar espa\u00e7os temporariamente. O munic\u00edpio j\u00e1 mobilizou medidas para manter as atividades.<\/p>\n<p>O presidente da C\u00e2mara Municipal, Nuno Neves, afirmou que sem as coberturas chove dentro das salas. Em resposta, a autarquia recorreu a uma solu\u00e7\u00e3o provis\u00f3ria: v\u00e1rias turmas divididas entre salas para garantir o funcionamento docente. A recupera\u00e7\u00e3o das estruturas \u00e9 priorit\u00e1ria.<\/p>\n<p>A prote\u00e7\u00e3o civil mant\u00e9m o Plano Municipal ativo desde 28 de janeiro, com condi\u00e7\u00f5es clim\u00e1ticas adversas a dificultarem os trabalhos. Al\u00e9m de danos na escola, o concelho registou quedas de \u00e1rvores, postes partidos e estragos em infraestruturas municipais. O or\u00e7amento e o seguro est\u00e3o a ser avaliados com empreiteiros.<\/p>\n<p>A C\u00e2mara informou ainda que, face aos riscos, o programa de Carnaval foi cancelado, com ressalva de uma atividade restrita dentro das escolas para as crian\u00e7as. Em paralelo, a ponte de Louredo, sobre o rio Mondego, reabriu ao tr\u00e2nsito ap\u00f3s o aumento previsto no caudal.<\/p>\n<p>De acordo com o Governo, a calamidade foi alargada a 68 concelhos, incluindo Vila Nova de Poiares, com apoios estimados at\u00e9 2,5 mil milh\u00f5es de euros. N\u00e3o h\u00e1 ainda um balan\u00e7o oficial dos preju\u00edzos totais no munic\u00edpio. As regi\u00f5es mais afetadas continuam Centro, Lisboa e Alentejo.<\/p>\n<p>Treze pessoas j\u00e1 faleceram em Portugal durante as depress\u00f5es Kristin e Leonardo, com centenas de feridos e desalojados. As consequ\u00eancias incluem destrui\u00e7\u00e3o de infraestruturas, interrup\u00e7\u00e3o de servi\u00e7os e cortes em fornecimentos, agravando a situa\u00e7\u00e3o de emerg\u00eancia.<\/p>\n","protected":false},"excerpt":{"rendered":"<ul>\n<li>As coberturas de dois pavil\u00f5es da escola Doutor Daniel de Matos, em Vila Nova de Poiares, ficaram danificadas pelo mau tempo, afetando oito salas de aula e levando turmas a dividirem espa\u00e7os.<\/li>\n<li>A C\u00e2mara Municipal decidiu manter as aulas com mais de uma turma por sala, de forma tempor\u00e1ria, at\u00e9 terminar as repara\u00e7\u00f5es.<\/li>\n<li>Os trabalhos de recupera\u00e7\u00e3o j\u00e1 est\u00e3o em curso; a autarquia indica que os danos ocorrem numa \u00e1rea alargada e que as condi\u00e7\u00f5es atmosf\u00e9ricas dificultam o trabalho em telhados.<\/li>\n<li>Em consequ\u00eancia do mau tempo, o programa de Carnaval fica cancelado, com exce\u00e7\u00e3o duma atividade restrita dentro dos estabelecimentos de ensino para n\u00e3o deixar de assinalar a data.<\/li>\n<li>A ponte de Louredo, sobre o rio Mondego, foi reaberta ao tr\u00e2nsito; o Plano Municipal de Emerg\u00eancia e Prote\u00e7\u00e3o Civil permanece ativo desde 28 de janeiro.<\/li>\n<\/ul>\n","protected":false},"author":2,"featured_media":201972,"comment_status":"closed","ping_status":"closed","sticky":false,"template":"","format":"standard","meta":{"footnotes":""},"categories":[1],"tags":[5365,5215,3004,258,5099,5031],"class_list":["post-201968","post","type-post","status-publish","format-standard","has-post-thumbnail","hentry","category-noticias","tag-acalamidade-publica","tag-catastrofes-naturais","tag-desalojados","tag-infraestruturas","tag-protecao-civil-municipal","tag-reconstrucao-urbana"],"yoast_head":"<!-- This site is optimized with the Yoast SEO plugin v27.2 - https:\/\/yoast.com\/product\/yoast-seo-wordpress\/ -->\n<title>Danos na escola sede de Vila Nova de Poiares afetam oito salas - Portal Tela Portugal<\/title>\n<meta name=\"robots\" content=\"index, follow, max-snippet:-1, max-image-preview:large, max-video-preview:-1\" \/>\n<meta property=\"og:locale\" content=\"pt_PT\" \/>\n<meta property=\"og:type\" content=\"article\" \/>\n<meta property=\"og:title\" content=\"Danos na escola sede de Vila Nova de Poiares afetam oito salas - Portal Tela Portugal\" \/>\n<meta property=\"og:description\" content=\"As coberturas de dois pavil\u00f5es da escola Doutor Daniel de Matos, em Vila Nova de Poiares, ficaram danificadas pelo mau tempo, afetando oito salas de aula e levando turmas a dividirem espa\u00e7os. A C\u00e2mara Municipal decidiu manter as aulas com mais de uma turma por sala, de forma tempor\u00e1ria, at\u00e9 terminar as repara\u00e7\u00f5es. Os trabalhos de recupera\u00e7\u00e3o j\u00e1 est\u00e3o em curso; a autarquia indica que os danos ocorrem numa \u00e1rea alargada e que as condi\u00e7\u00f5es atmosf\u00e9ricas dificultam o trabalho em telhados. Em consequ\u00eancia do mau tempo, o programa de Carnaval fica cancelado, com exce\u00e7\u00e3o duma atividade restrita dentro dos estabelecimentos de ensino para n\u00e3o deixar de assinalar a data. A ponte de Louredo, sobre o rio Mondego, foi reaberta ao tr\u00e2nsito; o Plano Municipal de Emerg\u00eancia e Prote\u00e7\u00e3o Civil permanece ativo desde 28 de janeiro.\" \/>\n<meta property=\"og:url\" content=\"https:\/\/portaltela.pt\/noticias\/2026\/02\/06\/danos-na-escola-sede-de-vila-nova-de-poiares-afetam-oito-salas\/\" \/>\n<meta property=\"og:site_name\" content=\"Portal Tela Portugal\" \/>\n<meta property=\"article:published_time\" content=\"2026-02-06T16:45:37+00:00\" \/>\n<meta name=\"author\" content=\"Telinha\" \/>\n<meta name=\"twitter:card\" content=\"summary_large_image\" \/>\n<meta name=\"twitter:label1\" content=\"Escrito por\" \/>\n\t<meta name=\"twitter:data1\" content=\"Telinha\" \/>\n\t<meta name=\"twitter:label2\" content=\"Tempo estimado de leitura\" \/>\n\t<meta name=\"twitter:data2\" content=\"1 minuto\" \/>\n<script type=\"application\/ld+json\" class=\"yoast-schema-graph\">{\"@context\":\"https:\/\/schema.org\",\"@graph\":[{\"@type\":\"Article\",\"@id\":\"https:\/\/portaltela.pt\/noticias\/2026\/02\/06\/danos-na-escola-sede-de-vila-nova-de-poiares-afetam-oito-salas\/#article\",\"isPartOf\":{\"@id\":\"https:\/\/portaltela.pt\/noticias\/2026\/02\/06\/danos-na-escola-sede-de-vila-nova-de-poiares-afetam-oito-salas\/\"},\"author\":{\"name\":\"Telinha\",\"@id\":\"https:\/\/portaltela.pt\/#\/schema\/person\/c4278d4a6028830caff9ee44b42d32ed\"},\"headline\":\"Danos na escola sede de Vila Nova de Poiares afetam oito salas\",\"datePublished\":\"2026-02-06T16:45:37+00:00\",\"mainEntityOfPage\":{\"@id\":\"https:\/\/portaltela.pt\/noticias\/2026\/02\/06\/danos-na-escola-sede-de-vila-nova-de-poiares-afetam-oito-salas\/\"},\"wordCount\":307,\"image\":{\"@id\":\"https:\/\/portaltela.pt\/noticias\/2026\/02\/06\/danos-na-escola-sede-de-vila-nova-de-poiares-afetam-oito-salas\/#primaryimage\"},\"thumbnailUrl\":\"https:\/\/portaltela.pt\/s.01k8rhncp4jt1\/2026\/02\/img_1500x1000uu2024-02-10-21-08-45-1568067.jpg\",\"keywords\":[\"Acalamidade p\u00fablica\",\"cat\u00e1strofes naturais\",\"desalojados\",\"infraestruturas\",\"Prote\u00e7\u00e3o Civil Municipal\",\"reconstru\u00e7\u00e3o urbana\"],\"articleSection\":[\"Not\u00edcias\"],\"inLanguage\":\"pt-PT\"},{\"@type\":\"WebPage\",\"@id\":\"https:\/\/portaltela.pt\/noticias\/2026\/02\/06\/danos-na-escola-sede-de-vila-nova-de-poiares-afetam-oito-salas\/\",\"url\":\"https:\/\/portaltela.pt\/noticias\/2026\/02\/06\/danos-na-escola-sede-de-vila-nova-de-poiares-afetam-oito-salas\/\",\"name\":\"Danos na escola sede de Vila Nova de Poiares afetam oito salas - Portal Tela Portugal\",\"isPartOf\":{\"@id\":\"https:\/\/portaltela.pt\/#website\"},\"primaryImageOfPage\":{\"@id\":\"https:\/\/portaltela.pt\/noticias\/2026\/02\/06\/danos-na-escola-sede-de-vila-nova-de-poiares-afetam-oito-salas\/#primaryimage\"},\"image\":{\"@id\":\"https:\/\/portaltela.pt\/noticias\/2026\/02\/06\/danos-na-escola-sede-de-vila-nova-de-poiares-afetam-oito-salas\/#primaryimage\"},\"thumbnailUrl\":\"https:\/\/portaltela.pt\/s.01k8rhncp4jt1\/2026\/02\/img_1500x1000uu2024-02-10-21-08-45-1568067.jpg\",\"datePublished\":\"2026-02-06T16:45:37+00:00\",\"author\":{\"@id\":\"https:\/\/portaltela.pt\/#\/schema\/person\/c4278d4a6028830caff9ee44b42d32ed\"},\"breadcrumb\":{\"@id\":\"https:\/\/portaltela.pt\/noticias\/2026\/02\/06\/danos-na-escola-sede-de-vila-nova-de-poiares-afetam-oito-salas\/#breadcrumb\"},\"inLanguage\":\"pt-PT\",\"potentialAction\":[{\"@type\":\"ReadAction\",\"target\":[\"https:\/\/portaltela.pt\/noticias\/2026\/02\/06\/danos-na-escola-sede-de-vila-nova-de-poiares-afetam-oito-salas\/\"]}]},{\"@type\":\"ImageObject\",\"inLanguage\":\"pt-PT\",\"@id\":\"https:\/\/portaltela.pt\/noticias\/2026\/02\/06\/danos-na-escola-sede-de-vila-nova-de-poiares-afetam-oito-salas\/#primaryimage\",\"url\":\"https:\/\/portaltela.pt\/s.01k8rhncp4jt1\/2026\/02\/img_1500x1000uu2024-02-10-21-08-45-1568067.jpg\",\"contentUrl\":\"https:\/\/portaltela.pt\/s.01k8rhncp4jt1\/2026\/02\/img_1500x1000uu2024-02-10-21-08-45-1568067.jpg\",\"width\":796,\"height\":448,\"caption\":\"Sala de aula\"},{\"@type\":\"BreadcrumbList\",\"@id\":\"https:\/\/portaltela.pt\/noticias\/2026\/02\/06\/danos-na-escola-sede-de-vila-nova-de-poiares-afetam-oito-salas\/#breadcrumb\",\"itemListElement\":[{\"@type\":\"ListItem\",\"position\":1,\"name\":\"In\u00edcio\",\"item\":\"https:\/\/portaltela.pt\/\"},{\"@type\":\"ListItem\",\"position\":2,\"name\":\"Danos na escola sede de Vila Nova de Poiares afetam oito salas\"}]},{\"@type\":\"WebSite\",\"@id\":\"https:\/\/portaltela.pt\/#website\",\"url\":\"https:\/\/portaltela.pt\/\",\"name\":\"Portal Tela Portugal\",\"description\":\"\",\"potentialAction\":[{\"@type\":\"SearchAction\",\"target\":{\"@type\":\"EntryPoint\",\"urlTemplate\":\"https:\/\/portaltela.pt\/?s={search_term_string}\"},\"query-input\":{\"@type\":\"PropertyValueSpecification\",\"valueRequired\":true,\"valueName\":\"search_term_string\"}}],\"inLanguage\":\"pt-PT\"},{\"@type\":\"Person\",\"@id\":\"https:\/\/portaltela.pt\/#\/schema\/person\/c4278d4a6028830caff9ee44b42d32ed\",\"name\":\"Telinha\",\"image\":{\"@type\":\"ImageObject\",\"inLanguage\":\"pt-PT\",\"@id\":\"https:\/\/portaltela.pt\/s.01k8rhncp4jt1\/2025\/11\/talking-bot-125x125.png\",\"url\":\"https:\/\/portaltela.pt\/s.01k8rhncp4jt1\/2025\/11\/talking-bot-125x125.png\",\"contentUrl\":\"https:\/\/portaltela.pt\/s.01k8rhncp4jt1\/2025\/11\/talking-bot-125x125.png\",\"caption\":\"Telinha\"},\"sameAs\":[\"https:\/\/portaltela.pt\/\"],\"url\":\"https:\/\/portaltela.pt\/por\/367410592786\/\"}]}<\/script>\n<!-- \/ Yoast SEO plugin. -->","yoast_head_json":{"title":"Danos na escola sede de Vila Nova de Poiares afetam oito salas - Portal Tela Portugal","robots":{"index":"index","follow":"follow","max-snippet":"max-snippet:-1","max-image-preview":"max-image-preview:large","max-video-preview":"max-video-preview:-1"},"og_locale":"pt_PT","og_type":"article","og_title":"Danos na escola sede de Vila Nova de Poiares afetam oito salas - Portal Tela Portugal","og_description":"As coberturas de dois pavil\u00f5es da escola Doutor Daniel de Matos, em Vila Nova de Poiares, ficaram danificadas pelo mau tempo, afetando oito salas de aula e levando turmas a dividirem espa\u00e7os. A C\u00e2mara Municipal decidiu manter as aulas com mais de uma turma por sala, de forma tempor\u00e1ria, at\u00e9 terminar as repara\u00e7\u00f5es. Os trabalhos de recupera\u00e7\u00e3o j\u00e1 est\u00e3o em curso; a autarquia indica que os danos ocorrem numa \u00e1rea alargada e que as condi\u00e7\u00f5es atmosf\u00e9ricas dificultam o trabalho em telhados. Em consequ\u00eancia do mau tempo, o programa de Carnaval fica cancelado, com exce\u00e7\u00e3o duma atividade restrita dentro dos estabelecimentos de ensino para n\u00e3o deixar de assinalar a data. A ponte de Louredo, sobre o rio Mondego, foi reaberta ao tr\u00e2nsito; o Plano Municipal de Emerg\u00eancia e Prote\u00e7\u00e3o Civil permanece ativo desde 28 de janeiro.","og_url":"https:\/\/portaltela.pt\/noticias\/2026\/02\/06\/danos-na-escola-sede-de-vila-nova-de-poiares-afetam-oito-salas\/","og_site_name":"Portal Tela Portugal","article_published_time":"2026-02-06T16:45:37+00:00","author":"Telinha","twitter_card":"summary_large_image","twitter_misc":{"Escrito por":"Telinha","Tempo estimado de leitura":"1 minuto"},"schema":{"@context":"https:\/\/schema.org","@graph":[{"@type":"Article","@id":"https:\/\/portaltela.pt\/noticias\/2026\/02\/06\/danos-na-escola-sede-de-vila-nova-de-poiares-afetam-oito-salas\/#article","isPartOf":{"@id":"https:\/\/portaltela.pt\/noticias\/2026\/02\/06\/danos-na-escola-sede-de-vila-nova-de-poiares-afetam-oito-salas\/"},"author":{"name":"Telinha","@id":"https:\/\/portaltela.pt\/#\/schema\/person\/c4278d4a6028830caff9ee44b42d32ed"},"headline":"Danos na escola sede de Vila Nova de Poiares afetam oito salas","datePublished":"2026-02-06T16:45:37+00:00","mainEntityOfPage":{"@id":"https:\/\/portaltela.pt\/noticias\/2026\/02\/06\/danos-na-escola-sede-de-vila-nova-de-poiares-afetam-oito-salas\/"},"wordCount":307,"image":{"@id":"https:\/\/portaltela.pt\/noticias\/2026\/02\/06\/danos-na-escola-sede-de-vila-nova-de-poiares-afetam-oito-salas\/#primaryimage"},"thumbnailUrl":"https:\/\/portaltela.pt\/s.01k8rhncp4jt1\/2026\/02\/img_1500x1000uu2024-02-10-21-08-45-1568067.jpg","keywords":["Acalamidade p\u00fablica","cat\u00e1strofes naturais","desalojados","infraestruturas","Prote\u00e7\u00e3o Civil Municipal","reconstru\u00e7\u00e3o urbana"],"articleSection":["Not\u00edcias"],"inLanguage":"pt-PT"},{"@type":"WebPage","@id":"https:\/\/portaltela.pt\/noticias\/2026\/02\/06\/danos-na-escola-sede-de-vila-nova-de-poiares-afetam-oito-salas\/","url":"https:\/\/portaltela.pt\/noticias\/2026\/02\/06\/danos-na-escola-sede-de-vila-nova-de-poiares-afetam-oito-salas\/","name":"Danos na escola sede de Vila Nova de Poiares afetam oito salas - Portal Tela Portugal","isPartOf":{"@id":"https:\/\/portaltela.pt\/#website"},"primaryImageOfPage":{"@id":"https:\/\/portaltela.pt\/noticias\/2026\/02\/06\/danos-na-escola-sede-de-vila-nova-de-poiares-afetam-oito-salas\/#primaryimage"},"image":{"@id":"https:\/\/portaltela.pt\/noticias\/2026\/02\/06\/danos-na-escola-sede-de-vila-nova-de-poiares-afetam-oito-salas\/#primaryimage"},"thumbnailUrl":"https:\/\/portaltela.pt\/s.01k8rhncp4jt1\/2026\/02\/img_1500x1000uu2024-02-10-21-08-45-1568067.jpg","datePublished":"2026-02-06T16:45:37+00:00","author":{"@id":"https:\/\/portaltela.pt\/#\/schema\/person\/c4278d4a6028830caff9ee44b42d32ed"},"breadcrumb":{"@id":"https:\/\/portaltela.pt\/noticias\/2026\/02\/06\/danos-na-escola-sede-de-vila-nova-de-poiares-afetam-oito-salas\/#breadcrumb"},"inLanguage":"pt-PT","potentialAction":[{"@type":"ReadAction","target":["https:\/\/portaltela.pt\/noticias\/2026\/02\/06\/danos-na-escola-sede-de-vila-nova-de-poiares-afetam-oito-salas\/"]}]},{"@type":"ImageObject","inLanguage":"pt-PT","@id":"https:\/\/portaltela.pt\/noticias\/2026\/02\/06\/danos-na-escola-sede-de-vila-nova-de-poiares-afetam-oito-salas\/#primaryimage","url":"https:\/\/portaltela.pt\/s.01k8rhncp4jt1\/2026\/02\/img_1500x1000uu2024-02-10-21-08-45-1568067.jpg","contentUrl":"https:\/\/portaltela.pt\/s.01k8rhncp4jt1\/2026\/02\/img_1500x1000uu2024-02-10-21-08-45-1568067.jpg","width":796,"height":448,"caption":"Sala de aula"},{"@type":"BreadcrumbList","@id":"https:\/\/portaltela.pt\/noticias\/2026\/02\/06\/danos-na-escola-sede-de-vila-nova-de-poiares-afetam-oito-salas\/#breadcrumb","itemListElement":[{"@type":"ListItem","position":1,"name":"In\u00edcio","item":"https:\/\/portaltela.pt\/"},{"@type":"ListItem","position":2,"name":"Danos na escola sede de Vila Nova de Poiares afetam oito salas"}]},{"@type":"WebSite","@id":"https:\/\/portaltela.pt\/#website","url":"https:\/\/portaltela.pt\/","name":"Portal Tela Portugal","description":"","potentialAction":[{"@type":"SearchAction","target":{"@type":"EntryPoint","urlTemplate":"https:\/\/portaltela.pt\/?s={search_term_string}"},"query-input":{"@type":"PropertyValueSpecification","valueRequired":true,"valueName":"search_term_string"}}],"inLanguage":"pt-PT"},{"@type":"Person","@id":"https:\/\/portaltela.pt\/#\/schema\/person\/c4278d4a6028830caff9ee44b42d32ed","name":"Telinha","image":{"@type":"ImageObject","inLanguage":"pt-PT","@id":"https:\/\/portaltela.pt\/s.01k8rhncp4jt1\/2025\/11\/talking-bot-125x125.png","url":"https:\/\/portaltela.pt\/s.01k8rhncp4jt1\/2025\/11\/talking-bot-125x125.png","contentUrl":"https:\/\/portaltela.pt\/s.01k8rhncp4jt1\/2025\/11\/talking-bot-125x125.png","caption":"Telinha"},"sameAs":["https:\/\/portaltela.pt\/"],"url":"https:\/\/portaltela.pt\/por\/367410592786\/"}]}},"_links":{"self":[{"href":"https:\/\/portaltela.pt\/api\/wp\/v2\/posts\/201968","targetHints":{"allow":["GET"]}}],"collection":[{"href":"https:\/\/portaltela.pt\/api\/wp\/v2\/posts"}],"about":[{"href":"https:\/\/portaltela.pt\/api\/wp\/v2\/types\/post"}],"author":[{"embeddable":true,"href":"https:\/\/portaltela.pt\/api\/wp\/v2\/users\/2"}],"replies":[{"embeddable":true,"href":"https:\/\/portaltela.pt\/api\/wp\/v2\/comments?post=201968"}],"version-history":[{"count":0,"href":"https:\/\/portaltela.pt\/api\/wp\/v2\/posts\/201968\/revisions"}],"wp:featuredmedia":[{"embeddable":true,"href":"https:\/\/portaltela.pt\/api\/wp\/v2\/media\/201972"}],"wp:attachment":[{"href":"https:\/\/portaltela.pt\/api\/wp\/v2\/media?parent=201968"}],"wp:term":[{"taxonomy":"category","embeddable":true,"href":"https:\/\/portaltela.pt\/api\/wp\/v2\/categories?post=201968"},{"taxonomy":"post_tag","embeddable":true,"href":"https:\/\/portaltela.pt\/api\/wp\/v2\/tags?post=201968"}],"curies":[{"name":"wp","href":"https:\/\/api.w.org\/{rel}","templated":true}]}}