{"id":201960,"date":"2026-02-06T14:02:16","date_gmt":"2026-02-06T17:02:16","guid":{"rendered":"https:\/\/portaltela.pt\/noticias\/2026\/02\/06\/festival-vilar-de-mouros-novidades-e-organizacao-da-edicao\/"},"modified":"2026-02-06T14:02:16","modified_gmt":"2026-02-06T17:02:16","slug":"festival-vilar-de-mouros-novidades-e-organizacao-da-edicao","status":"publish","type":"post","link":"https:\/\/portaltela.pt\/noticias\/2026\/02\/06\/festival-vilar-de-mouros-novidades-e-organizacao-da-edicao\/","title":{"rendered":"Festival Vilar de Mouros: novidades e organiza\u00e7\u00e3o da edi\u00e7\u00e3o"},"content":{"rendered":"<p>A \u00faltima noite do Festival Vilar de Mouros contou com atua\u00e7\u00f5es de peso, entre elas Da Weasel, em que a banda realizou a sua terceira presen\u00e7a na m\u00edtica aldeia minhota. O alinhamento incluiu ainda bandas de refer\u00eancia do metalcore e do punk, consolidando o cartaz do evento.<\/p>\n<p>Da Weasel subiu ao palco num momento em que a organiza\u00e7\u00e3o j\u00e1 anunciava um p\u00fablico diversificado, com f\u00e3s de v\u00e1rias gera\u00e7\u00f5es a marcar presen\u00e7a. O objetivo foi encerrar a edi\u00e7\u00e3o com um roteiro que privilegiou a energia de palco e a mem\u00f3ria de presen\u00e7a da banda em edi\u00e7\u00f5es anteriores.<\/p>\n<p>Ao longo da noite, foram cumpridas as tradi\u00e7\u00f5es do festival: pain\u00e9is de m\u00fasica que unem estilos distintos, entre rock, punk e metal, com interven\u00e7\u00f5es que procuraram agradar aos espectadores mais fi\u00e9is e aos novos f\u00e3s. A organiza\u00e7\u00e3o informou detalhes sobre hor\u00e1rios e seguran\u00e7as, mantendo o p\u00fablico informado.<\/p>\n<p>A edi\u00e7\u00e3o de 2025 do Vilar de Mouros prosseguiu com uma programa\u00e7\u00e3o que abrangeu dias anteriores, incluindo apresenta\u00e7\u00f5es de nomes como The Stranglers, que atra\u00edram um p\u00fablico de perfil mais maduro, conforme relatos de assistentes. O festival mant\u00e9m-se como ponto de refer\u00eancia no panorama musical nacional.<\/p>\n<p>Para al\u00e9m das atua\u00e7\u00f5es, o festival divulgou informa\u00e7\u00f5es sobre o cartaz completo para todos os dias e as op\u00e7\u00f5es de transporte e alojamento, visando facilitar a circula\u00e7\u00e3o de visitantes na regi\u00e3o, naquilo que tem caracterizado a edi\u00e7\u00e3o recente do evento.<\/p>\n","protected":false},"excerpt":{"rendered":"<ul>\n<li>Os Da Weasel fizeram a sua terceira incurs\u00e3o na m\u00edtica aldeia minhota, em Vilar de Mouros.<\/li>\n<li>O primeiro dia do festival trouxe os The Stranglers, com concerto de p\u00fablico maduro.<\/li>\n<li>Tim Booth surge na cobertura da ronda de espet\u00e1culos, descrito como uma figura messi\u00e2nica em Vilar de Mouros.<\/li>\n<li>O cartel e informa\u00e7\u00f5es sobre o festival Vilar de Mouros est\u00e3o dispon\u00edveis para todos os dias do evento.<\/li>\n<li>Um espa\u00e7o que vai tornar-se museu dedicado ao festival acolheu a apresenta\u00e7\u00e3o inaugural.<\/li>\n<\/ul>\n","protected":false},"author":2,"featured_media":201963,"comment_status":"closed","ping_status":"closed","sticky":false,"template":"","format":"standard","meta":{"footnotes":""},"categories":[12,1],"tags":[491,593,3674,1917,122,192],"class_list":["post-201960","post","type-post","status-publish","format-standard","has-post-thumbnail","hentry","category-entretenimento","category-noticias","tag-alojamento-local","tag-concertos","tag-festival","tag-hospedagem-local","tag-musica","tag-transporte"],"yoast_head":"<!-- This site is optimized with the Yoast SEO plugin v27.2 - https:\/\/yoast.com\/product\/yoast-seo-wordpress\/ -->\n<title>Festival Vilar de Mouros: novidades e organiza\u00e7\u00e3o da edi\u00e7\u00e3o - Portal Tela Portugal<\/title>\n<meta name=\"robots\" content=\"index, follow, max-snippet:-1, max-image-preview:large, max-video-preview:-1\" \/>\n<meta property=\"og:locale\" content=\"pt_PT\" \/>\n<meta property=\"og:type\" content=\"article\" \/>\n<meta property=\"og:title\" content=\"Festival Vilar de Mouros: novidades e organiza\u00e7\u00e3o da edi\u00e7\u00e3o - Portal Tela Portugal\" \/>\n<meta property=\"og:description\" content=\"Os Da Weasel fizeram a sua terceira incurs\u00e3o na m\u00edtica aldeia minhota, em Vilar de Mouros. O primeiro dia do festival trouxe os The Stranglers, com concerto de p\u00fablico maduro. Tim Booth surge na cobertura da ronda de espet\u00e1culos, descrito como uma figura messi\u00e2nica em Vilar de Mouros. O cartel e informa\u00e7\u00f5es sobre o festival Vilar de Mouros est\u00e3o dispon\u00edveis para todos os dias do evento. Um espa\u00e7o que vai tornar-se museu dedicado ao festival acolheu a apresenta\u00e7\u00e3o inaugural.\" \/>\n<meta property=\"og:url\" content=\"https:\/\/portaltela.pt\/noticias\/2026\/02\/06\/festival-vilar-de-mouros-novidades-e-organizacao-da-edicao\/\" \/>\n<meta property=\"og:site_name\" content=\"Portal Tela Portugal\" \/>\n<meta property=\"article:published_time\" content=\"2026-02-06T17:02:16+00:00\" \/>\n<meta name=\"author\" content=\"Telinha\" \/>\n<meta name=\"twitter:card\" content=\"summary_large_image\" \/>\n<meta name=\"twitter:label1\" content=\"Escrito por\" \/>\n\t<meta name=\"twitter:data1\" content=\"Telinha\" \/>\n\t<meta name=\"twitter:label2\" content=\"Tempo estimado de leitura\" \/>\n\t<meta name=\"twitter:data2\" content=\"1 minuto\" \/>\n<script type=\"application\/ld+json\" class=\"yoast-schema-graph\">{\"@context\":\"https:\/\/schema.org\",\"@graph\":[{\"@type\":\"Article\",\"@id\":\"https:\/\/portaltela.pt\/noticias\/2026\/02\/06\/festival-vilar-de-mouros-novidades-e-organizacao-da-edicao\/#article\",\"isPartOf\":{\"@id\":\"https:\/\/portaltela.pt\/noticias\/2026\/02\/06\/festival-vilar-de-mouros-novidades-e-organizacao-da-edicao\/\"},\"author\":{\"name\":\"Telinha\",\"@id\":\"https:\/\/portaltela.pt\/#\/schema\/person\/c4278d4a6028830caff9ee44b42d32ed\"},\"headline\":\"Festival Vilar de Mouros: novidades e organiza\u00e7\u00e3o da edi\u00e7\u00e3o\",\"datePublished\":\"2026-02-06T17:02:16+00:00\",\"mainEntityOfPage\":{\"@id\":\"https:\/\/portaltela.pt\/noticias\/2026\/02\/06\/festival-vilar-de-mouros-novidades-e-organizacao-da-edicao\/\"},\"wordCount\":277,\"image\":{\"@id\":\"https:\/\/portaltela.pt\/noticias\/2026\/02\/06\/festival-vilar-de-mouros-novidades-e-organizacao-da-edicao\/#primaryimage\"},\"thumbnailUrl\":\"https:\/\/portaltela.pt\/s.01k8rhncp4jt1\/2026\/02\/image-496.jpg\",\"keywords\":[\"alojamento local\",\"concertos\",\"festival\",\"hospedagem local\",\"m\u00fasica\",\"transporte\"],\"articleSection\":[\"Entretenimento\",\"Not\u00edcias\"],\"inLanguage\":\"pt-PT\"},{\"@type\":\"WebPage\",\"@id\":\"https:\/\/portaltela.pt\/noticias\/2026\/02\/06\/festival-vilar-de-mouros-novidades-e-organizacao-da-edicao\/\",\"url\":\"https:\/\/portaltela.pt\/noticias\/2026\/02\/06\/festival-vilar-de-mouros-novidades-e-organizacao-da-edicao\/\",\"name\":\"Festival Vilar de Mouros: novidades e organiza\u00e7\u00e3o da edi\u00e7\u00e3o - Portal Tela Portugal\",\"isPartOf\":{\"@id\":\"https:\/\/portaltela.pt\/#website\"},\"primaryImageOfPage\":{\"@id\":\"https:\/\/portaltela.pt\/noticias\/2026\/02\/06\/festival-vilar-de-mouros-novidades-e-organizacao-da-edicao\/#primaryimage\"},\"image\":{\"@id\":\"https:\/\/portaltela.pt\/noticias\/2026\/02\/06\/festival-vilar-de-mouros-novidades-e-organizacao-da-edicao\/#primaryimage\"},\"thumbnailUrl\":\"https:\/\/portaltela.pt\/s.01k8rhncp4jt1\/2026\/02\/image-496.jpg\",\"datePublished\":\"2026-02-06T17:02:16+00:00\",\"author\":{\"@id\":\"https:\/\/portaltela.pt\/#\/schema\/person\/c4278d4a6028830caff9ee44b42d32ed\"},\"breadcrumb\":{\"@id\":\"https:\/\/portaltela.pt\/noticias\/2026\/02\/06\/festival-vilar-de-mouros-novidades-e-organizacao-da-edicao\/#breadcrumb\"},\"inLanguage\":\"pt-PT\",\"potentialAction\":[{\"@type\":\"ReadAction\",\"target\":[\"https:\/\/portaltela.pt\/noticias\/2026\/02\/06\/festival-vilar-de-mouros-novidades-e-organizacao-da-edicao\/\"]}]},{\"@type\":\"ImageObject\",\"inLanguage\":\"pt-PT\",\"@id\":\"https:\/\/portaltela.pt\/noticias\/2026\/02\/06\/festival-vilar-de-mouros-novidades-e-organizacao-da-edicao\/#primaryimage\",\"url\":\"https:\/\/portaltela.pt\/s.01k8rhncp4jt1\/2026\/02\/image-496.jpg\",\"contentUrl\":\"https:\/\/portaltela.pt\/s.01k8rhncp4jt1\/2026\/02\/image-496.jpg\",\"width\":796,\"height\":448,\"caption\":\"Os Da Weasel fizeram a sua terceira incurs\u00e3o na m\u00edtica aldeia minhota\"},{\"@type\":\"BreadcrumbList\",\"@id\":\"https:\/\/portaltela.pt\/noticias\/2026\/02\/06\/festival-vilar-de-mouros-novidades-e-organizacao-da-edicao\/#breadcrumb\",\"itemListElement\":[{\"@type\":\"ListItem\",\"position\":1,\"name\":\"In\u00edcio\",\"item\":\"https:\/\/portaltela.pt\/\"},{\"@type\":\"ListItem\",\"position\":2,\"name\":\"Festival Vilar de Mouros: novidades e organiza\u00e7\u00e3o da edi\u00e7\u00e3o\"}]},{\"@type\":\"WebSite\",\"@id\":\"https:\/\/portaltela.pt\/#website\",\"url\":\"https:\/\/portaltela.pt\/\",\"name\":\"Portal Tela Portugal\",\"description\":\"\",\"potentialAction\":[{\"@type\":\"SearchAction\",\"target\":{\"@type\":\"EntryPoint\",\"urlTemplate\":\"https:\/\/portaltela.pt\/?s={search_term_string}\"},\"query-input\":{\"@type\":\"PropertyValueSpecification\",\"valueRequired\":true,\"valueName\":\"search_term_string\"}}],\"inLanguage\":\"pt-PT\"},{\"@type\":\"Person\",\"@id\":\"https:\/\/portaltela.pt\/#\/schema\/person\/c4278d4a6028830caff9ee44b42d32ed\",\"name\":\"Telinha\",\"image\":{\"@type\":\"ImageObject\",\"inLanguage\":\"pt-PT\",\"@id\":\"https:\/\/portaltela.pt\/s.01k8rhncp4jt1\/2025\/11\/talking-bot-125x125.png\",\"url\":\"https:\/\/portaltela.pt\/s.01k8rhncp4jt1\/2025\/11\/talking-bot-125x125.png\",\"contentUrl\":\"https:\/\/portaltela.pt\/s.01k8rhncp4jt1\/2025\/11\/talking-bot-125x125.png\",\"caption\":\"Telinha\"},\"sameAs\":[\"https:\/\/portaltela.pt\/\"],\"url\":\"https:\/\/portaltela.pt\/por\/367410592786\/\"}]}<\/script>\n<!-- \/ Yoast SEO plugin. -->","yoast_head_json":{"title":"Festival Vilar de Mouros: novidades e organiza\u00e7\u00e3o da edi\u00e7\u00e3o - Portal Tela Portugal","robots":{"index":"index","follow":"follow","max-snippet":"max-snippet:-1","max-image-preview":"max-image-preview:large","max-video-preview":"max-video-preview:-1"},"og_locale":"pt_PT","og_type":"article","og_title":"Festival Vilar de Mouros: novidades e organiza\u00e7\u00e3o da edi\u00e7\u00e3o - Portal Tela Portugal","og_description":"Os Da Weasel fizeram a sua terceira incurs\u00e3o na m\u00edtica aldeia minhota, em Vilar de Mouros. O primeiro dia do festival trouxe os The Stranglers, com concerto de p\u00fablico maduro. Tim Booth surge na cobertura da ronda de espet\u00e1culos, descrito como uma figura messi\u00e2nica em Vilar de Mouros. O cartel e informa\u00e7\u00f5es sobre o festival Vilar de Mouros est\u00e3o dispon\u00edveis para todos os dias do evento. Um espa\u00e7o que vai tornar-se museu dedicado ao festival acolheu a apresenta\u00e7\u00e3o inaugural.","og_url":"https:\/\/portaltela.pt\/noticias\/2026\/02\/06\/festival-vilar-de-mouros-novidades-e-organizacao-da-edicao\/","og_site_name":"Portal Tela Portugal","article_published_time":"2026-02-06T17:02:16+00:00","author":"Telinha","twitter_card":"summary_large_image","twitter_misc":{"Escrito por":"Telinha","Tempo estimado de leitura":"1 minuto"},"schema":{"@context":"https:\/\/schema.org","@graph":[{"@type":"Article","@id":"https:\/\/portaltela.pt\/noticias\/2026\/02\/06\/festival-vilar-de-mouros-novidades-e-organizacao-da-edicao\/#article","isPartOf":{"@id":"https:\/\/portaltela.pt\/noticias\/2026\/02\/06\/festival-vilar-de-mouros-novidades-e-organizacao-da-edicao\/"},"author":{"name":"Telinha","@id":"https:\/\/portaltela.pt\/#\/schema\/person\/c4278d4a6028830caff9ee44b42d32ed"},"headline":"Festival Vilar de Mouros: novidades e organiza\u00e7\u00e3o da edi\u00e7\u00e3o","datePublished":"2026-02-06T17:02:16+00:00","mainEntityOfPage":{"@id":"https:\/\/portaltela.pt\/noticias\/2026\/02\/06\/festival-vilar-de-mouros-novidades-e-organizacao-da-edicao\/"},"wordCount":277,"image":{"@id":"https:\/\/portaltela.pt\/noticias\/2026\/02\/06\/festival-vilar-de-mouros-novidades-e-organizacao-da-edicao\/#primaryimage"},"thumbnailUrl":"https:\/\/portaltela.pt\/s.01k8rhncp4jt1\/2026\/02\/image-496.jpg","keywords":["alojamento local","concertos","festival","hospedagem local","m\u00fasica","transporte"],"articleSection":["Entretenimento","Not\u00edcias"],"inLanguage":"pt-PT"},{"@type":"WebPage","@id":"https:\/\/portaltela.pt\/noticias\/2026\/02\/06\/festival-vilar-de-mouros-novidades-e-organizacao-da-edicao\/","url":"https:\/\/portaltela.pt\/noticias\/2026\/02\/06\/festival-vilar-de-mouros-novidades-e-organizacao-da-edicao\/","name":"Festival Vilar de Mouros: novidades e organiza\u00e7\u00e3o da edi\u00e7\u00e3o - Portal Tela Portugal","isPartOf":{"@id":"https:\/\/portaltela.pt\/#website"},"primaryImageOfPage":{"@id":"https:\/\/portaltela.pt\/noticias\/2026\/02\/06\/festival-vilar-de-mouros-novidades-e-organizacao-da-edicao\/#primaryimage"},"image":{"@id":"https:\/\/portaltela.pt\/noticias\/2026\/02\/06\/festival-vilar-de-mouros-novidades-e-organizacao-da-edicao\/#primaryimage"},"thumbnailUrl":"https:\/\/portaltela.pt\/s.01k8rhncp4jt1\/2026\/02\/image-496.jpg","datePublished":"2026-02-06T17:02:16+00:00","author":{"@id":"https:\/\/portaltela.pt\/#\/schema\/person\/c4278d4a6028830caff9ee44b42d32ed"},"breadcrumb":{"@id":"https:\/\/portaltela.pt\/noticias\/2026\/02\/06\/festival-vilar-de-mouros-novidades-e-organizacao-da-edicao\/#breadcrumb"},"inLanguage":"pt-PT","potentialAction":[{"@type":"ReadAction","target":["https:\/\/portaltela.pt\/noticias\/2026\/02\/06\/festival-vilar-de-mouros-novidades-e-organizacao-da-edicao\/"]}]},{"@type":"ImageObject","inLanguage":"pt-PT","@id":"https:\/\/portaltela.pt\/noticias\/2026\/02\/06\/festival-vilar-de-mouros-novidades-e-organizacao-da-edicao\/#primaryimage","url":"https:\/\/portaltela.pt\/s.01k8rhncp4jt1\/2026\/02\/image-496.jpg","contentUrl":"https:\/\/portaltela.pt\/s.01k8rhncp4jt1\/2026\/02\/image-496.jpg","width":796,"height":448,"caption":"Os Da Weasel fizeram a sua terceira incurs\u00e3o na m\u00edtica aldeia minhota"},{"@type":"BreadcrumbList","@id":"https:\/\/portaltela.pt\/noticias\/2026\/02\/06\/festival-vilar-de-mouros-novidades-e-organizacao-da-edicao\/#breadcrumb","itemListElement":[{"@type":"ListItem","position":1,"name":"In\u00edcio","item":"https:\/\/portaltela.pt\/"},{"@type":"ListItem","position":2,"name":"Festival Vilar de Mouros: novidades e organiza\u00e7\u00e3o da edi\u00e7\u00e3o"}]},{"@type":"WebSite","@id":"https:\/\/portaltela.pt\/#website","url":"https:\/\/portaltela.pt\/","name":"Portal Tela Portugal","description":"","potentialAction":[{"@type":"SearchAction","target":{"@type":"EntryPoint","urlTemplate":"https:\/\/portaltela.pt\/?s={search_term_string}"},"query-input":{"@type":"PropertyValueSpecification","valueRequired":true,"valueName":"search_term_string"}}],"inLanguage":"pt-PT"},{"@type":"Person","@id":"https:\/\/portaltela.pt\/#\/schema\/person\/c4278d4a6028830caff9ee44b42d32ed","name":"Telinha","image":{"@type":"ImageObject","inLanguage":"pt-PT","@id":"https:\/\/portaltela.pt\/s.01k8rhncp4jt1\/2025\/11\/talking-bot-125x125.png","url":"https:\/\/portaltela.pt\/s.01k8rhncp4jt1\/2025\/11\/talking-bot-125x125.png","contentUrl":"https:\/\/portaltela.pt\/s.01k8rhncp4jt1\/2025\/11\/talking-bot-125x125.png","caption":"Telinha"},"sameAs":["https:\/\/portaltela.pt\/"],"url":"https:\/\/portaltela.pt\/por\/367410592786\/"}]}},"_links":{"self":[{"href":"https:\/\/portaltela.pt\/api\/wp\/v2\/posts\/201960","targetHints":{"allow":["GET"]}}],"collection":[{"href":"https:\/\/portaltela.pt\/api\/wp\/v2\/posts"}],"about":[{"href":"https:\/\/portaltela.pt\/api\/wp\/v2\/types\/post"}],"author":[{"embeddable":true,"href":"https:\/\/portaltela.pt\/api\/wp\/v2\/users\/2"}],"replies":[{"embeddable":true,"href":"https:\/\/portaltela.pt\/api\/wp\/v2\/comments?post=201960"}],"version-history":[{"count":0,"href":"https:\/\/portaltela.pt\/api\/wp\/v2\/posts\/201960\/revisions"}],"wp:featuredmedia":[{"embeddable":true,"href":"https:\/\/portaltela.pt\/api\/wp\/v2\/media\/201963"}],"wp:attachment":[{"href":"https:\/\/portaltela.pt\/api\/wp\/v2\/media?parent=201960"}],"wp:term":[{"taxonomy":"category","embeddable":true,"href":"https:\/\/portaltela.pt\/api\/wp\/v2\/categories?post=201960"},{"taxonomy":"post_tag","embeddable":true,"href":"https:\/\/portaltela.pt\/api\/wp\/v2\/tags?post=201960"}],"curies":[{"name":"wp","href":"https:\/\/api.w.org\/{rel}","templated":true}]}}