{"id":201894,"date":"2026-02-06T13:03:00","date_gmt":"2026-02-06T16:03:00","guid":{"rendered":"https:\/\/portaltela.pt\/noticias\/2026\/02\/06\/direitos-dos-passageiros-em-voos-atrasados-ou-cancelados-por-mau-tempo\/"},"modified":"2026-02-06T13:03:00","modified_gmt":"2026-02-06T16:03:00","slug":"direitos-dos-passageiros-em-voos-atrasados-ou-cancelados-por-mau-tempo","status":"publish","type":"post","link":"https:\/\/portaltela.pt\/noticias\/2026\/02\/06\/direitos-dos-passageiros-em-voos-atrasados-ou-cancelados-por-mau-tempo\/","title":{"rendered":"Direitos dos passageiros em voos atrasados ou cancelados por mau tempo"},"content":{"rendered":"<p>O atraso ou cancelamento de voos por mau tempo levanta d\u00favidas sobre os direitos dos passageiros. Segundo a AirHelp, cerca de 75% dos portugueses n\u00e3o conhecem as garantias existentes. Este texto explica as obriga\u00e7\u00f5es das companhias em caso de condi\u00e7\u00f5es meteorol\u00f3gicas adversas.<\/p>\n<p>Condi\u00e7\u00f5es clim\u00e1ticas extremas s\u00e3o consideradas circunst\u00e2ncias extraordin\u00e1rias pelo Regulamento CE 261\/2004. Se ficar comprovado que um voo n\u00e3o operou por mau tempo, o passageiro pode n\u00e3o ter direito a compensa\u00e7\u00e3o financeira. A an\u00e1lise depende do caso espec\u00edfico.<\/p>\n<p>Por outro lado, as companhias devem manter o bem-estar dos passageiros. Em atrasos superiores a tr\u00eas horas ou em voos cancelados, \u00e9 obrigat\u00f3ria comunica\u00e7\u00e3o b\u00e1sica, alimenta\u00e7\u00e3o e bebidas gratuitas. Alojamento e transporte devem ser providenciados quando necess\u00e1rio.<\/p>\n<p>Caso os voos afetados sejam noturnos ou reagendados para o dia seguinte, as empresas devem fornecer alojamento e transporte de e para o hotel, assegurando assist\u00eancia cont\u00ednua aos viajantes.<\/p>\n<p>Os passageiros com cancelamento t\u00eam direito a embarcar no pr\u00f3ximo voo dispon\u00edvel sem custo adicional ou a solicitar o reembolso caso n\u00e3o pretendam prosseguir com a viagem. A decis\u00e3o depende das op\u00e7\u00f5es oferecidas pela transportadora.<\/p>\n<h3>Bagagem danificada, perdida ou atrasada<\/h3>\n<p>A companhia a\u00e9rea tem responsabilidade na repara\u00e7\u00e3o de bagagem danificada, substitui\u00e7\u00e3o ou indemniza\u00e7\u00e3o pelos danos, desde que a reclama\u00e7\u00e3o seja apresentada no prazo adequado. O prazo \u00e9 de sete dias para danos.<\/p>\n<p>Quando a bagagem atrasa, o passageiro pode receber reembolso de despesas de primeiras necessidades, como higiene e vestu\u00e1rio, mediante reclama\u00e7\u00e3o dentro de 21 dias.<\/p>\n<p>Se a bagagem se perder, h\u00e1 indemniza\u00e7\u00e3o pelos bens perdidos, desde que a reclama\u00e7\u00e3o seja apresentada no prazo de dois anos. As regras visam compensar impactos financeiros diretos dos atrasos e perdas.<\/p>\n","protected":false},"excerpt":{"rendered":"<ul>\n<li>Cerca de 75% dos portugueses n\u00e3o conhecem os seus direitos enquanto passageiros a\u00e9reos, de acordo com a AirHelp, empresa que analisa a experi\u00eancia de viagem.<\/li>\n<li>De acordo com o Regulamento CE 261\/2004, condi\u00e7\u00f5es meteorol\u00f3gicas adversas s\u00e3o consideradas circunst\u00e2ncias extraordin\u00e1rias; se o voo n\u00e3o operou por mau tempo, o passageiro pode n\u00e3o ter direito a compensa\u00e7\u00e3o financeira.<\/li>\n<li>Em atrasos superiores a tr\u00eas horas ou cancelamentos, as companhias a\u00e9reas devem assegurar o bem\u2011estar dos passageiros, oferecendo comunica\u00e7\u00e3o b\u00e1sica (chamadas ou emails) e comida e bebida gratuitas.<\/li>\n<li>Se os voos afetados forem noturnos ou reagendados para o dia seguinte, as empresas devem fornecer alojamento e transporte de e para o hotel; os passageiros podem ficar no pr\u00f3ximo voo dispon\u00edvel sem custos ou receber reembolso se n\u00e3o quiserem continuar a viagem.<\/li>\n<li>Em bagagem, danos, atraso ou perda t\u00eam medidas espec\u00edficas: danos, repara\u00e7\u00e3o\/substitui\u00e7\u00e3o ou compensa\u00e7\u00e3o dentro de sete dias; atraso com despesas de primeiras necessidades reembolsadas em at\u00e9 vinte e um dias; perda de bagagem implica indemniza\u00e7\u00e3o dentro de dois anos.<\/li>\n<\/ul>\n","protected":false},"author":2,"featured_media":201906,"comment_status":"closed","ping_status":"closed","sticky":false,"template":"","format":"standard","meta":{"footnotes":""},"categories":[1],"tags":[5487,5215,3850,2745,192,71],"class_list":["post-201894","post","type-post","status-publish","format-standard","has-post-thumbnail","hentry","category-noticias","tag-acidente","tag-catastrofes-naturais","tag-direitos-dos-passageiros-e-mobilidade-sustentavel","tag-indenizacoes","tag-transporte","tag-viagens"],"yoast_head":"<!-- This site is optimized with the Yoast SEO plugin v27.2 - https:\/\/yoast.com\/product\/yoast-seo-wordpress\/ -->\n<title>Direitos dos passageiros em voos atrasados ou cancelados por mau tempo - Portal Tela Portugal<\/title>\n<meta name=\"robots\" content=\"index, follow, max-snippet:-1, max-image-preview:large, max-video-preview:-1\" \/>\n<meta property=\"og:locale\" content=\"pt_PT\" \/>\n<meta property=\"og:type\" content=\"article\" \/>\n<meta property=\"og:title\" content=\"Direitos dos passageiros em voos atrasados ou cancelados por mau tempo - Portal Tela Portugal\" \/>\n<meta property=\"og:description\" content=\"Cerca de 75% dos portugueses n\u00e3o conhecem os seus direitos enquanto passageiros a\u00e9reos, de acordo com a AirHelp, empresa que analisa a experi\u00eancia de viagem. De acordo com o Regulamento CE 261\/2004, condi\u00e7\u00f5es meteorol\u00f3gicas adversas s\u00e3o consideradas circunst\u00e2ncias extraordin\u00e1rias; se o voo n\u00e3o operou por mau tempo, o passageiro pode n\u00e3o ter direito a compensa\u00e7\u00e3o financeira. Em atrasos superiores a tr\u00eas horas ou cancelamentos, as companhias a\u00e9reas devem assegurar o bem\u2011estar dos passageiros, oferecendo comunica\u00e7\u00e3o b\u00e1sica (chamadas ou emails) e comida e bebida gratuitas. Se os voos afetados forem noturnos ou reagendados para o dia seguinte, as empresas devem fornecer alojamento e transporte de e para o hotel; os passageiros podem ficar no pr\u00f3ximo voo dispon\u00edvel sem custos ou receber reembolso se n\u00e3o quiserem continuar a viagem. Em bagagem, danos, atraso ou perda t\u00eam medidas espec\u00edficas: danos, repara\u00e7\u00e3o\/substitui\u00e7\u00e3o ou compensa\u00e7\u00e3o dentro de sete dias; atraso com despesas de primeiras necessidades reembolsadas em at\u00e9 vinte e um dias; perda de bagagem implica indemniza\u00e7\u00e3o dentro de dois anos.\" \/>\n<meta property=\"og:url\" content=\"https:\/\/portaltela.pt\/noticias\/2026\/02\/06\/direitos-dos-passageiros-em-voos-atrasados-ou-cancelados-por-mau-tempo\/\" \/>\n<meta property=\"og:site_name\" content=\"Portal Tela Portugal\" \/>\n<meta property=\"article:published_time\" content=\"2026-02-06T16:03:00+00:00\" \/>\n<meta name=\"author\" content=\"Telinha\" \/>\n<meta name=\"twitter:card\" content=\"summary_large_image\" \/>\n<meta name=\"twitter:label1\" content=\"Escrito por\" \/>\n\t<meta name=\"twitter:data1\" content=\"Telinha\" \/>\n\t<meta name=\"twitter:label2\" content=\"Tempo estimado de leitura\" \/>\n\t<meta name=\"twitter:data2\" content=\"2 minutos\" \/>\n<script type=\"application\/ld+json\" class=\"yoast-schema-graph\">{\"@context\":\"https:\/\/schema.org\",\"@graph\":[{\"@type\":\"Article\",\"@id\":\"https:\/\/portaltela.pt\/noticias\/2026\/02\/06\/direitos-dos-passageiros-em-voos-atrasados-ou-cancelados-por-mau-tempo\/#article\",\"isPartOf\":{\"@id\":\"https:\/\/portaltela.pt\/noticias\/2026\/02\/06\/direitos-dos-passageiros-em-voos-atrasados-ou-cancelados-por-mau-tempo\/\"},\"author\":{\"name\":\"Telinha\",\"@id\":\"https:\/\/portaltela.pt\/#\/schema\/person\/c4278d4a6028830caff9ee44b42d32ed\"},\"headline\":\"Direitos dos passageiros em voos atrasados ou cancelados por mau tempo\",\"datePublished\":\"2026-02-06T16:03:00+00:00\",\"mainEntityOfPage\":{\"@id\":\"https:\/\/portaltela.pt\/noticias\/2026\/02\/06\/direitos-dos-passageiros-em-voos-atrasados-ou-cancelados-por-mau-tempo\/\"},\"wordCount\":317,\"image\":{\"@id\":\"https:\/\/portaltela.pt\/noticias\/2026\/02\/06\/direitos-dos-passageiros-em-voos-atrasados-ou-cancelados-por-mau-tempo\/#primaryimage\"},\"thumbnailUrl\":\"https:\/\/portaltela.pt\/s.01k8rhncp4jt1\/2026\/02\/image-492.jpg\",\"keywords\":[\"acidente\",\"cat\u00e1strofes naturais\",\"Direitos dos passageiros e mobilidade sustent\u00e1vel\",\"indeniza\u00e7\u00f5es\",\"transporte\",\"viagens\"],\"articleSection\":[\"Not\u00edcias\"],\"inLanguage\":\"pt-PT\"},{\"@type\":\"WebPage\",\"@id\":\"https:\/\/portaltela.pt\/noticias\/2026\/02\/06\/direitos-dos-passageiros-em-voos-atrasados-ou-cancelados-por-mau-tempo\/\",\"url\":\"https:\/\/portaltela.pt\/noticias\/2026\/02\/06\/direitos-dos-passageiros-em-voos-atrasados-ou-cancelados-por-mau-tempo\/\",\"name\":\"Direitos dos passageiros em voos atrasados ou cancelados por mau tempo - Portal Tela Portugal\",\"isPartOf\":{\"@id\":\"https:\/\/portaltela.pt\/#website\"},\"primaryImageOfPage\":{\"@id\":\"https:\/\/portaltela.pt\/noticias\/2026\/02\/06\/direitos-dos-passageiros-em-voos-atrasados-ou-cancelados-por-mau-tempo\/#primaryimage\"},\"image\":{\"@id\":\"https:\/\/portaltela.pt\/noticias\/2026\/02\/06\/direitos-dos-passageiros-em-voos-atrasados-ou-cancelados-por-mau-tempo\/#primaryimage\"},\"thumbnailUrl\":\"https:\/\/portaltela.pt\/s.01k8rhncp4jt1\/2026\/02\/image-492.jpg\",\"datePublished\":\"2026-02-06T16:03:00+00:00\",\"author\":{\"@id\":\"https:\/\/portaltela.pt\/#\/schema\/person\/c4278d4a6028830caff9ee44b42d32ed\"},\"breadcrumb\":{\"@id\":\"https:\/\/portaltela.pt\/noticias\/2026\/02\/06\/direitos-dos-passageiros-em-voos-atrasados-ou-cancelados-por-mau-tempo\/#breadcrumb\"},\"inLanguage\":\"pt-PT\",\"potentialAction\":[{\"@type\":\"ReadAction\",\"target\":[\"https:\/\/portaltela.pt\/noticias\/2026\/02\/06\/direitos-dos-passageiros-em-voos-atrasados-ou-cancelados-por-mau-tempo\/\"]}]},{\"@type\":\"ImageObject\",\"inLanguage\":\"pt-PT\",\"@id\":\"https:\/\/portaltela.pt\/noticias\/2026\/02\/06\/direitos-dos-passageiros-em-voos-atrasados-ou-cancelados-por-mau-tempo\/#primaryimage\",\"url\":\"https:\/\/portaltela.pt\/s.01k8rhncp4jt1\/2026\/02\/image-492.jpg\",\"contentUrl\":\"https:\/\/portaltela.pt\/s.01k8rhncp4jt1\/2026\/02\/image-492.jpg\",\"width\":796,\"height\":448,\"caption\":\"Foto: John MacDougall \/ AFP\"},{\"@type\":\"BreadcrumbList\",\"@id\":\"https:\/\/portaltela.pt\/noticias\/2026\/02\/06\/direitos-dos-passageiros-em-voos-atrasados-ou-cancelados-por-mau-tempo\/#breadcrumb\",\"itemListElement\":[{\"@type\":\"ListItem\",\"position\":1,\"name\":\"In\u00edcio\",\"item\":\"https:\/\/portaltela.pt\/\"},{\"@type\":\"ListItem\",\"position\":2,\"name\":\"Direitos dos passageiros em voos atrasados ou cancelados por mau tempo\"}]},{\"@type\":\"WebSite\",\"@id\":\"https:\/\/portaltela.pt\/#website\",\"url\":\"https:\/\/portaltela.pt\/\",\"name\":\"Portal Tela Portugal\",\"description\":\"\",\"potentialAction\":[{\"@type\":\"SearchAction\",\"target\":{\"@type\":\"EntryPoint\",\"urlTemplate\":\"https:\/\/portaltela.pt\/?s={search_term_string}\"},\"query-input\":{\"@type\":\"PropertyValueSpecification\",\"valueRequired\":true,\"valueName\":\"search_term_string\"}}],\"inLanguage\":\"pt-PT\"},{\"@type\":\"Person\",\"@id\":\"https:\/\/portaltela.pt\/#\/schema\/person\/c4278d4a6028830caff9ee44b42d32ed\",\"name\":\"Telinha\",\"image\":{\"@type\":\"ImageObject\",\"inLanguage\":\"pt-PT\",\"@id\":\"https:\/\/portaltela.pt\/s.01k8rhncp4jt1\/2025\/11\/talking-bot-125x125.png\",\"url\":\"https:\/\/portaltela.pt\/s.01k8rhncp4jt1\/2025\/11\/talking-bot-125x125.png\",\"contentUrl\":\"https:\/\/portaltela.pt\/s.01k8rhncp4jt1\/2025\/11\/talking-bot-125x125.png\",\"caption\":\"Telinha\"},\"sameAs\":[\"https:\/\/portaltela.pt\/\"],\"url\":\"https:\/\/portaltela.pt\/por\/367410592786\/\"}]}<\/script>\n<!-- \/ Yoast SEO plugin. -->","yoast_head_json":{"title":"Direitos dos passageiros em voos atrasados ou cancelados por mau tempo - Portal Tela Portugal","robots":{"index":"index","follow":"follow","max-snippet":"max-snippet:-1","max-image-preview":"max-image-preview:large","max-video-preview":"max-video-preview:-1"},"og_locale":"pt_PT","og_type":"article","og_title":"Direitos dos passageiros em voos atrasados ou cancelados por mau tempo - Portal Tela Portugal","og_description":"Cerca de 75% dos portugueses n\u00e3o conhecem os seus direitos enquanto passageiros a\u00e9reos, de acordo com a AirHelp, empresa que analisa a experi\u00eancia de viagem. De acordo com o Regulamento CE 261\/2004, condi\u00e7\u00f5es meteorol\u00f3gicas adversas s\u00e3o consideradas circunst\u00e2ncias extraordin\u00e1rias; se o voo n\u00e3o operou por mau tempo, o passageiro pode n\u00e3o ter direito a compensa\u00e7\u00e3o financeira. Em atrasos superiores a tr\u00eas horas ou cancelamentos, as companhias a\u00e9reas devem assegurar o bem\u2011estar dos passageiros, oferecendo comunica\u00e7\u00e3o b\u00e1sica (chamadas ou emails) e comida e bebida gratuitas. Se os voos afetados forem noturnos ou reagendados para o dia seguinte, as empresas devem fornecer alojamento e transporte de e para o hotel; os passageiros podem ficar no pr\u00f3ximo voo dispon\u00edvel sem custos ou receber reembolso se n\u00e3o quiserem continuar a viagem. Em bagagem, danos, atraso ou perda t\u00eam medidas espec\u00edficas: danos, repara\u00e7\u00e3o\/substitui\u00e7\u00e3o ou compensa\u00e7\u00e3o dentro de sete dias; atraso com despesas de primeiras necessidades reembolsadas em at\u00e9 vinte e um dias; perda de bagagem implica indemniza\u00e7\u00e3o dentro de dois anos.","og_url":"https:\/\/portaltela.pt\/noticias\/2026\/02\/06\/direitos-dos-passageiros-em-voos-atrasados-ou-cancelados-por-mau-tempo\/","og_site_name":"Portal Tela Portugal","article_published_time":"2026-02-06T16:03:00+00:00","author":"Telinha","twitter_card":"summary_large_image","twitter_misc":{"Escrito por":"Telinha","Tempo estimado de leitura":"2 minutos"},"schema":{"@context":"https:\/\/schema.org","@graph":[{"@type":"Article","@id":"https:\/\/portaltela.pt\/noticias\/2026\/02\/06\/direitos-dos-passageiros-em-voos-atrasados-ou-cancelados-por-mau-tempo\/#article","isPartOf":{"@id":"https:\/\/portaltela.pt\/noticias\/2026\/02\/06\/direitos-dos-passageiros-em-voos-atrasados-ou-cancelados-por-mau-tempo\/"},"author":{"name":"Telinha","@id":"https:\/\/portaltela.pt\/#\/schema\/person\/c4278d4a6028830caff9ee44b42d32ed"},"headline":"Direitos dos passageiros em voos atrasados ou cancelados por mau tempo","datePublished":"2026-02-06T16:03:00+00:00","mainEntityOfPage":{"@id":"https:\/\/portaltela.pt\/noticias\/2026\/02\/06\/direitos-dos-passageiros-em-voos-atrasados-ou-cancelados-por-mau-tempo\/"},"wordCount":317,"image":{"@id":"https:\/\/portaltela.pt\/noticias\/2026\/02\/06\/direitos-dos-passageiros-em-voos-atrasados-ou-cancelados-por-mau-tempo\/#primaryimage"},"thumbnailUrl":"https:\/\/portaltela.pt\/s.01k8rhncp4jt1\/2026\/02\/image-492.jpg","keywords":["acidente","cat\u00e1strofes naturais","Direitos dos passageiros e mobilidade sustent\u00e1vel","indeniza\u00e7\u00f5es","transporte","viagens"],"articleSection":["Not\u00edcias"],"inLanguage":"pt-PT"},{"@type":"WebPage","@id":"https:\/\/portaltela.pt\/noticias\/2026\/02\/06\/direitos-dos-passageiros-em-voos-atrasados-ou-cancelados-por-mau-tempo\/","url":"https:\/\/portaltela.pt\/noticias\/2026\/02\/06\/direitos-dos-passageiros-em-voos-atrasados-ou-cancelados-por-mau-tempo\/","name":"Direitos dos passageiros em voos atrasados ou cancelados por mau tempo - Portal Tela Portugal","isPartOf":{"@id":"https:\/\/portaltela.pt\/#website"},"primaryImageOfPage":{"@id":"https:\/\/portaltela.pt\/noticias\/2026\/02\/06\/direitos-dos-passageiros-em-voos-atrasados-ou-cancelados-por-mau-tempo\/#primaryimage"},"image":{"@id":"https:\/\/portaltela.pt\/noticias\/2026\/02\/06\/direitos-dos-passageiros-em-voos-atrasados-ou-cancelados-por-mau-tempo\/#primaryimage"},"thumbnailUrl":"https:\/\/portaltela.pt\/s.01k8rhncp4jt1\/2026\/02\/image-492.jpg","datePublished":"2026-02-06T16:03:00+00:00","author":{"@id":"https:\/\/portaltela.pt\/#\/schema\/person\/c4278d4a6028830caff9ee44b42d32ed"},"breadcrumb":{"@id":"https:\/\/portaltela.pt\/noticias\/2026\/02\/06\/direitos-dos-passageiros-em-voos-atrasados-ou-cancelados-por-mau-tempo\/#breadcrumb"},"inLanguage":"pt-PT","potentialAction":[{"@type":"ReadAction","target":["https:\/\/portaltela.pt\/noticias\/2026\/02\/06\/direitos-dos-passageiros-em-voos-atrasados-ou-cancelados-por-mau-tempo\/"]}]},{"@type":"ImageObject","inLanguage":"pt-PT","@id":"https:\/\/portaltela.pt\/noticias\/2026\/02\/06\/direitos-dos-passageiros-em-voos-atrasados-ou-cancelados-por-mau-tempo\/#primaryimage","url":"https:\/\/portaltela.pt\/s.01k8rhncp4jt1\/2026\/02\/image-492.jpg","contentUrl":"https:\/\/portaltela.pt\/s.01k8rhncp4jt1\/2026\/02\/image-492.jpg","width":796,"height":448,"caption":"Foto: John MacDougall \/ AFP"},{"@type":"BreadcrumbList","@id":"https:\/\/portaltela.pt\/noticias\/2026\/02\/06\/direitos-dos-passageiros-em-voos-atrasados-ou-cancelados-por-mau-tempo\/#breadcrumb","itemListElement":[{"@type":"ListItem","position":1,"name":"In\u00edcio","item":"https:\/\/portaltela.pt\/"},{"@type":"ListItem","position":2,"name":"Direitos dos passageiros em voos atrasados ou cancelados por mau tempo"}]},{"@type":"WebSite","@id":"https:\/\/portaltela.pt\/#website","url":"https:\/\/portaltela.pt\/","name":"Portal Tela Portugal","description":"","potentialAction":[{"@type":"SearchAction","target":{"@type":"EntryPoint","urlTemplate":"https:\/\/portaltela.pt\/?s={search_term_string}"},"query-input":{"@type":"PropertyValueSpecification","valueRequired":true,"valueName":"search_term_string"}}],"inLanguage":"pt-PT"},{"@type":"Person","@id":"https:\/\/portaltela.pt\/#\/schema\/person\/c4278d4a6028830caff9ee44b42d32ed","name":"Telinha","image":{"@type":"ImageObject","inLanguage":"pt-PT","@id":"https:\/\/portaltela.pt\/s.01k8rhncp4jt1\/2025\/11\/talking-bot-125x125.png","url":"https:\/\/portaltela.pt\/s.01k8rhncp4jt1\/2025\/11\/talking-bot-125x125.png","contentUrl":"https:\/\/portaltela.pt\/s.01k8rhncp4jt1\/2025\/11\/talking-bot-125x125.png","caption":"Telinha"},"sameAs":["https:\/\/portaltela.pt\/"],"url":"https:\/\/portaltela.pt\/por\/367410592786\/"}]}},"_links":{"self":[{"href":"https:\/\/portaltela.pt\/api\/wp\/v2\/posts\/201894","targetHints":{"allow":["GET"]}}],"collection":[{"href":"https:\/\/portaltela.pt\/api\/wp\/v2\/posts"}],"about":[{"href":"https:\/\/portaltela.pt\/api\/wp\/v2\/types\/post"}],"author":[{"embeddable":true,"href":"https:\/\/portaltela.pt\/api\/wp\/v2\/users\/2"}],"replies":[{"embeddable":true,"href":"https:\/\/portaltela.pt\/api\/wp\/v2\/comments?post=201894"}],"version-history":[{"count":0,"href":"https:\/\/portaltela.pt\/api\/wp\/v2\/posts\/201894\/revisions"}],"wp:featuredmedia":[{"embeddable":true,"href":"https:\/\/portaltela.pt\/api\/wp\/v2\/media\/201906"}],"wp:attachment":[{"href":"https:\/\/portaltela.pt\/api\/wp\/v2\/media?parent=201894"}],"wp:term":[{"taxonomy":"category","embeddable":true,"href":"https:\/\/portaltela.pt\/api\/wp\/v2\/categories?post=201894"},{"taxonomy":"post_tag","embeddable":true,"href":"https:\/\/portaltela.pt\/api\/wp\/v2\/tags?post=201894"}],"curies":[{"name":"wp","href":"https:\/\/api.w.org\/{rel}","templated":true}]}}