{"id":201876,"date":"2026-02-06T13:00:08","date_gmt":"2026-02-06T16:00:08","guid":{"rendered":"https:\/\/portaltela.pt\/noticias\/2026\/02\/06\/pepe-aborda-a-perda-da-essencia-e-os-desafios-com-a-intensidade-de-farioli\/"},"modified":"2026-02-06T13:00:08","modified_gmt":"2026-02-06T16:00:08","slug":"pepe-aborda-a-perda-da-essencia-e-os-desafios-com-a-intensidade-de-farioli","status":"publish","type":"post","link":"https:\/\/portaltela.pt\/desporto\/futebol\/2026\/02\/06\/pepe-aborda-a-perda-da-essencia-e-os-desafios-com-a-intensidade-de-farioli\/","title":{"rendered":"Pep\u00ea aborda a perda da ess\u00eancia e os desafios com a intensidade de Farioli"},"content":{"rendered":"<p>Pep\u00ea abre o livro e tra\u00e7a o percurso do estado atual do FC Porto. A temporada 2024\/25 foi marcada por dificuldades a n\u00edvel individual e coletivo, mas a partir desta \u00e9poca o extremo brasileiro reencontrou o ritmo, com a ajuda de Francesco Farioli. A dupla aposta numa recupera\u00e7\u00e3o de forma e de resultados.<\/p>\n<p>O jogador admite ter perdido a ess\u00eancia que o caracteriza em campo durante a temporada anterior, o que contribuiu para um rendimento menor. Com o foco mais definido, Pep\u00ea afirma que voltar a ser aquele jogador alegre e criativo pode ajudar a equipa a ser mais competitiva.<\/p>\n<p>A interven\u00e7\u00e3o de Farioli \u00e9 destacada pelo brasileiro como determinante para o alcance de um novo patamar. O treinador exige trabalho constante, n\u00e3o se contenta com vit\u00f3rias ou treinos positivos, e procura melhorar cada um ao n\u00edvel individual. O in\u00edcio foi intenso e exigente, mas os frutos j\u00e1 se v\u00eaem.<\/p>\n<h3>Efeito da lideran\u00e7a de Farioli<\/h3>\n<p>O in\u00edcio da \u00e9poca teve alta intensidade, o que tornou o come\u00e7o dif\u00edcil para Pep\u00ea e para o plantel. No entanto, os resultados positivos refor\u00e7am a validade do m\u00e9todo do t\u00e9cnico italiano e incentivam a continuidade do processo de melhoria.<\/p>\n<p>Aposta clara na evolu\u00e7\u00e3o coletiva, onde ningu\u00e9m fica acomodado. O grupo sente o impulso para conquistar mais jogos, mais vit\u00f3rias e manter o desempenho em ascens\u00e3o. O foco permanece em manter o n\u00edvel alto de exig\u00eancia que se tornou marca da equipa.<\/p>\n<h3>Esp\u00edrito de grupo e ambi\u00e7\u00e3o<\/h3>\n<p>Pep\u00ea destaca que a uni\u00e3o entre jogadores \u00e9 o motor da recupera\u00e7\u00e3o. O plantel procura manter a linha tra\u00e7ada, com ambi\u00e7\u00e3o de melhorar a cada jogo e de sustentar o rendimento ao longo da \u00e9poca. A dedica\u00e7\u00e3o di\u00e1ria ao aperfei\u00e7oamento \u00e9 citada como chave para o futuro.<\/p>\n","protected":false},"excerpt":{"rendered":"<ul>\n<li>Pep\u00ea admite que a \u00e9poca de 2024\/25 foi dif\u00edcil, tanto a n\u00edvel individual como coletivo, antes da retoma com Francesco Farioli.<\/li>\n<li>O extremo brasileiro explica ter perdido a ess\u00eancia no campo e diz que precisou voltar a ser o jogador que sempre foi para ajudar a equipa.<\/li>\n<li>Enaltece o impacto do treinador, dizendo que Farioli n\u00e3o permite acomoda\u00e7\u00e3o nem contentamentos com resultados positivos, empurrando todos para o m\u00e1ximo.<\/li>\n<li>Confessa que o in\u00edcio da passagem com a nova intensidade foi complicado, mas os resultados t\u00eam sido positivos e justifica o esfor\u00e7o.<\/li>\n<li>Destaca o esp\u00edrito de grupo e a uni\u00e3o no FC Porto, afirmando que ningu\u00e9m est\u00e1 acomodado e todos querem mais vit\u00f3rias e mais jogos.<\/li>\n<\/ul>\n","protected":false},"author":2,"featured_media":201879,"comment_status":"closed","ping_status":"closed","sticky":false,"template":"","format":"standard","meta":{"footnotes":""},"categories":[21,24],"tags":[4059,2028,32,3606,982],"class_list":["post-201876","post","type-post","status-publish","format-standard","has-post-thumbnail","hentry","category-desporto","category-futebol","tag-1-a-liga","tag-fc-porto","tag-futebol","tag-pepe","tag-porto"],"yoast_head":"<!-- This site is optimized with the Yoast SEO plugin v27.2 - https:\/\/yoast.com\/product\/yoast-seo-wordpress\/ -->\n<title>Pep\u00ea aborda a perda da ess\u00eancia e os desafios com a intensidade de Farioli - Portal Tela Portugal<\/title>\n<meta name=\"robots\" content=\"index, follow, max-snippet:-1, max-image-preview:large, max-video-preview:-1\" \/>\n<meta property=\"og:locale\" content=\"pt_PT\" \/>\n<meta property=\"og:type\" content=\"article\" \/>\n<meta property=\"og:title\" content=\"Pep\u00ea aborda a perda da ess\u00eancia e os desafios com a intensidade de Farioli - Portal Tela Portugal\" \/>\n<meta property=\"og:description\" content=\"Pep\u00ea admite que a \u00e9poca de 2024\/25 foi dif\u00edcil, tanto a n\u00edvel individual como coletivo, antes da retoma com Francesco Farioli. O extremo brasileiro explica ter perdido a ess\u00eancia no campo e diz que precisou voltar a ser o jogador que sempre foi para ajudar a equipa. Enaltece o impacto do treinador, dizendo que Farioli n\u00e3o permite acomoda\u00e7\u00e3o nem contentamentos com resultados positivos, empurrando todos para o m\u00e1ximo. Confessa que o in\u00edcio da passagem com a nova intensidade foi complicado, mas os resultados t\u00eam sido positivos e justifica o esfor\u00e7o. Destaca o esp\u00edrito de grupo e a uni\u00e3o no FC Porto, afirmando que ningu\u00e9m est\u00e1 acomodado e todos querem mais vit\u00f3rias e mais jogos.\" \/>\n<meta property=\"og:url\" content=\"https:\/\/portaltela.pt\/noticias\/2026\/02\/06\/pepe-aborda-a-perda-da-essencia-e-os-desafios-com-a-intensidade-de-farioli\/\" \/>\n<meta property=\"og:site_name\" content=\"Portal Tela Portugal\" \/>\n<meta property=\"article:published_time\" content=\"2026-02-06T16:00:08+00:00\" \/>\n<meta name=\"author\" content=\"Telinha\" \/>\n<meta name=\"twitter:card\" content=\"summary_large_image\" \/>\n<meta name=\"twitter:label1\" content=\"Escrito por\" \/>\n\t<meta name=\"twitter:data1\" content=\"Telinha\" \/>\n\t<meta name=\"twitter:label2\" content=\"Tempo estimado de leitura\" \/>\n\t<meta name=\"twitter:data2\" content=\"2 minutos\" \/>\n<script type=\"application\/ld+json\" class=\"yoast-schema-graph\">{\"@context\":\"https:\/\/schema.org\",\"@graph\":[{\"@type\":\"Article\",\"@id\":\"https:\/\/portaltela.pt\/noticias\/2026\/02\/06\/pepe-aborda-a-perda-da-essencia-e-os-desafios-com-a-intensidade-de-farioli\/#article\",\"isPartOf\":{\"@id\":\"https:\/\/portaltela.pt\/noticias\/2026\/02\/06\/pepe-aborda-a-perda-da-essencia-e-os-desafios-com-a-intensidade-de-farioli\/\"},\"author\":{\"name\":\"Telinha\",\"@id\":\"https:\/\/portaltela.pt\/#\/schema\/person\/c4278d4a6028830caff9ee44b42d32ed\"},\"headline\":\"Pep\u00ea aborda a perda da ess\u00eancia e os desafios com a intensidade de Farioli\",\"datePublished\":\"2026-02-06T16:00:08+00:00\",\"mainEntityOfPage\":{\"@id\":\"https:\/\/portaltela.pt\/noticias\/2026\/02\/06\/pepe-aborda-a-perda-da-essencia-e-os-desafios-com-a-intensidade-de-farioli\/\"},\"wordCount\":332,\"image\":{\"@id\":\"https:\/\/portaltela.pt\/noticias\/2026\/02\/06\/pepe-aborda-a-perda-da-essencia-e-os-desafios-com-a-intensidade-de-farioli\/#primaryimage\"},\"thumbnailUrl\":\"https:\/\/portaltela.pt\/s.01k8rhncp4jt1\/2026\/02\/img_920x518uu2026-02-06-15-59-50-2419975.jpg\",\"keywords\":[\"1.\u00aa Liga\",\"FC Porto\",\"futebol\",\"Pep\u00ea\",\"Porto\"],\"articleSection\":[\"Desporto\",\"Futebol\"],\"inLanguage\":\"pt-PT\"},{\"@type\":\"WebPage\",\"@id\":\"https:\/\/portaltela.pt\/noticias\/2026\/02\/06\/pepe-aborda-a-perda-da-essencia-e-os-desafios-com-a-intensidade-de-farioli\/\",\"url\":\"https:\/\/portaltela.pt\/noticias\/2026\/02\/06\/pepe-aborda-a-perda-da-essencia-e-os-desafios-com-a-intensidade-de-farioli\/\",\"name\":\"Pep\u00ea aborda a perda da ess\u00eancia e os desafios com a intensidade de Farioli - Portal Tela Portugal\",\"isPartOf\":{\"@id\":\"https:\/\/portaltela.pt\/#website\"},\"primaryImageOfPage\":{\"@id\":\"https:\/\/portaltela.pt\/noticias\/2026\/02\/06\/pepe-aborda-a-perda-da-essencia-e-os-desafios-com-a-intensidade-de-farioli\/#primaryimage\"},\"image\":{\"@id\":\"https:\/\/portaltela.pt\/noticias\/2026\/02\/06\/pepe-aborda-a-perda-da-essencia-e-os-desafios-com-a-intensidade-de-farioli\/#primaryimage\"},\"thumbnailUrl\":\"https:\/\/portaltela.pt\/s.01k8rhncp4jt1\/2026\/02\/img_920x518uu2026-02-06-15-59-50-2419975.jpg\",\"datePublished\":\"2026-02-06T16:00:08+00:00\",\"author\":{\"@id\":\"https:\/\/portaltela.pt\/#\/schema\/person\/c4278d4a6028830caff9ee44b42d32ed\"},\"breadcrumb\":{\"@id\":\"https:\/\/portaltela.pt\/noticias\/2026\/02\/06\/pepe-aborda-a-perda-da-essencia-e-os-desafios-com-a-intensidade-de-farioli\/#breadcrumb\"},\"inLanguage\":\"pt-PT\",\"potentialAction\":[{\"@type\":\"ReadAction\",\"target\":[\"https:\/\/portaltela.pt\/noticias\/2026\/02\/06\/pepe-aborda-a-perda-da-essencia-e-os-desafios-com-a-intensidade-de-farioli\/\"]}]},{\"@type\":\"ImageObject\",\"inLanguage\":\"pt-PT\",\"@id\":\"https:\/\/portaltela.pt\/noticias\/2026\/02\/06\/pepe-aborda-a-perda-da-essencia-e-os-desafios-com-a-intensidade-de-farioli\/#primaryimage\",\"url\":\"https:\/\/portaltela.pt\/s.01k8rhncp4jt1\/2026\/02\/img_920x518uu2026-02-06-15-59-50-2419975.jpg\",\"contentUrl\":\"https:\/\/portaltela.pt\/s.01k8rhncp4jt1\/2026\/02\/img_920x518uu2026-02-06-15-59-50-2419975.jpg\",\"width\":796,\"height\":448,\"caption\":\"Pep\u00ea fala sobre a adapta\u00e7\u00e3o ao estilo de jogo de Farioli\"},{\"@type\":\"BreadcrumbList\",\"@id\":\"https:\/\/portaltela.pt\/noticias\/2026\/02\/06\/pepe-aborda-a-perda-da-essencia-e-os-desafios-com-a-intensidade-de-farioli\/#breadcrumb\",\"itemListElement\":[{\"@type\":\"ListItem\",\"position\":1,\"name\":\"In\u00edcio\",\"item\":\"https:\/\/portaltela.pt\/\"},{\"@type\":\"ListItem\",\"position\":2,\"name\":\"Pep\u00ea aborda a perda da ess\u00eancia e os desafios com a intensidade de Farioli\"}]},{\"@type\":\"WebSite\",\"@id\":\"https:\/\/portaltela.pt\/#website\",\"url\":\"https:\/\/portaltela.pt\/\",\"name\":\"Portal Tela Portugal\",\"description\":\"\",\"potentialAction\":[{\"@type\":\"SearchAction\",\"target\":{\"@type\":\"EntryPoint\",\"urlTemplate\":\"https:\/\/portaltela.pt\/?s={search_term_string}\"},\"query-input\":{\"@type\":\"PropertyValueSpecification\",\"valueRequired\":true,\"valueName\":\"search_term_string\"}}],\"inLanguage\":\"pt-PT\"},{\"@type\":\"Person\",\"@id\":\"https:\/\/portaltela.pt\/#\/schema\/person\/c4278d4a6028830caff9ee44b42d32ed\",\"name\":\"Telinha\",\"image\":{\"@type\":\"ImageObject\",\"inLanguage\":\"pt-PT\",\"@id\":\"https:\/\/portaltela.pt\/s.01k8rhncp4jt1\/2025\/11\/talking-bot-125x125.png\",\"url\":\"https:\/\/portaltela.pt\/s.01k8rhncp4jt1\/2025\/11\/talking-bot-125x125.png\",\"contentUrl\":\"https:\/\/portaltela.pt\/s.01k8rhncp4jt1\/2025\/11\/talking-bot-125x125.png\",\"caption\":\"Telinha\"},\"sameAs\":[\"https:\/\/portaltela.pt\/\"],\"url\":\"https:\/\/portaltela.pt\/por\/367410592786\/\"}]}<\/script>\n<!-- \/ Yoast SEO plugin. -->","yoast_head_json":{"title":"Pep\u00ea aborda a perda da ess\u00eancia e os desafios com a intensidade de Farioli - Portal Tela Portugal","robots":{"index":"index","follow":"follow","max-snippet":"max-snippet:-1","max-image-preview":"max-image-preview:large","max-video-preview":"max-video-preview:-1"},"og_locale":"pt_PT","og_type":"article","og_title":"Pep\u00ea aborda a perda da ess\u00eancia e os desafios com a intensidade de Farioli - Portal Tela Portugal","og_description":"Pep\u00ea admite que a \u00e9poca de 2024\/25 foi dif\u00edcil, tanto a n\u00edvel individual como coletivo, antes da retoma com Francesco Farioli. O extremo brasileiro explica ter perdido a ess\u00eancia no campo e diz que precisou voltar a ser o jogador que sempre foi para ajudar a equipa. Enaltece o impacto do treinador, dizendo que Farioli n\u00e3o permite acomoda\u00e7\u00e3o nem contentamentos com resultados positivos, empurrando todos para o m\u00e1ximo. Confessa que o in\u00edcio da passagem com a nova intensidade foi complicado, mas os resultados t\u00eam sido positivos e justifica o esfor\u00e7o. Destaca o esp\u00edrito de grupo e a uni\u00e3o no FC Porto, afirmando que ningu\u00e9m est\u00e1 acomodado e todos querem mais vit\u00f3rias e mais jogos.","og_url":"https:\/\/portaltela.pt\/noticias\/2026\/02\/06\/pepe-aborda-a-perda-da-essencia-e-os-desafios-com-a-intensidade-de-farioli\/","og_site_name":"Portal Tela Portugal","article_published_time":"2026-02-06T16:00:08+00:00","author":"Telinha","twitter_card":"summary_large_image","twitter_misc":{"Escrito por":"Telinha","Tempo estimado de leitura":"2 minutos"},"schema":{"@context":"https:\/\/schema.org","@graph":[{"@type":"Article","@id":"https:\/\/portaltela.pt\/noticias\/2026\/02\/06\/pepe-aborda-a-perda-da-essencia-e-os-desafios-com-a-intensidade-de-farioli\/#article","isPartOf":{"@id":"https:\/\/portaltela.pt\/noticias\/2026\/02\/06\/pepe-aborda-a-perda-da-essencia-e-os-desafios-com-a-intensidade-de-farioli\/"},"author":{"name":"Telinha","@id":"https:\/\/portaltela.pt\/#\/schema\/person\/c4278d4a6028830caff9ee44b42d32ed"},"headline":"Pep\u00ea aborda a perda da ess\u00eancia e os desafios com a intensidade de Farioli","datePublished":"2026-02-06T16:00:08+00:00","mainEntityOfPage":{"@id":"https:\/\/portaltela.pt\/noticias\/2026\/02\/06\/pepe-aborda-a-perda-da-essencia-e-os-desafios-com-a-intensidade-de-farioli\/"},"wordCount":332,"image":{"@id":"https:\/\/portaltela.pt\/noticias\/2026\/02\/06\/pepe-aborda-a-perda-da-essencia-e-os-desafios-com-a-intensidade-de-farioli\/#primaryimage"},"thumbnailUrl":"https:\/\/portaltela.pt\/s.01k8rhncp4jt1\/2026\/02\/img_920x518uu2026-02-06-15-59-50-2419975.jpg","keywords":["1.\u00aa Liga","FC Porto","futebol","Pep\u00ea","Porto"],"articleSection":["Desporto","Futebol"],"inLanguage":"pt-PT"},{"@type":"WebPage","@id":"https:\/\/portaltela.pt\/noticias\/2026\/02\/06\/pepe-aborda-a-perda-da-essencia-e-os-desafios-com-a-intensidade-de-farioli\/","url":"https:\/\/portaltela.pt\/noticias\/2026\/02\/06\/pepe-aborda-a-perda-da-essencia-e-os-desafios-com-a-intensidade-de-farioli\/","name":"Pep\u00ea aborda a perda da ess\u00eancia e os desafios com a intensidade de Farioli - Portal Tela Portugal","isPartOf":{"@id":"https:\/\/portaltela.pt\/#website"},"primaryImageOfPage":{"@id":"https:\/\/portaltela.pt\/noticias\/2026\/02\/06\/pepe-aborda-a-perda-da-essencia-e-os-desafios-com-a-intensidade-de-farioli\/#primaryimage"},"image":{"@id":"https:\/\/portaltela.pt\/noticias\/2026\/02\/06\/pepe-aborda-a-perda-da-essencia-e-os-desafios-com-a-intensidade-de-farioli\/#primaryimage"},"thumbnailUrl":"https:\/\/portaltela.pt\/s.01k8rhncp4jt1\/2026\/02\/img_920x518uu2026-02-06-15-59-50-2419975.jpg","datePublished":"2026-02-06T16:00:08+00:00","author":{"@id":"https:\/\/portaltela.pt\/#\/schema\/person\/c4278d4a6028830caff9ee44b42d32ed"},"breadcrumb":{"@id":"https:\/\/portaltela.pt\/noticias\/2026\/02\/06\/pepe-aborda-a-perda-da-essencia-e-os-desafios-com-a-intensidade-de-farioli\/#breadcrumb"},"inLanguage":"pt-PT","potentialAction":[{"@type":"ReadAction","target":["https:\/\/portaltela.pt\/noticias\/2026\/02\/06\/pepe-aborda-a-perda-da-essencia-e-os-desafios-com-a-intensidade-de-farioli\/"]}]},{"@type":"ImageObject","inLanguage":"pt-PT","@id":"https:\/\/portaltela.pt\/noticias\/2026\/02\/06\/pepe-aborda-a-perda-da-essencia-e-os-desafios-com-a-intensidade-de-farioli\/#primaryimage","url":"https:\/\/portaltela.pt\/s.01k8rhncp4jt1\/2026\/02\/img_920x518uu2026-02-06-15-59-50-2419975.jpg","contentUrl":"https:\/\/portaltela.pt\/s.01k8rhncp4jt1\/2026\/02\/img_920x518uu2026-02-06-15-59-50-2419975.jpg","width":796,"height":448,"caption":"Pep\u00ea fala sobre a adapta\u00e7\u00e3o ao estilo de jogo de Farioli"},{"@type":"BreadcrumbList","@id":"https:\/\/portaltela.pt\/noticias\/2026\/02\/06\/pepe-aborda-a-perda-da-essencia-e-os-desafios-com-a-intensidade-de-farioli\/#breadcrumb","itemListElement":[{"@type":"ListItem","position":1,"name":"In\u00edcio","item":"https:\/\/portaltela.pt\/"},{"@type":"ListItem","position":2,"name":"Pep\u00ea aborda a perda da ess\u00eancia e os desafios com a intensidade de Farioli"}]},{"@type":"WebSite","@id":"https:\/\/portaltela.pt\/#website","url":"https:\/\/portaltela.pt\/","name":"Portal Tela Portugal","description":"","potentialAction":[{"@type":"SearchAction","target":{"@type":"EntryPoint","urlTemplate":"https:\/\/portaltela.pt\/?s={search_term_string}"},"query-input":{"@type":"PropertyValueSpecification","valueRequired":true,"valueName":"search_term_string"}}],"inLanguage":"pt-PT"},{"@type":"Person","@id":"https:\/\/portaltela.pt\/#\/schema\/person\/c4278d4a6028830caff9ee44b42d32ed","name":"Telinha","image":{"@type":"ImageObject","inLanguage":"pt-PT","@id":"https:\/\/portaltela.pt\/s.01k8rhncp4jt1\/2025\/11\/talking-bot-125x125.png","url":"https:\/\/portaltela.pt\/s.01k8rhncp4jt1\/2025\/11\/talking-bot-125x125.png","contentUrl":"https:\/\/portaltela.pt\/s.01k8rhncp4jt1\/2025\/11\/talking-bot-125x125.png","caption":"Telinha"},"sameAs":["https:\/\/portaltela.pt\/"],"url":"https:\/\/portaltela.pt\/por\/367410592786\/"}]}},"_links":{"self":[{"href":"https:\/\/portaltela.pt\/api\/wp\/v2\/posts\/201876","targetHints":{"allow":["GET"]}}],"collection":[{"href":"https:\/\/portaltela.pt\/api\/wp\/v2\/posts"}],"about":[{"href":"https:\/\/portaltela.pt\/api\/wp\/v2\/types\/post"}],"author":[{"embeddable":true,"href":"https:\/\/portaltela.pt\/api\/wp\/v2\/users\/2"}],"replies":[{"embeddable":true,"href":"https:\/\/portaltela.pt\/api\/wp\/v2\/comments?post=201876"}],"version-history":[{"count":0,"href":"https:\/\/portaltela.pt\/api\/wp\/v2\/posts\/201876\/revisions"}],"wp:featuredmedia":[{"embeddable":true,"href":"https:\/\/portaltela.pt\/api\/wp\/v2\/media\/201879"}],"wp:attachment":[{"href":"https:\/\/portaltela.pt\/api\/wp\/v2\/media?parent=201876"}],"wp:term":[{"taxonomy":"category","embeddable":true,"href":"https:\/\/portaltela.pt\/api\/wp\/v2\/categories?post=201876"},{"taxonomy":"post_tag","embeddable":true,"href":"https:\/\/portaltela.pt\/api\/wp\/v2\/tags?post=201876"}],"curies":[{"name":"wp","href":"https:\/\/api.w.org\/{rel}","templated":true}]}}