{"id":201814,"date":"2026-02-06T12:05:09","date_gmt":"2026-02-06T15:05:09","guid":{"rendered":"https:\/\/portaltela.pt\/noticias\/2026\/02\/06\/homem-detido-por-tentativa-de-homicidio-contra-familiar-em-santo-tirso\/"},"modified":"2026-02-06T12:05:09","modified_gmt":"2026-02-06T15:05:09","slug":"homem-detido-por-tentativa-de-homicidio-contra-familiar-em-santo-tirso","status":"publish","type":"post","link":"https:\/\/portaltela.pt\/noticias\/2026\/02\/06\/homem-detido-por-tentativa-de-homicidio-contra-familiar-em-santo-tirso\/","title":{"rendered":"Homem detido por tentativa de homic\u00eddio contra familiar em Santo Tirso"},"content":{"rendered":"<p>Um homem foi detido pela Pol\u00edcia Judici\u00e1ria (PJ) do Porto por tentar matar uma familiar em Santo Tirso, em agosto de 2025. O suspeito, de 36 anos, dirigiu-se \u00e0 casa da v\u00edtima sem qualquer discuss\u00e3o pr\u00e9via e tentou estrangul\u00e1-la.<\/p>\n<p>Um m\u00eas depois, o mesmo homem envolveu-se numa agress\u00e3o contra clientes de um estabelecimento de restaura\u00e7\u00e3o, no mesmo concelho. Uma das v\u00edtimas era uma mulher com um beb\u00e9 ao colo; o beb\u00e9 n\u00e3o sofreu ferimentos, pois a m\u00e3e o passou para o colo de outra pessoa.<\/p>\n<p>Segundo a PJ, o suspeito \u00e9 considerado respons\u00e1vel pela pr\u00e1tica de homic\u00eddio qualificado na forma tentada e de ofensas \u00e0 integridade f\u00edsica qualificada. N\u00e3o houve motivo aparente para as agress\u00f5es, conforme o comunicado policial.<\/p>\n<p>A deten\u00e7\u00e3o ocorreu na passada quinta-feira pela PJ do Porto. O suspeito foi presente a primeiro interrogat\u00f3rio judicial e dever\u00e1 ficar a aguardar as medidas de coa\u00e7\u00e3o.<\/p>\n","protected":false},"excerpt":{"rendered":"<ul>\n<li>Em agosto de 2025, em Santo Tirso, um homem de 36 anos tentou matar uma mulher com mais de setenta anos, alegadamente sem discuss\u00e3o pr\u00e9via nem motivo aparente, junto \u00e0 casa da v\u00edtima.<\/li>\n<li>Um m\u00eas depois, o mesmo homem envolveu-se em uma alterca\u00e7\u00e3o num estabelecimento de restaura\u00e7\u00e3o do mesmo concelho, agredindo com murros e com um objeto contundente clientes; uma das v\u00edtimas era uma mulher com um beb\u00e9 ao colo.<\/li>\n<li>O beb\u00e9 n\u00e3o sofreu ferimentos porque a m\u00e3e o colocou no colo de outra pessoa.<\/li>\n<li>A Pol\u00edcia Judici\u00e1ria do Porto deteve o suspeito nesta quinta-feira, autorizando o seu<\/li>\n<\/ul>\n<p>primeiro interrogat\u00f3rio judicial e a aplica\u00e7\u00e3o de medidas de coa\u00e7\u00e3o.<\/p>\n<ul>\n<li>O homem \u00e9 suspeito de homic\u00eddio qualificado na forma tentada e de ofensas \u00e0 integridade f\u00edsica qualificada.<\/li>\n<\/ul>\n","protected":false},"author":2,"featured_media":201820,"comment_status":"closed","ping_status":"closed","sticky":false,"template":"","format":"standard","meta":{"footnotes":""},"categories":[1],"tags":[2079,1189,5573,1802,1146,5445],"class_list":["post-201814","post","type-post","status-publish","format-standard","has-post-thumbnail","hentry","category-noticias","tag-agressoes","tag-homicidio-qualificado","tag-ofensas-a-integridade-fisica-qualificada","tag-policia-judiciaria","tag-santo-tirso","tag-tentativa-de-homicidio"],"yoast_head":"<!-- This site is optimized with the Yoast SEO plugin v27.2 - https:\/\/yoast.com\/product\/yoast-seo-wordpress\/ -->\n<title>Homem detido por tentativa de homic\u00eddio contra familiar em Santo Tirso - Portal Tela Portugal<\/title>\n<meta name=\"robots\" content=\"index, follow, max-snippet:-1, max-image-preview:large, max-video-preview:-1\" \/>\n<meta property=\"og:locale\" content=\"pt_PT\" \/>\n<meta property=\"og:type\" content=\"article\" \/>\n<meta property=\"og:title\" content=\"Homem detido por tentativa de homic\u00eddio contra familiar em Santo Tirso - Portal Tela Portugal\" \/>\n<meta property=\"og:description\" content=\"Em agosto de 2025, em Santo Tirso, um homem de 36 anos tentou matar uma mulher com mais de setenta anos, alegadamente sem discuss\u00e3o pr\u00e9via nem motivo aparente, junto \u00e0 casa da v\u00edtima. Um m\u00eas depois, o mesmo homem envolveu-se em uma alterca\u00e7\u00e3o num estabelecimento de restaura\u00e7\u00e3o do mesmo concelho, agredindo com murros e com um objeto contundente clientes; uma das v\u00edtimas era uma mulher com um beb\u00e9 ao colo. O beb\u00e9 n\u00e3o sofreu ferimentos porque a m\u00e3e o colocou no colo de outra pessoa. A Pol\u00edcia Judici\u00e1ria do Porto deteve o suspeito nesta quinta-feira, autorizando o seu primeiro interrogat\u00f3rio judicial e a aplica\u00e7\u00e3o de medidas de coa\u00e7\u00e3o. O homem \u00e9 suspeito de homic\u00eddio qualificado na forma tentada e de ofensas \u00e0 integridade f\u00edsica qualificada.\" \/>\n<meta property=\"og:url\" content=\"https:\/\/portaltela.pt\/noticias\/2026\/02\/06\/homem-detido-por-tentativa-de-homicidio-contra-familiar-em-santo-tirso\/\" \/>\n<meta property=\"og:site_name\" content=\"Portal Tela Portugal\" \/>\n<meta property=\"article:published_time\" content=\"2026-02-06T15:05:09+00:00\" \/>\n<meta name=\"author\" content=\"Telinha\" \/>\n<meta name=\"twitter:card\" content=\"summary_large_image\" \/>\n<meta name=\"twitter:label1\" content=\"Escrito por\" \/>\n\t<meta name=\"twitter:data1\" content=\"Telinha\" \/>\n\t<meta name=\"twitter:label2\" content=\"Tempo estimado de leitura\" \/>\n\t<meta name=\"twitter:data2\" content=\"1 minuto\" \/>\n<script type=\"application\/ld+json\" class=\"yoast-schema-graph\">{\"@context\":\"https:\/\/schema.org\",\"@graph\":[{\"@type\":\"Article\",\"@id\":\"https:\/\/portaltela.pt\/noticias\/2026\/02\/06\/homem-detido-por-tentativa-de-homicidio-contra-familiar-em-santo-tirso\/#article\",\"isPartOf\":{\"@id\":\"https:\/\/portaltela.pt\/noticias\/2026\/02\/06\/homem-detido-por-tentativa-de-homicidio-contra-familiar-em-santo-tirso\/\"},\"author\":{\"name\":\"Telinha\",\"@id\":\"https:\/\/portaltela.pt\/#\/schema\/person\/c4278d4a6028830caff9ee44b42d32ed\"},\"headline\":\"Homem detido por tentativa de homic\u00eddio contra familiar em Santo Tirso\",\"datePublished\":\"2026-02-06T15:05:09+00:00\",\"mainEntityOfPage\":{\"@id\":\"https:\/\/portaltela.pt\/noticias\/2026\/02\/06\/homem-detido-por-tentativa-de-homicidio-contra-familiar-em-santo-tirso\/\"},\"wordCount\":174,\"image\":{\"@id\":\"https:\/\/portaltela.pt\/noticias\/2026\/02\/06\/homem-detido-por-tentativa-de-homicidio-contra-familiar-em-santo-tirso\/#primaryimage\"},\"thumbnailUrl\":\"https:\/\/portaltela.pt\/s.01k8rhncp4jt1\/2026\/02\/img_1500x1000uu2025-09-25-18-03-55-2237539.jpg\",\"keywords\":[\"agress\u00f5es\",\"homic\u00eddio qualificado\",\"ofensas \u00e0 integridade f\u00edsica qualificada\",\"Pol\u00edcia Judici\u00e1ria\",\"Santo Tirso\",\"tentativa de homic\u00eddio\"],\"articleSection\":[\"Not\u00edcias\"],\"inLanguage\":\"pt-PT\"},{\"@type\":\"WebPage\",\"@id\":\"https:\/\/portaltela.pt\/noticias\/2026\/02\/06\/homem-detido-por-tentativa-de-homicidio-contra-familiar-em-santo-tirso\/\",\"url\":\"https:\/\/portaltela.pt\/noticias\/2026\/02\/06\/homem-detido-por-tentativa-de-homicidio-contra-familiar-em-santo-tirso\/\",\"name\":\"Homem detido por tentativa de homic\u00eddio contra familiar em Santo Tirso - Portal Tela Portugal\",\"isPartOf\":{\"@id\":\"https:\/\/portaltela.pt\/#website\"},\"primaryImageOfPage\":{\"@id\":\"https:\/\/portaltela.pt\/noticias\/2026\/02\/06\/homem-detido-por-tentativa-de-homicidio-contra-familiar-em-santo-tirso\/#primaryimage\"},\"image\":{\"@id\":\"https:\/\/portaltela.pt\/noticias\/2026\/02\/06\/homem-detido-por-tentativa-de-homicidio-contra-familiar-em-santo-tirso\/#primaryimage\"},\"thumbnailUrl\":\"https:\/\/portaltela.pt\/s.01k8rhncp4jt1\/2026\/02\/img_1500x1000uu2025-09-25-18-03-55-2237539.jpg\",\"datePublished\":\"2026-02-06T15:05:09+00:00\",\"author\":{\"@id\":\"https:\/\/portaltela.pt\/#\/schema\/person\/c4278d4a6028830caff9ee44b42d32ed\"},\"breadcrumb\":{\"@id\":\"https:\/\/portaltela.pt\/noticias\/2026\/02\/06\/homem-detido-por-tentativa-de-homicidio-contra-familiar-em-santo-tirso\/#breadcrumb\"},\"inLanguage\":\"pt-PT\",\"potentialAction\":[{\"@type\":\"ReadAction\",\"target\":[\"https:\/\/portaltela.pt\/noticias\/2026\/02\/06\/homem-detido-por-tentativa-de-homicidio-contra-familiar-em-santo-tirso\/\"]}]},{\"@type\":\"ImageObject\",\"inLanguage\":\"pt-PT\",\"@id\":\"https:\/\/portaltela.pt\/noticias\/2026\/02\/06\/homem-detido-por-tentativa-de-homicidio-contra-familiar-em-santo-tirso\/#primaryimage\",\"url\":\"https:\/\/portaltela.pt\/s.01k8rhncp4jt1\/2026\/02\/img_1500x1000uu2025-09-25-18-03-55-2237539.jpg\",\"contentUrl\":\"https:\/\/portaltela.pt\/s.01k8rhncp4jt1\/2026\/02\/img_1500x1000uu2025-09-25-18-03-55-2237539.jpg\",\"width\":796,\"height\":448,\"caption\":\"Pol\u00edcia Judici\u00e1ria do Porto deteve agressor de 36 anos\"},{\"@type\":\"BreadcrumbList\",\"@id\":\"https:\/\/portaltela.pt\/noticias\/2026\/02\/06\/homem-detido-por-tentativa-de-homicidio-contra-familiar-em-santo-tirso\/#breadcrumb\",\"itemListElement\":[{\"@type\":\"ListItem\",\"position\":1,\"name\":\"In\u00edcio\",\"item\":\"https:\/\/portaltela.pt\/\"},{\"@type\":\"ListItem\",\"position\":2,\"name\":\"Homem detido por tentativa de homic\u00eddio contra familiar em Santo Tirso\"}]},{\"@type\":\"WebSite\",\"@id\":\"https:\/\/portaltela.pt\/#website\",\"url\":\"https:\/\/portaltela.pt\/\",\"name\":\"Portal Tela Portugal\",\"description\":\"\",\"potentialAction\":[{\"@type\":\"SearchAction\",\"target\":{\"@type\":\"EntryPoint\",\"urlTemplate\":\"https:\/\/portaltela.pt\/?s={search_term_string}\"},\"query-input\":{\"@type\":\"PropertyValueSpecification\",\"valueRequired\":true,\"valueName\":\"search_term_string\"}}],\"inLanguage\":\"pt-PT\"},{\"@type\":\"Person\",\"@id\":\"https:\/\/portaltela.pt\/#\/schema\/person\/c4278d4a6028830caff9ee44b42d32ed\",\"name\":\"Telinha\",\"image\":{\"@type\":\"ImageObject\",\"inLanguage\":\"pt-PT\",\"@id\":\"https:\/\/portaltela.pt\/s.01k8rhncp4jt1\/2025\/11\/talking-bot-125x125.png\",\"url\":\"https:\/\/portaltela.pt\/s.01k8rhncp4jt1\/2025\/11\/talking-bot-125x125.png\",\"contentUrl\":\"https:\/\/portaltela.pt\/s.01k8rhncp4jt1\/2025\/11\/talking-bot-125x125.png\",\"caption\":\"Telinha\"},\"sameAs\":[\"https:\/\/portaltela.pt\/\"],\"url\":\"https:\/\/portaltela.pt\/por\/367410592786\/\"}]}<\/script>\n<!-- \/ Yoast SEO plugin. -->","yoast_head_json":{"title":"Homem detido por tentativa de homic\u00eddio contra familiar em Santo Tirso - Portal Tela Portugal","robots":{"index":"index","follow":"follow","max-snippet":"max-snippet:-1","max-image-preview":"max-image-preview:large","max-video-preview":"max-video-preview:-1"},"og_locale":"pt_PT","og_type":"article","og_title":"Homem detido por tentativa de homic\u00eddio contra familiar em Santo Tirso - Portal Tela Portugal","og_description":"Em agosto de 2025, em Santo Tirso, um homem de 36 anos tentou matar uma mulher com mais de setenta anos, alegadamente sem discuss\u00e3o pr\u00e9via nem motivo aparente, junto \u00e0 casa da v\u00edtima. Um m\u00eas depois, o mesmo homem envolveu-se em uma alterca\u00e7\u00e3o num estabelecimento de restaura\u00e7\u00e3o do mesmo concelho, agredindo com murros e com um objeto contundente clientes; uma das v\u00edtimas era uma mulher com um beb\u00e9 ao colo. O beb\u00e9 n\u00e3o sofreu ferimentos porque a m\u00e3e o colocou no colo de outra pessoa. A Pol\u00edcia Judici\u00e1ria do Porto deteve o suspeito nesta quinta-feira, autorizando o seu primeiro interrogat\u00f3rio judicial e a aplica\u00e7\u00e3o de medidas de coa\u00e7\u00e3o. O homem \u00e9 suspeito de homic\u00eddio qualificado na forma tentada e de ofensas \u00e0 integridade f\u00edsica qualificada.","og_url":"https:\/\/portaltela.pt\/noticias\/2026\/02\/06\/homem-detido-por-tentativa-de-homicidio-contra-familiar-em-santo-tirso\/","og_site_name":"Portal Tela Portugal","article_published_time":"2026-02-06T15:05:09+00:00","author":"Telinha","twitter_card":"summary_large_image","twitter_misc":{"Escrito por":"Telinha","Tempo estimado de leitura":"1 minuto"},"schema":{"@context":"https:\/\/schema.org","@graph":[{"@type":"Article","@id":"https:\/\/portaltela.pt\/noticias\/2026\/02\/06\/homem-detido-por-tentativa-de-homicidio-contra-familiar-em-santo-tirso\/#article","isPartOf":{"@id":"https:\/\/portaltela.pt\/noticias\/2026\/02\/06\/homem-detido-por-tentativa-de-homicidio-contra-familiar-em-santo-tirso\/"},"author":{"name":"Telinha","@id":"https:\/\/portaltela.pt\/#\/schema\/person\/c4278d4a6028830caff9ee44b42d32ed"},"headline":"Homem detido por tentativa de homic\u00eddio contra familiar em Santo Tirso","datePublished":"2026-02-06T15:05:09+00:00","mainEntityOfPage":{"@id":"https:\/\/portaltela.pt\/noticias\/2026\/02\/06\/homem-detido-por-tentativa-de-homicidio-contra-familiar-em-santo-tirso\/"},"wordCount":174,"image":{"@id":"https:\/\/portaltela.pt\/noticias\/2026\/02\/06\/homem-detido-por-tentativa-de-homicidio-contra-familiar-em-santo-tirso\/#primaryimage"},"thumbnailUrl":"https:\/\/portaltela.pt\/s.01k8rhncp4jt1\/2026\/02\/img_1500x1000uu2025-09-25-18-03-55-2237539.jpg","keywords":["agress\u00f5es","homic\u00eddio qualificado","ofensas \u00e0 integridade f\u00edsica qualificada","Pol\u00edcia Judici\u00e1ria","Santo Tirso","tentativa de homic\u00eddio"],"articleSection":["Not\u00edcias"],"inLanguage":"pt-PT"},{"@type":"WebPage","@id":"https:\/\/portaltela.pt\/noticias\/2026\/02\/06\/homem-detido-por-tentativa-de-homicidio-contra-familiar-em-santo-tirso\/","url":"https:\/\/portaltela.pt\/noticias\/2026\/02\/06\/homem-detido-por-tentativa-de-homicidio-contra-familiar-em-santo-tirso\/","name":"Homem detido por tentativa de homic\u00eddio contra familiar em Santo Tirso - Portal Tela Portugal","isPartOf":{"@id":"https:\/\/portaltela.pt\/#website"},"primaryImageOfPage":{"@id":"https:\/\/portaltela.pt\/noticias\/2026\/02\/06\/homem-detido-por-tentativa-de-homicidio-contra-familiar-em-santo-tirso\/#primaryimage"},"image":{"@id":"https:\/\/portaltela.pt\/noticias\/2026\/02\/06\/homem-detido-por-tentativa-de-homicidio-contra-familiar-em-santo-tirso\/#primaryimage"},"thumbnailUrl":"https:\/\/portaltela.pt\/s.01k8rhncp4jt1\/2026\/02\/img_1500x1000uu2025-09-25-18-03-55-2237539.jpg","datePublished":"2026-02-06T15:05:09+00:00","author":{"@id":"https:\/\/portaltela.pt\/#\/schema\/person\/c4278d4a6028830caff9ee44b42d32ed"},"breadcrumb":{"@id":"https:\/\/portaltela.pt\/noticias\/2026\/02\/06\/homem-detido-por-tentativa-de-homicidio-contra-familiar-em-santo-tirso\/#breadcrumb"},"inLanguage":"pt-PT","potentialAction":[{"@type":"ReadAction","target":["https:\/\/portaltela.pt\/noticias\/2026\/02\/06\/homem-detido-por-tentativa-de-homicidio-contra-familiar-em-santo-tirso\/"]}]},{"@type":"ImageObject","inLanguage":"pt-PT","@id":"https:\/\/portaltela.pt\/noticias\/2026\/02\/06\/homem-detido-por-tentativa-de-homicidio-contra-familiar-em-santo-tirso\/#primaryimage","url":"https:\/\/portaltela.pt\/s.01k8rhncp4jt1\/2026\/02\/img_1500x1000uu2025-09-25-18-03-55-2237539.jpg","contentUrl":"https:\/\/portaltela.pt\/s.01k8rhncp4jt1\/2026\/02\/img_1500x1000uu2025-09-25-18-03-55-2237539.jpg","width":796,"height":448,"caption":"Pol\u00edcia Judici\u00e1ria do Porto deteve agressor de 36 anos"},{"@type":"BreadcrumbList","@id":"https:\/\/portaltela.pt\/noticias\/2026\/02\/06\/homem-detido-por-tentativa-de-homicidio-contra-familiar-em-santo-tirso\/#breadcrumb","itemListElement":[{"@type":"ListItem","position":1,"name":"In\u00edcio","item":"https:\/\/portaltela.pt\/"},{"@type":"ListItem","position":2,"name":"Homem detido por tentativa de homic\u00eddio contra familiar em Santo Tirso"}]},{"@type":"WebSite","@id":"https:\/\/portaltela.pt\/#website","url":"https:\/\/portaltela.pt\/","name":"Portal Tela Portugal","description":"","potentialAction":[{"@type":"SearchAction","target":{"@type":"EntryPoint","urlTemplate":"https:\/\/portaltela.pt\/?s={search_term_string}"},"query-input":{"@type":"PropertyValueSpecification","valueRequired":true,"valueName":"search_term_string"}}],"inLanguage":"pt-PT"},{"@type":"Person","@id":"https:\/\/portaltela.pt\/#\/schema\/person\/c4278d4a6028830caff9ee44b42d32ed","name":"Telinha","image":{"@type":"ImageObject","inLanguage":"pt-PT","@id":"https:\/\/portaltela.pt\/s.01k8rhncp4jt1\/2025\/11\/talking-bot-125x125.png","url":"https:\/\/portaltela.pt\/s.01k8rhncp4jt1\/2025\/11\/talking-bot-125x125.png","contentUrl":"https:\/\/portaltela.pt\/s.01k8rhncp4jt1\/2025\/11\/talking-bot-125x125.png","caption":"Telinha"},"sameAs":["https:\/\/portaltela.pt\/"],"url":"https:\/\/portaltela.pt\/por\/367410592786\/"}]}},"_links":{"self":[{"href":"https:\/\/portaltela.pt\/api\/wp\/v2\/posts\/201814","targetHints":{"allow":["GET"]}}],"collection":[{"href":"https:\/\/portaltela.pt\/api\/wp\/v2\/posts"}],"about":[{"href":"https:\/\/portaltela.pt\/api\/wp\/v2\/types\/post"}],"author":[{"embeddable":true,"href":"https:\/\/portaltela.pt\/api\/wp\/v2\/users\/2"}],"replies":[{"embeddable":true,"href":"https:\/\/portaltela.pt\/api\/wp\/v2\/comments?post=201814"}],"version-history":[{"count":0,"href":"https:\/\/portaltela.pt\/api\/wp\/v2\/posts\/201814\/revisions"}],"wp:featuredmedia":[{"embeddable":true,"href":"https:\/\/portaltela.pt\/api\/wp\/v2\/media\/201820"}],"wp:attachment":[{"href":"https:\/\/portaltela.pt\/api\/wp\/v2\/media?parent=201814"}],"wp:term":[{"taxonomy":"category","embeddable":true,"href":"https:\/\/portaltela.pt\/api\/wp\/v2\/categories?post=201814"},{"taxonomy":"post_tag","embeddable":true,"href":"https:\/\/portaltela.pt\/api\/wp\/v2\/tags?post=201814"}],"curies":[{"name":"wp","href":"https:\/\/api.w.org\/{rel}","templated":true}]}}