{"id":201811,"date":"2026-02-06T11:59:00","date_gmt":"2026-02-06T14:59:00","guid":{"rendered":"https:\/\/portaltela.pt\/noticias\/2026\/02\/06\/homem-residente-em-autocaravana-abusou-da-filha-menor-apos-oferecer-alcool\/"},"modified":"2026-02-06T11:59:00","modified_gmt":"2026-02-06T14:59:00","slug":"homem-residente-em-autocaravana-abusou-da-filha-menor-apos-oferecer-alcool","status":"publish","type":"post","link":"https:\/\/portaltela.pt\/noticias\/2026\/02\/06\/homem-residente-em-autocaravana-abusou-da-filha-menor-apos-oferecer-alcool\/","title":{"rendered":"Homem residente em autocaravana abusou da filha menor ap\u00f3s oferecer \u00e1lcool"},"content":{"rendered":"<p>Um homem de 47 anos foi detido em Lisboa por alegado abuso sexual de menor dependente e viol\u00eancia dom\u00e9stica contra a filha, de 16 anos, e contra a ex-companheira. O detido ficou em pris\u00e3o preventiva, informou a Pol\u00edcia Judici\u00e1ria.<\/p>\n<p>A ocorr\u00eancia ocorreu no dia 1 de fevereiro, durante uma visita da filha ao pai, que vive numa autocaravana e passa longos per\u00edodos no estrangeiro. Nesse dia, o suspeito ofereceu bebidas alco\u00f3licas \u00e0 menor e, durante a noite, abusou sexualmente dela, enquanto dormia.<\/p>\n<p>A filha comunicou o alegado crime \u00e0 m\u00e3e, que apresentou queixa \u00e0s autoridades. A investiga\u00e7\u00e3o revelou ainda que a ex-companheira do agressor tamb\u00e9m ter\u00e1 sido v\u00edtima de viol\u00eancia dom\u00e9stica, enquadrando poss\u00edvel crime de ofensa \u00e0 integridade f\u00edsica qualificada.<\/p>\n<p>A an\u00e1lise da gravidade dos factos e o poss\u00edvel risco de fuga levaram as autoridades a deter o suspeito, que foi presente a um juiz de instru\u00e7\u00e3o criminal e recebeu a medida de pris\u00e3o preventiva.<\/p>\n","protected":false},"excerpt":{"rendered":"<ul>\n<li>Um homem, de 47 anos, foi detido em Lisboa por alegados crimes de abuso sexual de menor dependente e de viol\u00eancia dom\u00e9stica contra a filha de 16 anos e contra a ex-companheira.<\/li>\n<li>A deten\u00e7\u00e3o ocorreu ap\u00f3s a Pol\u00edcia Judici\u00e1ria avaliar a gravidade dos factos e o perigo de fuga, ficando em pris\u00e3o preventiva.<\/li>\n<li>A agress\u00e3o sexual ter\u00e1 ocorrido no dia 1 de fevereiro, durante uma visita da filha \u00e0 autocaravana onde o pai reside, passando longos per\u00edodos no estrangeiro.<\/li>\n<li>Nesse dia, o suspeito ter\u00e1 oferecido bebidas alco\u00f3licas \u00e0 menor, que pernoitou com ele e, enquanto dormia, ter\u00e1 sido v\u00edtima de abusos sexuais.<\/li>\n<li>Durante a investiga\u00e7\u00e3o, verificou-se tamb\u00e9m que a ex-companheira tinha sido v\u00edtima de viol\u00eancia dom\u00e9stica, enquadrando os factos em poss\u00edvel ofensa \u00e0 integridade f\u00edsica qualificada.<\/li>\n<\/ul>\n","protected":false},"author":2,"featured_media":201817,"comment_status":"closed","ping_status":"closed","sticky":false,"template":"","format":"standard","meta":{"footnotes":""},"categories":[1],"tags":[199,3312,981,1447,214],"class_list":["post-201811","post","type-post","status-publish","format-standard","has-post-thumbnail","hentry","category-noticias","tag-abuso-sexual-de-menor-dependente-ou-em-situacao-vulneravel","tag-bebidas-alcoolicas","tag-lisboa","tag-ofensa-a-integridade-fisica-qualificada","tag-violencia-domestica"],"yoast_head":"<!-- This site is optimized with the Yoast SEO plugin v27.2 - https:\/\/yoast.com\/product\/yoast-seo-wordpress\/ -->\n<title>Homem residente em autocaravana abusou da filha menor ap\u00f3s oferecer \u00e1lcool - Portal Tela Portugal<\/title>\n<meta name=\"robots\" content=\"index, follow, max-snippet:-1, max-image-preview:large, max-video-preview:-1\" \/>\n<meta property=\"og:locale\" content=\"pt_PT\" \/>\n<meta property=\"og:type\" content=\"article\" \/>\n<meta property=\"og:title\" content=\"Homem residente em autocaravana abusou da filha menor ap\u00f3s oferecer \u00e1lcool - Portal Tela Portugal\" \/>\n<meta property=\"og:description\" content=\"Um homem, de 47 anos, foi detido em Lisboa por alegados crimes de abuso sexual de menor dependente e de viol\u00eancia dom\u00e9stica contra a filha de 16 anos e contra a ex-companheira. A deten\u00e7\u00e3o ocorreu ap\u00f3s a Pol\u00edcia Judici\u00e1ria avaliar a gravidade dos factos e o perigo de fuga, ficando em pris\u00e3o preventiva. A agress\u00e3o sexual ter\u00e1 ocorrido no dia 1 de fevereiro, durante uma visita da filha \u00e0 autocaravana onde o pai reside, passando longos per\u00edodos no estrangeiro. Nesse dia, o suspeito ter\u00e1 oferecido bebidas alco\u00f3licas \u00e0 menor, que pernoitou com ele e, enquanto dormia, ter\u00e1 sido v\u00edtima de abusos sexuais. Durante a investiga\u00e7\u00e3o, verificou-se tamb\u00e9m que a ex-companheira tinha sido v\u00edtima de viol\u00eancia dom\u00e9stica, enquadrando os factos em poss\u00edvel ofensa \u00e0 integridade f\u00edsica qualificada.\" \/>\n<meta property=\"og:url\" content=\"https:\/\/portaltela.pt\/noticias\/2026\/02\/06\/homem-residente-em-autocaravana-abusou-da-filha-menor-apos-oferecer-alcool\/\" \/>\n<meta property=\"og:site_name\" content=\"Portal Tela Portugal\" \/>\n<meta property=\"article:published_time\" content=\"2026-02-06T14:59:00+00:00\" \/>\n<meta name=\"author\" content=\"Telinha\" \/>\n<meta name=\"twitter:card\" content=\"summary_large_image\" \/>\n<meta name=\"twitter:label1\" content=\"Escrito por\" \/>\n\t<meta name=\"twitter:data1\" content=\"Telinha\" \/>\n\t<meta name=\"twitter:label2\" content=\"Tempo estimado de leitura\" \/>\n\t<meta name=\"twitter:data2\" content=\"1 minuto\" \/>\n<script type=\"application\/ld+json\" class=\"yoast-schema-graph\">{\"@context\":\"https:\/\/schema.org\",\"@graph\":[{\"@type\":\"Article\",\"@id\":\"https:\/\/portaltela.pt\/noticias\/2026\/02\/06\/homem-residente-em-autocaravana-abusou-da-filha-menor-apos-oferecer-alcool\/#article\",\"isPartOf\":{\"@id\":\"https:\/\/portaltela.pt\/noticias\/2026\/02\/06\/homem-residente-em-autocaravana-abusou-da-filha-menor-apos-oferecer-alcool\/\"},\"author\":{\"name\":\"Telinha\",\"@id\":\"https:\/\/portaltela.pt\/#\/schema\/person\/c4278d4a6028830caff9ee44b42d32ed\"},\"headline\":\"Homem residente em autocaravana abusou da filha menor ap\u00f3s oferecer \u00e1lcool\",\"datePublished\":\"2026-02-06T14:59:00+00:00\",\"mainEntityOfPage\":{\"@id\":\"https:\/\/portaltela.pt\/noticias\/2026\/02\/06\/homem-residente-em-autocaravana-abusou-da-filha-menor-apos-oferecer-alcool\/\"},\"wordCount\":181,\"image\":{\"@id\":\"https:\/\/portaltela.pt\/noticias\/2026\/02\/06\/homem-residente-em-autocaravana-abusou-da-filha-menor-apos-oferecer-alcool\/#primaryimage\"},\"thumbnailUrl\":\"https:\/\/portaltela.pt\/s.01k8rhncp4jt1\/2026\/02\/image-484.jpg\",\"keywords\":[\"abuso sexual de menor dependente ou em situa\u00e7\u00e3o vulner\u00e1vel\",\"bebidas alco\u00f3licas\",\"Lisboa\",\"ofensa \u00e0 integridade f\u00edsica qualificada\",\"viol\u00eancia dom\u00e9stica\"],\"articleSection\":[\"Not\u00edcias\"],\"inLanguage\":\"pt-PT\"},{\"@type\":\"WebPage\",\"@id\":\"https:\/\/portaltela.pt\/noticias\/2026\/02\/06\/homem-residente-em-autocaravana-abusou-da-filha-menor-apos-oferecer-alcool\/\",\"url\":\"https:\/\/portaltela.pt\/noticias\/2026\/02\/06\/homem-residente-em-autocaravana-abusou-da-filha-menor-apos-oferecer-alcool\/\",\"name\":\"Homem residente em autocaravana abusou da filha menor ap\u00f3s oferecer \u00e1lcool - Portal Tela Portugal\",\"isPartOf\":{\"@id\":\"https:\/\/portaltela.pt\/#website\"},\"primaryImageOfPage\":{\"@id\":\"https:\/\/portaltela.pt\/noticias\/2026\/02\/06\/homem-residente-em-autocaravana-abusou-da-filha-menor-apos-oferecer-alcool\/#primaryimage\"},\"image\":{\"@id\":\"https:\/\/portaltela.pt\/noticias\/2026\/02\/06\/homem-residente-em-autocaravana-abusou-da-filha-menor-apos-oferecer-alcool\/#primaryimage\"},\"thumbnailUrl\":\"https:\/\/portaltela.pt\/s.01k8rhncp4jt1\/2026\/02\/image-484.jpg\",\"datePublished\":\"2026-02-06T14:59:00+00:00\",\"author\":{\"@id\":\"https:\/\/portaltela.pt\/#\/schema\/person\/c4278d4a6028830caff9ee44b42d32ed\"},\"breadcrumb\":{\"@id\":\"https:\/\/portaltela.pt\/noticias\/2026\/02\/06\/homem-residente-em-autocaravana-abusou-da-filha-menor-apos-oferecer-alcool\/#breadcrumb\"},\"inLanguage\":\"pt-PT\",\"potentialAction\":[{\"@type\":\"ReadAction\",\"target\":[\"https:\/\/portaltela.pt\/noticias\/2026\/02\/06\/homem-residente-em-autocaravana-abusou-da-filha-menor-apos-oferecer-alcool\/\"]}]},{\"@type\":\"ImageObject\",\"inLanguage\":\"pt-PT\",\"@id\":\"https:\/\/portaltela.pt\/noticias\/2026\/02\/06\/homem-residente-em-autocaravana-abusou-da-filha-menor-apos-oferecer-alcool\/#primaryimage\",\"url\":\"https:\/\/portaltela.pt\/s.01k8rhncp4jt1\/2026\/02\/image-484.jpg\",\"contentUrl\":\"https:\/\/portaltela.pt\/s.01k8rhncp4jt1\/2026\/02\/image-484.jpg\",\"width\":796,\"height\":448,\"caption\":\"Homem de 47 anos indiciado pela pr\u00e1tica dos crimes de abuso sexual de menor dependente e de viol\u00eancia dom\u00e9stica sobre a filha e ex-companheira\"},{\"@type\":\"BreadcrumbList\",\"@id\":\"https:\/\/portaltela.pt\/noticias\/2026\/02\/06\/homem-residente-em-autocaravana-abusou-da-filha-menor-apos-oferecer-alcool\/#breadcrumb\",\"itemListElement\":[{\"@type\":\"ListItem\",\"position\":1,\"name\":\"In\u00edcio\",\"item\":\"https:\/\/portaltela.pt\/\"},{\"@type\":\"ListItem\",\"position\":2,\"name\":\"Homem residente em autocaravana abusou da filha menor ap\u00f3s oferecer \u00e1lcool\"}]},{\"@type\":\"WebSite\",\"@id\":\"https:\/\/portaltela.pt\/#website\",\"url\":\"https:\/\/portaltela.pt\/\",\"name\":\"Portal Tela Portugal\",\"description\":\"\",\"potentialAction\":[{\"@type\":\"SearchAction\",\"target\":{\"@type\":\"EntryPoint\",\"urlTemplate\":\"https:\/\/portaltela.pt\/?s={search_term_string}\"},\"query-input\":{\"@type\":\"PropertyValueSpecification\",\"valueRequired\":true,\"valueName\":\"search_term_string\"}}],\"inLanguage\":\"pt-PT\"},{\"@type\":\"Person\",\"@id\":\"https:\/\/portaltela.pt\/#\/schema\/person\/c4278d4a6028830caff9ee44b42d32ed\",\"name\":\"Telinha\",\"image\":{\"@type\":\"ImageObject\",\"inLanguage\":\"pt-PT\",\"@id\":\"https:\/\/portaltela.pt\/s.01k8rhncp4jt1\/2025\/11\/talking-bot-125x125.png\",\"url\":\"https:\/\/portaltela.pt\/s.01k8rhncp4jt1\/2025\/11\/talking-bot-125x125.png\",\"contentUrl\":\"https:\/\/portaltela.pt\/s.01k8rhncp4jt1\/2025\/11\/talking-bot-125x125.png\",\"caption\":\"Telinha\"},\"sameAs\":[\"https:\/\/portaltela.pt\/\"],\"url\":\"https:\/\/portaltela.pt\/por\/367410592786\/\"}]}<\/script>\n<!-- \/ Yoast SEO plugin. -->","yoast_head_json":{"title":"Homem residente em autocaravana abusou da filha menor ap\u00f3s oferecer \u00e1lcool - Portal Tela Portugal","robots":{"index":"index","follow":"follow","max-snippet":"max-snippet:-1","max-image-preview":"max-image-preview:large","max-video-preview":"max-video-preview:-1"},"og_locale":"pt_PT","og_type":"article","og_title":"Homem residente em autocaravana abusou da filha menor ap\u00f3s oferecer \u00e1lcool - Portal Tela Portugal","og_description":"Um homem, de 47 anos, foi detido em Lisboa por alegados crimes de abuso sexual de menor dependente e de viol\u00eancia dom\u00e9stica contra a filha de 16 anos e contra a ex-companheira. A deten\u00e7\u00e3o ocorreu ap\u00f3s a Pol\u00edcia Judici\u00e1ria avaliar a gravidade dos factos e o perigo de fuga, ficando em pris\u00e3o preventiva. A agress\u00e3o sexual ter\u00e1 ocorrido no dia 1 de fevereiro, durante uma visita da filha \u00e0 autocaravana onde o pai reside, passando longos per\u00edodos no estrangeiro. Nesse dia, o suspeito ter\u00e1 oferecido bebidas alco\u00f3licas \u00e0 menor, que pernoitou com ele e, enquanto dormia, ter\u00e1 sido v\u00edtima de abusos sexuais. Durante a investiga\u00e7\u00e3o, verificou-se tamb\u00e9m que a ex-companheira tinha sido v\u00edtima de viol\u00eancia dom\u00e9stica, enquadrando os factos em poss\u00edvel ofensa \u00e0 integridade f\u00edsica qualificada.","og_url":"https:\/\/portaltela.pt\/noticias\/2026\/02\/06\/homem-residente-em-autocaravana-abusou-da-filha-menor-apos-oferecer-alcool\/","og_site_name":"Portal Tela Portugal","article_published_time":"2026-02-06T14:59:00+00:00","author":"Telinha","twitter_card":"summary_large_image","twitter_misc":{"Escrito por":"Telinha","Tempo estimado de leitura":"1 minuto"},"schema":{"@context":"https:\/\/schema.org","@graph":[{"@type":"Article","@id":"https:\/\/portaltela.pt\/noticias\/2026\/02\/06\/homem-residente-em-autocaravana-abusou-da-filha-menor-apos-oferecer-alcool\/#article","isPartOf":{"@id":"https:\/\/portaltela.pt\/noticias\/2026\/02\/06\/homem-residente-em-autocaravana-abusou-da-filha-menor-apos-oferecer-alcool\/"},"author":{"name":"Telinha","@id":"https:\/\/portaltela.pt\/#\/schema\/person\/c4278d4a6028830caff9ee44b42d32ed"},"headline":"Homem residente em autocaravana abusou da filha menor ap\u00f3s oferecer \u00e1lcool","datePublished":"2026-02-06T14:59:00+00:00","mainEntityOfPage":{"@id":"https:\/\/portaltela.pt\/noticias\/2026\/02\/06\/homem-residente-em-autocaravana-abusou-da-filha-menor-apos-oferecer-alcool\/"},"wordCount":181,"image":{"@id":"https:\/\/portaltela.pt\/noticias\/2026\/02\/06\/homem-residente-em-autocaravana-abusou-da-filha-menor-apos-oferecer-alcool\/#primaryimage"},"thumbnailUrl":"https:\/\/portaltela.pt\/s.01k8rhncp4jt1\/2026\/02\/image-484.jpg","keywords":["abuso sexual de menor dependente ou em situa\u00e7\u00e3o vulner\u00e1vel","bebidas alco\u00f3licas","Lisboa","ofensa \u00e0 integridade f\u00edsica qualificada","viol\u00eancia dom\u00e9stica"],"articleSection":["Not\u00edcias"],"inLanguage":"pt-PT"},{"@type":"WebPage","@id":"https:\/\/portaltela.pt\/noticias\/2026\/02\/06\/homem-residente-em-autocaravana-abusou-da-filha-menor-apos-oferecer-alcool\/","url":"https:\/\/portaltela.pt\/noticias\/2026\/02\/06\/homem-residente-em-autocaravana-abusou-da-filha-menor-apos-oferecer-alcool\/","name":"Homem residente em autocaravana abusou da filha menor ap\u00f3s oferecer \u00e1lcool - Portal Tela Portugal","isPartOf":{"@id":"https:\/\/portaltela.pt\/#website"},"primaryImageOfPage":{"@id":"https:\/\/portaltela.pt\/noticias\/2026\/02\/06\/homem-residente-em-autocaravana-abusou-da-filha-menor-apos-oferecer-alcool\/#primaryimage"},"image":{"@id":"https:\/\/portaltela.pt\/noticias\/2026\/02\/06\/homem-residente-em-autocaravana-abusou-da-filha-menor-apos-oferecer-alcool\/#primaryimage"},"thumbnailUrl":"https:\/\/portaltela.pt\/s.01k8rhncp4jt1\/2026\/02\/image-484.jpg","datePublished":"2026-02-06T14:59:00+00:00","author":{"@id":"https:\/\/portaltela.pt\/#\/schema\/person\/c4278d4a6028830caff9ee44b42d32ed"},"breadcrumb":{"@id":"https:\/\/portaltela.pt\/noticias\/2026\/02\/06\/homem-residente-em-autocaravana-abusou-da-filha-menor-apos-oferecer-alcool\/#breadcrumb"},"inLanguage":"pt-PT","potentialAction":[{"@type":"ReadAction","target":["https:\/\/portaltela.pt\/noticias\/2026\/02\/06\/homem-residente-em-autocaravana-abusou-da-filha-menor-apos-oferecer-alcool\/"]}]},{"@type":"ImageObject","inLanguage":"pt-PT","@id":"https:\/\/portaltela.pt\/noticias\/2026\/02\/06\/homem-residente-em-autocaravana-abusou-da-filha-menor-apos-oferecer-alcool\/#primaryimage","url":"https:\/\/portaltela.pt\/s.01k8rhncp4jt1\/2026\/02\/image-484.jpg","contentUrl":"https:\/\/portaltela.pt\/s.01k8rhncp4jt1\/2026\/02\/image-484.jpg","width":796,"height":448,"caption":"Homem de 47 anos indiciado pela pr\u00e1tica dos crimes de abuso sexual de menor dependente e de viol\u00eancia dom\u00e9stica sobre a filha e ex-companheira"},{"@type":"BreadcrumbList","@id":"https:\/\/portaltela.pt\/noticias\/2026\/02\/06\/homem-residente-em-autocaravana-abusou-da-filha-menor-apos-oferecer-alcool\/#breadcrumb","itemListElement":[{"@type":"ListItem","position":1,"name":"In\u00edcio","item":"https:\/\/portaltela.pt\/"},{"@type":"ListItem","position":2,"name":"Homem residente em autocaravana abusou da filha menor ap\u00f3s oferecer \u00e1lcool"}]},{"@type":"WebSite","@id":"https:\/\/portaltela.pt\/#website","url":"https:\/\/portaltela.pt\/","name":"Portal Tela Portugal","description":"","potentialAction":[{"@type":"SearchAction","target":{"@type":"EntryPoint","urlTemplate":"https:\/\/portaltela.pt\/?s={search_term_string}"},"query-input":{"@type":"PropertyValueSpecification","valueRequired":true,"valueName":"search_term_string"}}],"inLanguage":"pt-PT"},{"@type":"Person","@id":"https:\/\/portaltela.pt\/#\/schema\/person\/c4278d4a6028830caff9ee44b42d32ed","name":"Telinha","image":{"@type":"ImageObject","inLanguage":"pt-PT","@id":"https:\/\/portaltela.pt\/s.01k8rhncp4jt1\/2025\/11\/talking-bot-125x125.png","url":"https:\/\/portaltela.pt\/s.01k8rhncp4jt1\/2025\/11\/talking-bot-125x125.png","contentUrl":"https:\/\/portaltela.pt\/s.01k8rhncp4jt1\/2025\/11\/talking-bot-125x125.png","caption":"Telinha"},"sameAs":["https:\/\/portaltela.pt\/"],"url":"https:\/\/portaltela.pt\/por\/367410592786\/"}]}},"_links":{"self":[{"href":"https:\/\/portaltela.pt\/api\/wp\/v2\/posts\/201811","targetHints":{"allow":["GET"]}}],"collection":[{"href":"https:\/\/portaltela.pt\/api\/wp\/v2\/posts"}],"about":[{"href":"https:\/\/portaltela.pt\/api\/wp\/v2\/types\/post"}],"author":[{"embeddable":true,"href":"https:\/\/portaltela.pt\/api\/wp\/v2\/users\/2"}],"replies":[{"embeddable":true,"href":"https:\/\/portaltela.pt\/api\/wp\/v2\/comments?post=201811"}],"version-history":[{"count":0,"href":"https:\/\/portaltela.pt\/api\/wp\/v2\/posts\/201811\/revisions"}],"wp:featuredmedia":[{"embeddable":true,"href":"https:\/\/portaltela.pt\/api\/wp\/v2\/media\/201817"}],"wp:attachment":[{"href":"https:\/\/portaltela.pt\/api\/wp\/v2\/media?parent=201811"}],"wp:term":[{"taxonomy":"category","embeddable":true,"href":"https:\/\/portaltela.pt\/api\/wp\/v2\/categories?post=201811"},{"taxonomy":"post_tag","embeddable":true,"href":"https:\/\/portaltela.pt\/api\/wp\/v2\/tags?post=201811"}],"curies":[{"name":"wp","href":"https:\/\/api.w.org\/{rel}","templated":true}]}}