{"id":201808,"date":"2026-02-06T12:08:51","date_gmt":"2026-02-06T15:08:51","guid":{"rendered":"https:\/\/portaltela.pt\/noticias\/2026\/02\/06\/situacao-grave-mas-controlada-diz-pedro-duarte-sobre-mau-tempo-no-douro\/"},"modified":"2026-02-06T12:08:51","modified_gmt":"2026-02-06T15:08:51","slug":"situacao-grave-mas-controlada-diz-pedro-duarte-sobre-mau-tempo-no-douro","status":"publish","type":"post","link":"https:\/\/portaltela.pt\/noticias\/2026\/02\/06\/situacao-grave-mas-controlada-diz-pedro-duarte-sobre-mau-tempo-no-douro\/","title":{"rendered":"Situa\u00e7\u00e3o grave, mas controlada, diz Pedro Duarte sobre mau tempo no Douro"},"content":{"rendered":"<p>Doutro a situa\u00e7\u00e3o de mau tempo tem levado a cheias que afectaram v\u00e1rias zonas do Douro, especialmente na regi\u00e3o de Const\u00e2ncia. O presidente da C\u00e2mara do Porto assegura que, apesar da gravidade, a situa\u00e7\u00e3o est\u00e1 sob controlo. A popula\u00e7\u00e3o pode contar com o apoio de toda a prote\u00e7\u00e3o civil.<\/p>\n<p>Imagens a\u00e9reas da For\u00e7a A\u00e9rea mostram zonas alagadas e \u00e1reas afetadas, ajudando a avaliar os estragos e a planear opera\u00e7\u00f5es de resposta. Bombeiros, prote\u00e7\u00e3o civil e autoridades monitorizam o evoluir das cheias.<\/p>\n<p>O caso de Const\u00e2ncia tem vindo a concentrar aten\u00e7\u00f5es, com relatos de desloca\u00e7\u00f5es de residentes em seguran\u00e7a e de tentativas de travar avan\u00e7os de \u00e1gua e sedimentos. A prioridade \u00e9 manter vias de comunica\u00e7\u00e3o abertas e garantir assist\u00eancia.<\/p>\n<p>Relatos de moradores indicam que algumas estruturas foram perturbadas pela subida do caudal, causando preju\u00edzos materiais. As autoridades apelam \u00e0 popula\u00e7\u00e3o para seguir indica\u00e7\u00f5es e manter-se informada pelos canais oficiais.<\/p>\n","protected":false},"excerpt":{"rendered":"<ul>\n<li>Mesmo com a gravidade, a situa\u00e7\u00e3o est\u00e1 controlada, segundo Pedro Duarte, presidente da C\u00e2mara do Porto, e afirmou que a popula\u00e7\u00e3o pode contar com o apoio de toda a prote\u00e7\u00e3o civil.<\/li>\n<li>Pedro Duarte disse que a popula\u00e7\u00e3o pode contar com o apoio de toda a prote\u00e7\u00e3o civil.<\/li>\n<li>Imagens a\u00e9reas da For\u00e7a A\u00e9rea mostram \u00e1reas afetadas pelas cheias.<\/li>\n<li>Cunhado da 13\u00aa v\u00edtima mortal explica o que aconteceu.<\/li>\n<li>Equipa da CMTV acompanha moradores em viagem de barco pelas ruas alagadas em Const\u00e2ncia.<\/li>\n<\/ul>\n","protected":false},"author":2,"featured_media":201810,"comment_status":"closed","ping_status":"closed","sticky":false,"template":"","format":"standard","meta":{"footnotes":""},"categories":[1],"tags":[1331,971,4021,1194,4299,320],"class_list":["post-201808","post","type-post","status-publish","format-standard","has-post-thumbnail","hentry","category-noticias","tag-alagamento","tag-bombeiros","tag-constancia","tag-douro","tag-forca-aerea","tag-protecao-civil"],"yoast_head":"<!-- This site is optimized with the Yoast SEO plugin v27.2 - https:\/\/yoast.com\/product\/yoast-seo-wordpress\/ -->\n<title>Situa\u00e7\u00e3o grave, mas controlada, diz Pedro Duarte sobre mau tempo no Douro - Portal Tela Portugal<\/title>\n<meta name=\"robots\" content=\"index, follow, max-snippet:-1, max-image-preview:large, max-video-preview:-1\" \/>\n<meta property=\"og:locale\" content=\"pt_PT\" \/>\n<meta property=\"og:type\" content=\"article\" \/>\n<meta property=\"og:title\" content=\"Situa\u00e7\u00e3o grave, mas controlada, diz Pedro Duarte sobre mau tempo no Douro - Portal Tela Portugal\" \/>\n<meta property=\"og:description\" content=\"Mesmo com a gravidade, a situa\u00e7\u00e3o est\u00e1 controlada, segundo Pedro Duarte, presidente da C\u00e2mara do Porto, e afirmou que a popula\u00e7\u00e3o pode contar com o apoio de toda a prote\u00e7\u00e3o civil. Pedro Duarte disse que a popula\u00e7\u00e3o pode contar com o apoio de toda a prote\u00e7\u00e3o civil. Imagens a\u00e9reas da For\u00e7a A\u00e9rea mostram \u00e1reas afetadas pelas cheias. Cunhado da 13\u00aa v\u00edtima mortal explica o que aconteceu. Equipa da CMTV acompanha moradores em viagem de barco pelas ruas alagadas em Const\u00e2ncia.\" \/>\n<meta property=\"og:url\" content=\"https:\/\/portaltela.pt\/noticias\/2026\/02\/06\/situacao-grave-mas-controlada-diz-pedro-duarte-sobre-mau-tempo-no-douro\/\" \/>\n<meta property=\"og:site_name\" content=\"Portal Tela Portugal\" \/>\n<meta property=\"article:published_time\" content=\"2026-02-06T15:08:51+00:00\" \/>\n<meta name=\"author\" content=\"Telinha\" \/>\n<meta name=\"twitter:card\" content=\"summary_large_image\" \/>\n<meta name=\"twitter:label1\" content=\"Escrito por\" \/>\n\t<meta name=\"twitter:data1\" content=\"Telinha\" \/>\n\t<meta name=\"twitter:label2\" content=\"Tempo estimado de leitura\" \/>\n\t<meta name=\"twitter:data2\" content=\"1 minuto\" \/>\n<script type=\"application\/ld+json\" class=\"yoast-schema-graph\">{\"@context\":\"https:\/\/schema.org\",\"@graph\":[{\"@type\":\"Article\",\"@id\":\"https:\/\/portaltela.pt\/noticias\/2026\/02\/06\/situacao-grave-mas-controlada-diz-pedro-duarte-sobre-mau-tempo-no-douro\/#article\",\"isPartOf\":{\"@id\":\"https:\/\/portaltela.pt\/noticias\/2026\/02\/06\/situacao-grave-mas-controlada-diz-pedro-duarte-sobre-mau-tempo-no-douro\/\"},\"author\":{\"name\":\"Telinha\",\"@id\":\"https:\/\/portaltela.pt\/#\/schema\/person\/c4278d4a6028830caff9ee44b42d32ed\"},\"headline\":\"Situa\u00e7\u00e3o grave, mas controlada, diz Pedro Duarte sobre mau tempo no Douro\",\"datePublished\":\"2026-02-06T15:08:51+00:00\",\"mainEntityOfPage\":{\"@id\":\"https:\/\/portaltela.pt\/noticias\/2026\/02\/06\/situacao-grave-mas-controlada-diz-pedro-duarte-sobre-mau-tempo-no-douro\/\"},\"wordCount\":183,\"image\":{\"@id\":\"https:\/\/portaltela.pt\/noticias\/2026\/02\/06\/situacao-grave-mas-controlada-diz-pedro-duarte-sobre-mau-tempo-no-douro\/#primaryimage\"},\"thumbnailUrl\":\"https:\/\/portaltela.pt\/s.01k8rhncp4jt1\/2026\/02\/img_1280x722uu2026-02-06-13-27-25-2265229.jpg\",\"keywords\":[\"alagamento\",\"bombeiros\",\"Const\u00e2ncia\",\"Douro\",\"For\u00e7a A\u00e9rea\",\"prote\u00e7\u00e3o civil\"],\"articleSection\":[\"Not\u00edcias\"],\"inLanguage\":\"pt-PT\"},{\"@type\":\"WebPage\",\"@id\":\"https:\/\/portaltela.pt\/noticias\/2026\/02\/06\/situacao-grave-mas-controlada-diz-pedro-duarte-sobre-mau-tempo-no-douro\/\",\"url\":\"https:\/\/portaltela.pt\/noticias\/2026\/02\/06\/situacao-grave-mas-controlada-diz-pedro-duarte-sobre-mau-tempo-no-douro\/\",\"name\":\"Situa\u00e7\u00e3o grave, mas controlada, diz Pedro Duarte sobre mau tempo no Douro - Portal Tela Portugal\",\"isPartOf\":{\"@id\":\"https:\/\/portaltela.pt\/#website\"},\"primaryImageOfPage\":{\"@id\":\"https:\/\/portaltela.pt\/noticias\/2026\/02\/06\/situacao-grave-mas-controlada-diz-pedro-duarte-sobre-mau-tempo-no-douro\/#primaryimage\"},\"image\":{\"@id\":\"https:\/\/portaltela.pt\/noticias\/2026\/02\/06\/situacao-grave-mas-controlada-diz-pedro-duarte-sobre-mau-tempo-no-douro\/#primaryimage\"},\"thumbnailUrl\":\"https:\/\/portaltela.pt\/s.01k8rhncp4jt1\/2026\/02\/img_1280x722uu2026-02-06-13-27-25-2265229.jpg\",\"datePublished\":\"2026-02-06T15:08:51+00:00\",\"author\":{\"@id\":\"https:\/\/portaltela.pt\/#\/schema\/person\/c4278d4a6028830caff9ee44b42d32ed\"},\"breadcrumb\":{\"@id\":\"https:\/\/portaltela.pt\/noticias\/2026\/02\/06\/situacao-grave-mas-controlada-diz-pedro-duarte-sobre-mau-tempo-no-douro\/#breadcrumb\"},\"inLanguage\":\"pt-PT\",\"potentialAction\":[{\"@type\":\"ReadAction\",\"target\":[\"https:\/\/portaltela.pt\/noticias\/2026\/02\/06\/situacao-grave-mas-controlada-diz-pedro-duarte-sobre-mau-tempo-no-douro\/\"]}]},{\"@type\":\"ImageObject\",\"inLanguage\":\"pt-PT\",\"@id\":\"https:\/\/portaltela.pt\/noticias\/2026\/02\/06\/situacao-grave-mas-controlada-diz-pedro-duarte-sobre-mau-tempo-no-douro\/#primaryimage\",\"url\":\"https:\/\/portaltela.pt\/s.01k8rhncp4jt1\/2026\/02\/img_1280x722uu2026-02-06-13-27-25-2265229.jpg\",\"contentUrl\":\"https:\/\/portaltela.pt\/s.01k8rhncp4jt1\/2026\/02\/img_1280x722uu2026-02-06-13-27-25-2265229.jpg\",\"width\":796,\"height\":448,\"caption\":\"Photo\"},{\"@type\":\"BreadcrumbList\",\"@id\":\"https:\/\/portaltela.pt\/noticias\/2026\/02\/06\/situacao-grave-mas-controlada-diz-pedro-duarte-sobre-mau-tempo-no-douro\/#breadcrumb\",\"itemListElement\":[{\"@type\":\"ListItem\",\"position\":1,\"name\":\"In\u00edcio\",\"item\":\"https:\/\/portaltela.pt\/\"},{\"@type\":\"ListItem\",\"position\":2,\"name\":\"Situa\u00e7\u00e3o grave, mas controlada, diz Pedro Duarte sobre mau tempo no Douro\"}]},{\"@type\":\"WebSite\",\"@id\":\"https:\/\/portaltela.pt\/#website\",\"url\":\"https:\/\/portaltela.pt\/\",\"name\":\"Portal Tela Portugal\",\"description\":\"\",\"potentialAction\":[{\"@type\":\"SearchAction\",\"target\":{\"@type\":\"EntryPoint\",\"urlTemplate\":\"https:\/\/portaltela.pt\/?s={search_term_string}\"},\"query-input\":{\"@type\":\"PropertyValueSpecification\",\"valueRequired\":true,\"valueName\":\"search_term_string\"}}],\"inLanguage\":\"pt-PT\"},{\"@type\":\"Person\",\"@id\":\"https:\/\/portaltela.pt\/#\/schema\/person\/c4278d4a6028830caff9ee44b42d32ed\",\"name\":\"Telinha\",\"image\":{\"@type\":\"ImageObject\",\"inLanguage\":\"pt-PT\",\"@id\":\"https:\/\/portaltela.pt\/s.01k8rhncp4jt1\/2025\/11\/talking-bot-125x125.png\",\"url\":\"https:\/\/portaltela.pt\/s.01k8rhncp4jt1\/2025\/11\/talking-bot-125x125.png\",\"contentUrl\":\"https:\/\/portaltela.pt\/s.01k8rhncp4jt1\/2025\/11\/talking-bot-125x125.png\",\"caption\":\"Telinha\"},\"sameAs\":[\"https:\/\/portaltela.pt\/\"],\"url\":\"https:\/\/portaltela.pt\/por\/367410592786\/\"}]}<\/script>\n<!-- \/ Yoast SEO plugin. -->","yoast_head_json":{"title":"Situa\u00e7\u00e3o grave, mas controlada, diz Pedro Duarte sobre mau tempo no Douro - Portal Tela Portugal","robots":{"index":"index","follow":"follow","max-snippet":"max-snippet:-1","max-image-preview":"max-image-preview:large","max-video-preview":"max-video-preview:-1"},"og_locale":"pt_PT","og_type":"article","og_title":"Situa\u00e7\u00e3o grave, mas controlada, diz Pedro Duarte sobre mau tempo no Douro - Portal Tela Portugal","og_description":"Mesmo com a gravidade, a situa\u00e7\u00e3o est\u00e1 controlada, segundo Pedro Duarte, presidente da C\u00e2mara do Porto, e afirmou que a popula\u00e7\u00e3o pode contar com o apoio de toda a prote\u00e7\u00e3o civil. Pedro Duarte disse que a popula\u00e7\u00e3o pode contar com o apoio de toda a prote\u00e7\u00e3o civil. Imagens a\u00e9reas da For\u00e7a A\u00e9rea mostram \u00e1reas afetadas pelas cheias. Cunhado da 13\u00aa v\u00edtima mortal explica o que aconteceu. Equipa da CMTV acompanha moradores em viagem de barco pelas ruas alagadas em Const\u00e2ncia.","og_url":"https:\/\/portaltela.pt\/noticias\/2026\/02\/06\/situacao-grave-mas-controlada-diz-pedro-duarte-sobre-mau-tempo-no-douro\/","og_site_name":"Portal Tela Portugal","article_published_time":"2026-02-06T15:08:51+00:00","author":"Telinha","twitter_card":"summary_large_image","twitter_misc":{"Escrito por":"Telinha","Tempo estimado de leitura":"1 minuto"},"schema":{"@context":"https:\/\/schema.org","@graph":[{"@type":"Article","@id":"https:\/\/portaltela.pt\/noticias\/2026\/02\/06\/situacao-grave-mas-controlada-diz-pedro-duarte-sobre-mau-tempo-no-douro\/#article","isPartOf":{"@id":"https:\/\/portaltela.pt\/noticias\/2026\/02\/06\/situacao-grave-mas-controlada-diz-pedro-duarte-sobre-mau-tempo-no-douro\/"},"author":{"name":"Telinha","@id":"https:\/\/portaltela.pt\/#\/schema\/person\/c4278d4a6028830caff9ee44b42d32ed"},"headline":"Situa\u00e7\u00e3o grave, mas controlada, diz Pedro Duarte sobre mau tempo no Douro","datePublished":"2026-02-06T15:08:51+00:00","mainEntityOfPage":{"@id":"https:\/\/portaltela.pt\/noticias\/2026\/02\/06\/situacao-grave-mas-controlada-diz-pedro-duarte-sobre-mau-tempo-no-douro\/"},"wordCount":183,"image":{"@id":"https:\/\/portaltela.pt\/noticias\/2026\/02\/06\/situacao-grave-mas-controlada-diz-pedro-duarte-sobre-mau-tempo-no-douro\/#primaryimage"},"thumbnailUrl":"https:\/\/portaltela.pt\/s.01k8rhncp4jt1\/2026\/02\/img_1280x722uu2026-02-06-13-27-25-2265229.jpg","keywords":["alagamento","bombeiros","Const\u00e2ncia","Douro","For\u00e7a A\u00e9rea","prote\u00e7\u00e3o civil"],"articleSection":["Not\u00edcias"],"inLanguage":"pt-PT"},{"@type":"WebPage","@id":"https:\/\/portaltela.pt\/noticias\/2026\/02\/06\/situacao-grave-mas-controlada-diz-pedro-duarte-sobre-mau-tempo-no-douro\/","url":"https:\/\/portaltela.pt\/noticias\/2026\/02\/06\/situacao-grave-mas-controlada-diz-pedro-duarte-sobre-mau-tempo-no-douro\/","name":"Situa\u00e7\u00e3o grave, mas controlada, diz Pedro Duarte sobre mau tempo no Douro - Portal Tela Portugal","isPartOf":{"@id":"https:\/\/portaltela.pt\/#website"},"primaryImageOfPage":{"@id":"https:\/\/portaltela.pt\/noticias\/2026\/02\/06\/situacao-grave-mas-controlada-diz-pedro-duarte-sobre-mau-tempo-no-douro\/#primaryimage"},"image":{"@id":"https:\/\/portaltela.pt\/noticias\/2026\/02\/06\/situacao-grave-mas-controlada-diz-pedro-duarte-sobre-mau-tempo-no-douro\/#primaryimage"},"thumbnailUrl":"https:\/\/portaltela.pt\/s.01k8rhncp4jt1\/2026\/02\/img_1280x722uu2026-02-06-13-27-25-2265229.jpg","datePublished":"2026-02-06T15:08:51+00:00","author":{"@id":"https:\/\/portaltela.pt\/#\/schema\/person\/c4278d4a6028830caff9ee44b42d32ed"},"breadcrumb":{"@id":"https:\/\/portaltela.pt\/noticias\/2026\/02\/06\/situacao-grave-mas-controlada-diz-pedro-duarte-sobre-mau-tempo-no-douro\/#breadcrumb"},"inLanguage":"pt-PT","potentialAction":[{"@type":"ReadAction","target":["https:\/\/portaltela.pt\/noticias\/2026\/02\/06\/situacao-grave-mas-controlada-diz-pedro-duarte-sobre-mau-tempo-no-douro\/"]}]},{"@type":"ImageObject","inLanguage":"pt-PT","@id":"https:\/\/portaltela.pt\/noticias\/2026\/02\/06\/situacao-grave-mas-controlada-diz-pedro-duarte-sobre-mau-tempo-no-douro\/#primaryimage","url":"https:\/\/portaltela.pt\/s.01k8rhncp4jt1\/2026\/02\/img_1280x722uu2026-02-06-13-27-25-2265229.jpg","contentUrl":"https:\/\/portaltela.pt\/s.01k8rhncp4jt1\/2026\/02\/img_1280x722uu2026-02-06-13-27-25-2265229.jpg","width":796,"height":448,"caption":"Photo"},{"@type":"BreadcrumbList","@id":"https:\/\/portaltela.pt\/noticias\/2026\/02\/06\/situacao-grave-mas-controlada-diz-pedro-duarte-sobre-mau-tempo-no-douro\/#breadcrumb","itemListElement":[{"@type":"ListItem","position":1,"name":"In\u00edcio","item":"https:\/\/portaltela.pt\/"},{"@type":"ListItem","position":2,"name":"Situa\u00e7\u00e3o grave, mas controlada, diz Pedro Duarte sobre mau tempo no Douro"}]},{"@type":"WebSite","@id":"https:\/\/portaltela.pt\/#website","url":"https:\/\/portaltela.pt\/","name":"Portal Tela Portugal","description":"","potentialAction":[{"@type":"SearchAction","target":{"@type":"EntryPoint","urlTemplate":"https:\/\/portaltela.pt\/?s={search_term_string}"},"query-input":{"@type":"PropertyValueSpecification","valueRequired":true,"valueName":"search_term_string"}}],"inLanguage":"pt-PT"},{"@type":"Person","@id":"https:\/\/portaltela.pt\/#\/schema\/person\/c4278d4a6028830caff9ee44b42d32ed","name":"Telinha","image":{"@type":"ImageObject","inLanguage":"pt-PT","@id":"https:\/\/portaltela.pt\/s.01k8rhncp4jt1\/2025\/11\/talking-bot-125x125.png","url":"https:\/\/portaltela.pt\/s.01k8rhncp4jt1\/2025\/11\/talking-bot-125x125.png","contentUrl":"https:\/\/portaltela.pt\/s.01k8rhncp4jt1\/2025\/11\/talking-bot-125x125.png","caption":"Telinha"},"sameAs":["https:\/\/portaltela.pt\/"],"url":"https:\/\/portaltela.pt\/por\/367410592786\/"}]}},"_links":{"self":[{"href":"https:\/\/portaltela.pt\/api\/wp\/v2\/posts\/201808","targetHints":{"allow":["GET"]}}],"collection":[{"href":"https:\/\/portaltela.pt\/api\/wp\/v2\/posts"}],"about":[{"href":"https:\/\/portaltela.pt\/api\/wp\/v2\/types\/post"}],"author":[{"embeddable":true,"href":"https:\/\/portaltela.pt\/api\/wp\/v2\/users\/2"}],"replies":[{"embeddable":true,"href":"https:\/\/portaltela.pt\/api\/wp\/v2\/comments?post=201808"}],"version-history":[{"count":0,"href":"https:\/\/portaltela.pt\/api\/wp\/v2\/posts\/201808\/revisions"}],"wp:featuredmedia":[{"embeddable":true,"href":"https:\/\/portaltela.pt\/api\/wp\/v2\/media\/201810"}],"wp:attachment":[{"href":"https:\/\/portaltela.pt\/api\/wp\/v2\/media?parent=201808"}],"wp:term":[{"taxonomy":"category","embeddable":true,"href":"https:\/\/portaltela.pt\/api\/wp\/v2\/categories?post=201808"},{"taxonomy":"post_tag","embeddable":true,"href":"https:\/\/portaltela.pt\/api\/wp\/v2\/tags?post=201808"}],"curies":[{"name":"wp","href":"https:\/\/api.w.org\/{rel}","templated":true}]}}