{"id":201764,"date":"2026-02-06T11:31:28","date_gmt":"2026-02-06T14:31:28","guid":{"rendered":"https:\/\/portaltela.pt\/noticias\/2026\/02\/06\/equipa-da-cmtv-acompanha-moradores-em-barco-pelas-ruas-alagadas-de-constancia\/"},"modified":"2026-02-06T11:31:28","modified_gmt":"2026-02-06T14:31:28","slug":"equipa-da-cmtv-acompanha-moradores-em-barco-pelas-ruas-alagadas-de-constancia","status":"publish","type":"post","link":"https:\/\/portaltela.pt\/noticias\/2026\/02\/06\/equipa-da-cmtv-acompanha-moradores-em-barco-pelas-ruas-alagadas-de-constancia\/","title":{"rendered":"Equipa da CMTV acompanha moradores em barco pelas ruas alagadas de Const\u00e2ncia"},"content":{"rendered":"<p>A equipa da CMTV acompanhou moradores durante uma viagem de barco pelas ruas de Const\u00e2ncia, onde o alagamento persiste devido \u00e0s cheias em curso. O objetivo \u00e9 servir de vis\u00e3o direta da realidade local.<\/p>\n<p>Moradores utilizam embarca\u00e7\u00f5es para se deslocarem entre casas, lojas e \u00e1reas comuns, j\u00e1 sem vias de circula\u00e7\u00e3o seguras para ve\u00edculos ou pe\u00f5es. A \u00e1gua cobre v\u00e1rias art\u00e9rias da vila, dificultando a mobilidade quotidiana.<\/p>\n<p>Imagens a\u00e9reas da For\u00e7a A\u00e9rea mostram as zonas mais afetadas pelas cheias, ajudando a mapear o alcance da inunda\u00e7\u00e3o e as \u00e1reas priorit\u00e1rias para apoio.<\/p>\n<p>O cunhado da 13\u00aa v\u00edtima mortal descreve o sucedido durante o incidente, mencionando que uma chapa acabou por atingir algu\u00e9m e lan\u00e7\u00e1-lo ao ch\u00e3o. A informa\u00e7\u00e3o est\u00e1 a ser apurada pelas autoridades competentes.<\/p>\n<p>A situa\u00e7\u00e3o continua a exigir acompanhamento das autoridades locais e de servi\u00e7os de emerg\u00eancia, com desloca\u00e7\u00f5es limitadas e medidas de prote\u00e7\u00e3o em curso.<\/p>\n","protected":false},"excerpt":{"rendered":"<ul>\n<li>Equipa da CMTV acompanhou moradores numa viagem de barco pelas ruas de Const\u00e2ncia, inundadas pelas cheias.<\/li>\n<li>Moradores utilizam embarca\u00e7\u00f5es para se deslocarem pela localidade afetada pelas cheias.<\/li>\n<li>Imagens a\u00e9reas da For\u00e7a A\u00e9rea mostram \u00e1reas atingidas pelas cheias.<\/li>\n<li>A situa\u00e7\u00e3o costuma exigir monitoriza\u00e7\u00e3o constante e cobertura medi\u00e1tica da evolu\u00e7\u00e3o das cheias.<\/li>\n<\/ul>\n","protected":false},"author":2,"featured_media":201766,"comment_status":"closed","ping_status":"closed","sticky":false,"template":"","format":"standard","meta":{"footnotes":""},"categories":[1],"tags":[2625,1331,4021,4191,1935,4299],"class_list":["post-201764","post","type-post","status-publish","format-standard","has-post-thumbnail","hentry","category-noticias","tag-aeronautica","tag-alagamento","tag-constancia","tag-deslocacoes","tag-emergencias","tag-forca-aerea"],"yoast_head":"<!-- This site is optimized with the Yoast SEO plugin v27.2 - https:\/\/yoast.com\/product\/yoast-seo-wordpress\/ -->\n<title>Equipa da CMTV acompanha moradores em barco pelas ruas alagadas de Const\u00e2ncia - Portal Tela Portugal<\/title>\n<meta name=\"robots\" content=\"index, follow, max-snippet:-1, max-image-preview:large, max-video-preview:-1\" \/>\n<meta property=\"og:locale\" content=\"pt_PT\" \/>\n<meta property=\"og:type\" content=\"article\" \/>\n<meta property=\"og:title\" content=\"Equipa da CMTV acompanha moradores em barco pelas ruas alagadas de Const\u00e2ncia - Portal Tela Portugal\" \/>\n<meta property=\"og:description\" content=\"Equipa da CMTV acompanhou moradores numa viagem de barco pelas ruas de Const\u00e2ncia, inundadas pelas cheias. Moradores utilizam embarca\u00e7\u00f5es para se deslocarem pela localidade afetada pelas cheias. Imagens a\u00e9reas da For\u00e7a A\u00e9rea mostram \u00e1reas atingidas pelas cheias. A situa\u00e7\u00e3o costuma exigir monitoriza\u00e7\u00e3o constante e cobertura medi\u00e1tica da evolu\u00e7\u00e3o das cheias.\" \/>\n<meta property=\"og:url\" content=\"https:\/\/portaltela.pt\/noticias\/2026\/02\/06\/equipa-da-cmtv-acompanha-moradores-em-barco-pelas-ruas-alagadas-de-constancia\/\" \/>\n<meta property=\"og:site_name\" content=\"Portal Tela Portugal\" \/>\n<meta property=\"article:published_time\" content=\"2026-02-06T14:31:28+00:00\" \/>\n<meta name=\"author\" content=\"Telinha\" \/>\n<meta name=\"twitter:card\" content=\"summary_large_image\" \/>\n<meta name=\"twitter:label1\" content=\"Escrito por\" \/>\n\t<meta name=\"twitter:data1\" content=\"Telinha\" \/>\n\t<meta name=\"twitter:label2\" content=\"Tempo estimado de leitura\" \/>\n\t<meta name=\"twitter:data2\" content=\"1 minuto\" \/>\n<script type=\"application\/ld+json\" class=\"yoast-schema-graph\">{\"@context\":\"https:\/\/schema.org\",\"@graph\":[{\"@type\":\"Article\",\"@id\":\"https:\/\/portaltela.pt\/noticias\/2026\/02\/06\/equipa-da-cmtv-acompanha-moradores-em-barco-pelas-ruas-alagadas-de-constancia\/#article\",\"isPartOf\":{\"@id\":\"https:\/\/portaltela.pt\/noticias\/2026\/02\/06\/equipa-da-cmtv-acompanha-moradores-em-barco-pelas-ruas-alagadas-de-constancia\/\"},\"author\":{\"name\":\"Telinha\",\"@id\":\"https:\/\/portaltela.pt\/#\/schema\/person\/c4278d4a6028830caff9ee44b42d32ed\"},\"headline\":\"Equipa da CMTV acompanha moradores em barco pelas ruas alagadas de Const\u00e2ncia\",\"datePublished\":\"2026-02-06T14:31:28+00:00\",\"mainEntityOfPage\":{\"@id\":\"https:\/\/portaltela.pt\/noticias\/2026\/02\/06\/equipa-da-cmtv-acompanha-moradores-em-barco-pelas-ruas-alagadas-de-constancia\/\"},\"wordCount\":182,\"image\":{\"@id\":\"https:\/\/portaltela.pt\/noticias\/2026\/02\/06\/equipa-da-cmtv-acompanha-moradores-em-barco-pelas-ruas-alagadas-de-constancia\/#primaryimage\"},\"thumbnailUrl\":\"https:\/\/portaltela.pt\/s.01k8rhncp4jt1\/2026\/02\/img_1280x722uu2026-02-06-14-31-11-2265241.jpg\",\"keywords\":[\"aeron\u00e1utica\",\"alagamento\",\"Const\u00e2ncia\",\"desloca\u00e7\u00f5es\",\"emerg\u00eancias\",\"For\u00e7a A\u00e9rea\"],\"articleSection\":[\"Not\u00edcias\"],\"inLanguage\":\"pt-PT\"},{\"@type\":\"WebPage\",\"@id\":\"https:\/\/portaltela.pt\/noticias\/2026\/02\/06\/equipa-da-cmtv-acompanha-moradores-em-barco-pelas-ruas-alagadas-de-constancia\/\",\"url\":\"https:\/\/portaltela.pt\/noticias\/2026\/02\/06\/equipa-da-cmtv-acompanha-moradores-em-barco-pelas-ruas-alagadas-de-constancia\/\",\"name\":\"Equipa da CMTV acompanha moradores em barco pelas ruas alagadas de Const\u00e2ncia - Portal Tela Portugal\",\"isPartOf\":{\"@id\":\"https:\/\/portaltela.pt\/#website\"},\"primaryImageOfPage\":{\"@id\":\"https:\/\/portaltela.pt\/noticias\/2026\/02\/06\/equipa-da-cmtv-acompanha-moradores-em-barco-pelas-ruas-alagadas-de-constancia\/#primaryimage\"},\"image\":{\"@id\":\"https:\/\/portaltela.pt\/noticias\/2026\/02\/06\/equipa-da-cmtv-acompanha-moradores-em-barco-pelas-ruas-alagadas-de-constancia\/#primaryimage\"},\"thumbnailUrl\":\"https:\/\/portaltela.pt\/s.01k8rhncp4jt1\/2026\/02\/img_1280x722uu2026-02-06-14-31-11-2265241.jpg\",\"datePublished\":\"2026-02-06T14:31:28+00:00\",\"author\":{\"@id\":\"https:\/\/portaltela.pt\/#\/schema\/person\/c4278d4a6028830caff9ee44b42d32ed\"},\"breadcrumb\":{\"@id\":\"https:\/\/portaltela.pt\/noticias\/2026\/02\/06\/equipa-da-cmtv-acompanha-moradores-em-barco-pelas-ruas-alagadas-de-constancia\/#breadcrumb\"},\"inLanguage\":\"pt-PT\",\"potentialAction\":[{\"@type\":\"ReadAction\",\"target\":[\"https:\/\/portaltela.pt\/noticias\/2026\/02\/06\/equipa-da-cmtv-acompanha-moradores-em-barco-pelas-ruas-alagadas-de-constancia\/\"]}]},{\"@type\":\"ImageObject\",\"inLanguage\":\"pt-PT\",\"@id\":\"https:\/\/portaltela.pt\/noticias\/2026\/02\/06\/equipa-da-cmtv-acompanha-moradores-em-barco-pelas-ruas-alagadas-de-constancia\/#primaryimage\",\"url\":\"https:\/\/portaltela.pt\/s.01k8rhncp4jt1\/2026\/02\/img_1280x722uu2026-02-06-14-31-11-2265241.jpg\",\"contentUrl\":\"https:\/\/portaltela.pt\/s.01k8rhncp4jt1\/2026\/02\/img_1280x722uu2026-02-06-14-31-11-2265241.jpg\",\"width\":796,\"height\":448,\"caption\":\"Equipa da CMTV acompanha moradores durante viagem de barco pelas ruas afetadas pelas cheias em Const\u00e2ncia\"},{\"@type\":\"BreadcrumbList\",\"@id\":\"https:\/\/portaltela.pt\/noticias\/2026\/02\/06\/equipa-da-cmtv-acompanha-moradores-em-barco-pelas-ruas-alagadas-de-constancia\/#breadcrumb\",\"itemListElement\":[{\"@type\":\"ListItem\",\"position\":1,\"name\":\"In\u00edcio\",\"item\":\"https:\/\/portaltela.pt\/\"},{\"@type\":\"ListItem\",\"position\":2,\"name\":\"Equipa da CMTV acompanha moradores em barco pelas ruas alagadas de Const\u00e2ncia\"}]},{\"@type\":\"WebSite\",\"@id\":\"https:\/\/portaltela.pt\/#website\",\"url\":\"https:\/\/portaltela.pt\/\",\"name\":\"Portal Tela Portugal\",\"description\":\"\",\"potentialAction\":[{\"@type\":\"SearchAction\",\"target\":{\"@type\":\"EntryPoint\",\"urlTemplate\":\"https:\/\/portaltela.pt\/?s={search_term_string}\"},\"query-input\":{\"@type\":\"PropertyValueSpecification\",\"valueRequired\":true,\"valueName\":\"search_term_string\"}}],\"inLanguage\":\"pt-PT\"},{\"@type\":\"Person\",\"@id\":\"https:\/\/portaltela.pt\/#\/schema\/person\/c4278d4a6028830caff9ee44b42d32ed\",\"name\":\"Telinha\",\"image\":{\"@type\":\"ImageObject\",\"inLanguage\":\"pt-PT\",\"@id\":\"https:\/\/portaltela.pt\/s.01k8rhncp4jt1\/2025\/11\/talking-bot-125x125.png\",\"url\":\"https:\/\/portaltela.pt\/s.01k8rhncp4jt1\/2025\/11\/talking-bot-125x125.png\",\"contentUrl\":\"https:\/\/portaltela.pt\/s.01k8rhncp4jt1\/2025\/11\/talking-bot-125x125.png\",\"caption\":\"Telinha\"},\"sameAs\":[\"https:\/\/portaltela.pt\/\"],\"url\":\"https:\/\/portaltela.pt\/por\/367410592786\/\"}]}<\/script>\n<!-- \/ Yoast SEO plugin. -->","yoast_head_json":{"title":"Equipa da CMTV acompanha moradores em barco pelas ruas alagadas de Const\u00e2ncia - Portal Tela Portugal","robots":{"index":"index","follow":"follow","max-snippet":"max-snippet:-1","max-image-preview":"max-image-preview:large","max-video-preview":"max-video-preview:-1"},"og_locale":"pt_PT","og_type":"article","og_title":"Equipa da CMTV acompanha moradores em barco pelas ruas alagadas de Const\u00e2ncia - Portal Tela Portugal","og_description":"Equipa da CMTV acompanhou moradores numa viagem de barco pelas ruas de Const\u00e2ncia, inundadas pelas cheias. Moradores utilizam embarca\u00e7\u00f5es para se deslocarem pela localidade afetada pelas cheias. Imagens a\u00e9reas da For\u00e7a A\u00e9rea mostram \u00e1reas atingidas pelas cheias. A situa\u00e7\u00e3o costuma exigir monitoriza\u00e7\u00e3o constante e cobertura medi\u00e1tica da evolu\u00e7\u00e3o das cheias.","og_url":"https:\/\/portaltela.pt\/noticias\/2026\/02\/06\/equipa-da-cmtv-acompanha-moradores-em-barco-pelas-ruas-alagadas-de-constancia\/","og_site_name":"Portal Tela Portugal","article_published_time":"2026-02-06T14:31:28+00:00","author":"Telinha","twitter_card":"summary_large_image","twitter_misc":{"Escrito por":"Telinha","Tempo estimado de leitura":"1 minuto"},"schema":{"@context":"https:\/\/schema.org","@graph":[{"@type":"Article","@id":"https:\/\/portaltela.pt\/noticias\/2026\/02\/06\/equipa-da-cmtv-acompanha-moradores-em-barco-pelas-ruas-alagadas-de-constancia\/#article","isPartOf":{"@id":"https:\/\/portaltela.pt\/noticias\/2026\/02\/06\/equipa-da-cmtv-acompanha-moradores-em-barco-pelas-ruas-alagadas-de-constancia\/"},"author":{"name":"Telinha","@id":"https:\/\/portaltela.pt\/#\/schema\/person\/c4278d4a6028830caff9ee44b42d32ed"},"headline":"Equipa da CMTV acompanha moradores em barco pelas ruas alagadas de Const\u00e2ncia","datePublished":"2026-02-06T14:31:28+00:00","mainEntityOfPage":{"@id":"https:\/\/portaltela.pt\/noticias\/2026\/02\/06\/equipa-da-cmtv-acompanha-moradores-em-barco-pelas-ruas-alagadas-de-constancia\/"},"wordCount":182,"image":{"@id":"https:\/\/portaltela.pt\/noticias\/2026\/02\/06\/equipa-da-cmtv-acompanha-moradores-em-barco-pelas-ruas-alagadas-de-constancia\/#primaryimage"},"thumbnailUrl":"https:\/\/portaltela.pt\/s.01k8rhncp4jt1\/2026\/02\/img_1280x722uu2026-02-06-14-31-11-2265241.jpg","keywords":["aeron\u00e1utica","alagamento","Const\u00e2ncia","desloca\u00e7\u00f5es","emerg\u00eancias","For\u00e7a A\u00e9rea"],"articleSection":["Not\u00edcias"],"inLanguage":"pt-PT"},{"@type":"WebPage","@id":"https:\/\/portaltela.pt\/noticias\/2026\/02\/06\/equipa-da-cmtv-acompanha-moradores-em-barco-pelas-ruas-alagadas-de-constancia\/","url":"https:\/\/portaltela.pt\/noticias\/2026\/02\/06\/equipa-da-cmtv-acompanha-moradores-em-barco-pelas-ruas-alagadas-de-constancia\/","name":"Equipa da CMTV acompanha moradores em barco pelas ruas alagadas de Const\u00e2ncia - Portal Tela Portugal","isPartOf":{"@id":"https:\/\/portaltela.pt\/#website"},"primaryImageOfPage":{"@id":"https:\/\/portaltela.pt\/noticias\/2026\/02\/06\/equipa-da-cmtv-acompanha-moradores-em-barco-pelas-ruas-alagadas-de-constancia\/#primaryimage"},"image":{"@id":"https:\/\/portaltela.pt\/noticias\/2026\/02\/06\/equipa-da-cmtv-acompanha-moradores-em-barco-pelas-ruas-alagadas-de-constancia\/#primaryimage"},"thumbnailUrl":"https:\/\/portaltela.pt\/s.01k8rhncp4jt1\/2026\/02\/img_1280x722uu2026-02-06-14-31-11-2265241.jpg","datePublished":"2026-02-06T14:31:28+00:00","author":{"@id":"https:\/\/portaltela.pt\/#\/schema\/person\/c4278d4a6028830caff9ee44b42d32ed"},"breadcrumb":{"@id":"https:\/\/portaltela.pt\/noticias\/2026\/02\/06\/equipa-da-cmtv-acompanha-moradores-em-barco-pelas-ruas-alagadas-de-constancia\/#breadcrumb"},"inLanguage":"pt-PT","potentialAction":[{"@type":"ReadAction","target":["https:\/\/portaltela.pt\/noticias\/2026\/02\/06\/equipa-da-cmtv-acompanha-moradores-em-barco-pelas-ruas-alagadas-de-constancia\/"]}]},{"@type":"ImageObject","inLanguage":"pt-PT","@id":"https:\/\/portaltela.pt\/noticias\/2026\/02\/06\/equipa-da-cmtv-acompanha-moradores-em-barco-pelas-ruas-alagadas-de-constancia\/#primaryimage","url":"https:\/\/portaltela.pt\/s.01k8rhncp4jt1\/2026\/02\/img_1280x722uu2026-02-06-14-31-11-2265241.jpg","contentUrl":"https:\/\/portaltela.pt\/s.01k8rhncp4jt1\/2026\/02\/img_1280x722uu2026-02-06-14-31-11-2265241.jpg","width":796,"height":448,"caption":"Equipa da CMTV acompanha moradores durante viagem de barco pelas ruas afetadas pelas cheias em Const\u00e2ncia"},{"@type":"BreadcrumbList","@id":"https:\/\/portaltela.pt\/noticias\/2026\/02\/06\/equipa-da-cmtv-acompanha-moradores-em-barco-pelas-ruas-alagadas-de-constancia\/#breadcrumb","itemListElement":[{"@type":"ListItem","position":1,"name":"In\u00edcio","item":"https:\/\/portaltela.pt\/"},{"@type":"ListItem","position":2,"name":"Equipa da CMTV acompanha moradores em barco pelas ruas alagadas de Const\u00e2ncia"}]},{"@type":"WebSite","@id":"https:\/\/portaltela.pt\/#website","url":"https:\/\/portaltela.pt\/","name":"Portal Tela Portugal","description":"","potentialAction":[{"@type":"SearchAction","target":{"@type":"EntryPoint","urlTemplate":"https:\/\/portaltela.pt\/?s={search_term_string}"},"query-input":{"@type":"PropertyValueSpecification","valueRequired":true,"valueName":"search_term_string"}}],"inLanguage":"pt-PT"},{"@type":"Person","@id":"https:\/\/portaltela.pt\/#\/schema\/person\/c4278d4a6028830caff9ee44b42d32ed","name":"Telinha","image":{"@type":"ImageObject","inLanguage":"pt-PT","@id":"https:\/\/portaltela.pt\/s.01k8rhncp4jt1\/2025\/11\/talking-bot-125x125.png","url":"https:\/\/portaltela.pt\/s.01k8rhncp4jt1\/2025\/11\/talking-bot-125x125.png","contentUrl":"https:\/\/portaltela.pt\/s.01k8rhncp4jt1\/2025\/11\/talking-bot-125x125.png","caption":"Telinha"},"sameAs":["https:\/\/portaltela.pt\/"],"url":"https:\/\/portaltela.pt\/por\/367410592786\/"}]}},"_links":{"self":[{"href":"https:\/\/portaltela.pt\/api\/wp\/v2\/posts\/201764","targetHints":{"allow":["GET"]}}],"collection":[{"href":"https:\/\/portaltela.pt\/api\/wp\/v2\/posts"}],"about":[{"href":"https:\/\/portaltela.pt\/api\/wp\/v2\/types\/post"}],"author":[{"embeddable":true,"href":"https:\/\/portaltela.pt\/api\/wp\/v2\/users\/2"}],"replies":[{"embeddable":true,"href":"https:\/\/portaltela.pt\/api\/wp\/v2\/comments?post=201764"}],"version-history":[{"count":0,"href":"https:\/\/portaltela.pt\/api\/wp\/v2\/posts\/201764\/revisions"}],"wp:featuredmedia":[{"embeddable":true,"href":"https:\/\/portaltela.pt\/api\/wp\/v2\/media\/201766"}],"wp:attachment":[{"href":"https:\/\/portaltela.pt\/api\/wp\/v2\/media?parent=201764"}],"wp:term":[{"taxonomy":"category","embeddable":true,"href":"https:\/\/portaltela.pt\/api\/wp\/v2\/categories?post=201764"},{"taxonomy":"post_tag","embeddable":true,"href":"https:\/\/portaltela.pt\/api\/wp\/v2\/tags?post=201764"}],"curies":[{"name":"wp","href":"https:\/\/api.w.org\/{rel}","templated":true}]}}