{"id":201745,"date":"2026-02-06T11:43:11","date_gmt":"2026-02-06T14:43:11","guid":{"rendered":"https:\/\/portaltela.pt\/noticias\/2026\/02\/06\/duas-pessoas-de-penacova-constituidas-arguidas-por-furto-em-residencias\/"},"modified":"2026-02-06T11:43:11","modified_gmt":"2026-02-06T14:43:11","slug":"duas-pessoas-de-penacova-constituidas-arguidas-por-furto-em-residencias","status":"publish","type":"post","link":"https:\/\/portaltela.pt\/noticias\/2026\/02\/06\/duas-pessoas-de-penacova-constituidas-arguidas-por-furto-em-residencias\/","title":{"rendered":"Duas pessoas de Penacova constitu\u00eddas arguidas por furto em resid\u00eancias"},"content":{"rendered":"<p>Duas pessoas residentes em Penacova, no distrito de Coimbra, foram constitu\u00eddas arguidas por furto em resid\u00eancias. A detec\u00e7\u00e3o resulta de uma investiga\u00e7\u00e3o de cerca de dois meses, anunciada pela Guarda Nacional Republicana (GNR) de Viseu nesta sexta-feira.<\/p>\n<p>Um homem de 38 anos e uma mulher de 23 anos foram constitu\u00eddos arguidos na ter\u00e7a-feira, no \u00e2mbito de crimes contra o patrim\u00f3nio. O processo envolveu tr\u00eas mandados de busca, dois domicili\u00e1rios e um em ve\u00edculo.<\/p>\n<p>Foi apreendido material diverso, entre ele, duas ro\u00e7adoras, um motocultivador, um reboque agr\u00edcola, uma motoenxada, uma motosserra, uma garrafa de g\u00e1s, acess\u00f3rios agr\u00edcolas, 19 garrafas de bebidas alco\u00f3licas, uma televis\u00e3o, uma pe\u00e7a de bijuteria, um quadro decorativo, uma estatueta de porcelana e uma pe\u00e7a de antiguidade em marfim.<\/p>\n<p>Os factos foram comunicados ao Tribunal Judicial de Tondela, no distrito de Viseu. A a\u00e7\u00e3o contou ainda com o refor\u00e7o do Posto Territorial de Penacova, do NIC de Santa Comba D\u00e3o e da Sec\u00e7\u00e3o Cinot\u00e9cnica do DI de Viseu.<\/p>\n","protected":false},"excerpt":{"rendered":"<ul>\n<li>Duas pessoas residentes em Penacova, no distrito de Coimbra, foram constitu\u00eddas arguidas por furto em resid\u00eancias.<\/li>\n<li>Trata-se de um homem de 38 anos e uma mulher de 23 anos, investigados h\u00e1 cerca de dois meses pela Guarda Nacional Republicana (GNR) de Viseu.<\/li>\n<li>Foram cumpridos tr\u00eas mandados de busca, dois domicili\u00e1rios e um em ve\u00edculo, no \u00e2mbito da investiga\u00e7\u00e3o.<\/li>\n<li>Foram apreendidos diversos artigos, incluindo ferramentas agr\u00edcolas, bebidas alco\u00f3licas, eletr\u00f3nica e objetos decorativos e de valor hist\u00f3rico.<\/li>\n<li>Os factos foram comunicados ao Tribunal Judicial de Tondela, com o apoio de v\u00e1rios comandos da GNR da regi\u00e3o.<\/li>\n<\/ul>\n","protected":false},"author":2,"featured_media":201749,"comment_status":"closed","ping_status":"closed","sticky":false,"template":"","format":"standard","meta":{"footnotes":""},"categories":[1],"tags":[1070,147,177,424,1380,2077],"class_list":["post-201745","post","type-post","status-publish","format-standard","has-post-thumbnail","hentry","category-noticias","tag-coimbra","tag-crime","tag-crimes","tag-furto","tag-gnr","tag-penacova"],"yoast_head":"<!-- This site is optimized with the Yoast SEO plugin v27.2 - https:\/\/yoast.com\/product\/yoast-seo-wordpress\/ -->\n<title>Duas pessoas de Penacova constitu\u00eddas arguidas por furto em resid\u00eancias - Portal Tela Portugal<\/title>\n<meta name=\"robots\" content=\"index, follow, max-snippet:-1, max-image-preview:large, max-video-preview:-1\" \/>\n<meta property=\"og:locale\" content=\"pt_PT\" \/>\n<meta property=\"og:type\" content=\"article\" \/>\n<meta property=\"og:title\" content=\"Duas pessoas de Penacova constitu\u00eddas arguidas por furto em resid\u00eancias - Portal Tela Portugal\" \/>\n<meta property=\"og:description\" content=\"Duas pessoas residentes em Penacova, no distrito de Coimbra, foram constitu\u00eddas arguidas por furto em resid\u00eancias. Trata-se de um homem de 38 anos e uma mulher de 23 anos, investigados h\u00e1 cerca de dois meses pela Guarda Nacional Republicana (GNR) de Viseu. Foram cumpridos tr\u00eas mandados de busca, dois domicili\u00e1rios e um em ve\u00edculo, no \u00e2mbito da investiga\u00e7\u00e3o. Foram apreendidos diversos artigos, incluindo ferramentas agr\u00edcolas, bebidas alco\u00f3licas, eletr\u00f3nica e objetos decorativos e de valor hist\u00f3rico. Os factos foram comunicados ao Tribunal Judicial de Tondela, com o apoio de v\u00e1rios comandos da GNR da regi\u00e3o.\" \/>\n<meta property=\"og:url\" content=\"https:\/\/portaltela.pt\/noticias\/2026\/02\/06\/duas-pessoas-de-penacova-constituidas-arguidas-por-furto-em-residencias\/\" \/>\n<meta property=\"og:site_name\" content=\"Portal Tela Portugal\" \/>\n<meta property=\"article:published_time\" content=\"2026-02-06T14:43:11+00:00\" \/>\n<meta name=\"author\" content=\"Telinha\" \/>\n<meta name=\"twitter:card\" content=\"summary_large_image\" \/>\n<meta name=\"twitter:label1\" content=\"Escrito por\" \/>\n\t<meta name=\"twitter:data1\" content=\"Telinha\" \/>\n\t<meta name=\"twitter:label2\" content=\"Tempo estimado de leitura\" \/>\n\t<meta name=\"twitter:data2\" content=\"1 minuto\" \/>\n<script type=\"application\/ld+json\" class=\"yoast-schema-graph\">{\"@context\":\"https:\/\/schema.org\",\"@graph\":[{\"@type\":\"Article\",\"@id\":\"https:\/\/portaltela.pt\/noticias\/2026\/02\/06\/duas-pessoas-de-penacova-constituidas-arguidas-por-furto-em-residencias\/#article\",\"isPartOf\":{\"@id\":\"https:\/\/portaltela.pt\/noticias\/2026\/02\/06\/duas-pessoas-de-penacova-constituidas-arguidas-por-furto-em-residencias\/\"},\"author\":{\"name\":\"Telinha\",\"@id\":\"https:\/\/portaltela.pt\/#\/schema\/person\/c4278d4a6028830caff9ee44b42d32ed\"},\"headline\":\"Duas pessoas de Penacova constitu\u00eddas arguidas por furto em resid\u00eancias\",\"datePublished\":\"2026-02-06T14:43:11+00:00\",\"mainEntityOfPage\":{\"@id\":\"https:\/\/portaltela.pt\/noticias\/2026\/02\/06\/duas-pessoas-de-penacova-constituidas-arguidas-por-furto-em-residencias\/\"},\"wordCount\":193,\"image\":{\"@id\":\"https:\/\/portaltela.pt\/noticias\/2026\/02\/06\/duas-pessoas-de-penacova-constituidas-arguidas-por-furto-em-residencias\/#primaryimage\"},\"thumbnailUrl\":\"https:\/\/portaltela.pt\/s.01k8rhncp4jt1\/2026\/02\/img_1500x1000uu2023-07-17-19-31-12-1397010-2.jpg\",\"keywords\":[\"Coimbra\",\"crime\",\"crimes\",\"furto\",\"GNR\",\"Penacova\"],\"articleSection\":[\"Not\u00edcias\"],\"inLanguage\":\"pt-PT\"},{\"@type\":\"WebPage\",\"@id\":\"https:\/\/portaltela.pt\/noticias\/2026\/02\/06\/duas-pessoas-de-penacova-constituidas-arguidas-por-furto-em-residencias\/\",\"url\":\"https:\/\/portaltela.pt\/noticias\/2026\/02\/06\/duas-pessoas-de-penacova-constituidas-arguidas-por-furto-em-residencias\/\",\"name\":\"Duas pessoas de Penacova constitu\u00eddas arguidas por furto em resid\u00eancias - Portal Tela Portugal\",\"isPartOf\":{\"@id\":\"https:\/\/portaltela.pt\/#website\"},\"primaryImageOfPage\":{\"@id\":\"https:\/\/portaltela.pt\/noticias\/2026\/02\/06\/duas-pessoas-de-penacova-constituidas-arguidas-por-furto-em-residencias\/#primaryimage\"},\"image\":{\"@id\":\"https:\/\/portaltela.pt\/noticias\/2026\/02\/06\/duas-pessoas-de-penacova-constituidas-arguidas-por-furto-em-residencias\/#primaryimage\"},\"thumbnailUrl\":\"https:\/\/portaltela.pt\/s.01k8rhncp4jt1\/2026\/02\/img_1500x1000uu2023-07-17-19-31-12-1397010-2.jpg\",\"datePublished\":\"2026-02-06T14:43:11+00:00\",\"author\":{\"@id\":\"https:\/\/portaltela.pt\/#\/schema\/person\/c4278d4a6028830caff9ee44b42d32ed\"},\"breadcrumb\":{\"@id\":\"https:\/\/portaltela.pt\/noticias\/2026\/02\/06\/duas-pessoas-de-penacova-constituidas-arguidas-por-furto-em-residencias\/#breadcrumb\"},\"inLanguage\":\"pt-PT\",\"potentialAction\":[{\"@type\":\"ReadAction\",\"target\":[\"https:\/\/portaltela.pt\/noticias\/2026\/02\/06\/duas-pessoas-de-penacova-constituidas-arguidas-por-furto-em-residencias\/\"]}]},{\"@type\":\"ImageObject\",\"inLanguage\":\"pt-PT\",\"@id\":\"https:\/\/portaltela.pt\/noticias\/2026\/02\/06\/duas-pessoas-de-penacova-constituidas-arguidas-por-furto-em-residencias\/#primaryimage\",\"url\":\"https:\/\/portaltela.pt\/s.01k8rhncp4jt1\/2026\/02\/img_1500x1000uu2023-07-17-19-31-12-1397010-2.jpg\",\"contentUrl\":\"https:\/\/portaltela.pt\/s.01k8rhncp4jt1\/2026\/02\/img_1500x1000uu2023-07-17-19-31-12-1397010-2.jpg\",\"width\":796,\"height\":448,\"caption\":\"GNR\"},{\"@type\":\"BreadcrumbList\",\"@id\":\"https:\/\/portaltela.pt\/noticias\/2026\/02\/06\/duas-pessoas-de-penacova-constituidas-arguidas-por-furto-em-residencias\/#breadcrumb\",\"itemListElement\":[{\"@type\":\"ListItem\",\"position\":1,\"name\":\"In\u00edcio\",\"item\":\"https:\/\/portaltela.pt\/\"},{\"@type\":\"ListItem\",\"position\":2,\"name\":\"Duas pessoas de Penacova constitu\u00eddas arguidas por furto em resid\u00eancias\"}]},{\"@type\":\"WebSite\",\"@id\":\"https:\/\/portaltela.pt\/#website\",\"url\":\"https:\/\/portaltela.pt\/\",\"name\":\"Portal Tela Portugal\",\"description\":\"\",\"potentialAction\":[{\"@type\":\"SearchAction\",\"target\":{\"@type\":\"EntryPoint\",\"urlTemplate\":\"https:\/\/portaltela.pt\/?s={search_term_string}\"},\"query-input\":{\"@type\":\"PropertyValueSpecification\",\"valueRequired\":true,\"valueName\":\"search_term_string\"}}],\"inLanguage\":\"pt-PT\"},{\"@type\":\"Person\",\"@id\":\"https:\/\/portaltela.pt\/#\/schema\/person\/c4278d4a6028830caff9ee44b42d32ed\",\"name\":\"Telinha\",\"image\":{\"@type\":\"ImageObject\",\"inLanguage\":\"pt-PT\",\"@id\":\"https:\/\/portaltela.pt\/s.01k8rhncp4jt1\/2025\/11\/talking-bot-125x125.png\",\"url\":\"https:\/\/portaltela.pt\/s.01k8rhncp4jt1\/2025\/11\/talking-bot-125x125.png\",\"contentUrl\":\"https:\/\/portaltela.pt\/s.01k8rhncp4jt1\/2025\/11\/talking-bot-125x125.png\",\"caption\":\"Telinha\"},\"sameAs\":[\"https:\/\/portaltela.pt\/\"],\"url\":\"https:\/\/portaltela.pt\/por\/367410592786\/\"}]}<\/script>\n<!-- \/ Yoast SEO plugin. -->","yoast_head_json":{"title":"Duas pessoas de Penacova constitu\u00eddas arguidas por furto em resid\u00eancias - Portal Tela Portugal","robots":{"index":"index","follow":"follow","max-snippet":"max-snippet:-1","max-image-preview":"max-image-preview:large","max-video-preview":"max-video-preview:-1"},"og_locale":"pt_PT","og_type":"article","og_title":"Duas pessoas de Penacova constitu\u00eddas arguidas por furto em resid\u00eancias - Portal Tela Portugal","og_description":"Duas pessoas residentes em Penacova, no distrito de Coimbra, foram constitu\u00eddas arguidas por furto em resid\u00eancias. Trata-se de um homem de 38 anos e uma mulher de 23 anos, investigados h\u00e1 cerca de dois meses pela Guarda Nacional Republicana (GNR) de Viseu. Foram cumpridos tr\u00eas mandados de busca, dois domicili\u00e1rios e um em ve\u00edculo, no \u00e2mbito da investiga\u00e7\u00e3o. Foram apreendidos diversos artigos, incluindo ferramentas agr\u00edcolas, bebidas alco\u00f3licas, eletr\u00f3nica e objetos decorativos e de valor hist\u00f3rico. Os factos foram comunicados ao Tribunal Judicial de Tondela, com o apoio de v\u00e1rios comandos da GNR da regi\u00e3o.","og_url":"https:\/\/portaltela.pt\/noticias\/2026\/02\/06\/duas-pessoas-de-penacova-constituidas-arguidas-por-furto-em-residencias\/","og_site_name":"Portal Tela Portugal","article_published_time":"2026-02-06T14:43:11+00:00","author":"Telinha","twitter_card":"summary_large_image","twitter_misc":{"Escrito por":"Telinha","Tempo estimado de leitura":"1 minuto"},"schema":{"@context":"https:\/\/schema.org","@graph":[{"@type":"Article","@id":"https:\/\/portaltela.pt\/noticias\/2026\/02\/06\/duas-pessoas-de-penacova-constituidas-arguidas-por-furto-em-residencias\/#article","isPartOf":{"@id":"https:\/\/portaltela.pt\/noticias\/2026\/02\/06\/duas-pessoas-de-penacova-constituidas-arguidas-por-furto-em-residencias\/"},"author":{"name":"Telinha","@id":"https:\/\/portaltela.pt\/#\/schema\/person\/c4278d4a6028830caff9ee44b42d32ed"},"headline":"Duas pessoas de Penacova constitu\u00eddas arguidas por furto em resid\u00eancias","datePublished":"2026-02-06T14:43:11+00:00","mainEntityOfPage":{"@id":"https:\/\/portaltela.pt\/noticias\/2026\/02\/06\/duas-pessoas-de-penacova-constituidas-arguidas-por-furto-em-residencias\/"},"wordCount":193,"image":{"@id":"https:\/\/portaltela.pt\/noticias\/2026\/02\/06\/duas-pessoas-de-penacova-constituidas-arguidas-por-furto-em-residencias\/#primaryimage"},"thumbnailUrl":"https:\/\/portaltela.pt\/s.01k8rhncp4jt1\/2026\/02\/img_1500x1000uu2023-07-17-19-31-12-1397010-2.jpg","keywords":["Coimbra","crime","crimes","furto","GNR","Penacova"],"articleSection":["Not\u00edcias"],"inLanguage":"pt-PT"},{"@type":"WebPage","@id":"https:\/\/portaltela.pt\/noticias\/2026\/02\/06\/duas-pessoas-de-penacova-constituidas-arguidas-por-furto-em-residencias\/","url":"https:\/\/portaltela.pt\/noticias\/2026\/02\/06\/duas-pessoas-de-penacova-constituidas-arguidas-por-furto-em-residencias\/","name":"Duas pessoas de Penacova constitu\u00eddas arguidas por furto em resid\u00eancias - Portal Tela Portugal","isPartOf":{"@id":"https:\/\/portaltela.pt\/#website"},"primaryImageOfPage":{"@id":"https:\/\/portaltela.pt\/noticias\/2026\/02\/06\/duas-pessoas-de-penacova-constituidas-arguidas-por-furto-em-residencias\/#primaryimage"},"image":{"@id":"https:\/\/portaltela.pt\/noticias\/2026\/02\/06\/duas-pessoas-de-penacova-constituidas-arguidas-por-furto-em-residencias\/#primaryimage"},"thumbnailUrl":"https:\/\/portaltela.pt\/s.01k8rhncp4jt1\/2026\/02\/img_1500x1000uu2023-07-17-19-31-12-1397010-2.jpg","datePublished":"2026-02-06T14:43:11+00:00","author":{"@id":"https:\/\/portaltela.pt\/#\/schema\/person\/c4278d4a6028830caff9ee44b42d32ed"},"breadcrumb":{"@id":"https:\/\/portaltela.pt\/noticias\/2026\/02\/06\/duas-pessoas-de-penacova-constituidas-arguidas-por-furto-em-residencias\/#breadcrumb"},"inLanguage":"pt-PT","potentialAction":[{"@type":"ReadAction","target":["https:\/\/portaltela.pt\/noticias\/2026\/02\/06\/duas-pessoas-de-penacova-constituidas-arguidas-por-furto-em-residencias\/"]}]},{"@type":"ImageObject","inLanguage":"pt-PT","@id":"https:\/\/portaltela.pt\/noticias\/2026\/02\/06\/duas-pessoas-de-penacova-constituidas-arguidas-por-furto-em-residencias\/#primaryimage","url":"https:\/\/portaltela.pt\/s.01k8rhncp4jt1\/2026\/02\/img_1500x1000uu2023-07-17-19-31-12-1397010-2.jpg","contentUrl":"https:\/\/portaltela.pt\/s.01k8rhncp4jt1\/2026\/02\/img_1500x1000uu2023-07-17-19-31-12-1397010-2.jpg","width":796,"height":448,"caption":"GNR"},{"@type":"BreadcrumbList","@id":"https:\/\/portaltela.pt\/noticias\/2026\/02\/06\/duas-pessoas-de-penacova-constituidas-arguidas-por-furto-em-residencias\/#breadcrumb","itemListElement":[{"@type":"ListItem","position":1,"name":"In\u00edcio","item":"https:\/\/portaltela.pt\/"},{"@type":"ListItem","position":2,"name":"Duas pessoas de Penacova constitu\u00eddas arguidas por furto em resid\u00eancias"}]},{"@type":"WebSite","@id":"https:\/\/portaltela.pt\/#website","url":"https:\/\/portaltela.pt\/","name":"Portal Tela Portugal","description":"","potentialAction":[{"@type":"SearchAction","target":{"@type":"EntryPoint","urlTemplate":"https:\/\/portaltela.pt\/?s={search_term_string}"},"query-input":{"@type":"PropertyValueSpecification","valueRequired":true,"valueName":"search_term_string"}}],"inLanguage":"pt-PT"},{"@type":"Person","@id":"https:\/\/portaltela.pt\/#\/schema\/person\/c4278d4a6028830caff9ee44b42d32ed","name":"Telinha","image":{"@type":"ImageObject","inLanguage":"pt-PT","@id":"https:\/\/portaltela.pt\/s.01k8rhncp4jt1\/2025\/11\/talking-bot-125x125.png","url":"https:\/\/portaltela.pt\/s.01k8rhncp4jt1\/2025\/11\/talking-bot-125x125.png","contentUrl":"https:\/\/portaltela.pt\/s.01k8rhncp4jt1\/2025\/11\/talking-bot-125x125.png","caption":"Telinha"},"sameAs":["https:\/\/portaltela.pt\/"],"url":"https:\/\/portaltela.pt\/por\/367410592786\/"}]}},"_links":{"self":[{"href":"https:\/\/portaltela.pt\/api\/wp\/v2\/posts\/201745","targetHints":{"allow":["GET"]}}],"collection":[{"href":"https:\/\/portaltela.pt\/api\/wp\/v2\/posts"}],"about":[{"href":"https:\/\/portaltela.pt\/api\/wp\/v2\/types\/post"}],"author":[{"embeddable":true,"href":"https:\/\/portaltela.pt\/api\/wp\/v2\/users\/2"}],"replies":[{"embeddable":true,"href":"https:\/\/portaltela.pt\/api\/wp\/v2\/comments?post=201745"}],"version-history":[{"count":0,"href":"https:\/\/portaltela.pt\/api\/wp\/v2\/posts\/201745\/revisions"}],"wp:featuredmedia":[{"embeddable":true,"href":"https:\/\/portaltela.pt\/api\/wp\/v2\/media\/201749"}],"wp:attachment":[{"href":"https:\/\/portaltela.pt\/api\/wp\/v2\/media?parent=201745"}],"wp:term":[{"taxonomy":"category","embeddable":true,"href":"https:\/\/portaltela.pt\/api\/wp\/v2\/categories?post=201745"},{"taxonomy":"post_tag","embeddable":true,"href":"https:\/\/portaltela.pt\/api\/wp\/v2\/tags?post=201745"}],"curies":[{"name":"wp","href":"https:\/\/api.w.org\/{rel}","templated":true}]}}