{"id":201737,"date":"2026-02-06T11:26:02","date_gmt":"2026-02-06T14:26:02","guid":{"rendered":"https:\/\/portaltela.pt\/noticias\/2026\/02\/06\/derrocada-em-cinfaes-desalojou-mais-uma-pessoa\/"},"modified":"2026-02-06T11:26:02","modified_gmt":"2026-02-06T14:26:02","slug":"derrocada-em-cinfaes-desalojou-mais-uma-pessoa","status":"publish","type":"post","link":"https:\/\/portaltela.pt\/noticias\/2026\/02\/06\/derrocada-em-cinfaes-desalojou-mais-uma-pessoa\/","title":{"rendered":"Derrocada em Cinf\u00e3es desalojou mais uma pessoa"},"content":{"rendered":"<p>A derrocada do talude de suporte a uma casa na freguesia de Ferreiros de Tendais, em Cinf\u00e3es, provocou mais um desalojado. O morador, que vivia sozinho, foi temporariamente realojado com vizinhos por quest\u00f5es de seguran\u00e7a. A verea\u00e7\u00e3o confirmou a situa\u00e7\u00e3o \u00e0 Lusa.<\/p>\n<p>A C\u00e2mara de Cinf\u00e3es j\u00e1 contabiliza tr\u00eas desalojados no concelho, ap\u00f3s a sa\u00edda de um casal de idosos na quinta-feira. O autarca destacou que est\u00e1 a procurar uma solu\u00e7\u00e3o definitiva na freguesia para n\u00e3o retirar o morador do meio onde est\u00e1 habituado.<\/p>\n<p>O presidente da C\u00e2mara apontou ainda que o mau tempo tem causado preju\u00edzos significativos, com danos em v\u00e1rios taludes e estradas. Vertentes inclinadas na regi\u00e3o contribuem para movimentos de massas, explicou.<\/p>\n<h3>Situa\u00e7\u00e3o das vias<\/h3>\n<p>Foi reaberto ao tr\u00e2nsito o Caminho Municipal 1025, entre Pias e Valverde, em Tendais. Equipes da autarquia trabalham de dia e de noite para restabelecer as vias municipais, ainda sem data para a reabertura total da estrada de Ramires, que continua cortada.<\/p>\n<h3>Contexto regional<\/h3>\n<p>Portugal registou 13 mortes desde o in\u00edcio das depress\u00f5es Kristin e Leonardo, com centenas de feridos e desalojados. As regi\u00f5es Centro, Lisboa e Vale do Tejo e Alentejo foram as mais afetadas, com danos generalizados.<\/p>\n<p>O Governo prolongou a situa\u00e7\u00e3o de calamidade at\u00e9 dia 15 para 68 concelhos, assegurando medidas de apoio at\u00e9 2,5 mil milh\u00f5es de euros. A calamidade foi decretada inicialmente para cerca de 60 munic\u00edpios entre 28 de janeiro e 1 de fevereiro, e depois alargada.<\/p>\n<p>Fonte: Lusa<\/p>\n","protected":false},"excerpt":{"rendered":"<ul>\n<li>A derrocada do talude de apoio a uma casa em Ferreiros de Tendais, Cinf\u00e3es, provocou o terceiro desalojado no concelho; o morador foi temporariamente realojado com vizinhos por seguran\u00e7a.<\/li>\n<li>O presidente da C\u00e2mara, Carlos Cardoso, informou que a autarquia est\u00e1 a trabalhar numa solu\u00e7\u00e3o definitiva para evitar que o desalojado seja retirado do meio onde vive.<\/li>\n<li>O mau tempo tem causado preju\u00edzos no munic\u00edpio, com muitos taludes de estradas danificados e v\u00e1rios desalojos.<\/li>\n<li>Foi reaberto ao tr\u00e2nsito o Caminho Municipal 1025 entre Pias e Valverde; a estrada de Ramires continua cortada desde a semana passada.<\/li>\n<li>Treze pessoas morreram em Portugal na sequ\u00eancia das depress\u00f5es Kristin e Leonardo; o Governo prolongou a calamidade at\u00e9 15 de fevereiro para 68 concelhos, com apoio de at\u00e9 2,5 mil milh\u00f5es de euros.<\/li>\n<\/ul>\n","protected":false},"author":2,"featured_media":201738,"comment_status":"closed","ping_status":"closed","sticky":false,"template":"","format":"standard","meta":{"footnotes":""},"categories":[1],"tags":[4687,2731,4409,3004,1083,5571],"class_list":["post-201737","post","type-post","status-publish","format-standard","has-post-thumbnail","hentry","category-noticias","tag-calamidade-publica","tag-cinfaes","tag-derrocadas","tag-desalojados","tag-estradas","tag-tendais"],"yoast_head":"<!-- This site is optimized with the Yoast SEO plugin v27.2 - https:\/\/yoast.com\/product\/yoast-seo-wordpress\/ -->\n<title>Derrocada em Cinf\u00e3es desalojou mais uma pessoa - Portal Tela Portugal<\/title>\n<meta name=\"robots\" content=\"index, follow, max-snippet:-1, max-image-preview:large, max-video-preview:-1\" \/>\n<meta property=\"og:locale\" content=\"pt_PT\" \/>\n<meta property=\"og:type\" content=\"article\" \/>\n<meta property=\"og:title\" content=\"Derrocada em Cinf\u00e3es desalojou mais uma pessoa - Portal Tela Portugal\" \/>\n<meta property=\"og:description\" content=\"A derrocada do talude de apoio a uma casa em Ferreiros de Tendais, Cinf\u00e3es, provocou o terceiro desalojado no concelho; o morador foi temporariamente realojado com vizinhos por seguran\u00e7a. O presidente da C\u00e2mara, Carlos Cardoso, informou que a autarquia est\u00e1 a trabalhar numa solu\u00e7\u00e3o definitiva para evitar que o desalojado seja retirado do meio onde vive. O mau tempo tem causado preju\u00edzos no munic\u00edpio, com muitos taludes de estradas danificados e v\u00e1rios desalojos. Foi reaberto ao tr\u00e2nsito o Caminho Municipal 1025 entre Pias e Valverde; a estrada de Ramires continua cortada desde a semana passada. Treze pessoas morreram em Portugal na sequ\u00eancia das depress\u00f5es Kristin e Leonardo; o Governo prolongou a calamidade at\u00e9 15 de fevereiro para 68 concelhos, com apoio de at\u00e9 2,5 mil milh\u00f5es de euros.\" \/>\n<meta property=\"og:url\" content=\"https:\/\/portaltela.pt\/noticias\/2026\/02\/06\/derrocada-em-cinfaes-desalojou-mais-uma-pessoa\/\" \/>\n<meta property=\"og:site_name\" content=\"Portal Tela Portugal\" \/>\n<meta property=\"article:published_time\" content=\"2026-02-06T14:26:02+00:00\" \/>\n<meta name=\"author\" content=\"Telinha\" \/>\n<meta name=\"twitter:card\" content=\"summary_large_image\" \/>\n<meta name=\"twitter:label1\" content=\"Escrito por\" \/>\n\t<meta name=\"twitter:data1\" content=\"Telinha\" \/>\n\t<meta name=\"twitter:label2\" content=\"Tempo estimado de leitura\" \/>\n\t<meta name=\"twitter:data2\" content=\"1 minuto\" \/>\n<script type=\"application\/ld+json\" class=\"yoast-schema-graph\">{\"@context\":\"https:\/\/schema.org\",\"@graph\":[{\"@type\":\"Article\",\"@id\":\"https:\/\/portaltela.pt\/noticias\/2026\/02\/06\/derrocada-em-cinfaes-desalojou-mais-uma-pessoa\/#article\",\"isPartOf\":{\"@id\":\"https:\/\/portaltela.pt\/noticias\/2026\/02\/06\/derrocada-em-cinfaes-desalojou-mais-uma-pessoa\/\"},\"author\":{\"name\":\"Telinha\",\"@id\":\"https:\/\/portaltela.pt\/#\/schema\/person\/c4278d4a6028830caff9ee44b42d32ed\"},\"headline\":\"Derrocada em Cinf\u00e3es desalojou mais uma pessoa\",\"datePublished\":\"2026-02-06T14:26:02+00:00\",\"mainEntityOfPage\":{\"@id\":\"https:\/\/portaltela.pt\/noticias\/2026\/02\/06\/derrocada-em-cinfaes-desalojou-mais-uma-pessoa\/\"},\"wordCount\":266,\"image\":{\"@id\":\"https:\/\/portaltela.pt\/noticias\/2026\/02\/06\/derrocada-em-cinfaes-desalojou-mais-uma-pessoa\/#primaryimage\"},\"thumbnailUrl\":\"https:\/\/portaltela.pt\/s.01k8rhncp4jt1\/2026\/02\/img_1500x1000uu2026-02-06-11-43-02-2265212-im-639059749988171623.jpg\",\"keywords\":[\"calamidade p\u00fablica\",\"Cinf\u00e3es\",\"derrocadas\",\"desalojados\",\"estradas\",\"Tendais\"],\"articleSection\":[\"Not\u00edcias\"],\"inLanguage\":\"pt-PT\"},{\"@type\":\"WebPage\",\"@id\":\"https:\/\/portaltela.pt\/noticias\/2026\/02\/06\/derrocada-em-cinfaes-desalojou-mais-uma-pessoa\/\",\"url\":\"https:\/\/portaltela.pt\/noticias\/2026\/02\/06\/derrocada-em-cinfaes-desalojou-mais-uma-pessoa\/\",\"name\":\"Derrocada em Cinf\u00e3es desalojou mais uma pessoa - Portal Tela Portugal\",\"isPartOf\":{\"@id\":\"https:\/\/portaltela.pt\/#website\"},\"primaryImageOfPage\":{\"@id\":\"https:\/\/portaltela.pt\/noticias\/2026\/02\/06\/derrocada-em-cinfaes-desalojou-mais-uma-pessoa\/#primaryimage\"},\"image\":{\"@id\":\"https:\/\/portaltela.pt\/noticias\/2026\/02\/06\/derrocada-em-cinfaes-desalojou-mais-uma-pessoa\/#primaryimage\"},\"thumbnailUrl\":\"https:\/\/portaltela.pt\/s.01k8rhncp4jt1\/2026\/02\/img_1500x1000uu2026-02-06-11-43-02-2265212-im-639059749988171623.jpg\",\"datePublished\":\"2026-02-06T14:26:02+00:00\",\"author\":{\"@id\":\"https:\/\/portaltela.pt\/#\/schema\/person\/c4278d4a6028830caff9ee44b42d32ed\"},\"breadcrumb\":{\"@id\":\"https:\/\/portaltela.pt\/noticias\/2026\/02\/06\/derrocada-em-cinfaes-desalojou-mais-uma-pessoa\/#breadcrumb\"},\"inLanguage\":\"pt-PT\",\"potentialAction\":[{\"@type\":\"ReadAction\",\"target\":[\"https:\/\/portaltela.pt\/noticias\/2026\/02\/06\/derrocada-em-cinfaes-desalojou-mais-uma-pessoa\/\"]}]},{\"@type\":\"ImageObject\",\"inLanguage\":\"pt-PT\",\"@id\":\"https:\/\/portaltela.pt\/noticias\/2026\/02\/06\/derrocada-em-cinfaes-desalojou-mais-uma-pessoa\/#primaryimage\",\"url\":\"https:\/\/portaltela.pt\/s.01k8rhncp4jt1\/2026\/02\/img_1500x1000uu2026-02-06-11-43-02-2265212-im-639059749988171623.jpg\",\"contentUrl\":\"https:\/\/portaltela.pt\/s.01k8rhncp4jt1\/2026\/02\/img_1500x1000uu2026-02-06-11-43-02-2265212-im-639059749988171623.jpg\",\"width\":796,\"height\":448,\"caption\":\"Derrocada\"},{\"@type\":\"BreadcrumbList\",\"@id\":\"https:\/\/portaltela.pt\/noticias\/2026\/02\/06\/derrocada-em-cinfaes-desalojou-mais-uma-pessoa\/#breadcrumb\",\"itemListElement\":[{\"@type\":\"ListItem\",\"position\":1,\"name\":\"In\u00edcio\",\"item\":\"https:\/\/portaltela.pt\/\"},{\"@type\":\"ListItem\",\"position\":2,\"name\":\"Derrocada em Cinf\u00e3es desalojou mais uma pessoa\"}]},{\"@type\":\"WebSite\",\"@id\":\"https:\/\/portaltela.pt\/#website\",\"url\":\"https:\/\/portaltela.pt\/\",\"name\":\"Portal Tela Portugal\",\"description\":\"\",\"potentialAction\":[{\"@type\":\"SearchAction\",\"target\":{\"@type\":\"EntryPoint\",\"urlTemplate\":\"https:\/\/portaltela.pt\/?s={search_term_string}\"},\"query-input\":{\"@type\":\"PropertyValueSpecification\",\"valueRequired\":true,\"valueName\":\"search_term_string\"}}],\"inLanguage\":\"pt-PT\"},{\"@type\":\"Person\",\"@id\":\"https:\/\/portaltela.pt\/#\/schema\/person\/c4278d4a6028830caff9ee44b42d32ed\",\"name\":\"Telinha\",\"image\":{\"@type\":\"ImageObject\",\"inLanguage\":\"pt-PT\",\"@id\":\"https:\/\/portaltela.pt\/s.01k8rhncp4jt1\/2025\/11\/talking-bot-125x125.png\",\"url\":\"https:\/\/portaltela.pt\/s.01k8rhncp4jt1\/2025\/11\/talking-bot-125x125.png\",\"contentUrl\":\"https:\/\/portaltela.pt\/s.01k8rhncp4jt1\/2025\/11\/talking-bot-125x125.png\",\"caption\":\"Telinha\"},\"sameAs\":[\"https:\/\/portaltela.pt\/\"],\"url\":\"https:\/\/portaltela.pt\/por\/367410592786\/\"}]}<\/script>\n<!-- \/ Yoast SEO plugin. -->","yoast_head_json":{"title":"Derrocada em Cinf\u00e3es desalojou mais uma pessoa - Portal Tela Portugal","robots":{"index":"index","follow":"follow","max-snippet":"max-snippet:-1","max-image-preview":"max-image-preview:large","max-video-preview":"max-video-preview:-1"},"og_locale":"pt_PT","og_type":"article","og_title":"Derrocada em Cinf\u00e3es desalojou mais uma pessoa - Portal Tela Portugal","og_description":"A derrocada do talude de apoio a uma casa em Ferreiros de Tendais, Cinf\u00e3es, provocou o terceiro desalojado no concelho; o morador foi temporariamente realojado com vizinhos por seguran\u00e7a. O presidente da C\u00e2mara, Carlos Cardoso, informou que a autarquia est\u00e1 a trabalhar numa solu\u00e7\u00e3o definitiva para evitar que o desalojado seja retirado do meio onde vive. O mau tempo tem causado preju\u00edzos no munic\u00edpio, com muitos taludes de estradas danificados e v\u00e1rios desalojos. Foi reaberto ao tr\u00e2nsito o Caminho Municipal 1025 entre Pias e Valverde; a estrada de Ramires continua cortada desde a semana passada. Treze pessoas morreram em Portugal na sequ\u00eancia das depress\u00f5es Kristin e Leonardo; o Governo prolongou a calamidade at\u00e9 15 de fevereiro para 68 concelhos, com apoio de at\u00e9 2,5 mil milh\u00f5es de euros.","og_url":"https:\/\/portaltela.pt\/noticias\/2026\/02\/06\/derrocada-em-cinfaes-desalojou-mais-uma-pessoa\/","og_site_name":"Portal Tela Portugal","article_published_time":"2026-02-06T14:26:02+00:00","author":"Telinha","twitter_card":"summary_large_image","twitter_misc":{"Escrito por":"Telinha","Tempo estimado de leitura":"1 minuto"},"schema":{"@context":"https:\/\/schema.org","@graph":[{"@type":"Article","@id":"https:\/\/portaltela.pt\/noticias\/2026\/02\/06\/derrocada-em-cinfaes-desalojou-mais-uma-pessoa\/#article","isPartOf":{"@id":"https:\/\/portaltela.pt\/noticias\/2026\/02\/06\/derrocada-em-cinfaes-desalojou-mais-uma-pessoa\/"},"author":{"name":"Telinha","@id":"https:\/\/portaltela.pt\/#\/schema\/person\/c4278d4a6028830caff9ee44b42d32ed"},"headline":"Derrocada em Cinf\u00e3es desalojou mais uma pessoa","datePublished":"2026-02-06T14:26:02+00:00","mainEntityOfPage":{"@id":"https:\/\/portaltela.pt\/noticias\/2026\/02\/06\/derrocada-em-cinfaes-desalojou-mais-uma-pessoa\/"},"wordCount":266,"image":{"@id":"https:\/\/portaltela.pt\/noticias\/2026\/02\/06\/derrocada-em-cinfaes-desalojou-mais-uma-pessoa\/#primaryimage"},"thumbnailUrl":"https:\/\/portaltela.pt\/s.01k8rhncp4jt1\/2026\/02\/img_1500x1000uu2026-02-06-11-43-02-2265212-im-639059749988171623.jpg","keywords":["calamidade p\u00fablica","Cinf\u00e3es","derrocadas","desalojados","estradas","Tendais"],"articleSection":["Not\u00edcias"],"inLanguage":"pt-PT"},{"@type":"WebPage","@id":"https:\/\/portaltela.pt\/noticias\/2026\/02\/06\/derrocada-em-cinfaes-desalojou-mais-uma-pessoa\/","url":"https:\/\/portaltela.pt\/noticias\/2026\/02\/06\/derrocada-em-cinfaes-desalojou-mais-uma-pessoa\/","name":"Derrocada em Cinf\u00e3es desalojou mais uma pessoa - Portal Tela Portugal","isPartOf":{"@id":"https:\/\/portaltela.pt\/#website"},"primaryImageOfPage":{"@id":"https:\/\/portaltela.pt\/noticias\/2026\/02\/06\/derrocada-em-cinfaes-desalojou-mais-uma-pessoa\/#primaryimage"},"image":{"@id":"https:\/\/portaltela.pt\/noticias\/2026\/02\/06\/derrocada-em-cinfaes-desalojou-mais-uma-pessoa\/#primaryimage"},"thumbnailUrl":"https:\/\/portaltela.pt\/s.01k8rhncp4jt1\/2026\/02\/img_1500x1000uu2026-02-06-11-43-02-2265212-im-639059749988171623.jpg","datePublished":"2026-02-06T14:26:02+00:00","author":{"@id":"https:\/\/portaltela.pt\/#\/schema\/person\/c4278d4a6028830caff9ee44b42d32ed"},"breadcrumb":{"@id":"https:\/\/portaltela.pt\/noticias\/2026\/02\/06\/derrocada-em-cinfaes-desalojou-mais-uma-pessoa\/#breadcrumb"},"inLanguage":"pt-PT","potentialAction":[{"@type":"ReadAction","target":["https:\/\/portaltela.pt\/noticias\/2026\/02\/06\/derrocada-em-cinfaes-desalojou-mais-uma-pessoa\/"]}]},{"@type":"ImageObject","inLanguage":"pt-PT","@id":"https:\/\/portaltela.pt\/noticias\/2026\/02\/06\/derrocada-em-cinfaes-desalojou-mais-uma-pessoa\/#primaryimage","url":"https:\/\/portaltela.pt\/s.01k8rhncp4jt1\/2026\/02\/img_1500x1000uu2026-02-06-11-43-02-2265212-im-639059749988171623.jpg","contentUrl":"https:\/\/portaltela.pt\/s.01k8rhncp4jt1\/2026\/02\/img_1500x1000uu2026-02-06-11-43-02-2265212-im-639059749988171623.jpg","width":796,"height":448,"caption":"Derrocada"},{"@type":"BreadcrumbList","@id":"https:\/\/portaltela.pt\/noticias\/2026\/02\/06\/derrocada-em-cinfaes-desalojou-mais-uma-pessoa\/#breadcrumb","itemListElement":[{"@type":"ListItem","position":1,"name":"In\u00edcio","item":"https:\/\/portaltela.pt\/"},{"@type":"ListItem","position":2,"name":"Derrocada em Cinf\u00e3es desalojou mais uma pessoa"}]},{"@type":"WebSite","@id":"https:\/\/portaltela.pt\/#website","url":"https:\/\/portaltela.pt\/","name":"Portal Tela Portugal","description":"","potentialAction":[{"@type":"SearchAction","target":{"@type":"EntryPoint","urlTemplate":"https:\/\/portaltela.pt\/?s={search_term_string}"},"query-input":{"@type":"PropertyValueSpecification","valueRequired":true,"valueName":"search_term_string"}}],"inLanguage":"pt-PT"},{"@type":"Person","@id":"https:\/\/portaltela.pt\/#\/schema\/person\/c4278d4a6028830caff9ee44b42d32ed","name":"Telinha","image":{"@type":"ImageObject","inLanguage":"pt-PT","@id":"https:\/\/portaltela.pt\/s.01k8rhncp4jt1\/2025\/11\/talking-bot-125x125.png","url":"https:\/\/portaltela.pt\/s.01k8rhncp4jt1\/2025\/11\/talking-bot-125x125.png","contentUrl":"https:\/\/portaltela.pt\/s.01k8rhncp4jt1\/2025\/11\/talking-bot-125x125.png","caption":"Telinha"},"sameAs":["https:\/\/portaltela.pt\/"],"url":"https:\/\/portaltela.pt\/por\/367410592786\/"}]}},"_links":{"self":[{"href":"https:\/\/portaltela.pt\/api\/wp\/v2\/posts\/201737","targetHints":{"allow":["GET"]}}],"collection":[{"href":"https:\/\/portaltela.pt\/api\/wp\/v2\/posts"}],"about":[{"href":"https:\/\/portaltela.pt\/api\/wp\/v2\/types\/post"}],"author":[{"embeddable":true,"href":"https:\/\/portaltela.pt\/api\/wp\/v2\/users\/2"}],"replies":[{"embeddable":true,"href":"https:\/\/portaltela.pt\/api\/wp\/v2\/comments?post=201737"}],"version-history":[{"count":0,"href":"https:\/\/portaltela.pt\/api\/wp\/v2\/posts\/201737\/revisions"}],"wp:featuredmedia":[{"embeddable":true,"href":"https:\/\/portaltela.pt\/api\/wp\/v2\/media\/201738"}],"wp:attachment":[{"href":"https:\/\/portaltela.pt\/api\/wp\/v2\/media?parent=201737"}],"wp:term":[{"taxonomy":"category","embeddable":true,"href":"https:\/\/portaltela.pt\/api\/wp\/v2\/categories?post=201737"},{"taxonomy":"post_tag","embeddable":true,"href":"https:\/\/portaltela.pt\/api\/wp\/v2\/tags?post=201737"}],"curies":[{"name":"wp","href":"https:\/\/api.w.org\/{rel}","templated":true}]}}