{"id":201723,"date":"2026-02-06T11:26:39","date_gmt":"2026-02-06T14:26:39","guid":{"rendered":"https:\/\/portaltela.pt\/noticias\/2026\/02\/06\/roberto-carlos-quer-brasil-campeao-do-mundo-mas-recorda-fotos-de-2002\/"},"modified":"2026-02-06T11:26:39","modified_gmt":"2026-02-06T14:26:39","slug":"roberto-carlos-quer-brasil-campeao-do-mundo-mas-recorda-fotos-de-2002","status":"publish","type":"post","link":"https:\/\/portaltela.pt\/desporto\/futebol\/2026\/02\/06\/roberto-carlos-quer-brasil-campeao-do-mundo-mas-recorda-fotos-de-2002\/","title":{"rendered":"Roberto Carlos quer Brasil campe\u00e3o do mundo, mas recorda fotos de 2002"},"content":{"rendered":"<p>O Est\u00e1dio do Drag\u00e3o recebeu nesta sexta-feira a Trophy Tour da Ta\u00e7a do Mundo, numa passagem que contou com a presen\u00e7a de Roberto Carlos. O antigo lateral esquerdo esteve acompanhado por figuras do futebol portugu\u00eas, entre elas Andr\u00e9 Villas-Boas, Domingos Paci\u00eancia, e o presidente da C\u00e2mara Municipal do Porto, Pedro Duarte.<\/p>\n<p>Durante o evento, o antigo internacional brasileiro contou aos jornalistas o sentimento de ter estado ao lado do trof\u00e9u de campe\u00e3o do mundo. Recordou de forma nost\u00e1lgica a vit\u00f3ria do Brasil no Mundial de 2002, disputado na Coreia do Sul e no Jap\u00e3o, destacando momentos do percurso at\u00e9 chegar \u00e0 conquista.<\/p>\n<p>A conversa abriu-se \u00e0 riqueza de detalhes dessa caminhada, desde o trajeto do hotel at\u00e9 ao est\u00e1dio, a ambienta\u00e7\u00e3o no balne\u00e1rio e a emo\u00e7\u00e3o associada ao facto de Ronaldo estar lesionado, ainda assim contribuir para a equipa. O epis\u00f3dio ficou marcado pela sua linguagem desportiva e pelos gestos da equipa.<\/p>\n<p>Roberto Carlos reconheceu a import\u00e2ncia do Mundial e assumiu um desejo claro de ver o Brasil erguer novamente o trof\u00e9u, considerando as mudan\u00e7as recentes no formato da competi\u00e7\u00e3o, que poder\u00e1 tornar o evento mais competitivo e interessante.<\/p>\n<p>O ex-jogador destacou tamb\u00e9m que, ao olhar para a foto de 2002, surgem d\u00favidas sobre se esse momento ficar\u00e1 para tr\u00e1s ou se haver\u00e1 espa\u00e7o para uma nova p\u00e1gina vitoriosa para a sele\u00e7\u00e3o brasileira. A refer\u00eancia a Carlo Ancelotti foi mencionada de forma humor\u00edstica.<\/p>\n<p>Por fim, o entrevistado apontou que, apesar de o Brasil ter condi\u00e7\u00f5es para lutar pelo t\u00edtulo, o peso da responsabilidade \u00e9 constante para as sele\u00e7\u00f5es que disputam o Mundial, e que apenas uma pode levantar o trof\u00e9u ao final do torneio.<\/p>\n","protected":false},"excerpt":{"rendered":"<ul>\n<li>A Trophy Tour da Ta\u00e7a do Mundial passou pelo Est\u00e1dio do Drag\u00e3o, com Roberto Carlos entre os presentes, bem como Andr\u00e9 Villas-Boas, Domingos Paci\u00eancia e o presidente da C\u00e2mara do Porto.<\/li>\n<li>O antigo lateral recordou a vit\u00f3ria do Mundial de 2002 na Coreia do Sul e Jap\u00e3o, dizendo ter uma r\u00e9plica do trof\u00e9u em casa e descrevendo o caminho do hotel at\u00e9 ao est\u00e1dio.<\/li>\n<li>Destacou o ambiente do balne\u00e1rio e o choro de Ronaldo, lembrando que a equipa era \u201cmuito b\u00e1sica\u201d e que houve a oportunidade de vencer em 2002 ap\u00f3s a derrota em 1998.<\/li>\n<li>Refere o desejo de o Brasil voltar a ganhar o Mundial, mas admite um sentimento agridoce ao pensar nas fotos de 2002 e fala em poss\u00edveis evolu\u00e7\u00f5es com o alargamento da competi\u00e7\u00e3o, comparando com Portugal, Espanha e Fran\u00e7a.<\/li>\n<li>Brinca dizendo que n\u00e3o pode jogar mais e que, ao fim, ele est\u00e1 no \u00faltimo quadro da sele\u00e7\u00e3o com o trof\u00e9u.<\/li>\n<\/ul>\n","protected":false},"author":2,"featured_media":201728,"comment_status":"closed","ping_status":"closed","sticky":false,"template":"","format":"standard","meta":{"footnotes":""},"categories":[21,24],"tags":[2456,2547,3218,32,982,2057],"class_list":["post-201723","post","type-post","status-publish","format-standard","has-post-thumbnail","hentry","category-desporto","category-futebol","tag-andre-villas-boas","tag-brasil","tag-carlo-ancelotti","tag-futebol","tag-porto","tag-selecao-nacional"],"yoast_head":"<!-- This site is optimized with the Yoast SEO plugin v27.2 - https:\/\/yoast.com\/product\/yoast-seo-wordpress\/ -->\n<title>Roberto Carlos quer Brasil campe\u00e3o do mundo, mas recorda fotos de 2002 - Portal Tela Portugal<\/title>\n<meta name=\"robots\" content=\"index, follow, max-snippet:-1, max-image-preview:large, max-video-preview:-1\" \/>\n<meta property=\"og:locale\" content=\"pt_PT\" \/>\n<meta property=\"og:type\" content=\"article\" \/>\n<meta property=\"og:title\" content=\"Roberto Carlos quer Brasil campe\u00e3o do mundo, mas recorda fotos de 2002 - Portal Tela Portugal\" \/>\n<meta property=\"og:description\" content=\"A Trophy Tour da Ta\u00e7a do Mundial passou pelo Est\u00e1dio do Drag\u00e3o, com Roberto Carlos entre os presentes, bem como Andr\u00e9 Villas-Boas, Domingos Paci\u00eancia e o presidente da C\u00e2mara do Porto. O antigo lateral recordou a vit\u00f3ria do Mundial de 2002 na Coreia do Sul e Jap\u00e3o, dizendo ter uma r\u00e9plica do trof\u00e9u em casa e descrevendo o caminho do hotel at\u00e9 ao est\u00e1dio. Destacou o ambiente do balne\u00e1rio e o choro de Ronaldo, lembrando que a equipa era \u201cmuito b\u00e1sica\u201d e que houve a oportunidade de vencer em 2002 ap\u00f3s a derrota em 1998. Refere o desejo de o Brasil voltar a ganhar o Mundial, mas admite um sentimento agridoce ao pensar nas fotos de 2002 e fala em poss\u00edveis evolu\u00e7\u00f5es com o alargamento da competi\u00e7\u00e3o, comparando com Portugal, Espanha e Fran\u00e7a. Brinca dizendo que n\u00e3o pode jogar mais e que, ao fim, ele est\u00e1 no \u00faltimo quadro da sele\u00e7\u00e3o com o trof\u00e9u.\" \/>\n<meta property=\"og:url\" content=\"https:\/\/portaltela.pt\/noticias\/2026\/02\/06\/roberto-carlos-quer-brasil-campeao-do-mundo-mas-recorda-fotos-de-2002\/\" \/>\n<meta property=\"og:site_name\" content=\"Portal Tela Portugal\" \/>\n<meta property=\"article:published_time\" content=\"2026-02-06T14:26:39+00:00\" \/>\n<meta name=\"author\" content=\"Telinha\" \/>\n<meta name=\"twitter:card\" content=\"summary_large_image\" \/>\n<meta name=\"twitter:label1\" content=\"Escrito por\" \/>\n\t<meta name=\"twitter:data1\" content=\"Telinha\" \/>\n\t<meta name=\"twitter:label2\" content=\"Tempo estimado de leitura\" \/>\n\t<meta name=\"twitter:data2\" content=\"2 minutos\" \/>\n<script type=\"application\/ld+json\" class=\"yoast-schema-graph\">{\"@context\":\"https:\/\/schema.org\",\"@graph\":[{\"@type\":\"Article\",\"@id\":\"https:\/\/portaltela.pt\/noticias\/2026\/02\/06\/roberto-carlos-quer-brasil-campeao-do-mundo-mas-recorda-fotos-de-2002\/#article\",\"isPartOf\":{\"@id\":\"https:\/\/portaltela.pt\/noticias\/2026\/02\/06\/roberto-carlos-quer-brasil-campeao-do-mundo-mas-recorda-fotos-de-2002\/\"},\"author\":{\"name\":\"Telinha\",\"@id\":\"https:\/\/portaltela.pt\/#\/schema\/person\/c4278d4a6028830caff9ee44b42d32ed\"},\"headline\":\"Roberto Carlos quer Brasil campe\u00e3o do mundo, mas recorda fotos de 2002\",\"datePublished\":\"2026-02-06T14:26:39+00:00\",\"mainEntityOfPage\":{\"@id\":\"https:\/\/portaltela.pt\/noticias\/2026\/02\/06\/roberto-carlos-quer-brasil-campeao-do-mundo-mas-recorda-fotos-de-2002\/\"},\"wordCount\":314,\"image\":{\"@id\":\"https:\/\/portaltela.pt\/noticias\/2026\/02\/06\/roberto-carlos-quer-brasil-campeao-do-mundo-mas-recorda-fotos-de-2002\/#primaryimage\"},\"thumbnailUrl\":\"https:\/\/portaltela.pt\/s.01k8rhncp4jt1\/2026\/02\/img_1200x721uu2026-02-06-12-56-21-2419946-1.jpg\",\"keywords\":[\"Andr\u00e9 Villas-Boas\",\"Brasil\",\"Carlo Ancelotti\",\"futebol\",\"Porto\",\"Sele\u00e7\u00e3o Nacional\"],\"articleSection\":[\"Desporto\",\"Futebol\"],\"inLanguage\":\"pt-PT\"},{\"@type\":\"WebPage\",\"@id\":\"https:\/\/portaltela.pt\/noticias\/2026\/02\/06\/roberto-carlos-quer-brasil-campeao-do-mundo-mas-recorda-fotos-de-2002\/\",\"url\":\"https:\/\/portaltela.pt\/noticias\/2026\/02\/06\/roberto-carlos-quer-brasil-campeao-do-mundo-mas-recorda-fotos-de-2002\/\",\"name\":\"Roberto Carlos quer Brasil campe\u00e3o do mundo, mas recorda fotos de 2002 - Portal Tela Portugal\",\"isPartOf\":{\"@id\":\"https:\/\/portaltela.pt\/#website\"},\"primaryImageOfPage\":{\"@id\":\"https:\/\/portaltela.pt\/noticias\/2026\/02\/06\/roberto-carlos-quer-brasil-campeao-do-mundo-mas-recorda-fotos-de-2002\/#primaryimage\"},\"image\":{\"@id\":\"https:\/\/portaltela.pt\/noticias\/2026\/02\/06\/roberto-carlos-quer-brasil-campeao-do-mundo-mas-recorda-fotos-de-2002\/#primaryimage\"},\"thumbnailUrl\":\"https:\/\/portaltela.pt\/s.01k8rhncp4jt1\/2026\/02\/img_1200x721uu2026-02-06-12-56-21-2419946-1.jpg\",\"datePublished\":\"2026-02-06T14:26:39+00:00\",\"author\":{\"@id\":\"https:\/\/portaltela.pt\/#\/schema\/person\/c4278d4a6028830caff9ee44b42d32ed\"},\"breadcrumb\":{\"@id\":\"https:\/\/portaltela.pt\/noticias\/2026\/02\/06\/roberto-carlos-quer-brasil-campeao-do-mundo-mas-recorda-fotos-de-2002\/#breadcrumb\"},\"inLanguage\":\"pt-PT\",\"potentialAction\":[{\"@type\":\"ReadAction\",\"target\":[\"https:\/\/portaltela.pt\/noticias\/2026\/02\/06\/roberto-carlos-quer-brasil-campeao-do-mundo-mas-recorda-fotos-de-2002\/\"]}]},{\"@type\":\"ImageObject\",\"inLanguage\":\"pt-PT\",\"@id\":\"https:\/\/portaltela.pt\/noticias\/2026\/02\/06\/roberto-carlos-quer-brasil-campeao-do-mundo-mas-recorda-fotos-de-2002\/#primaryimage\",\"url\":\"https:\/\/portaltela.pt\/s.01k8rhncp4jt1\/2026\/02\/img_1200x721uu2026-02-06-12-56-21-2419946-1.jpg\",\"contentUrl\":\"https:\/\/portaltela.pt\/s.01k8rhncp4jt1\/2026\/02\/img_1200x721uu2026-02-06-12-56-21-2419946-1.jpg\",\"width\":796,\"height\":448,\"caption\":\"Trof\u00e9u do Mundial no Est\u00e1dio do Drag\u00e3o\"},{\"@type\":\"BreadcrumbList\",\"@id\":\"https:\/\/portaltela.pt\/noticias\/2026\/02\/06\/roberto-carlos-quer-brasil-campeao-do-mundo-mas-recorda-fotos-de-2002\/#breadcrumb\",\"itemListElement\":[{\"@type\":\"ListItem\",\"position\":1,\"name\":\"In\u00edcio\",\"item\":\"https:\/\/portaltela.pt\/\"},{\"@type\":\"ListItem\",\"position\":2,\"name\":\"Roberto Carlos quer Brasil campe\u00e3o do mundo, mas recorda fotos de 2002\"}]},{\"@type\":\"WebSite\",\"@id\":\"https:\/\/portaltela.pt\/#website\",\"url\":\"https:\/\/portaltela.pt\/\",\"name\":\"Portal Tela Portugal\",\"description\":\"\",\"potentialAction\":[{\"@type\":\"SearchAction\",\"target\":{\"@type\":\"EntryPoint\",\"urlTemplate\":\"https:\/\/portaltela.pt\/?s={search_term_string}\"},\"query-input\":{\"@type\":\"PropertyValueSpecification\",\"valueRequired\":true,\"valueName\":\"search_term_string\"}}],\"inLanguage\":\"pt-PT\"},{\"@type\":\"Person\",\"@id\":\"https:\/\/portaltela.pt\/#\/schema\/person\/c4278d4a6028830caff9ee44b42d32ed\",\"name\":\"Telinha\",\"image\":{\"@type\":\"ImageObject\",\"inLanguage\":\"pt-PT\",\"@id\":\"https:\/\/portaltela.pt\/s.01k8rhncp4jt1\/2025\/11\/talking-bot-125x125.png\",\"url\":\"https:\/\/portaltela.pt\/s.01k8rhncp4jt1\/2025\/11\/talking-bot-125x125.png\",\"contentUrl\":\"https:\/\/portaltela.pt\/s.01k8rhncp4jt1\/2025\/11\/talking-bot-125x125.png\",\"caption\":\"Telinha\"},\"sameAs\":[\"https:\/\/portaltela.pt\/\"],\"url\":\"https:\/\/portaltela.pt\/por\/367410592786\/\"}]}<\/script>\n<!-- \/ Yoast SEO plugin. -->","yoast_head_json":{"title":"Roberto Carlos quer Brasil campe\u00e3o do mundo, mas recorda fotos de 2002 - Portal Tela Portugal","robots":{"index":"index","follow":"follow","max-snippet":"max-snippet:-1","max-image-preview":"max-image-preview:large","max-video-preview":"max-video-preview:-1"},"og_locale":"pt_PT","og_type":"article","og_title":"Roberto Carlos quer Brasil campe\u00e3o do mundo, mas recorda fotos de 2002 - Portal Tela Portugal","og_description":"A Trophy Tour da Ta\u00e7a do Mundial passou pelo Est\u00e1dio do Drag\u00e3o, com Roberto Carlos entre os presentes, bem como Andr\u00e9 Villas-Boas, Domingos Paci\u00eancia e o presidente da C\u00e2mara do Porto. O antigo lateral recordou a vit\u00f3ria do Mundial de 2002 na Coreia do Sul e Jap\u00e3o, dizendo ter uma r\u00e9plica do trof\u00e9u em casa e descrevendo o caminho do hotel at\u00e9 ao est\u00e1dio. Destacou o ambiente do balne\u00e1rio e o choro de Ronaldo, lembrando que a equipa era \u201cmuito b\u00e1sica\u201d e que houve a oportunidade de vencer em 2002 ap\u00f3s a derrota em 1998. Refere o desejo de o Brasil voltar a ganhar o Mundial, mas admite um sentimento agridoce ao pensar nas fotos de 2002 e fala em poss\u00edveis evolu\u00e7\u00f5es com o alargamento da competi\u00e7\u00e3o, comparando com Portugal, Espanha e Fran\u00e7a. Brinca dizendo que n\u00e3o pode jogar mais e que, ao fim, ele est\u00e1 no \u00faltimo quadro da sele\u00e7\u00e3o com o trof\u00e9u.","og_url":"https:\/\/portaltela.pt\/noticias\/2026\/02\/06\/roberto-carlos-quer-brasil-campeao-do-mundo-mas-recorda-fotos-de-2002\/","og_site_name":"Portal Tela Portugal","article_published_time":"2026-02-06T14:26:39+00:00","author":"Telinha","twitter_card":"summary_large_image","twitter_misc":{"Escrito por":"Telinha","Tempo estimado de leitura":"2 minutos"},"schema":{"@context":"https:\/\/schema.org","@graph":[{"@type":"Article","@id":"https:\/\/portaltela.pt\/noticias\/2026\/02\/06\/roberto-carlos-quer-brasil-campeao-do-mundo-mas-recorda-fotos-de-2002\/#article","isPartOf":{"@id":"https:\/\/portaltela.pt\/noticias\/2026\/02\/06\/roberto-carlos-quer-brasil-campeao-do-mundo-mas-recorda-fotos-de-2002\/"},"author":{"name":"Telinha","@id":"https:\/\/portaltela.pt\/#\/schema\/person\/c4278d4a6028830caff9ee44b42d32ed"},"headline":"Roberto Carlos quer Brasil campe\u00e3o do mundo, mas recorda fotos de 2002","datePublished":"2026-02-06T14:26:39+00:00","mainEntityOfPage":{"@id":"https:\/\/portaltela.pt\/noticias\/2026\/02\/06\/roberto-carlos-quer-brasil-campeao-do-mundo-mas-recorda-fotos-de-2002\/"},"wordCount":314,"image":{"@id":"https:\/\/portaltela.pt\/noticias\/2026\/02\/06\/roberto-carlos-quer-brasil-campeao-do-mundo-mas-recorda-fotos-de-2002\/#primaryimage"},"thumbnailUrl":"https:\/\/portaltela.pt\/s.01k8rhncp4jt1\/2026\/02\/img_1200x721uu2026-02-06-12-56-21-2419946-1.jpg","keywords":["Andr\u00e9 Villas-Boas","Brasil","Carlo Ancelotti","futebol","Porto","Sele\u00e7\u00e3o Nacional"],"articleSection":["Desporto","Futebol"],"inLanguage":"pt-PT"},{"@type":"WebPage","@id":"https:\/\/portaltela.pt\/noticias\/2026\/02\/06\/roberto-carlos-quer-brasil-campeao-do-mundo-mas-recorda-fotos-de-2002\/","url":"https:\/\/portaltela.pt\/noticias\/2026\/02\/06\/roberto-carlos-quer-brasil-campeao-do-mundo-mas-recorda-fotos-de-2002\/","name":"Roberto Carlos quer Brasil campe\u00e3o do mundo, mas recorda fotos de 2002 - Portal Tela Portugal","isPartOf":{"@id":"https:\/\/portaltela.pt\/#website"},"primaryImageOfPage":{"@id":"https:\/\/portaltela.pt\/noticias\/2026\/02\/06\/roberto-carlos-quer-brasil-campeao-do-mundo-mas-recorda-fotos-de-2002\/#primaryimage"},"image":{"@id":"https:\/\/portaltela.pt\/noticias\/2026\/02\/06\/roberto-carlos-quer-brasil-campeao-do-mundo-mas-recorda-fotos-de-2002\/#primaryimage"},"thumbnailUrl":"https:\/\/portaltela.pt\/s.01k8rhncp4jt1\/2026\/02\/img_1200x721uu2026-02-06-12-56-21-2419946-1.jpg","datePublished":"2026-02-06T14:26:39+00:00","author":{"@id":"https:\/\/portaltela.pt\/#\/schema\/person\/c4278d4a6028830caff9ee44b42d32ed"},"breadcrumb":{"@id":"https:\/\/portaltela.pt\/noticias\/2026\/02\/06\/roberto-carlos-quer-brasil-campeao-do-mundo-mas-recorda-fotos-de-2002\/#breadcrumb"},"inLanguage":"pt-PT","potentialAction":[{"@type":"ReadAction","target":["https:\/\/portaltela.pt\/noticias\/2026\/02\/06\/roberto-carlos-quer-brasil-campeao-do-mundo-mas-recorda-fotos-de-2002\/"]}]},{"@type":"ImageObject","inLanguage":"pt-PT","@id":"https:\/\/portaltela.pt\/noticias\/2026\/02\/06\/roberto-carlos-quer-brasil-campeao-do-mundo-mas-recorda-fotos-de-2002\/#primaryimage","url":"https:\/\/portaltela.pt\/s.01k8rhncp4jt1\/2026\/02\/img_1200x721uu2026-02-06-12-56-21-2419946-1.jpg","contentUrl":"https:\/\/portaltela.pt\/s.01k8rhncp4jt1\/2026\/02\/img_1200x721uu2026-02-06-12-56-21-2419946-1.jpg","width":796,"height":448,"caption":"Trof\u00e9u do Mundial no Est\u00e1dio do Drag\u00e3o"},{"@type":"BreadcrumbList","@id":"https:\/\/portaltela.pt\/noticias\/2026\/02\/06\/roberto-carlos-quer-brasil-campeao-do-mundo-mas-recorda-fotos-de-2002\/#breadcrumb","itemListElement":[{"@type":"ListItem","position":1,"name":"In\u00edcio","item":"https:\/\/portaltela.pt\/"},{"@type":"ListItem","position":2,"name":"Roberto Carlos quer Brasil campe\u00e3o do mundo, mas recorda fotos de 2002"}]},{"@type":"WebSite","@id":"https:\/\/portaltela.pt\/#website","url":"https:\/\/portaltela.pt\/","name":"Portal Tela Portugal","description":"","potentialAction":[{"@type":"SearchAction","target":{"@type":"EntryPoint","urlTemplate":"https:\/\/portaltela.pt\/?s={search_term_string}"},"query-input":{"@type":"PropertyValueSpecification","valueRequired":true,"valueName":"search_term_string"}}],"inLanguage":"pt-PT"},{"@type":"Person","@id":"https:\/\/portaltela.pt\/#\/schema\/person\/c4278d4a6028830caff9ee44b42d32ed","name":"Telinha","image":{"@type":"ImageObject","inLanguage":"pt-PT","@id":"https:\/\/portaltela.pt\/s.01k8rhncp4jt1\/2025\/11\/talking-bot-125x125.png","url":"https:\/\/portaltela.pt\/s.01k8rhncp4jt1\/2025\/11\/talking-bot-125x125.png","contentUrl":"https:\/\/portaltela.pt\/s.01k8rhncp4jt1\/2025\/11\/talking-bot-125x125.png","caption":"Telinha"},"sameAs":["https:\/\/portaltela.pt\/"],"url":"https:\/\/portaltela.pt\/por\/367410592786\/"}]}},"_links":{"self":[{"href":"https:\/\/portaltela.pt\/api\/wp\/v2\/posts\/201723","targetHints":{"allow":["GET"]}}],"collection":[{"href":"https:\/\/portaltela.pt\/api\/wp\/v2\/posts"}],"about":[{"href":"https:\/\/portaltela.pt\/api\/wp\/v2\/types\/post"}],"author":[{"embeddable":true,"href":"https:\/\/portaltela.pt\/api\/wp\/v2\/users\/2"}],"replies":[{"embeddable":true,"href":"https:\/\/portaltela.pt\/api\/wp\/v2\/comments?post=201723"}],"version-history":[{"count":0,"href":"https:\/\/portaltela.pt\/api\/wp\/v2\/posts\/201723\/revisions"}],"wp:featuredmedia":[{"embeddable":true,"href":"https:\/\/portaltela.pt\/api\/wp\/v2\/media\/201728"}],"wp:attachment":[{"href":"https:\/\/portaltela.pt\/api\/wp\/v2\/media?parent=201723"}],"wp:term":[{"taxonomy":"category","embeddable":true,"href":"https:\/\/portaltela.pt\/api\/wp\/v2\/categories?post=201723"},{"taxonomy":"post_tag","embeddable":true,"href":"https:\/\/portaltela.pt\/api\/wp\/v2\/tags?post=201723"}],"curies":[{"name":"wp","href":"https:\/\/api.w.org\/{rel}","templated":true}]}}