{"id":201693,"date":"2026-02-06T11:12:50","date_gmt":"2026-02-06T14:12:50","guid":{"rendered":"https:\/\/portaltela.pt\/noticias\/2026\/02\/06\/vizela-rejeitou-propostas-por-jota-goncalves\/"},"modified":"2026-02-06T11:12:50","modified_gmt":"2026-02-06T14:12:50","slug":"vizela-rejeitou-propostas-por-jota-goncalves","status":"publish","type":"post","link":"https:\/\/portaltela.pt\/desporto\/futebol\/2026\/02\/06\/vizela-rejeitou-propostas-por-jota-goncalves\/","title":{"rendered":"Vizela rejeitou propostas por Jota Gon\u00e7alves"},"content":{"rendered":"<p>O Vizela rejeitou propostas por Jota Gon\u00e7alves, capit\u00e3o da equipa, defesa-central de 25 anos, durante a \u00faltima semana do mercado de inverno, que terminou na segunda-feira passada. A informa\u00e7\u00e3o foi avan\u00e7ada pela Record.<\/p>\n<p>Segundo a mesma fonte, as propostas eram vantajosas para a SAD vizelense e para o jogador, mas foram prontamente recusadas. O atleta encontrava-se nos seis meses finais de contrato desde janeiro, com possibilidade de assinar por outro clube.<\/p>\n<p>Registo ainda que o Vizela assinou Lu\u00eds Rocha, defesa-central de 39 anos, a poucas horas do fecho da janela. A contrata\u00e7\u00e3o pode reduzir as hip\u00f3teses de Jota Gon\u00e7alves manter o lugar no onze.<\/p>\n<h3>Refor\u00e7o para a defesa<\/h3>\n<p>Lu\u00eds Rocha foi apresentado como novo elemento da defesa, numa opera\u00e7\u00e3o conclu\u00edda nos instantes finais da janela de transfer\u00eancias. O objetivo do clube \u00e9 fortalecer a linha de transmiss\u00e3o para a segunda metade da \u00e9poca.<\/p>\n","protected":false},"excerpt":{"rendered":"<ul>\n<li>Vizela rejeitou todas as propostas recebidas pelo defesa-central Jota Gon\u00e7alves, capit\u00e3o da equipa.<\/li>\n<li>Jota Gon\u00e7alves, de 25 anos, terminava o contrato em seis meses e ficou livre para assinar por outro clube.<\/li>\n<li>As propostas chegaram com vantagens para o Vizela e para o jogador, mas foram recusadas.<\/li>\n<li>O compromisso com o clube manteve-se, mantendo-o no plantel.<\/li>\n<li>Nos instantes finais da janela, o Vizela contratou Lu\u00eds Rocha, defesa-central de 39 anos, o que pode reduzir ainda mais as hip\u00f3teses de Jota Gon\u00e7alves ficar no onze.<\/li>\n<\/ul>\n","protected":false},"author":2,"featured_media":201696,"comment_status":"closed","ping_status":"closed","sticky":false,"template":"","format":"standard","meta":{"footnotes":""},"categories":[21,24],"tags":[2219,4077,32,50,2050,4317],"class_list":["post-201693","post","type-post","status-publish","format-standard","has-post-thumbnail","hentry","category-desporto","category-futebol","tag-contratacoes","tag-defesa-central","tag-futebol","tag-mercado-da-bola","tag-transferencias","tag-vizela"],"yoast_head":"<!-- This site is optimized with the Yoast SEO plugin v27.2 - https:\/\/yoast.com\/product\/yoast-seo-wordpress\/ -->\n<title>Vizela rejeitou propostas por Jota Gon\u00e7alves - Portal Tela Portugal<\/title>\n<meta name=\"robots\" content=\"index, follow, max-snippet:-1, max-image-preview:large, max-video-preview:-1\" \/>\n<meta property=\"og:locale\" content=\"pt_PT\" \/>\n<meta property=\"og:type\" content=\"article\" \/>\n<meta property=\"og:title\" content=\"Vizela rejeitou propostas por Jota Gon\u00e7alves - Portal Tela Portugal\" \/>\n<meta property=\"og:description\" content=\"Vizela rejeitou todas as propostas recebidas pelo defesa-central Jota Gon\u00e7alves, capit\u00e3o da equipa. Jota Gon\u00e7alves, de 25 anos, terminava o contrato em seis meses e ficou livre para assinar por outro clube. As propostas chegaram com vantagens para o Vizela e para o jogador, mas foram recusadas. O compromisso com o clube manteve-se, mantendo-o no plantel. Nos instantes finais da janela, o Vizela contratou Lu\u00eds Rocha, defesa-central de 39 anos, o que pode reduzir ainda mais as hip\u00f3teses de Jota Gon\u00e7alves ficar no onze.\" \/>\n<meta property=\"og:url\" content=\"https:\/\/portaltela.pt\/noticias\/2026\/02\/06\/vizela-rejeitou-propostas-por-jota-goncalves\/\" \/>\n<meta property=\"og:site_name\" content=\"Portal Tela Portugal\" \/>\n<meta property=\"article:published_time\" content=\"2026-02-06T14:12:50+00:00\" \/>\n<meta name=\"author\" content=\"Telinha\" \/>\n<meta name=\"twitter:card\" content=\"summary_large_image\" \/>\n<meta name=\"twitter:label1\" content=\"Escrito por\" \/>\n\t<meta name=\"twitter:data1\" content=\"Telinha\" \/>\n\t<meta name=\"twitter:label2\" content=\"Tempo estimado de leitura\" \/>\n\t<meta name=\"twitter:data2\" content=\"1 minuto\" \/>\n<script type=\"application\/ld+json\" class=\"yoast-schema-graph\">{\"@context\":\"https:\/\/schema.org\",\"@graph\":[{\"@type\":\"Article\",\"@id\":\"https:\/\/portaltela.pt\/noticias\/2026\/02\/06\/vizela-rejeitou-propostas-por-jota-goncalves\/#article\",\"isPartOf\":{\"@id\":\"https:\/\/portaltela.pt\/noticias\/2026\/02\/06\/vizela-rejeitou-propostas-por-jota-goncalves\/\"},\"author\":{\"name\":\"Telinha\",\"@id\":\"https:\/\/portaltela.pt\/#\/schema\/person\/c4278d4a6028830caff9ee44b42d32ed\"},\"headline\":\"Vizela rejeitou propostas por Jota Gon\u00e7alves\",\"datePublished\":\"2026-02-06T14:12:50+00:00\",\"mainEntityOfPage\":{\"@id\":\"https:\/\/portaltela.pt\/noticias\/2026\/02\/06\/vizela-rejeitou-propostas-por-jota-goncalves\/\"},\"wordCount\":161,\"image\":{\"@id\":\"https:\/\/portaltela.pt\/noticias\/2026\/02\/06\/vizela-rejeitou-propostas-por-jota-goncalves\/#primaryimage\"},\"thumbnailUrl\":\"https:\/\/portaltela.pt\/s.01k8rhncp4jt1\/2026\/02\/img_920x518uu2026-02-06-14-11-27-2419956.jpg\",\"keywords\":[\"contrata\u00e7\u00f5es\",\"defesa-central\",\"futebol\",\"mercado da bola\",\"transfer\u00eancias\",\"Vizela\"],\"articleSection\":[\"Desporto\",\"Futebol\"],\"inLanguage\":\"pt-PT\"},{\"@type\":\"WebPage\",\"@id\":\"https:\/\/portaltela.pt\/noticias\/2026\/02\/06\/vizela-rejeitou-propostas-por-jota-goncalves\/\",\"url\":\"https:\/\/portaltela.pt\/noticias\/2026\/02\/06\/vizela-rejeitou-propostas-por-jota-goncalves\/\",\"name\":\"Vizela rejeitou propostas por Jota Gon\u00e7alves - Portal Tela Portugal\",\"isPartOf\":{\"@id\":\"https:\/\/portaltela.pt\/#website\"},\"primaryImageOfPage\":{\"@id\":\"https:\/\/portaltela.pt\/noticias\/2026\/02\/06\/vizela-rejeitou-propostas-por-jota-goncalves\/#primaryimage\"},\"image\":{\"@id\":\"https:\/\/portaltela.pt\/noticias\/2026\/02\/06\/vizela-rejeitou-propostas-por-jota-goncalves\/#primaryimage\"},\"thumbnailUrl\":\"https:\/\/portaltela.pt\/s.01k8rhncp4jt1\/2026\/02\/img_920x518uu2026-02-06-14-11-27-2419956.jpg\",\"datePublished\":\"2026-02-06T14:12:50+00:00\",\"author\":{\"@id\":\"https:\/\/portaltela.pt\/#\/schema\/person\/c4278d4a6028830caff9ee44b42d32ed\"},\"breadcrumb\":{\"@id\":\"https:\/\/portaltela.pt\/noticias\/2026\/02\/06\/vizela-rejeitou-propostas-por-jota-goncalves\/#breadcrumb\"},\"inLanguage\":\"pt-PT\",\"potentialAction\":[{\"@type\":\"ReadAction\",\"target\":[\"https:\/\/portaltela.pt\/noticias\/2026\/02\/06\/vizela-rejeitou-propostas-por-jota-goncalves\/\"]}]},{\"@type\":\"ImageObject\",\"inLanguage\":\"pt-PT\",\"@id\":\"https:\/\/portaltela.pt\/noticias\/2026\/02\/06\/vizela-rejeitou-propostas-por-jota-goncalves\/#primaryimage\",\"url\":\"https:\/\/portaltela.pt\/s.01k8rhncp4jt1\/2026\/02\/img_920x518uu2026-02-06-14-11-27-2419956.jpg\",\"contentUrl\":\"https:\/\/portaltela.pt\/s.01k8rhncp4jt1\/2026\/02\/img_920x518uu2026-02-06-14-11-27-2419956.jpg\",\"width\":796,\"height\":448,\"caption\":\"Jota Gon\u00e7alves fica no Vizela\"},{\"@type\":\"BreadcrumbList\",\"@id\":\"https:\/\/portaltela.pt\/noticias\/2026\/02\/06\/vizela-rejeitou-propostas-por-jota-goncalves\/#breadcrumb\",\"itemListElement\":[{\"@type\":\"ListItem\",\"position\":1,\"name\":\"In\u00edcio\",\"item\":\"https:\/\/portaltela.pt\/\"},{\"@type\":\"ListItem\",\"position\":2,\"name\":\"Vizela rejeitou propostas por Jota Gon\u00e7alves\"}]},{\"@type\":\"WebSite\",\"@id\":\"https:\/\/portaltela.pt\/#website\",\"url\":\"https:\/\/portaltela.pt\/\",\"name\":\"Portal Tela Portugal\",\"description\":\"\",\"potentialAction\":[{\"@type\":\"SearchAction\",\"target\":{\"@type\":\"EntryPoint\",\"urlTemplate\":\"https:\/\/portaltela.pt\/?s={search_term_string}\"},\"query-input\":{\"@type\":\"PropertyValueSpecification\",\"valueRequired\":true,\"valueName\":\"search_term_string\"}}],\"inLanguage\":\"pt-PT\"},{\"@type\":\"Person\",\"@id\":\"https:\/\/portaltela.pt\/#\/schema\/person\/c4278d4a6028830caff9ee44b42d32ed\",\"name\":\"Telinha\",\"image\":{\"@type\":\"ImageObject\",\"inLanguage\":\"pt-PT\",\"@id\":\"https:\/\/portaltela.pt\/s.01k8rhncp4jt1\/2025\/11\/talking-bot-125x125.png\",\"url\":\"https:\/\/portaltela.pt\/s.01k8rhncp4jt1\/2025\/11\/talking-bot-125x125.png\",\"contentUrl\":\"https:\/\/portaltela.pt\/s.01k8rhncp4jt1\/2025\/11\/talking-bot-125x125.png\",\"caption\":\"Telinha\"},\"sameAs\":[\"https:\/\/portaltela.pt\/\"],\"url\":\"https:\/\/portaltela.pt\/por\/367410592786\/\"}]}<\/script>\n<!-- \/ Yoast SEO plugin. -->","yoast_head_json":{"title":"Vizela rejeitou propostas por Jota Gon\u00e7alves - Portal Tela Portugal","robots":{"index":"index","follow":"follow","max-snippet":"max-snippet:-1","max-image-preview":"max-image-preview:large","max-video-preview":"max-video-preview:-1"},"og_locale":"pt_PT","og_type":"article","og_title":"Vizela rejeitou propostas por Jota Gon\u00e7alves - Portal Tela Portugal","og_description":"Vizela rejeitou todas as propostas recebidas pelo defesa-central Jota Gon\u00e7alves, capit\u00e3o da equipa. Jota Gon\u00e7alves, de 25 anos, terminava o contrato em seis meses e ficou livre para assinar por outro clube. As propostas chegaram com vantagens para o Vizela e para o jogador, mas foram recusadas. O compromisso com o clube manteve-se, mantendo-o no plantel. Nos instantes finais da janela, o Vizela contratou Lu\u00eds Rocha, defesa-central de 39 anos, o que pode reduzir ainda mais as hip\u00f3teses de Jota Gon\u00e7alves ficar no onze.","og_url":"https:\/\/portaltela.pt\/noticias\/2026\/02\/06\/vizela-rejeitou-propostas-por-jota-goncalves\/","og_site_name":"Portal Tela Portugal","article_published_time":"2026-02-06T14:12:50+00:00","author":"Telinha","twitter_card":"summary_large_image","twitter_misc":{"Escrito por":"Telinha","Tempo estimado de leitura":"1 minuto"},"schema":{"@context":"https:\/\/schema.org","@graph":[{"@type":"Article","@id":"https:\/\/portaltela.pt\/noticias\/2026\/02\/06\/vizela-rejeitou-propostas-por-jota-goncalves\/#article","isPartOf":{"@id":"https:\/\/portaltela.pt\/noticias\/2026\/02\/06\/vizela-rejeitou-propostas-por-jota-goncalves\/"},"author":{"name":"Telinha","@id":"https:\/\/portaltela.pt\/#\/schema\/person\/c4278d4a6028830caff9ee44b42d32ed"},"headline":"Vizela rejeitou propostas por Jota Gon\u00e7alves","datePublished":"2026-02-06T14:12:50+00:00","mainEntityOfPage":{"@id":"https:\/\/portaltela.pt\/noticias\/2026\/02\/06\/vizela-rejeitou-propostas-por-jota-goncalves\/"},"wordCount":161,"image":{"@id":"https:\/\/portaltela.pt\/noticias\/2026\/02\/06\/vizela-rejeitou-propostas-por-jota-goncalves\/#primaryimage"},"thumbnailUrl":"https:\/\/portaltela.pt\/s.01k8rhncp4jt1\/2026\/02\/img_920x518uu2026-02-06-14-11-27-2419956.jpg","keywords":["contrata\u00e7\u00f5es","defesa-central","futebol","mercado da bola","transfer\u00eancias","Vizela"],"articleSection":["Desporto","Futebol"],"inLanguage":"pt-PT"},{"@type":"WebPage","@id":"https:\/\/portaltela.pt\/noticias\/2026\/02\/06\/vizela-rejeitou-propostas-por-jota-goncalves\/","url":"https:\/\/portaltela.pt\/noticias\/2026\/02\/06\/vizela-rejeitou-propostas-por-jota-goncalves\/","name":"Vizela rejeitou propostas por Jota Gon\u00e7alves - Portal Tela Portugal","isPartOf":{"@id":"https:\/\/portaltela.pt\/#website"},"primaryImageOfPage":{"@id":"https:\/\/portaltela.pt\/noticias\/2026\/02\/06\/vizela-rejeitou-propostas-por-jota-goncalves\/#primaryimage"},"image":{"@id":"https:\/\/portaltela.pt\/noticias\/2026\/02\/06\/vizela-rejeitou-propostas-por-jota-goncalves\/#primaryimage"},"thumbnailUrl":"https:\/\/portaltela.pt\/s.01k8rhncp4jt1\/2026\/02\/img_920x518uu2026-02-06-14-11-27-2419956.jpg","datePublished":"2026-02-06T14:12:50+00:00","author":{"@id":"https:\/\/portaltela.pt\/#\/schema\/person\/c4278d4a6028830caff9ee44b42d32ed"},"breadcrumb":{"@id":"https:\/\/portaltela.pt\/noticias\/2026\/02\/06\/vizela-rejeitou-propostas-por-jota-goncalves\/#breadcrumb"},"inLanguage":"pt-PT","potentialAction":[{"@type":"ReadAction","target":["https:\/\/portaltela.pt\/noticias\/2026\/02\/06\/vizela-rejeitou-propostas-por-jota-goncalves\/"]}]},{"@type":"ImageObject","inLanguage":"pt-PT","@id":"https:\/\/portaltela.pt\/noticias\/2026\/02\/06\/vizela-rejeitou-propostas-por-jota-goncalves\/#primaryimage","url":"https:\/\/portaltela.pt\/s.01k8rhncp4jt1\/2026\/02\/img_920x518uu2026-02-06-14-11-27-2419956.jpg","contentUrl":"https:\/\/portaltela.pt\/s.01k8rhncp4jt1\/2026\/02\/img_920x518uu2026-02-06-14-11-27-2419956.jpg","width":796,"height":448,"caption":"Jota Gon\u00e7alves fica no Vizela"},{"@type":"BreadcrumbList","@id":"https:\/\/portaltela.pt\/noticias\/2026\/02\/06\/vizela-rejeitou-propostas-por-jota-goncalves\/#breadcrumb","itemListElement":[{"@type":"ListItem","position":1,"name":"In\u00edcio","item":"https:\/\/portaltela.pt\/"},{"@type":"ListItem","position":2,"name":"Vizela rejeitou propostas por Jota Gon\u00e7alves"}]},{"@type":"WebSite","@id":"https:\/\/portaltela.pt\/#website","url":"https:\/\/portaltela.pt\/","name":"Portal Tela Portugal","description":"","potentialAction":[{"@type":"SearchAction","target":{"@type":"EntryPoint","urlTemplate":"https:\/\/portaltela.pt\/?s={search_term_string}"},"query-input":{"@type":"PropertyValueSpecification","valueRequired":true,"valueName":"search_term_string"}}],"inLanguage":"pt-PT"},{"@type":"Person","@id":"https:\/\/portaltela.pt\/#\/schema\/person\/c4278d4a6028830caff9ee44b42d32ed","name":"Telinha","image":{"@type":"ImageObject","inLanguage":"pt-PT","@id":"https:\/\/portaltela.pt\/s.01k8rhncp4jt1\/2025\/11\/talking-bot-125x125.png","url":"https:\/\/portaltela.pt\/s.01k8rhncp4jt1\/2025\/11\/talking-bot-125x125.png","contentUrl":"https:\/\/portaltela.pt\/s.01k8rhncp4jt1\/2025\/11\/talking-bot-125x125.png","caption":"Telinha"},"sameAs":["https:\/\/portaltela.pt\/"],"url":"https:\/\/portaltela.pt\/por\/367410592786\/"}]}},"_links":{"self":[{"href":"https:\/\/portaltela.pt\/api\/wp\/v2\/posts\/201693","targetHints":{"allow":["GET"]}}],"collection":[{"href":"https:\/\/portaltela.pt\/api\/wp\/v2\/posts"}],"about":[{"href":"https:\/\/portaltela.pt\/api\/wp\/v2\/types\/post"}],"author":[{"embeddable":true,"href":"https:\/\/portaltela.pt\/api\/wp\/v2\/users\/2"}],"replies":[{"embeddable":true,"href":"https:\/\/portaltela.pt\/api\/wp\/v2\/comments?post=201693"}],"version-history":[{"count":0,"href":"https:\/\/portaltela.pt\/api\/wp\/v2\/posts\/201693\/revisions"}],"wp:featuredmedia":[{"embeddable":true,"href":"https:\/\/portaltela.pt\/api\/wp\/v2\/media\/201696"}],"wp:attachment":[{"href":"https:\/\/portaltela.pt\/api\/wp\/v2\/media?parent=201693"}],"wp:term":[{"taxonomy":"category","embeddable":true,"href":"https:\/\/portaltela.pt\/api\/wp\/v2\/categories?post=201693"},{"taxonomy":"post_tag","embeddable":true,"href":"https:\/\/portaltela.pt\/api\/wp\/v2\/tags?post=201693"}],"curies":[{"name":"wp","href":"https:\/\/api.w.org\/{rel}","templated":true}]}}