{"id":201686,"date":"2026-02-06T10:58:00","date_gmt":"2026-02-06T13:58:00","guid":{"rendered":"https:\/\/portaltela.pt\/noticias\/2026\/02\/06\/alentejo-adia-gala-de-abertura-da-cidade-europeia-do-vinho\/"},"modified":"2026-02-06T10:58:00","modified_gmt":"2026-02-06T13:58:00","slug":"alentejo-adia-gala-de-abertura-da-cidade-europeia-do-vinho","status":"publish","type":"post","link":"https:\/\/portaltela.pt\/noticias\/2026\/02\/06\/alentejo-adia-gala-de-abertura-da-cidade-europeia-do-vinho\/","title":{"rendered":"Alentejo adia gala de abertura da Cidade Europeia do Vinho"},"content":{"rendered":"<p>A gala de abertura da Cidade Europeia do Vinho 2026, organizada pelo Baixo Alentejo, foi adiada em virtude do mau tempo que se atravessa. O evento deveria realizar-se este s\u00e1bado no Pax Julia, Teatro Municipal de Beja, mas o tempo adverso levou ao adiamento, sem nova data anunciada.<\/p>\n<p>A decis\u00e3o foi tomada pelo Turismo do Alentejo, em conjunto com os presidente da C\u00e2mara de Beja e da Associa\u00e7\u00e3o de Munic\u00edpios Portugueses do Vinho. A medida visa evitar riscos para participantes e colaboradores.<\/p>\n<p>O objetivo inicial era assinalar a passagem de testemunho do t\u00edtulo entre Espanha e Portugal, com a entrega da bandeira. O projeto envolve a Entidade Regional de Turismo do Alentejo e Ribatejo (ERT) e a CIMBAL, com o apoio de 13 c\u00e2maras, excluindo Odemira.<\/p>\n<h3>Nova data da gala ainda por anunciar<\/h3>\n<p>A gala de abertura passa a fazer parte de um programa alargado da Cidade Europeia do Vinho 2026, que prev\u00ea um conjunto diversificado de atividades ao longo do ano. Entre estas est\u00e3o feiras, confer\u00eancias, concursos e eventos pop-up.<\/p>\n<p>O programa inclui iniciativas como Gravel &amp; Wine, Wine Music Series, Festival da Can\u00e7\u00e3o Rural e os concursos Cidade do Vinho e Embaixadoras Territ\u00f3rios Vinhateiros. Est\u00e3o previstas tamb\u00e9m feiras como Vin&amp;Cultura, Ovibeja e ViniPax.<\/p>\n<p>Os organizadores pretendem promover o vinho, a cultura e o patrim\u00f3nio do Baixo Alentejo em mercados internacionais, ampliando a visibilidade da regi\u00e3o a n\u00edvel global. O conjunto de a\u00e7\u00f5es visa consolidar a identidade vin\u00edcola da regi\u00e3o.<\/p>\n","protected":false},"excerpt":{"rendered":"<ul>\n<li>A gala de abertura da Cidade Europeia do Vinho no Baixo Alentejo foi adiada devido ao mau tempo; nova data ainda n\u00e3o foi definida.<\/li>\n<li>A cerim\u00f3nia estava marcada para s\u00e1bado no Pax Julia, Teatro Municipal de Beja.<\/li>\n<li>A decis\u00e3o foi tomada pelo Turismo do Alentejo em conjunto com a C\u00e2mara de Beja e a Associa\u00e7\u00e3o de Munic\u00edpios Portugueses do Vinho.<\/li>\n<li>O evento visa marcar a passagem de testemunho da cidade europeia do vinho de Espanha para Portugal, com a entrega da bandeira pela Embaixadora dos Territ\u00f3rios Vinhateiros de Portugal 2025.<\/li>\n<li>O programa de 2026 prev\u00ea um conjunto alargado de atividades ao longo do ano, incluindo certames, confer\u00eancias, workshops e feiras para promover o Baixo Alentejo.<\/li>\n<\/ul>\n","protected":false},"author":2,"featured_media":201690,"comment_status":"closed","ping_status":"closed","sticky":false,"template":"","format":"standard","meta":{"footnotes":""},"categories":[1],"tags":[883,943,5568,5569,169,779],"class_list":["post-201686","post","type-post","status-publish","format-standard","has-post-thumbnail","hentry","category-noticias","tag-alentejo","tag-beja","tag-cidade-do-vinho","tag-ovibeja","tag-turismo","tag-vinhos"],"yoast_head":"<!-- This site is optimized with the Yoast SEO plugin v27.2 - https:\/\/yoast.com\/product\/yoast-seo-wordpress\/ -->\n<title>Alentejo adia gala de abertura da Cidade Europeia do Vinho - Portal Tela Portugal<\/title>\n<meta name=\"robots\" content=\"index, follow, max-snippet:-1, max-image-preview:large, max-video-preview:-1\" \/>\n<meta property=\"og:locale\" content=\"pt_PT\" \/>\n<meta property=\"og:type\" content=\"article\" \/>\n<meta property=\"og:title\" content=\"Alentejo adia gala de abertura da Cidade Europeia do Vinho - Portal Tela Portugal\" \/>\n<meta property=\"og:description\" content=\"A gala de abertura da Cidade Europeia do Vinho no Baixo Alentejo foi adiada devido ao mau tempo; nova data ainda n\u00e3o foi definida. A cerim\u00f3nia estava marcada para s\u00e1bado no Pax Julia, Teatro Municipal de Beja. A decis\u00e3o foi tomada pelo Turismo do Alentejo em conjunto com a C\u00e2mara de Beja e a Associa\u00e7\u00e3o de Munic\u00edpios Portugueses do Vinho. O evento visa marcar a passagem de testemunho da cidade europeia do vinho de Espanha para Portugal, com a entrega da bandeira pela Embaixadora dos Territ\u00f3rios Vinhateiros de Portugal 2025. O programa de 2026 prev\u00ea um conjunto alargado de atividades ao longo do ano, incluindo certames, confer\u00eancias, workshops e feiras para promover o Baixo Alentejo.\" \/>\n<meta property=\"og:url\" content=\"https:\/\/portaltela.pt\/noticias\/2026\/02\/06\/alentejo-adia-gala-de-abertura-da-cidade-europeia-do-vinho\/\" \/>\n<meta property=\"og:site_name\" content=\"Portal Tela Portugal\" \/>\n<meta property=\"article:published_time\" content=\"2026-02-06T13:58:00+00:00\" \/>\n<meta name=\"author\" content=\"Telinha\" \/>\n<meta name=\"twitter:card\" content=\"summary_large_image\" \/>\n<meta name=\"twitter:label1\" content=\"Escrito por\" \/>\n\t<meta name=\"twitter:data1\" content=\"Telinha\" \/>\n\t<meta name=\"twitter:label2\" content=\"Tempo estimado de leitura\" \/>\n\t<meta name=\"twitter:data2\" content=\"1 minuto\" \/>\n<script type=\"application\/ld+json\" class=\"yoast-schema-graph\">{\"@context\":\"https:\/\/schema.org\",\"@graph\":[{\"@type\":\"Article\",\"@id\":\"https:\/\/portaltela.pt\/noticias\/2026\/02\/06\/alentejo-adia-gala-de-abertura-da-cidade-europeia-do-vinho\/#article\",\"isPartOf\":{\"@id\":\"https:\/\/portaltela.pt\/noticias\/2026\/02\/06\/alentejo-adia-gala-de-abertura-da-cidade-europeia-do-vinho\/\"},\"author\":{\"name\":\"Telinha\",\"@id\":\"https:\/\/portaltela.pt\/#\/schema\/person\/c4278d4a6028830caff9ee44b42d32ed\"},\"headline\":\"Alentejo adia gala de abertura da Cidade Europeia do Vinho\",\"datePublished\":\"2026-02-06T13:58:00+00:00\",\"mainEntityOfPage\":{\"@id\":\"https:\/\/portaltela.pt\/noticias\/2026\/02\/06\/alentejo-adia-gala-de-abertura-da-cidade-europeia-do-vinho\/\"},\"wordCount\":269,\"image\":{\"@id\":\"https:\/\/portaltela.pt\/noticias\/2026\/02\/06\/alentejo-adia-gala-de-abertura-da-cidade-europeia-do-vinho\/#primaryimage\"},\"thumbnailUrl\":\"https:\/\/portaltela.pt\/s.01k8rhncp4jt1\/2026\/02\/2065083.jpg\",\"keywords\":[\"Alentejo\",\"Beja\",\"Cidade do Vinho\",\"Ovibeja\",\"turismo\",\"vinhos\"],\"articleSection\":[\"Not\u00edcias\"],\"inLanguage\":\"pt-PT\"},{\"@type\":\"WebPage\",\"@id\":\"https:\/\/portaltela.pt\/noticias\/2026\/02\/06\/alentejo-adia-gala-de-abertura-da-cidade-europeia-do-vinho\/\",\"url\":\"https:\/\/portaltela.pt\/noticias\/2026\/02\/06\/alentejo-adia-gala-de-abertura-da-cidade-europeia-do-vinho\/\",\"name\":\"Alentejo adia gala de abertura da Cidade Europeia do Vinho - Portal Tela Portugal\",\"isPartOf\":{\"@id\":\"https:\/\/portaltela.pt\/#website\"},\"primaryImageOfPage\":{\"@id\":\"https:\/\/portaltela.pt\/noticias\/2026\/02\/06\/alentejo-adia-gala-de-abertura-da-cidade-europeia-do-vinho\/#primaryimage\"},\"image\":{\"@id\":\"https:\/\/portaltela.pt\/noticias\/2026\/02\/06\/alentejo-adia-gala-de-abertura-da-cidade-europeia-do-vinho\/#primaryimage\"},\"thumbnailUrl\":\"https:\/\/portaltela.pt\/s.01k8rhncp4jt1\/2026\/02\/2065083.jpg\",\"datePublished\":\"2026-02-06T13:58:00+00:00\",\"author\":{\"@id\":\"https:\/\/portaltela.pt\/#\/schema\/person\/c4278d4a6028830caff9ee44b42d32ed\"},\"breadcrumb\":{\"@id\":\"https:\/\/portaltela.pt\/noticias\/2026\/02\/06\/alentejo-adia-gala-de-abertura-da-cidade-europeia-do-vinho\/#breadcrumb\"},\"inLanguage\":\"pt-PT\",\"potentialAction\":[{\"@type\":\"ReadAction\",\"target\":[\"https:\/\/portaltela.pt\/noticias\/2026\/02\/06\/alentejo-adia-gala-de-abertura-da-cidade-europeia-do-vinho\/\"]}]},{\"@type\":\"ImageObject\",\"inLanguage\":\"pt-PT\",\"@id\":\"https:\/\/portaltela.pt\/noticias\/2026\/02\/06\/alentejo-adia-gala-de-abertura-da-cidade-europeia-do-vinho\/#primaryimage\",\"url\":\"https:\/\/portaltela.pt\/s.01k8rhncp4jt1\/2026\/02\/2065083.jpg\",\"contentUrl\":\"https:\/\/portaltela.pt\/s.01k8rhncp4jt1\/2026\/02\/2065083.jpg\",\"width\":796,\"height\":448,\"caption\":\"A gala ser\u00e1 remarcada, mas ainda n\u00e3o tem data\"},{\"@type\":\"BreadcrumbList\",\"@id\":\"https:\/\/portaltela.pt\/noticias\/2026\/02\/06\/alentejo-adia-gala-de-abertura-da-cidade-europeia-do-vinho\/#breadcrumb\",\"itemListElement\":[{\"@type\":\"ListItem\",\"position\":1,\"name\":\"In\u00edcio\",\"item\":\"https:\/\/portaltela.pt\/\"},{\"@type\":\"ListItem\",\"position\":2,\"name\":\"Alentejo adia gala de abertura da Cidade Europeia do Vinho\"}]},{\"@type\":\"WebSite\",\"@id\":\"https:\/\/portaltela.pt\/#website\",\"url\":\"https:\/\/portaltela.pt\/\",\"name\":\"Portal Tela Portugal\",\"description\":\"\",\"potentialAction\":[{\"@type\":\"SearchAction\",\"target\":{\"@type\":\"EntryPoint\",\"urlTemplate\":\"https:\/\/portaltela.pt\/?s={search_term_string}\"},\"query-input\":{\"@type\":\"PropertyValueSpecification\",\"valueRequired\":true,\"valueName\":\"search_term_string\"}}],\"inLanguage\":\"pt-PT\"},{\"@type\":\"Person\",\"@id\":\"https:\/\/portaltela.pt\/#\/schema\/person\/c4278d4a6028830caff9ee44b42d32ed\",\"name\":\"Telinha\",\"image\":{\"@type\":\"ImageObject\",\"inLanguage\":\"pt-PT\",\"@id\":\"https:\/\/portaltela.pt\/s.01k8rhncp4jt1\/2025\/11\/talking-bot-125x125.png\",\"url\":\"https:\/\/portaltela.pt\/s.01k8rhncp4jt1\/2025\/11\/talking-bot-125x125.png\",\"contentUrl\":\"https:\/\/portaltela.pt\/s.01k8rhncp4jt1\/2025\/11\/talking-bot-125x125.png\",\"caption\":\"Telinha\"},\"sameAs\":[\"https:\/\/portaltela.pt\/\"],\"url\":\"https:\/\/portaltela.pt\/por\/367410592786\/\"}]}<\/script>\n<!-- \/ Yoast SEO plugin. -->","yoast_head_json":{"title":"Alentejo adia gala de abertura da Cidade Europeia do Vinho - Portal Tela Portugal","robots":{"index":"index","follow":"follow","max-snippet":"max-snippet:-1","max-image-preview":"max-image-preview:large","max-video-preview":"max-video-preview:-1"},"og_locale":"pt_PT","og_type":"article","og_title":"Alentejo adia gala de abertura da Cidade Europeia do Vinho - Portal Tela Portugal","og_description":"A gala de abertura da Cidade Europeia do Vinho no Baixo Alentejo foi adiada devido ao mau tempo; nova data ainda n\u00e3o foi definida. A cerim\u00f3nia estava marcada para s\u00e1bado no Pax Julia, Teatro Municipal de Beja. A decis\u00e3o foi tomada pelo Turismo do Alentejo em conjunto com a C\u00e2mara de Beja e a Associa\u00e7\u00e3o de Munic\u00edpios Portugueses do Vinho. O evento visa marcar a passagem de testemunho da cidade europeia do vinho de Espanha para Portugal, com a entrega da bandeira pela Embaixadora dos Territ\u00f3rios Vinhateiros de Portugal 2025. O programa de 2026 prev\u00ea um conjunto alargado de atividades ao longo do ano, incluindo certames, confer\u00eancias, workshops e feiras para promover o Baixo Alentejo.","og_url":"https:\/\/portaltela.pt\/noticias\/2026\/02\/06\/alentejo-adia-gala-de-abertura-da-cidade-europeia-do-vinho\/","og_site_name":"Portal Tela Portugal","article_published_time":"2026-02-06T13:58:00+00:00","author":"Telinha","twitter_card":"summary_large_image","twitter_misc":{"Escrito por":"Telinha","Tempo estimado de leitura":"1 minuto"},"schema":{"@context":"https:\/\/schema.org","@graph":[{"@type":"Article","@id":"https:\/\/portaltela.pt\/noticias\/2026\/02\/06\/alentejo-adia-gala-de-abertura-da-cidade-europeia-do-vinho\/#article","isPartOf":{"@id":"https:\/\/portaltela.pt\/noticias\/2026\/02\/06\/alentejo-adia-gala-de-abertura-da-cidade-europeia-do-vinho\/"},"author":{"name":"Telinha","@id":"https:\/\/portaltela.pt\/#\/schema\/person\/c4278d4a6028830caff9ee44b42d32ed"},"headline":"Alentejo adia gala de abertura da Cidade Europeia do Vinho","datePublished":"2026-02-06T13:58:00+00:00","mainEntityOfPage":{"@id":"https:\/\/portaltela.pt\/noticias\/2026\/02\/06\/alentejo-adia-gala-de-abertura-da-cidade-europeia-do-vinho\/"},"wordCount":269,"image":{"@id":"https:\/\/portaltela.pt\/noticias\/2026\/02\/06\/alentejo-adia-gala-de-abertura-da-cidade-europeia-do-vinho\/#primaryimage"},"thumbnailUrl":"https:\/\/portaltela.pt\/s.01k8rhncp4jt1\/2026\/02\/2065083.jpg","keywords":["Alentejo","Beja","Cidade do Vinho","Ovibeja","turismo","vinhos"],"articleSection":["Not\u00edcias"],"inLanguage":"pt-PT"},{"@type":"WebPage","@id":"https:\/\/portaltela.pt\/noticias\/2026\/02\/06\/alentejo-adia-gala-de-abertura-da-cidade-europeia-do-vinho\/","url":"https:\/\/portaltela.pt\/noticias\/2026\/02\/06\/alentejo-adia-gala-de-abertura-da-cidade-europeia-do-vinho\/","name":"Alentejo adia gala de abertura da Cidade Europeia do Vinho - Portal Tela Portugal","isPartOf":{"@id":"https:\/\/portaltela.pt\/#website"},"primaryImageOfPage":{"@id":"https:\/\/portaltela.pt\/noticias\/2026\/02\/06\/alentejo-adia-gala-de-abertura-da-cidade-europeia-do-vinho\/#primaryimage"},"image":{"@id":"https:\/\/portaltela.pt\/noticias\/2026\/02\/06\/alentejo-adia-gala-de-abertura-da-cidade-europeia-do-vinho\/#primaryimage"},"thumbnailUrl":"https:\/\/portaltela.pt\/s.01k8rhncp4jt1\/2026\/02\/2065083.jpg","datePublished":"2026-02-06T13:58:00+00:00","author":{"@id":"https:\/\/portaltela.pt\/#\/schema\/person\/c4278d4a6028830caff9ee44b42d32ed"},"breadcrumb":{"@id":"https:\/\/portaltela.pt\/noticias\/2026\/02\/06\/alentejo-adia-gala-de-abertura-da-cidade-europeia-do-vinho\/#breadcrumb"},"inLanguage":"pt-PT","potentialAction":[{"@type":"ReadAction","target":["https:\/\/portaltela.pt\/noticias\/2026\/02\/06\/alentejo-adia-gala-de-abertura-da-cidade-europeia-do-vinho\/"]}]},{"@type":"ImageObject","inLanguage":"pt-PT","@id":"https:\/\/portaltela.pt\/noticias\/2026\/02\/06\/alentejo-adia-gala-de-abertura-da-cidade-europeia-do-vinho\/#primaryimage","url":"https:\/\/portaltela.pt\/s.01k8rhncp4jt1\/2026\/02\/2065083.jpg","contentUrl":"https:\/\/portaltela.pt\/s.01k8rhncp4jt1\/2026\/02\/2065083.jpg","width":796,"height":448,"caption":"A gala ser\u00e1 remarcada, mas ainda n\u00e3o tem data"},{"@type":"BreadcrumbList","@id":"https:\/\/portaltela.pt\/noticias\/2026\/02\/06\/alentejo-adia-gala-de-abertura-da-cidade-europeia-do-vinho\/#breadcrumb","itemListElement":[{"@type":"ListItem","position":1,"name":"In\u00edcio","item":"https:\/\/portaltela.pt\/"},{"@type":"ListItem","position":2,"name":"Alentejo adia gala de abertura da Cidade Europeia do Vinho"}]},{"@type":"WebSite","@id":"https:\/\/portaltela.pt\/#website","url":"https:\/\/portaltela.pt\/","name":"Portal Tela Portugal","description":"","potentialAction":[{"@type":"SearchAction","target":{"@type":"EntryPoint","urlTemplate":"https:\/\/portaltela.pt\/?s={search_term_string}"},"query-input":{"@type":"PropertyValueSpecification","valueRequired":true,"valueName":"search_term_string"}}],"inLanguage":"pt-PT"},{"@type":"Person","@id":"https:\/\/portaltela.pt\/#\/schema\/person\/c4278d4a6028830caff9ee44b42d32ed","name":"Telinha","image":{"@type":"ImageObject","inLanguage":"pt-PT","@id":"https:\/\/portaltela.pt\/s.01k8rhncp4jt1\/2025\/11\/talking-bot-125x125.png","url":"https:\/\/portaltela.pt\/s.01k8rhncp4jt1\/2025\/11\/talking-bot-125x125.png","contentUrl":"https:\/\/portaltela.pt\/s.01k8rhncp4jt1\/2025\/11\/talking-bot-125x125.png","caption":"Telinha"},"sameAs":["https:\/\/portaltela.pt\/"],"url":"https:\/\/portaltela.pt\/por\/367410592786\/"}]}},"_links":{"self":[{"href":"https:\/\/portaltela.pt\/api\/wp\/v2\/posts\/201686","targetHints":{"allow":["GET"]}}],"collection":[{"href":"https:\/\/portaltela.pt\/api\/wp\/v2\/posts"}],"about":[{"href":"https:\/\/portaltela.pt\/api\/wp\/v2\/types\/post"}],"author":[{"embeddable":true,"href":"https:\/\/portaltela.pt\/api\/wp\/v2\/users\/2"}],"replies":[{"embeddable":true,"href":"https:\/\/portaltela.pt\/api\/wp\/v2\/comments?post=201686"}],"version-history":[{"count":0,"href":"https:\/\/portaltela.pt\/api\/wp\/v2\/posts\/201686\/revisions"}],"wp:featuredmedia":[{"embeddable":true,"href":"https:\/\/portaltela.pt\/api\/wp\/v2\/media\/201690"}],"wp:attachment":[{"href":"https:\/\/portaltela.pt\/api\/wp\/v2\/media?parent=201686"}],"wp:term":[{"taxonomy":"category","embeddable":true,"href":"https:\/\/portaltela.pt\/api\/wp\/v2\/categories?post=201686"},{"taxonomy":"post_tag","embeddable":true,"href":"https:\/\/portaltela.pt\/api\/wp\/v2\/tags?post=201686"}],"curies":[{"name":"wp","href":"https:\/\/api.w.org\/{rel}","templated":true}]}}