{"id":201609,"date":"2026-02-06T10:07:02","date_gmt":"2026-02-06T13:07:02","guid":{"rendered":"https:\/\/portaltela.pt\/noticias\/2026\/02\/06\/hansi-flick-descreve-relacao-com-deco-como-inedita\/"},"modified":"2026-02-06T10:07:02","modified_gmt":"2026-02-06T13:07:02","slug":"hansi-flick-descreve-relacao-com-deco-como-inedita","status":"publish","type":"post","link":"https:\/\/portaltela.pt\/desporto\/futebol\/2026\/02\/06\/hansi-flick-descreve-relacao-com-deco-como-inedita\/","title":{"rendered":"Hansi Flick descreve rela\u00e7\u00e3o com Deco como in\u00e9dita"},"content":{"rendered":"<p>O Barcelona recebe o Maiorca no Camp Nou, em jogo da jornada 23 da La Liga. Hansi Flick falou sobre o momento da equipa e destacou a rela\u00e7\u00e3o com Deco, o diretor desportivo, como um ponto-chave para o desempenho.<\/p>\n<p>O treinador alem\u00e3o afirmou que existe confian\u00e7a m\u00fatua entre ambas as partes. Disse que partilham a mesma filosofia e que trabalham para os mesmos jogadores, algo que o deixa satisfeito e otimista.<\/p>\n<p>Flick mencionou a situa\u00e7\u00e3o contratual de Lewandowski, cujo v\u00ednculo termina no fim da \u00e9poca. Refor\u00e7ou que ainda n\u00e3o h\u00e1 decis\u00e3o tomada e que o foco est\u00e1 no momento atual, esperando ver como se desenha o futuro.<\/p>\n<p>Outra prioridade do t\u00e9cnico foi Lamine Yamal, que atravessa uma fase de forma excecional. O jovem atacante tem marcado em v\u00e1rias partidas e Flick refor\u00e7ou o desejo de continuar a ajud\u00e1-lo a evoluir.<\/p>\n<h3>Progresso de Yamal<\/h3>\n<p>O t\u00e9cnico destacou que Yamal gosta de jogar e de treinar, o que facilita o seu desenvolvimento. As recentes exibi\u00e7\u00f5es indicam maior consist\u00eancia, com maior utilidade ofensiva e mais gols.<\/p>\n","protected":false},"excerpt":{"rendered":"<ul>\n<li>O treinador Hansi Flick elogia a parceria com Deco, dizendo ter confian\u00e7a m\u00fatua, acreditam na mesma filosofia e trabalham com objetivos comuns.<\/li>\n<li>O Barcelona recebe o Maiorca no Camp Nou, na jornada 23 da La Liga.<\/li>\n<li>Flick falou sobre Lewandowski, cujo contrato com o Bar\u00e7a termina no fim da temporada, e que ainda n\u00e3o est\u00e1 claro se haver\u00e1 renova\u00e7\u00e3o.<\/li>\n<li>O t\u00e9cnico alem\u00e3o afirmou que Lewandowski quer jogar mais, est\u00e1 em boa forma e de bom humor, mas a situa\u00e7\u00e3o ainda n\u00e3o est\u00e1 definida.<\/li>\n<li>Sobre Lamine Yamal, Flick destacou que o jovem est\u00e1 em excelente forma, vem marcando mais golos e tem muito potencial para mostrar.<\/li>\n<\/ul>\n","protected":false},"author":2,"featured_media":201614,"comment_status":"closed","ping_status":"closed","sticky":false,"template":"","format":"standard","meta":{"footnotes":""},"categories":[21,24],"tags":[2587,2040,32,242,1789,2794],"class_list":["post-201609","post","type-post","status-publish","format-standard","has-post-thumbnail","hentry","category-desporto","category-futebol","tag-barcelona","tag-deco","tag-futebol","tag-jogadores","tag-la-liga","tag-lamine-yamal"],"yoast_head":"<!-- This site is optimized with the Yoast SEO plugin v27.2 - https:\/\/yoast.com\/product\/yoast-seo-wordpress\/ -->\n<title>Hansi Flick descreve rela\u00e7\u00e3o com Deco como in\u00e9dita - Portal Tela Portugal<\/title>\n<meta name=\"robots\" content=\"index, follow, max-snippet:-1, max-image-preview:large, max-video-preview:-1\" \/>\n<meta property=\"og:locale\" content=\"pt_PT\" \/>\n<meta property=\"og:type\" content=\"article\" \/>\n<meta property=\"og:title\" content=\"Hansi Flick descreve rela\u00e7\u00e3o com Deco como in\u00e9dita - Portal Tela Portugal\" \/>\n<meta property=\"og:description\" content=\"O treinador Hansi Flick elogia a parceria com Deco, dizendo ter confian\u00e7a m\u00fatua, acreditam na mesma filosofia e trabalham com objetivos comuns. O Barcelona recebe o Maiorca no Camp Nou, na jornada 23 da La Liga. Flick falou sobre Lewandowski, cujo contrato com o Bar\u00e7a termina no fim da temporada, e que ainda n\u00e3o est\u00e1 claro se haver\u00e1 renova\u00e7\u00e3o. O t\u00e9cnico alem\u00e3o afirmou que Lewandowski quer jogar mais, est\u00e1 em boa forma e de bom humor, mas a situa\u00e7\u00e3o ainda n\u00e3o est\u00e1 definida. Sobre Lamine Yamal, Flick destacou que o jovem est\u00e1 em excelente forma, vem marcando mais golos e tem muito potencial para mostrar.\" \/>\n<meta property=\"og:url\" content=\"https:\/\/portaltela.pt\/noticias\/2026\/02\/06\/hansi-flick-descreve-relacao-com-deco-como-inedita\/\" \/>\n<meta property=\"og:site_name\" content=\"Portal Tela Portugal\" \/>\n<meta property=\"article:published_time\" content=\"2026-02-06T13:07:02+00:00\" \/>\n<meta name=\"author\" content=\"Telinha\" \/>\n<meta name=\"twitter:card\" content=\"summary_large_image\" \/>\n<meta name=\"twitter:label1\" content=\"Escrito por\" \/>\n\t<meta name=\"twitter:data1\" content=\"Telinha\" \/>\n\t<meta name=\"twitter:label2\" content=\"Tempo estimado de leitura\" \/>\n\t<meta name=\"twitter:data2\" content=\"1 minuto\" \/>\n<script type=\"application\/ld+json\" class=\"yoast-schema-graph\">{\"@context\":\"https:\/\/schema.org\",\"@graph\":[{\"@type\":\"Article\",\"@id\":\"https:\/\/portaltela.pt\/noticias\/2026\/02\/06\/hansi-flick-descreve-relacao-com-deco-como-inedita\/#article\",\"isPartOf\":{\"@id\":\"https:\/\/portaltela.pt\/noticias\/2026\/02\/06\/hansi-flick-descreve-relacao-com-deco-como-inedita\/\"},\"author\":{\"name\":\"Telinha\",\"@id\":\"https:\/\/portaltela.pt\/#\/schema\/person\/c4278d4a6028830caff9ee44b42d32ed\"},\"headline\":\"Hansi Flick descreve rela\u00e7\u00e3o com Deco como in\u00e9dita\",\"datePublished\":\"2026-02-06T13:07:02+00:00\",\"mainEntityOfPage\":{\"@id\":\"https:\/\/portaltela.pt\/noticias\/2026\/02\/06\/hansi-flick-descreve-relacao-com-deco-como-inedita\/\"},\"wordCount\":198,\"image\":{\"@id\":\"https:\/\/portaltela.pt\/noticias\/2026\/02\/06\/hansi-flick-descreve-relacao-com-deco-como-inedita\/#primaryimage\"},\"thumbnailUrl\":\"https:\/\/portaltela.pt\/s.01k8rhncp4jt1\/2026\/02\/img_920x518uu2026-02-06-12-50-14-2419945.jpg\",\"keywords\":[\"Barcelona\",\"Deco\",\"futebol\",\"jogadores\",\"La Liga\",\"Lamine Yamal\"],\"articleSection\":[\"Desporto\",\"Futebol\"],\"inLanguage\":\"pt-PT\"},{\"@type\":\"WebPage\",\"@id\":\"https:\/\/portaltela.pt\/noticias\/2026\/02\/06\/hansi-flick-descreve-relacao-com-deco-como-inedita\/\",\"url\":\"https:\/\/portaltela.pt\/noticias\/2026\/02\/06\/hansi-flick-descreve-relacao-com-deco-como-inedita\/\",\"name\":\"Hansi Flick descreve rela\u00e7\u00e3o com Deco como in\u00e9dita - Portal Tela Portugal\",\"isPartOf\":{\"@id\":\"https:\/\/portaltela.pt\/#website\"},\"primaryImageOfPage\":{\"@id\":\"https:\/\/portaltela.pt\/noticias\/2026\/02\/06\/hansi-flick-descreve-relacao-com-deco-como-inedita\/#primaryimage\"},\"image\":{\"@id\":\"https:\/\/portaltela.pt\/noticias\/2026\/02\/06\/hansi-flick-descreve-relacao-com-deco-como-inedita\/#primaryimage\"},\"thumbnailUrl\":\"https:\/\/portaltela.pt\/s.01k8rhncp4jt1\/2026\/02\/img_920x518uu2026-02-06-12-50-14-2419945.jpg\",\"datePublished\":\"2026-02-06T13:07:02+00:00\",\"author\":{\"@id\":\"https:\/\/portaltela.pt\/#\/schema\/person\/c4278d4a6028830caff9ee44b42d32ed\"},\"breadcrumb\":{\"@id\":\"https:\/\/portaltela.pt\/noticias\/2026\/02\/06\/hansi-flick-descreve-relacao-com-deco-como-inedita\/#breadcrumb\"},\"inLanguage\":\"pt-PT\",\"potentialAction\":[{\"@type\":\"ReadAction\",\"target\":[\"https:\/\/portaltela.pt\/noticias\/2026\/02\/06\/hansi-flick-descreve-relacao-com-deco-como-inedita\/\"]}]},{\"@type\":\"ImageObject\",\"inLanguage\":\"pt-PT\",\"@id\":\"https:\/\/portaltela.pt\/noticias\/2026\/02\/06\/hansi-flick-descreve-relacao-com-deco-como-inedita\/#primaryimage\",\"url\":\"https:\/\/portaltela.pt\/s.01k8rhncp4jt1\/2026\/02\/img_920x518uu2026-02-06-12-50-14-2419945.jpg\",\"contentUrl\":\"https:\/\/portaltela.pt\/s.01k8rhncp4jt1\/2026\/02\/img_920x518uu2026-02-06-12-50-14-2419945.jpg\",\"width\":796,\"height\":448,\"caption\":\"Deco no 30.\u00ba Congresso da ANDIF\"},{\"@type\":\"BreadcrumbList\",\"@id\":\"https:\/\/portaltela.pt\/noticias\/2026\/02\/06\/hansi-flick-descreve-relacao-com-deco-como-inedita\/#breadcrumb\",\"itemListElement\":[{\"@type\":\"ListItem\",\"position\":1,\"name\":\"In\u00edcio\",\"item\":\"https:\/\/portaltela.pt\/\"},{\"@type\":\"ListItem\",\"position\":2,\"name\":\"Hansi Flick descreve rela\u00e7\u00e3o com Deco como in\u00e9dita\"}]},{\"@type\":\"WebSite\",\"@id\":\"https:\/\/portaltela.pt\/#website\",\"url\":\"https:\/\/portaltela.pt\/\",\"name\":\"Portal Tela Portugal\",\"description\":\"\",\"potentialAction\":[{\"@type\":\"SearchAction\",\"target\":{\"@type\":\"EntryPoint\",\"urlTemplate\":\"https:\/\/portaltela.pt\/?s={search_term_string}\"},\"query-input\":{\"@type\":\"PropertyValueSpecification\",\"valueRequired\":true,\"valueName\":\"search_term_string\"}}],\"inLanguage\":\"pt-PT\"},{\"@type\":\"Person\",\"@id\":\"https:\/\/portaltela.pt\/#\/schema\/person\/c4278d4a6028830caff9ee44b42d32ed\",\"name\":\"Telinha\",\"image\":{\"@type\":\"ImageObject\",\"inLanguage\":\"pt-PT\",\"@id\":\"https:\/\/portaltela.pt\/s.01k8rhncp4jt1\/2025\/11\/talking-bot-125x125.png\",\"url\":\"https:\/\/portaltela.pt\/s.01k8rhncp4jt1\/2025\/11\/talking-bot-125x125.png\",\"contentUrl\":\"https:\/\/portaltela.pt\/s.01k8rhncp4jt1\/2025\/11\/talking-bot-125x125.png\",\"caption\":\"Telinha\"},\"sameAs\":[\"https:\/\/portaltela.pt\/\"],\"url\":\"https:\/\/portaltela.pt\/por\/367410592786\/\"}]}<\/script>\n<!-- \/ Yoast SEO plugin. -->","yoast_head_json":{"title":"Hansi Flick descreve rela\u00e7\u00e3o com Deco como in\u00e9dita - Portal Tela Portugal","robots":{"index":"index","follow":"follow","max-snippet":"max-snippet:-1","max-image-preview":"max-image-preview:large","max-video-preview":"max-video-preview:-1"},"og_locale":"pt_PT","og_type":"article","og_title":"Hansi Flick descreve rela\u00e7\u00e3o com Deco como in\u00e9dita - Portal Tela Portugal","og_description":"O treinador Hansi Flick elogia a parceria com Deco, dizendo ter confian\u00e7a m\u00fatua, acreditam na mesma filosofia e trabalham com objetivos comuns. O Barcelona recebe o Maiorca no Camp Nou, na jornada 23 da La Liga. Flick falou sobre Lewandowski, cujo contrato com o Bar\u00e7a termina no fim da temporada, e que ainda n\u00e3o est\u00e1 claro se haver\u00e1 renova\u00e7\u00e3o. O t\u00e9cnico alem\u00e3o afirmou que Lewandowski quer jogar mais, est\u00e1 em boa forma e de bom humor, mas a situa\u00e7\u00e3o ainda n\u00e3o est\u00e1 definida. Sobre Lamine Yamal, Flick destacou que o jovem est\u00e1 em excelente forma, vem marcando mais golos e tem muito potencial para mostrar.","og_url":"https:\/\/portaltela.pt\/noticias\/2026\/02\/06\/hansi-flick-descreve-relacao-com-deco-como-inedita\/","og_site_name":"Portal Tela Portugal","article_published_time":"2026-02-06T13:07:02+00:00","author":"Telinha","twitter_card":"summary_large_image","twitter_misc":{"Escrito por":"Telinha","Tempo estimado de leitura":"1 minuto"},"schema":{"@context":"https:\/\/schema.org","@graph":[{"@type":"Article","@id":"https:\/\/portaltela.pt\/noticias\/2026\/02\/06\/hansi-flick-descreve-relacao-com-deco-como-inedita\/#article","isPartOf":{"@id":"https:\/\/portaltela.pt\/noticias\/2026\/02\/06\/hansi-flick-descreve-relacao-com-deco-como-inedita\/"},"author":{"name":"Telinha","@id":"https:\/\/portaltela.pt\/#\/schema\/person\/c4278d4a6028830caff9ee44b42d32ed"},"headline":"Hansi Flick descreve rela\u00e7\u00e3o com Deco como in\u00e9dita","datePublished":"2026-02-06T13:07:02+00:00","mainEntityOfPage":{"@id":"https:\/\/portaltela.pt\/noticias\/2026\/02\/06\/hansi-flick-descreve-relacao-com-deco-como-inedita\/"},"wordCount":198,"image":{"@id":"https:\/\/portaltela.pt\/noticias\/2026\/02\/06\/hansi-flick-descreve-relacao-com-deco-como-inedita\/#primaryimage"},"thumbnailUrl":"https:\/\/portaltela.pt\/s.01k8rhncp4jt1\/2026\/02\/img_920x518uu2026-02-06-12-50-14-2419945.jpg","keywords":["Barcelona","Deco","futebol","jogadores","La Liga","Lamine Yamal"],"articleSection":["Desporto","Futebol"],"inLanguage":"pt-PT"},{"@type":"WebPage","@id":"https:\/\/portaltela.pt\/noticias\/2026\/02\/06\/hansi-flick-descreve-relacao-com-deco-como-inedita\/","url":"https:\/\/portaltela.pt\/noticias\/2026\/02\/06\/hansi-flick-descreve-relacao-com-deco-como-inedita\/","name":"Hansi Flick descreve rela\u00e7\u00e3o com Deco como in\u00e9dita - Portal Tela Portugal","isPartOf":{"@id":"https:\/\/portaltela.pt\/#website"},"primaryImageOfPage":{"@id":"https:\/\/portaltela.pt\/noticias\/2026\/02\/06\/hansi-flick-descreve-relacao-com-deco-como-inedita\/#primaryimage"},"image":{"@id":"https:\/\/portaltela.pt\/noticias\/2026\/02\/06\/hansi-flick-descreve-relacao-com-deco-como-inedita\/#primaryimage"},"thumbnailUrl":"https:\/\/portaltela.pt\/s.01k8rhncp4jt1\/2026\/02\/img_920x518uu2026-02-06-12-50-14-2419945.jpg","datePublished":"2026-02-06T13:07:02+00:00","author":{"@id":"https:\/\/portaltela.pt\/#\/schema\/person\/c4278d4a6028830caff9ee44b42d32ed"},"breadcrumb":{"@id":"https:\/\/portaltela.pt\/noticias\/2026\/02\/06\/hansi-flick-descreve-relacao-com-deco-como-inedita\/#breadcrumb"},"inLanguage":"pt-PT","potentialAction":[{"@type":"ReadAction","target":["https:\/\/portaltela.pt\/noticias\/2026\/02\/06\/hansi-flick-descreve-relacao-com-deco-como-inedita\/"]}]},{"@type":"ImageObject","inLanguage":"pt-PT","@id":"https:\/\/portaltela.pt\/noticias\/2026\/02\/06\/hansi-flick-descreve-relacao-com-deco-como-inedita\/#primaryimage","url":"https:\/\/portaltela.pt\/s.01k8rhncp4jt1\/2026\/02\/img_920x518uu2026-02-06-12-50-14-2419945.jpg","contentUrl":"https:\/\/portaltela.pt\/s.01k8rhncp4jt1\/2026\/02\/img_920x518uu2026-02-06-12-50-14-2419945.jpg","width":796,"height":448,"caption":"Deco no 30.\u00ba Congresso da ANDIF"},{"@type":"BreadcrumbList","@id":"https:\/\/portaltela.pt\/noticias\/2026\/02\/06\/hansi-flick-descreve-relacao-com-deco-como-inedita\/#breadcrumb","itemListElement":[{"@type":"ListItem","position":1,"name":"In\u00edcio","item":"https:\/\/portaltela.pt\/"},{"@type":"ListItem","position":2,"name":"Hansi Flick descreve rela\u00e7\u00e3o com Deco como in\u00e9dita"}]},{"@type":"WebSite","@id":"https:\/\/portaltela.pt\/#website","url":"https:\/\/portaltela.pt\/","name":"Portal Tela Portugal","description":"","potentialAction":[{"@type":"SearchAction","target":{"@type":"EntryPoint","urlTemplate":"https:\/\/portaltela.pt\/?s={search_term_string}"},"query-input":{"@type":"PropertyValueSpecification","valueRequired":true,"valueName":"search_term_string"}}],"inLanguage":"pt-PT"},{"@type":"Person","@id":"https:\/\/portaltela.pt\/#\/schema\/person\/c4278d4a6028830caff9ee44b42d32ed","name":"Telinha","image":{"@type":"ImageObject","inLanguage":"pt-PT","@id":"https:\/\/portaltela.pt\/s.01k8rhncp4jt1\/2025\/11\/talking-bot-125x125.png","url":"https:\/\/portaltela.pt\/s.01k8rhncp4jt1\/2025\/11\/talking-bot-125x125.png","contentUrl":"https:\/\/portaltela.pt\/s.01k8rhncp4jt1\/2025\/11\/talking-bot-125x125.png","caption":"Telinha"},"sameAs":["https:\/\/portaltela.pt\/"],"url":"https:\/\/portaltela.pt\/por\/367410592786\/"}]}},"_links":{"self":[{"href":"https:\/\/portaltela.pt\/api\/wp\/v2\/posts\/201609","targetHints":{"allow":["GET"]}}],"collection":[{"href":"https:\/\/portaltela.pt\/api\/wp\/v2\/posts"}],"about":[{"href":"https:\/\/portaltela.pt\/api\/wp\/v2\/types\/post"}],"author":[{"embeddable":true,"href":"https:\/\/portaltela.pt\/api\/wp\/v2\/users\/2"}],"replies":[{"embeddable":true,"href":"https:\/\/portaltela.pt\/api\/wp\/v2\/comments?post=201609"}],"version-history":[{"count":0,"href":"https:\/\/portaltela.pt\/api\/wp\/v2\/posts\/201609\/revisions"}],"wp:featuredmedia":[{"embeddable":true,"href":"https:\/\/portaltela.pt\/api\/wp\/v2\/media\/201614"}],"wp:attachment":[{"href":"https:\/\/portaltela.pt\/api\/wp\/v2\/media?parent=201609"}],"wp:term":[{"taxonomy":"category","embeddable":true,"href":"https:\/\/portaltela.pt\/api\/wp\/v2\/categories?post=201609"},{"taxonomy":"post_tag","embeddable":true,"href":"https:\/\/portaltela.pt\/api\/wp\/v2\/tags?post=201609"}],"curies":[{"name":"wp","href":"https:\/\/api.w.org\/{rel}","templated":true}]}}