{"id":201582,"date":"2026-02-06T09:43:00","date_gmt":"2026-02-06T12:43:00","guid":{"rendered":"https:\/\/portaltela.pt\/noticias\/2026\/02\/06\/prato-do-dia-da-mercearia-do-fradinho-em-trancoso\/"},"modified":"2026-02-06T09:43:00","modified_gmt":"2026-02-06T12:43:00","slug":"prato-do-dia-da-mercearia-do-fradinho-em-trancoso","status":"publish","type":"post","link":"https:\/\/portaltela.pt\/noticias\/2026\/02\/06\/prato-do-dia-da-mercearia-do-fradinho-em-trancoso\/","title":{"rendered":"Prato do dia da Mercearia do Fradinho em Trancoso"},"content":{"rendered":"<p>Mercearia do Fradinho, no centro de Trancoso, tornou-se numa refer\u00eancia de enogastronomia na regi\u00e3o. O espa\u00e7o mistura patrim\u00f3nio com experi\u00eancias culin\u00e1rias diversas, ligando tradi\u00e7\u00e3o a criatividade contempor\u00e2nea.<\/p>\n<p>Os propriet\u00e1rios s\u00e3o Daniela Aguiar, natural de Foz Coz, e Andr\u00e9 Frade, oriundo de Trancoso. O casal entrou no universo local para partilhar saberes e sabores, oferecendo uma perspetiva \u00fanica sobre a gastronomia da Beira Interior.<\/p>\n<p>O servi\u00e7o come\u00e7a cedo com pequenos-almo\u00e7os, incluindo bolos feitos no pr\u00f3prio espa\u00e7o. Entre as iguarias destacam-se as sardinhas doces de Trancoso, recheadas com doce de ovo e cobertas com calda de chocolate. Tamb\u00e9m se destacam p\u00e3o artesanal, compotas e enchidos locais.<\/p>\n<h3>Oferta e servi\u00e7os<\/h3>\n<p>A Mercearia do Fradinho organiza provas comentadas com produtores da regi\u00e3o. Os visitantes podem explorar adegas locais e participar em visitas guiadas mediante marca\u00e7\u00e3o de grupos. Tamb\u00e9m existe a op\u00e7\u00e3o de entregar o pequeno-almo\u00e7o no alojamento atrav\u00e9s da cesta de piquenique.<\/p>\n<p>O chef Andr\u00e9 Frade prepara petiscos regionais, como t\u00e1buas de queijos e enchidos artesanais, t\u00e1bua de conservas e tostas. A tosta de farinheira e a de presunto com queijo Serra da Estrela s\u00e3o sugest\u00f5es da casa, acompanhadas de salada de r\u00facula com frutos secos.<\/p>\n<p>A morada \u00e9 Pra\u00e7a Dom Dinis 10-A, Trancoso. O espa\u00e7o funciona diariamente das 9h00 \u00e0s 12h30 e das 14h00 \u00e0s 20h00, encerrando aos domingos. Pre\u00e7o m\u00e9dio por visita ronda os 16 euros. A p\u00e1gina oficial \u00e9 merceariadofradinho.pt.<\/p>\n<p>*Prato do dia \u00e9 um guia Evas\u00f5es\/TSF sobre restaurantes de Portugal, dispon\u00edvel em tsf.pt.*<\/p>\n","protected":false},"excerpt":{"rendered":"<ul>\n<li>A Mercearia do Fradinho, no centro de Trancoso, oferece patrim\u00f3nio e experi\u00eancias enogastron\u00f3micas, com provas e visitas regulares a produtores.<\/li>\n<li>O espa\u00e7o \u00e9 gerido por Daniela Aguiar e Andr\u00e9 Frade, naturais de Foz C\u00f4a e Trancoso, que promovem saberes e sabores locais.<\/li>\n<li>O servi\u00e7o come\u00e7a de manh\u00e3 com pequenos-almo\u00e7os, incluindo bolos servidos \u00e0 fatia; as sardinhas doces de Trancoso s\u00e3o uma das especialidades.<\/li>\n<li>AMercearia oferece produtos artesanais (p\u00e3o, compotas, enchidos) e organiza provas comentadas, al\u00e9m de visitas a adegas; pode organizar uma cesta de piquenique para entrega no alojamento.<\/li>\n<li>No menu est\u00e3o t\u00e1buas de queijos e enchidos, brusqueta de farinheira, tosta de presunto com queijo Serra da Estrela e salada de r\u00facula com presunto; hor\u00e1rios: 9h00 \u00e0s 12h30 e 14h00 \u00e0s 20h00, encerra aos domingos; pre\u00e7o m\u00e9dio de 16 euros.<\/li>\n<\/ul>\n","protected":false},"author":2,"featured_media":201589,"comment_status":"closed","ping_status":"closed","sticky":false,"template":"","format":"standard","meta":{"footnotes":""},"categories":[1],"tags":[1846,5562,219,814,169,71],"class_list":["post-201582","post","type-post","status-publish","format-standard","has-post-thumbnail","hentry","category-noticias","tag-beira-interior","tag-enogastronomia","tag-gastronomia","tag-patrimonio","tag-turismo","tag-viagens"],"yoast_head":"<!-- This site is optimized with the Yoast SEO plugin v27.2 - https:\/\/yoast.com\/product\/yoast-seo-wordpress\/ -->\n<title>Prato do dia da Mercearia do Fradinho em Trancoso - Portal Tela Portugal<\/title>\n<meta name=\"robots\" content=\"index, follow, max-snippet:-1, max-image-preview:large, max-video-preview:-1\" \/>\n<meta property=\"og:locale\" content=\"pt_PT\" \/>\n<meta property=\"og:type\" content=\"article\" \/>\n<meta property=\"og:title\" content=\"Prato do dia da Mercearia do Fradinho em Trancoso - Portal Tela Portugal\" \/>\n<meta property=\"og:description\" content=\"A Mercearia do Fradinho, no centro de Trancoso, oferece patrim\u00f3nio e experi\u00eancias enogastron\u00f3micas, com provas e visitas regulares a produtores. O espa\u00e7o \u00e9 gerido por Daniela Aguiar e Andr\u00e9 Frade, naturais de Foz C\u00f4a e Trancoso, que promovem saberes e sabores locais. O servi\u00e7o come\u00e7a de manh\u00e3 com pequenos-almo\u00e7os, incluindo bolos servidos \u00e0 fatia; as sardinhas doces de Trancoso s\u00e3o uma das especialidades. AMercearia oferece produtos artesanais (p\u00e3o, compotas, enchidos) e organiza provas comentadas, al\u00e9m de visitas a adegas; pode organizar uma cesta de piquenique para entrega no alojamento. No menu est\u00e3o t\u00e1buas de queijos e enchidos, brusqueta de farinheira, tosta de presunto com queijo Serra da Estrela e salada de r\u00facula com presunto; hor\u00e1rios: 9h00 \u00e0s 12h30 e 14h00 \u00e0s 20h00, encerra aos domingos; pre\u00e7o m\u00e9dio de 16 euros.\" \/>\n<meta property=\"og:url\" content=\"https:\/\/portaltela.pt\/noticias\/2026\/02\/06\/prato-do-dia-da-mercearia-do-fradinho-em-trancoso\/\" \/>\n<meta property=\"og:site_name\" content=\"Portal Tela Portugal\" \/>\n<meta property=\"article:published_time\" content=\"2026-02-06T12:43:00+00:00\" \/>\n<meta name=\"author\" content=\"Telinha\" \/>\n<meta name=\"twitter:card\" content=\"summary_large_image\" \/>\n<meta name=\"twitter:label1\" content=\"Escrito por\" \/>\n\t<meta name=\"twitter:data1\" content=\"Telinha\" \/>\n\t<meta name=\"twitter:label2\" content=\"Tempo estimado de leitura\" \/>\n\t<meta name=\"twitter:data2\" content=\"1 minuto\" \/>\n<script type=\"application\/ld+json\" class=\"yoast-schema-graph\">{\"@context\":\"https:\/\/schema.org\",\"@graph\":[{\"@type\":\"Article\",\"@id\":\"https:\/\/portaltela.pt\/noticias\/2026\/02\/06\/prato-do-dia-da-mercearia-do-fradinho-em-trancoso\/#article\",\"isPartOf\":{\"@id\":\"https:\/\/portaltela.pt\/noticias\/2026\/02\/06\/prato-do-dia-da-mercearia-do-fradinho-em-trancoso\/\"},\"author\":{\"name\":\"Telinha\",\"@id\":\"https:\/\/portaltela.pt\/#\/schema\/person\/c4278d4a6028830caff9ee44b42d32ed\"},\"headline\":\"Prato do dia da Mercearia do Fradinho em Trancoso\",\"datePublished\":\"2026-02-06T12:43:00+00:00\",\"mainEntityOfPage\":{\"@id\":\"https:\/\/portaltela.pt\/noticias\/2026\/02\/06\/prato-do-dia-da-mercearia-do-fradinho-em-trancoso\/\"},\"wordCount\":287,\"image\":{\"@id\":\"https:\/\/portaltela.pt\/noticias\/2026\/02\/06\/prato-do-dia-da-mercearia-do-fradinho-em-trancoso\/#primaryimage\"},\"thumbnailUrl\":\"https:\/\/portaltela.pt\/s.01k8rhncp4jt1\/2026\/02\/image-472.jpg\",\"keywords\":[\"Beira Interior\",\"enogastronomia\",\"gastronomia\",\"patrim\u00f3nio\",\"turismo\",\"viagens\"],\"articleSection\":[\"Not\u00edcias\"],\"inLanguage\":\"pt-PT\"},{\"@type\":\"WebPage\",\"@id\":\"https:\/\/portaltela.pt\/noticias\/2026\/02\/06\/prato-do-dia-da-mercearia-do-fradinho-em-trancoso\/\",\"url\":\"https:\/\/portaltela.pt\/noticias\/2026\/02\/06\/prato-do-dia-da-mercearia-do-fradinho-em-trancoso\/\",\"name\":\"Prato do dia da Mercearia do Fradinho em Trancoso - Portal Tela Portugal\",\"isPartOf\":{\"@id\":\"https:\/\/portaltela.pt\/#website\"},\"primaryImageOfPage\":{\"@id\":\"https:\/\/portaltela.pt\/noticias\/2026\/02\/06\/prato-do-dia-da-mercearia-do-fradinho-em-trancoso\/#primaryimage\"},\"image\":{\"@id\":\"https:\/\/portaltela.pt\/noticias\/2026\/02\/06\/prato-do-dia-da-mercearia-do-fradinho-em-trancoso\/#primaryimage\"},\"thumbnailUrl\":\"https:\/\/portaltela.pt\/s.01k8rhncp4jt1\/2026\/02\/image-472.jpg\",\"datePublished\":\"2026-02-06T12:43:00+00:00\",\"author\":{\"@id\":\"https:\/\/portaltela.pt\/#\/schema\/person\/c4278d4a6028830caff9ee44b42d32ed\"},\"breadcrumb\":{\"@id\":\"https:\/\/portaltela.pt\/noticias\/2026\/02\/06\/prato-do-dia-da-mercearia-do-fradinho-em-trancoso\/#breadcrumb\"},\"inLanguage\":\"pt-PT\",\"potentialAction\":[{\"@type\":\"ReadAction\",\"target\":[\"https:\/\/portaltela.pt\/noticias\/2026\/02\/06\/prato-do-dia-da-mercearia-do-fradinho-em-trancoso\/\"]}]},{\"@type\":\"ImageObject\",\"inLanguage\":\"pt-PT\",\"@id\":\"https:\/\/portaltela.pt\/noticias\/2026\/02\/06\/prato-do-dia-da-mercearia-do-fradinho-em-trancoso\/#primaryimage\",\"url\":\"https:\/\/portaltela.pt\/s.01k8rhncp4jt1\/2026\/02\/image-472.jpg\",\"contentUrl\":\"https:\/\/portaltela.pt\/s.01k8rhncp4jt1\/2026\/02\/image-472.jpg\",\"width\":796,\"height\":448,\"caption\":\"Imagem de contexto do artigo Prato do dia: Mercearia do Fradinho, em Trancoso\"},{\"@type\":\"BreadcrumbList\",\"@id\":\"https:\/\/portaltela.pt\/noticias\/2026\/02\/06\/prato-do-dia-da-mercearia-do-fradinho-em-trancoso\/#breadcrumb\",\"itemListElement\":[{\"@type\":\"ListItem\",\"position\":1,\"name\":\"In\u00edcio\",\"item\":\"https:\/\/portaltela.pt\/\"},{\"@type\":\"ListItem\",\"position\":2,\"name\":\"Prato do dia da Mercearia do Fradinho em Trancoso\"}]},{\"@type\":\"WebSite\",\"@id\":\"https:\/\/portaltela.pt\/#website\",\"url\":\"https:\/\/portaltela.pt\/\",\"name\":\"Portal Tela Portugal\",\"description\":\"\",\"potentialAction\":[{\"@type\":\"SearchAction\",\"target\":{\"@type\":\"EntryPoint\",\"urlTemplate\":\"https:\/\/portaltela.pt\/?s={search_term_string}\"},\"query-input\":{\"@type\":\"PropertyValueSpecification\",\"valueRequired\":true,\"valueName\":\"search_term_string\"}}],\"inLanguage\":\"pt-PT\"},{\"@type\":\"Person\",\"@id\":\"https:\/\/portaltela.pt\/#\/schema\/person\/c4278d4a6028830caff9ee44b42d32ed\",\"name\":\"Telinha\",\"image\":{\"@type\":\"ImageObject\",\"inLanguage\":\"pt-PT\",\"@id\":\"https:\/\/portaltela.pt\/s.01k8rhncp4jt1\/2025\/11\/talking-bot-125x125.png\",\"url\":\"https:\/\/portaltela.pt\/s.01k8rhncp4jt1\/2025\/11\/talking-bot-125x125.png\",\"contentUrl\":\"https:\/\/portaltela.pt\/s.01k8rhncp4jt1\/2025\/11\/talking-bot-125x125.png\",\"caption\":\"Telinha\"},\"sameAs\":[\"https:\/\/portaltela.pt\/\"],\"url\":\"https:\/\/portaltela.pt\/por\/367410592786\/\"}]}<\/script>\n<!-- \/ Yoast SEO plugin. -->","yoast_head_json":{"title":"Prato do dia da Mercearia do Fradinho em Trancoso - Portal Tela Portugal","robots":{"index":"index","follow":"follow","max-snippet":"max-snippet:-1","max-image-preview":"max-image-preview:large","max-video-preview":"max-video-preview:-1"},"og_locale":"pt_PT","og_type":"article","og_title":"Prato do dia da Mercearia do Fradinho em Trancoso - Portal Tela Portugal","og_description":"A Mercearia do Fradinho, no centro de Trancoso, oferece patrim\u00f3nio e experi\u00eancias enogastron\u00f3micas, com provas e visitas regulares a produtores. O espa\u00e7o \u00e9 gerido por Daniela Aguiar e Andr\u00e9 Frade, naturais de Foz C\u00f4a e Trancoso, que promovem saberes e sabores locais. O servi\u00e7o come\u00e7a de manh\u00e3 com pequenos-almo\u00e7os, incluindo bolos servidos \u00e0 fatia; as sardinhas doces de Trancoso s\u00e3o uma das especialidades. AMercearia oferece produtos artesanais (p\u00e3o, compotas, enchidos) e organiza provas comentadas, al\u00e9m de visitas a adegas; pode organizar uma cesta de piquenique para entrega no alojamento. No menu est\u00e3o t\u00e1buas de queijos e enchidos, brusqueta de farinheira, tosta de presunto com queijo Serra da Estrela e salada de r\u00facula com presunto; hor\u00e1rios: 9h00 \u00e0s 12h30 e 14h00 \u00e0s 20h00, encerra aos domingos; pre\u00e7o m\u00e9dio de 16 euros.","og_url":"https:\/\/portaltela.pt\/noticias\/2026\/02\/06\/prato-do-dia-da-mercearia-do-fradinho-em-trancoso\/","og_site_name":"Portal Tela Portugal","article_published_time":"2026-02-06T12:43:00+00:00","author":"Telinha","twitter_card":"summary_large_image","twitter_misc":{"Escrito por":"Telinha","Tempo estimado de leitura":"1 minuto"},"schema":{"@context":"https:\/\/schema.org","@graph":[{"@type":"Article","@id":"https:\/\/portaltela.pt\/noticias\/2026\/02\/06\/prato-do-dia-da-mercearia-do-fradinho-em-trancoso\/#article","isPartOf":{"@id":"https:\/\/portaltela.pt\/noticias\/2026\/02\/06\/prato-do-dia-da-mercearia-do-fradinho-em-trancoso\/"},"author":{"name":"Telinha","@id":"https:\/\/portaltela.pt\/#\/schema\/person\/c4278d4a6028830caff9ee44b42d32ed"},"headline":"Prato do dia da Mercearia do Fradinho em Trancoso","datePublished":"2026-02-06T12:43:00+00:00","mainEntityOfPage":{"@id":"https:\/\/portaltela.pt\/noticias\/2026\/02\/06\/prato-do-dia-da-mercearia-do-fradinho-em-trancoso\/"},"wordCount":287,"image":{"@id":"https:\/\/portaltela.pt\/noticias\/2026\/02\/06\/prato-do-dia-da-mercearia-do-fradinho-em-trancoso\/#primaryimage"},"thumbnailUrl":"https:\/\/portaltela.pt\/s.01k8rhncp4jt1\/2026\/02\/image-472.jpg","keywords":["Beira Interior","enogastronomia","gastronomia","patrim\u00f3nio","turismo","viagens"],"articleSection":["Not\u00edcias"],"inLanguage":"pt-PT"},{"@type":"WebPage","@id":"https:\/\/portaltela.pt\/noticias\/2026\/02\/06\/prato-do-dia-da-mercearia-do-fradinho-em-trancoso\/","url":"https:\/\/portaltela.pt\/noticias\/2026\/02\/06\/prato-do-dia-da-mercearia-do-fradinho-em-trancoso\/","name":"Prato do dia da Mercearia do Fradinho em Trancoso - Portal Tela Portugal","isPartOf":{"@id":"https:\/\/portaltela.pt\/#website"},"primaryImageOfPage":{"@id":"https:\/\/portaltela.pt\/noticias\/2026\/02\/06\/prato-do-dia-da-mercearia-do-fradinho-em-trancoso\/#primaryimage"},"image":{"@id":"https:\/\/portaltela.pt\/noticias\/2026\/02\/06\/prato-do-dia-da-mercearia-do-fradinho-em-trancoso\/#primaryimage"},"thumbnailUrl":"https:\/\/portaltela.pt\/s.01k8rhncp4jt1\/2026\/02\/image-472.jpg","datePublished":"2026-02-06T12:43:00+00:00","author":{"@id":"https:\/\/portaltela.pt\/#\/schema\/person\/c4278d4a6028830caff9ee44b42d32ed"},"breadcrumb":{"@id":"https:\/\/portaltela.pt\/noticias\/2026\/02\/06\/prato-do-dia-da-mercearia-do-fradinho-em-trancoso\/#breadcrumb"},"inLanguage":"pt-PT","potentialAction":[{"@type":"ReadAction","target":["https:\/\/portaltela.pt\/noticias\/2026\/02\/06\/prato-do-dia-da-mercearia-do-fradinho-em-trancoso\/"]}]},{"@type":"ImageObject","inLanguage":"pt-PT","@id":"https:\/\/portaltela.pt\/noticias\/2026\/02\/06\/prato-do-dia-da-mercearia-do-fradinho-em-trancoso\/#primaryimage","url":"https:\/\/portaltela.pt\/s.01k8rhncp4jt1\/2026\/02\/image-472.jpg","contentUrl":"https:\/\/portaltela.pt\/s.01k8rhncp4jt1\/2026\/02\/image-472.jpg","width":796,"height":448,"caption":"Imagem de contexto do artigo Prato do dia: Mercearia do Fradinho, em Trancoso"},{"@type":"BreadcrumbList","@id":"https:\/\/portaltela.pt\/noticias\/2026\/02\/06\/prato-do-dia-da-mercearia-do-fradinho-em-trancoso\/#breadcrumb","itemListElement":[{"@type":"ListItem","position":1,"name":"In\u00edcio","item":"https:\/\/portaltela.pt\/"},{"@type":"ListItem","position":2,"name":"Prato do dia da Mercearia do Fradinho em Trancoso"}]},{"@type":"WebSite","@id":"https:\/\/portaltela.pt\/#website","url":"https:\/\/portaltela.pt\/","name":"Portal Tela Portugal","description":"","potentialAction":[{"@type":"SearchAction","target":{"@type":"EntryPoint","urlTemplate":"https:\/\/portaltela.pt\/?s={search_term_string}"},"query-input":{"@type":"PropertyValueSpecification","valueRequired":true,"valueName":"search_term_string"}}],"inLanguage":"pt-PT"},{"@type":"Person","@id":"https:\/\/portaltela.pt\/#\/schema\/person\/c4278d4a6028830caff9ee44b42d32ed","name":"Telinha","image":{"@type":"ImageObject","inLanguage":"pt-PT","@id":"https:\/\/portaltela.pt\/s.01k8rhncp4jt1\/2025\/11\/talking-bot-125x125.png","url":"https:\/\/portaltela.pt\/s.01k8rhncp4jt1\/2025\/11\/talking-bot-125x125.png","contentUrl":"https:\/\/portaltela.pt\/s.01k8rhncp4jt1\/2025\/11\/talking-bot-125x125.png","caption":"Telinha"},"sameAs":["https:\/\/portaltela.pt\/"],"url":"https:\/\/portaltela.pt\/por\/367410592786\/"}]}},"_links":{"self":[{"href":"https:\/\/portaltela.pt\/api\/wp\/v2\/posts\/201582","targetHints":{"allow":["GET"]}}],"collection":[{"href":"https:\/\/portaltela.pt\/api\/wp\/v2\/posts"}],"about":[{"href":"https:\/\/portaltela.pt\/api\/wp\/v2\/types\/post"}],"author":[{"embeddable":true,"href":"https:\/\/portaltela.pt\/api\/wp\/v2\/users\/2"}],"replies":[{"embeddable":true,"href":"https:\/\/portaltela.pt\/api\/wp\/v2\/comments?post=201582"}],"version-history":[{"count":0,"href":"https:\/\/portaltela.pt\/api\/wp\/v2\/posts\/201582\/revisions"}],"wp:featuredmedia":[{"embeddable":true,"href":"https:\/\/portaltela.pt\/api\/wp\/v2\/media\/201589"}],"wp:attachment":[{"href":"https:\/\/portaltela.pt\/api\/wp\/v2\/media?parent=201582"}],"wp:term":[{"taxonomy":"category","embeddable":true,"href":"https:\/\/portaltela.pt\/api\/wp\/v2\/categories?post=201582"},{"taxonomy":"post_tag","embeddable":true,"href":"https:\/\/portaltela.pt\/api\/wp\/v2\/tags?post=201582"}],"curies":[{"name":"wp","href":"https:\/\/api.w.org\/{rel}","templated":true}]}}