{"id":201570,"date":"2026-02-06T09:05:00","date_gmt":"2026-02-06T12:05:00","guid":{"rendered":"https:\/\/portaltela.pt\/noticias\/2026\/02\/06\/mau-tempo-limita-moratoria-de-credito-a-quem-nao-esta-em-incumprimento\/"},"modified":"2026-02-06T09:05:00","modified_gmt":"2026-02-06T12:05:00","slug":"mau-tempo-limita-moratoria-de-credito-a-quem-nao-esta-em-incumprimento","status":"publish","type":"post","link":"https:\/\/portaltela.pt\/noticias\/economia\/2026\/02\/06\/mau-tempo-limita-moratoria-de-credito-a-quem-nao-esta-em-incumprimento\/","title":{"rendered":"Mau tempo limita morat\u00f3ria de cr\u00e9dito a quem n\u00e3o est\u00e1 em incumprimento"},"content":{"rendered":"<p>A morat\u00f3ria de cr\u00e9dito foi publicada para aliviar fam\u00edlias, empresas e institui\u00e7\u00f5es durante a tempestade Kristin. A medida permite suspender pagamentos de empr\u00e9stimos por 90 dias, com regras espec\u00edficas. A aplica\u00e7\u00e3o depende da regularidade contributiva junto de fisco e Seguran\u00e7a Social.<\/p>\n<p>Quem pode aceder envolve pessoas singulares, empresas e institui\u00e7\u00f5es de solidariedade social. A condi\u00e7\u00e3o central \u00e9 estar em dia com as obriga\u00e7\u00f5es contributivas e n\u00e3o estar em mora com presta\u00e7\u00f5es h\u00e1 mais de 90 dias junto das institui\u00e7\u00f5es financeiras. A medida n\u00e3o vale para quem n\u00e3o cumpra estes requisitos.<\/p>\n<p>A morat\u00f3ria abrange cr\u00e9ditos at\u00e9 28 de janeiro de 2026, incluindo habita\u00e7\u00e3o pr\u00f3pria e permanente. Bancos n\u00e3o podem revogar linhas de cr\u00e9dito existentes, e qualquer extens\u00e3o de prazo n\u00e3o configura incumprimento. A comunica\u00e7\u00e3o de situa\u00e7\u00f5es tamb\u00e9m fica registada na Central de Responsabilidades de Cr\u00e9dito.<\/p>\n<h3>Como aceder<\/h3>\n<p>O processo \u00e9 simplificado: a ades\u00e3o deve ser enviada, preferencialmente por via eletr\u00f3nica, \u00e0 institui\u00e7\u00e3o financeira. A declara\u00e7\u00e3o, assinada pelo mutu\u00e1rio, deve acompanhar documenta\u00e7\u00e3o da regularidade fiscal e contributiva. As institui\u00e7\u00f5es respondem em at\u00e9 cinco dias \u00fateis a partir do recebimento.<\/p>\n<p>Se alguns requisitos n\u00e3o forem cumpridos, o banco deve informar a fundamenta\u00e7\u00e3o dentro de tr\u00eas dias \u00fateis. A medida permite adiar rendas, juros e encargos sem impactar contratos fora do regime. O diploma licita ainda uma eventual morat\u00f3ria de 12 meses para situa\u00e7\u00f5es espec\u00edficas.<\/p>\n","protected":false},"excerpt":{"rendered":"<ul>\n<li>A morat\u00f3ria de cr\u00e9dito de 90 dias est\u00e1 dispon\u00edvel para fam\u00edlias e empresas (habita\u00e7\u00e3o pr\u00f3pria e permanente) contratada at\u00e9 28 de janeiro de 2026, desde que a situa\u00e7\u00e3o contributiva esteja em dia e n\u00e3o haja mora superior a 90 dias junto de institui\u00e7\u00f5es financeiras.<\/li>\n<li>As exposi\u00e7\u00f5es abrangidas s\u00e3o comunicadas \u00e0 Central de Responsabilidades de Cr\u00e9dito; a morat\u00f3ria n\u00e3o implica incumprimento contratual cruzado nem ativa\u00e7\u00e3o de cl\u00e1usulas de vencimento antecipado ou san\u00e7\u00f5es.<\/li>\n<li>N\u00e3o pode haver revoga\u00e7\u00e3o de linhas de cr\u00e9dito existentes; a medida visa estabilizar tesouraria e facilitar o regresso a situa\u00e7\u00f5es normais com maior previsibilidade econ\u00f3mica.<\/li>\n<li>O acesso \u00e9 simples: a ades\u00e3o \u00e9 feita por declara\u00e7\u00e3o enviada pela institui\u00e7\u00e3o com comprovativos de regularidade tribut\u00e1ria e contributiva; a institui\u00e7\u00e3o aplica a medida no m\u00e1ximo em cinco dias \u00fateis, com efeitos a 28 de janeiro, salvo incumprimento dos requisitos.<\/li>\n<li>A medida pode incluir pessoas singulares abrangidas pelo regime de layoff; o Governo admite a hip\u00f3tese de uma nova morat\u00f3ria de doze meses para casos de perdas efetivas, ainda por regulamentar.<\/li>\n<\/ul>\n","protected":false},"author":2,"featured_media":201574,"comment_status":"closed","ping_status":"closed","sticky":false,"template":"","format":"standard","meta":{"footnotes":""},"categories":[2,1],"tags":[1960,2697,150,3613,5238,243],"class_list":["post-201570","post","type-post","status-publish","format-standard","has-post-thumbnail","hentry","category-economia","category-noticias","tag-credito","tag-empresas","tag-habitacao","tag-impostos","tag-moratorias","tag-seguranca-social"],"yoast_head":"<!-- This site is optimized with the Yoast SEO plugin v27.2 - https:\/\/yoast.com\/product\/yoast-seo-wordpress\/ -->\n<title>Mau tempo limita morat\u00f3ria de cr\u00e9dito a quem n\u00e3o est\u00e1 em incumprimento - Portal Tela Portugal<\/title>\n<meta name=\"robots\" content=\"index, follow, max-snippet:-1, max-image-preview:large, max-video-preview:-1\" \/>\n<meta property=\"og:locale\" content=\"pt_PT\" \/>\n<meta property=\"og:type\" content=\"article\" \/>\n<meta property=\"og:title\" content=\"Mau tempo limita morat\u00f3ria de cr\u00e9dito a quem n\u00e3o est\u00e1 em incumprimento - Portal Tela Portugal\" \/>\n<meta property=\"og:description\" content=\"A morat\u00f3ria de cr\u00e9dito de 90 dias est\u00e1 dispon\u00edvel para fam\u00edlias e empresas (habita\u00e7\u00e3o pr\u00f3pria e permanente) contratada at\u00e9 28 de janeiro de 2026, desde que a situa\u00e7\u00e3o contributiva esteja em dia e n\u00e3o haja mora superior a 90 dias junto de institui\u00e7\u00f5es financeiras. As exposi\u00e7\u00f5es abrangidas s\u00e3o comunicadas \u00e0 Central de Responsabilidades de Cr\u00e9dito; a morat\u00f3ria n\u00e3o implica incumprimento contratual cruzado nem ativa\u00e7\u00e3o de cl\u00e1usulas de vencimento antecipado ou san\u00e7\u00f5es. N\u00e3o pode haver revoga\u00e7\u00e3o de linhas de cr\u00e9dito existentes; a medida visa estabilizar tesouraria e facilitar o regresso a situa\u00e7\u00f5es normais com maior previsibilidade econ\u00f3mica. O acesso \u00e9 simples: a ades\u00e3o \u00e9 feita por declara\u00e7\u00e3o enviada pela institui\u00e7\u00e3o com comprovativos de regularidade tribut\u00e1ria e contributiva; a institui\u00e7\u00e3o aplica a medida no m\u00e1ximo em cinco dias \u00fateis, com efeitos a 28 de janeiro, salvo incumprimento dos requisitos. A medida pode incluir pessoas singulares abrangidas pelo regime de layoff; o Governo admite a hip\u00f3tese de uma nova morat\u00f3ria de doze meses para casos de perdas efetivas, ainda por regulamentar.\" \/>\n<meta property=\"og:url\" content=\"https:\/\/portaltela.pt\/noticias\/2026\/02\/06\/mau-tempo-limita-moratoria-de-credito-a-quem-nao-esta-em-incumprimento\/\" \/>\n<meta property=\"og:site_name\" content=\"Portal Tela Portugal\" \/>\n<meta property=\"article:published_time\" content=\"2026-02-06T12:05:00+00:00\" \/>\n<meta name=\"author\" content=\"Telinha\" \/>\n<meta name=\"twitter:card\" content=\"summary_large_image\" \/>\n<meta name=\"twitter:label1\" content=\"Escrito por\" \/>\n\t<meta name=\"twitter:data1\" content=\"Telinha\" \/>\n\t<meta name=\"twitter:label2\" content=\"Tempo estimado de leitura\" \/>\n\t<meta name=\"twitter:data2\" content=\"1 minuto\" \/>\n<script type=\"application\/ld+json\" class=\"yoast-schema-graph\">{\"@context\":\"https:\/\/schema.org\",\"@graph\":[{\"@type\":\"Article\",\"@id\":\"https:\/\/portaltela.pt\/noticias\/2026\/02\/06\/mau-tempo-limita-moratoria-de-credito-a-quem-nao-esta-em-incumprimento\/#article\",\"isPartOf\":{\"@id\":\"https:\/\/portaltela.pt\/noticias\/2026\/02\/06\/mau-tempo-limita-moratoria-de-credito-a-quem-nao-esta-em-incumprimento\/\"},\"author\":{\"name\":\"Telinha\",\"@id\":\"https:\/\/portaltela.pt\/#\/schema\/person\/c4278d4a6028830caff9ee44b42d32ed\"},\"headline\":\"Mau tempo limita morat\u00f3ria de cr\u00e9dito a quem n\u00e3o est\u00e1 em incumprimento\",\"datePublished\":\"2026-02-06T12:05:00+00:00\",\"mainEntityOfPage\":{\"@id\":\"https:\/\/portaltela.pt\/noticias\/2026\/02\/06\/mau-tempo-limita-moratoria-de-credito-a-quem-nao-esta-em-incumprimento\/\"},\"wordCount\":269,\"image\":{\"@id\":\"https:\/\/portaltela.pt\/noticias\/2026\/02\/06\/mau-tempo-limita-moratoria-de-credito-a-quem-nao-esta-em-incumprimento\/#primaryimage\"},\"thumbnailUrl\":\"https:\/\/portaltela.pt\/s.01k8rhncp4jt1\/2026\/02\/2065018.jpg\",\"keywords\":[\"cr\u00e9dito\",\"empresas\",\"habita\u00e7\u00e3o\",\"impostos\",\"morat\u00f3rias\",\"seguran\u00e7a social\"],\"articleSection\":[\"Economia\",\"Not\u00edcias\"],\"inLanguage\":\"pt-PT\"},{\"@type\":\"WebPage\",\"@id\":\"https:\/\/portaltela.pt\/noticias\/2026\/02\/06\/mau-tempo-limita-moratoria-de-credito-a-quem-nao-esta-em-incumprimento\/\",\"url\":\"https:\/\/portaltela.pt\/noticias\/2026\/02\/06\/mau-tempo-limita-moratoria-de-credito-a-quem-nao-esta-em-incumprimento\/\",\"name\":\"Mau tempo limita morat\u00f3ria de cr\u00e9dito a quem n\u00e3o est\u00e1 em incumprimento - Portal Tela Portugal\",\"isPartOf\":{\"@id\":\"https:\/\/portaltela.pt\/#website\"},\"primaryImageOfPage\":{\"@id\":\"https:\/\/portaltela.pt\/noticias\/2026\/02\/06\/mau-tempo-limita-moratoria-de-credito-a-quem-nao-esta-em-incumprimento\/#primaryimage\"},\"image\":{\"@id\":\"https:\/\/portaltela.pt\/noticias\/2026\/02\/06\/mau-tempo-limita-moratoria-de-credito-a-quem-nao-esta-em-incumprimento\/#primaryimage\"},\"thumbnailUrl\":\"https:\/\/portaltela.pt\/s.01k8rhncp4jt1\/2026\/02\/2065018.jpg\",\"datePublished\":\"2026-02-06T12:05:00+00:00\",\"author\":{\"@id\":\"https:\/\/portaltela.pt\/#\/schema\/person\/c4278d4a6028830caff9ee44b42d32ed\"},\"breadcrumb\":{\"@id\":\"https:\/\/portaltela.pt\/noticias\/2026\/02\/06\/mau-tempo-limita-moratoria-de-credito-a-quem-nao-esta-em-incumprimento\/#breadcrumb\"},\"inLanguage\":\"pt-PT\",\"potentialAction\":[{\"@type\":\"ReadAction\",\"target\":[\"https:\/\/portaltela.pt\/noticias\/2026\/02\/06\/mau-tempo-limita-moratoria-de-credito-a-quem-nao-esta-em-incumprimento\/\"]}]},{\"@type\":\"ImageObject\",\"inLanguage\":\"pt-PT\",\"@id\":\"https:\/\/portaltela.pt\/noticias\/2026\/02\/06\/mau-tempo-limita-moratoria-de-credito-a-quem-nao-esta-em-incumprimento\/#primaryimage\",\"url\":\"https:\/\/portaltela.pt\/s.01k8rhncp4jt1\/2026\/02\/2065018.jpg\",\"contentUrl\":\"https:\/\/portaltela.pt\/s.01k8rhncp4jt1\/2026\/02\/2065018.jpg\",\"width\":796,\"height\":448,\"caption\":\"Suspens\u00e3o do pagamento de cr\u00e9ditos \u00e9 uma das medidas de apoio a quem sofreu preju\u00edzos com a tempestade na zona Centro\"},{\"@type\":\"BreadcrumbList\",\"@id\":\"https:\/\/portaltela.pt\/noticias\/2026\/02\/06\/mau-tempo-limita-moratoria-de-credito-a-quem-nao-esta-em-incumprimento\/#breadcrumb\",\"itemListElement\":[{\"@type\":\"ListItem\",\"position\":1,\"name\":\"In\u00edcio\",\"item\":\"https:\/\/portaltela.pt\/\"},{\"@type\":\"ListItem\",\"position\":2,\"name\":\"Mau tempo limita morat\u00f3ria de cr\u00e9dito a quem n\u00e3o est\u00e1 em incumprimento\"}]},{\"@type\":\"WebSite\",\"@id\":\"https:\/\/portaltela.pt\/#website\",\"url\":\"https:\/\/portaltela.pt\/\",\"name\":\"Portal Tela Portugal\",\"description\":\"\",\"potentialAction\":[{\"@type\":\"SearchAction\",\"target\":{\"@type\":\"EntryPoint\",\"urlTemplate\":\"https:\/\/portaltela.pt\/?s={search_term_string}\"},\"query-input\":{\"@type\":\"PropertyValueSpecification\",\"valueRequired\":true,\"valueName\":\"search_term_string\"}}],\"inLanguage\":\"pt-PT\"},{\"@type\":\"Person\",\"@id\":\"https:\/\/portaltela.pt\/#\/schema\/person\/c4278d4a6028830caff9ee44b42d32ed\",\"name\":\"Telinha\",\"image\":{\"@type\":\"ImageObject\",\"inLanguage\":\"pt-PT\",\"@id\":\"https:\/\/portaltela.pt\/s.01k8rhncp4jt1\/2025\/11\/talking-bot-125x125.png\",\"url\":\"https:\/\/portaltela.pt\/s.01k8rhncp4jt1\/2025\/11\/talking-bot-125x125.png\",\"contentUrl\":\"https:\/\/portaltela.pt\/s.01k8rhncp4jt1\/2025\/11\/talking-bot-125x125.png\",\"caption\":\"Telinha\"},\"sameAs\":[\"https:\/\/portaltela.pt\/\"],\"url\":\"https:\/\/portaltela.pt\/por\/367410592786\/\"}]}<\/script>\n<!-- \/ Yoast SEO plugin. -->","yoast_head_json":{"title":"Mau tempo limita morat\u00f3ria de cr\u00e9dito a quem n\u00e3o est\u00e1 em incumprimento - Portal Tela Portugal","robots":{"index":"index","follow":"follow","max-snippet":"max-snippet:-1","max-image-preview":"max-image-preview:large","max-video-preview":"max-video-preview:-1"},"og_locale":"pt_PT","og_type":"article","og_title":"Mau tempo limita morat\u00f3ria de cr\u00e9dito a quem n\u00e3o est\u00e1 em incumprimento - Portal Tela Portugal","og_description":"A morat\u00f3ria de cr\u00e9dito de 90 dias est\u00e1 dispon\u00edvel para fam\u00edlias e empresas (habita\u00e7\u00e3o pr\u00f3pria e permanente) contratada at\u00e9 28 de janeiro de 2026, desde que a situa\u00e7\u00e3o contributiva esteja em dia e n\u00e3o haja mora superior a 90 dias junto de institui\u00e7\u00f5es financeiras. As exposi\u00e7\u00f5es abrangidas s\u00e3o comunicadas \u00e0 Central de Responsabilidades de Cr\u00e9dito; a morat\u00f3ria n\u00e3o implica incumprimento contratual cruzado nem ativa\u00e7\u00e3o de cl\u00e1usulas de vencimento antecipado ou san\u00e7\u00f5es. N\u00e3o pode haver revoga\u00e7\u00e3o de linhas de cr\u00e9dito existentes; a medida visa estabilizar tesouraria e facilitar o regresso a situa\u00e7\u00f5es normais com maior previsibilidade econ\u00f3mica. O acesso \u00e9 simples: a ades\u00e3o \u00e9 feita por declara\u00e7\u00e3o enviada pela institui\u00e7\u00e3o com comprovativos de regularidade tribut\u00e1ria e contributiva; a institui\u00e7\u00e3o aplica a medida no m\u00e1ximo em cinco dias \u00fateis, com efeitos a 28 de janeiro, salvo incumprimento dos requisitos. A medida pode incluir pessoas singulares abrangidas pelo regime de layoff; o Governo admite a hip\u00f3tese de uma nova morat\u00f3ria de doze meses para casos de perdas efetivas, ainda por regulamentar.","og_url":"https:\/\/portaltela.pt\/noticias\/2026\/02\/06\/mau-tempo-limita-moratoria-de-credito-a-quem-nao-esta-em-incumprimento\/","og_site_name":"Portal Tela Portugal","article_published_time":"2026-02-06T12:05:00+00:00","author":"Telinha","twitter_card":"summary_large_image","twitter_misc":{"Escrito por":"Telinha","Tempo estimado de leitura":"1 minuto"},"schema":{"@context":"https:\/\/schema.org","@graph":[{"@type":"Article","@id":"https:\/\/portaltela.pt\/noticias\/2026\/02\/06\/mau-tempo-limita-moratoria-de-credito-a-quem-nao-esta-em-incumprimento\/#article","isPartOf":{"@id":"https:\/\/portaltela.pt\/noticias\/2026\/02\/06\/mau-tempo-limita-moratoria-de-credito-a-quem-nao-esta-em-incumprimento\/"},"author":{"name":"Telinha","@id":"https:\/\/portaltela.pt\/#\/schema\/person\/c4278d4a6028830caff9ee44b42d32ed"},"headline":"Mau tempo limita morat\u00f3ria de cr\u00e9dito a quem n\u00e3o est\u00e1 em incumprimento","datePublished":"2026-02-06T12:05:00+00:00","mainEntityOfPage":{"@id":"https:\/\/portaltela.pt\/noticias\/2026\/02\/06\/mau-tempo-limita-moratoria-de-credito-a-quem-nao-esta-em-incumprimento\/"},"wordCount":269,"image":{"@id":"https:\/\/portaltela.pt\/noticias\/2026\/02\/06\/mau-tempo-limita-moratoria-de-credito-a-quem-nao-esta-em-incumprimento\/#primaryimage"},"thumbnailUrl":"https:\/\/portaltela.pt\/s.01k8rhncp4jt1\/2026\/02\/2065018.jpg","keywords":["cr\u00e9dito","empresas","habita\u00e7\u00e3o","impostos","morat\u00f3rias","seguran\u00e7a social"],"articleSection":["Economia","Not\u00edcias"],"inLanguage":"pt-PT"},{"@type":"WebPage","@id":"https:\/\/portaltela.pt\/noticias\/2026\/02\/06\/mau-tempo-limita-moratoria-de-credito-a-quem-nao-esta-em-incumprimento\/","url":"https:\/\/portaltela.pt\/noticias\/2026\/02\/06\/mau-tempo-limita-moratoria-de-credito-a-quem-nao-esta-em-incumprimento\/","name":"Mau tempo limita morat\u00f3ria de cr\u00e9dito a quem n\u00e3o est\u00e1 em incumprimento - Portal Tela Portugal","isPartOf":{"@id":"https:\/\/portaltela.pt\/#website"},"primaryImageOfPage":{"@id":"https:\/\/portaltela.pt\/noticias\/2026\/02\/06\/mau-tempo-limita-moratoria-de-credito-a-quem-nao-esta-em-incumprimento\/#primaryimage"},"image":{"@id":"https:\/\/portaltela.pt\/noticias\/2026\/02\/06\/mau-tempo-limita-moratoria-de-credito-a-quem-nao-esta-em-incumprimento\/#primaryimage"},"thumbnailUrl":"https:\/\/portaltela.pt\/s.01k8rhncp4jt1\/2026\/02\/2065018.jpg","datePublished":"2026-02-06T12:05:00+00:00","author":{"@id":"https:\/\/portaltela.pt\/#\/schema\/person\/c4278d4a6028830caff9ee44b42d32ed"},"breadcrumb":{"@id":"https:\/\/portaltela.pt\/noticias\/2026\/02\/06\/mau-tempo-limita-moratoria-de-credito-a-quem-nao-esta-em-incumprimento\/#breadcrumb"},"inLanguage":"pt-PT","potentialAction":[{"@type":"ReadAction","target":["https:\/\/portaltela.pt\/noticias\/2026\/02\/06\/mau-tempo-limita-moratoria-de-credito-a-quem-nao-esta-em-incumprimento\/"]}]},{"@type":"ImageObject","inLanguage":"pt-PT","@id":"https:\/\/portaltela.pt\/noticias\/2026\/02\/06\/mau-tempo-limita-moratoria-de-credito-a-quem-nao-esta-em-incumprimento\/#primaryimage","url":"https:\/\/portaltela.pt\/s.01k8rhncp4jt1\/2026\/02\/2065018.jpg","contentUrl":"https:\/\/portaltela.pt\/s.01k8rhncp4jt1\/2026\/02\/2065018.jpg","width":796,"height":448,"caption":"Suspens\u00e3o do pagamento de cr\u00e9ditos \u00e9 uma das medidas de apoio a quem sofreu preju\u00edzos com a tempestade na zona Centro"},{"@type":"BreadcrumbList","@id":"https:\/\/portaltela.pt\/noticias\/2026\/02\/06\/mau-tempo-limita-moratoria-de-credito-a-quem-nao-esta-em-incumprimento\/#breadcrumb","itemListElement":[{"@type":"ListItem","position":1,"name":"In\u00edcio","item":"https:\/\/portaltela.pt\/"},{"@type":"ListItem","position":2,"name":"Mau tempo limita morat\u00f3ria de cr\u00e9dito a quem n\u00e3o est\u00e1 em incumprimento"}]},{"@type":"WebSite","@id":"https:\/\/portaltela.pt\/#website","url":"https:\/\/portaltela.pt\/","name":"Portal Tela Portugal","description":"","potentialAction":[{"@type":"SearchAction","target":{"@type":"EntryPoint","urlTemplate":"https:\/\/portaltela.pt\/?s={search_term_string}"},"query-input":{"@type":"PropertyValueSpecification","valueRequired":true,"valueName":"search_term_string"}}],"inLanguage":"pt-PT"},{"@type":"Person","@id":"https:\/\/portaltela.pt\/#\/schema\/person\/c4278d4a6028830caff9ee44b42d32ed","name":"Telinha","image":{"@type":"ImageObject","inLanguage":"pt-PT","@id":"https:\/\/portaltela.pt\/s.01k8rhncp4jt1\/2025\/11\/talking-bot-125x125.png","url":"https:\/\/portaltela.pt\/s.01k8rhncp4jt1\/2025\/11\/talking-bot-125x125.png","contentUrl":"https:\/\/portaltela.pt\/s.01k8rhncp4jt1\/2025\/11\/talking-bot-125x125.png","caption":"Telinha"},"sameAs":["https:\/\/portaltela.pt\/"],"url":"https:\/\/portaltela.pt\/por\/367410592786\/"}]}},"_links":{"self":[{"href":"https:\/\/portaltela.pt\/api\/wp\/v2\/posts\/201570","targetHints":{"allow":["GET"]}}],"collection":[{"href":"https:\/\/portaltela.pt\/api\/wp\/v2\/posts"}],"about":[{"href":"https:\/\/portaltela.pt\/api\/wp\/v2\/types\/post"}],"author":[{"embeddable":true,"href":"https:\/\/portaltela.pt\/api\/wp\/v2\/users\/2"}],"replies":[{"embeddable":true,"href":"https:\/\/portaltela.pt\/api\/wp\/v2\/comments?post=201570"}],"version-history":[{"count":0,"href":"https:\/\/portaltela.pt\/api\/wp\/v2\/posts\/201570\/revisions"}],"wp:featuredmedia":[{"embeddable":true,"href":"https:\/\/portaltela.pt\/api\/wp\/v2\/media\/201574"}],"wp:attachment":[{"href":"https:\/\/portaltela.pt\/api\/wp\/v2\/media?parent=201570"}],"wp:term":[{"taxonomy":"category","embeddable":true,"href":"https:\/\/portaltela.pt\/api\/wp\/v2\/categories?post=201570"},{"taxonomy":"post_tag","embeddable":true,"href":"https:\/\/portaltela.pt\/api\/wp\/v2\/tags?post=201570"}],"curies":[{"name":"wp","href":"https:\/\/api.w.org\/{rel}","templated":true}]}}