{"id":201569,"date":"2026-02-06T08:48:00","date_gmt":"2026-02-06T11:48:00","guid":{"rendered":"https:\/\/portaltela.pt\/noticias\/2026\/02\/06\/enxurrada-danifica-maquinas-historicas-na-fabrica-da-polvora-de-vale-de-milhacos\/"},"modified":"2026-02-06T08:48:00","modified_gmt":"2026-02-06T11:48:00","slug":"enxurrada-danifica-maquinas-historicas-na-fabrica-da-polvora-de-vale-de-milhacos","status":"publish","type":"post","link":"https:\/\/portaltela.pt\/noticias\/2026\/02\/06\/enxurrada-danifica-maquinas-historicas-na-fabrica-da-polvora-de-vale-de-milhacos\/","title":{"rendered":"Enxurrada danifica m\u00e1quinas hist\u00f3ricas na F\u00e1brica da P\u00f3lvora de Vale de Milha\u00e7os"},"content":{"rendered":"<p>A enxurrada provocada pelas fortes chuvas arrasou parte do recinto da F\u00e1brica da P\u00f3lvora de Vale de Milha\u00e7os, no Seixal. O incidente ocorreu nesta quarta-feira e atingiu principalmente o n\u00facleo museol\u00f3gico, onde se concentram m\u00e1quinas centen\u00e1rias e caldeiras. A \u00e1rea \u00e9 classificada como monumento de interesse p\u00fablico desde 2012.<\/p>\n<p>Segundo Gra\u00e7a Filipe, historiadora e fundadora do grupo EPPIC, a inunda\u00e7\u00e3o foi repentina e resultou da mistura de \u00e1guas pluviais com outras que n\u00e3o foram devidamente canalizadas. O terreno, que recebe \u00e1guas h\u00e1 dias, n\u00e3o resistiu ao fluxo vindo de uma linha de \u00e1gua antiga que foi tapada na constru\u00e7\u00e3o do complexo.<\/p>\n<p>A inunda\u00e7\u00e3o ter\u00e1 afetado mais de metade do conjunto de im\u00f3veis do complexo, com cerca de 13 hectares, e atingiu com gravidade as m\u00e1quinas centen\u00e1rias, incluindo caldeiras e m\u00e1quinas a vapor. A avalia\u00e7\u00e3o inicial aponta danos significativos, cuja extens\u00e3o ainda est\u00e1 por apurar.<\/p>\n<h3>Impacto no patrim\u00f3nio<\/h3>\n<p>A \u00e1gua chegou a invadir a Avenida da F\u00e1brica da P\u00f3lvora, abrindo passagem a pelo menos duas habita\u00e7\u00f5es pr\u00f3ximas. A f\u00e1brica, que come\u00e7ou a ser desativada em 1998, \u00e9 alvo de estudo por parte da C\u00e2mara do Seixal, que ainda n\u00e3o tem registos completos e pretende fazer uma avalia\u00e7\u00e3o aprofundada.<\/p>\n<h3>Contexto hist\u00f3rico<\/h3>\n<p>A unidade foi fundada no final do s\u00e9culo XIX, ap\u00f3s um acidente de 1897 na f\u00e1brica que a antecedia. Mant\u00eam-se hoje elementos de energia mec\u00e2nica a vapor, como uma caldeira de 1911 e uma m\u00e1quina a vapor de 1900. A produ\u00e7\u00e3o de p\u00f3lvora negra ocorreu ao longo do s\u00e9culo XX, principalmente para as col\u00f3nias africanas.<\/p>\n<h3>Estado atual e pr\u00f3ximos passos<\/h3>\n<p>A C\u00e2mara do Seixal est\u00e1 a levantar as consequ\u00eancias climat\u00e9ricas adversas, sem ainda apresentar o quadro total de registos. O munic\u00edpio planeia uma avalia\u00e7\u00e3o detalhada para entender o alcance dos estragos e orientar medidas futuras de prote\u00e7\u00e3o do espa\u00e7o.<\/p>\n","protected":false},"excerpt":{"rendered":"<ul>\n<li>Enxurrada provocou inunda\u00e7\u00e3o no recinto da F\u00e1brica da P\u00f3lvora de Vale de Milha\u00e7os, no Seixal, causando danos significativos nas m\u00e1quinas centen\u00e1rias.<\/li>\n<li>Cerca de um ter\u00e7o do recinto, num conjunto de cerca de 13 hectares, ficou submerso, afetando mais da metade dos im\u00f3veis do complexo.<\/li>\n<li>As caldeiras e a m\u00e1quina a vapor centen\u00e1rias devem ter sofrido estragos avultados, com interven\u00e7\u00e3o muito significativa para a poss\u00edvel recupera\u00e7\u00e3o.<\/li>\n<li>A f\u00e1brica, classificada em dois mil doze como monumento de interesse p\u00fablico e integrada no Ecomuseu Municipal do Seixal desde dois mil um, \u00e9 frequentemente citada como exemplo de gest\u00e3o do patrim\u00f3nio industrial.<\/li>\n<li>A C\u00e2mara do Seixal est\u00e1 a levantar as consequ\u00eancias das condi\u00e7\u00f5es climat\u00e9ricas adversas, ainda sem registos totais e com avalia\u00e7\u00e3o mais profunda por fazer.<\/li>\n<\/ul>\n","protected":false},"author":2,"featured_media":201573,"comment_status":"closed","ping_status":"closed","sticky":false,"template":"","format":"standard","meta":{"footnotes":""},"categories":[1],"tags":[5443,2051,814,1175,4489,1064],"class_list":["post-201569","post","type-post","status-publish","format-standard","has-post-thumbnail","hentry","category-noticias","tag-a-camara-municipal","tag-inundacao","tag-patrimonio","tag-patrimonio-cultural","tag-patrimonio-publico","tag-seixal"],"yoast_head":"<!-- This site is optimized with the Yoast SEO plugin v27.2 - https:\/\/yoast.com\/product\/yoast-seo-wordpress\/ -->\n<title>Enxurrada danifica m\u00e1quinas hist\u00f3ricas na F\u00e1brica da P\u00f3lvora de Vale de Milha\u00e7os - Portal Tela Portugal<\/title>\n<meta name=\"robots\" content=\"index, follow, max-snippet:-1, max-image-preview:large, max-video-preview:-1\" \/>\n<meta property=\"og:locale\" content=\"pt_PT\" \/>\n<meta property=\"og:type\" content=\"article\" \/>\n<meta property=\"og:title\" content=\"Enxurrada danifica m\u00e1quinas hist\u00f3ricas na F\u00e1brica da P\u00f3lvora de Vale de Milha\u00e7os - Portal Tela Portugal\" \/>\n<meta property=\"og:description\" content=\"Enxurrada provocou inunda\u00e7\u00e3o no recinto da F\u00e1brica da P\u00f3lvora de Vale de Milha\u00e7os, no Seixal, causando danos significativos nas m\u00e1quinas centen\u00e1rias. Cerca de um ter\u00e7o do recinto, num conjunto de cerca de 13 hectares, ficou submerso, afetando mais da metade dos im\u00f3veis do complexo. As caldeiras e a m\u00e1quina a vapor centen\u00e1rias devem ter sofrido estragos avultados, com interven\u00e7\u00e3o muito significativa para a poss\u00edvel recupera\u00e7\u00e3o. A f\u00e1brica, classificada em dois mil doze como monumento de interesse p\u00fablico e integrada no Ecomuseu Municipal do Seixal desde dois mil um, \u00e9 frequentemente citada como exemplo de gest\u00e3o do patrim\u00f3nio industrial. A C\u00e2mara do Seixal est\u00e1 a levantar as consequ\u00eancias das condi\u00e7\u00f5es climat\u00e9ricas adversas, ainda sem registos totais e com avalia\u00e7\u00e3o mais profunda por fazer.\" \/>\n<meta property=\"og:url\" content=\"https:\/\/portaltela.pt\/noticias\/2026\/02\/06\/enxurrada-danifica-maquinas-historicas-na-fabrica-da-polvora-de-vale-de-milhacos\/\" \/>\n<meta property=\"og:site_name\" content=\"Portal Tela Portugal\" \/>\n<meta property=\"article:published_time\" content=\"2026-02-06T11:48:00+00:00\" \/>\n<meta name=\"author\" content=\"Telinha\" \/>\n<meta name=\"twitter:card\" content=\"summary_large_image\" \/>\n<meta name=\"twitter:label1\" content=\"Escrito por\" \/>\n\t<meta name=\"twitter:data1\" content=\"Telinha\" \/>\n\t<meta name=\"twitter:label2\" content=\"Tempo estimado de leitura\" \/>\n\t<meta name=\"twitter:data2\" content=\"2 minutos\" \/>\n<script type=\"application\/ld+json\" class=\"yoast-schema-graph\">{\"@context\":\"https:\/\/schema.org\",\"@graph\":[{\"@type\":\"Article\",\"@id\":\"https:\/\/portaltela.pt\/noticias\/2026\/02\/06\/enxurrada-danifica-maquinas-historicas-na-fabrica-da-polvora-de-vale-de-milhacos\/#article\",\"isPartOf\":{\"@id\":\"https:\/\/portaltela.pt\/noticias\/2026\/02\/06\/enxurrada-danifica-maquinas-historicas-na-fabrica-da-polvora-de-vale-de-milhacos\/\"},\"author\":{\"name\":\"Telinha\",\"@id\":\"https:\/\/portaltela.pt\/#\/schema\/person\/c4278d4a6028830caff9ee44b42d32ed\"},\"headline\":\"Enxurrada danifica m\u00e1quinas hist\u00f3ricas na F\u00e1brica da P\u00f3lvora de Vale de Milha\u00e7os\",\"datePublished\":\"2026-02-06T11:48:00+00:00\",\"mainEntityOfPage\":{\"@id\":\"https:\/\/portaltela.pt\/noticias\/2026\/02\/06\/enxurrada-danifica-maquinas-historicas-na-fabrica-da-polvora-de-vale-de-milhacos\/\"},\"wordCount\":356,\"image\":{\"@id\":\"https:\/\/portaltela.pt\/noticias\/2026\/02\/06\/enxurrada-danifica-maquinas-historicas-na-fabrica-da-polvora-de-vale-de-milhacos\/#primaryimage\"},\"thumbnailUrl\":\"https:\/\/portaltela.pt\/s.01k8rhncp4jt1\/2026\/02\/2163841.jpg\",\"keywords\":[\"A C\u00e2mara Municipal\",\"inunda\u00e7\u00e3o\",\"patrim\u00f3nio\",\"Patrim\u00f3nio Cultural\",\"patrim\u00f3nio p\u00fablico\",\"Seixal\"],\"articleSection\":[\"Not\u00edcias\"],\"inLanguage\":\"pt-PT\"},{\"@type\":\"WebPage\",\"@id\":\"https:\/\/portaltela.pt\/noticias\/2026\/02\/06\/enxurrada-danifica-maquinas-historicas-na-fabrica-da-polvora-de-vale-de-milhacos\/\",\"url\":\"https:\/\/portaltela.pt\/noticias\/2026\/02\/06\/enxurrada-danifica-maquinas-historicas-na-fabrica-da-polvora-de-vale-de-milhacos\/\",\"name\":\"Enxurrada danifica m\u00e1quinas hist\u00f3ricas na F\u00e1brica da P\u00f3lvora de Vale de Milha\u00e7os - Portal Tela Portugal\",\"isPartOf\":{\"@id\":\"https:\/\/portaltela.pt\/#website\"},\"primaryImageOfPage\":{\"@id\":\"https:\/\/portaltela.pt\/noticias\/2026\/02\/06\/enxurrada-danifica-maquinas-historicas-na-fabrica-da-polvora-de-vale-de-milhacos\/#primaryimage\"},\"image\":{\"@id\":\"https:\/\/portaltela.pt\/noticias\/2026\/02\/06\/enxurrada-danifica-maquinas-historicas-na-fabrica-da-polvora-de-vale-de-milhacos\/#primaryimage\"},\"thumbnailUrl\":\"https:\/\/portaltela.pt\/s.01k8rhncp4jt1\/2026\/02\/2163841.jpg\",\"datePublished\":\"2026-02-06T11:48:00+00:00\",\"author\":{\"@id\":\"https:\/\/portaltela.pt\/#\/schema\/person\/c4278d4a6028830caff9ee44b42d32ed\"},\"breadcrumb\":{\"@id\":\"https:\/\/portaltela.pt\/noticias\/2026\/02\/06\/enxurrada-danifica-maquinas-historicas-na-fabrica-da-polvora-de-vale-de-milhacos\/#breadcrumb\"},\"inLanguage\":\"pt-PT\",\"potentialAction\":[{\"@type\":\"ReadAction\",\"target\":[\"https:\/\/portaltela.pt\/noticias\/2026\/02\/06\/enxurrada-danifica-maquinas-historicas-na-fabrica-da-polvora-de-vale-de-milhacos\/\"]}]},{\"@type\":\"ImageObject\",\"inLanguage\":\"pt-PT\",\"@id\":\"https:\/\/portaltela.pt\/noticias\/2026\/02\/06\/enxurrada-danifica-maquinas-historicas-na-fabrica-da-polvora-de-vale-de-milhacos\/#primaryimage\",\"url\":\"https:\/\/portaltela.pt\/s.01k8rhncp4jt1\/2026\/02\/2163841.jpg\",\"contentUrl\":\"https:\/\/portaltela.pt\/s.01k8rhncp4jt1\/2026\/02\/2163841.jpg\",\"width\":796,\"height\":448,\"caption\":\"Real dimens\u00e3o dos estragos ainda est\u00e1 por apurar, mas m\u00e1quinas centen\u00e1rias foram afectadas\"},{\"@type\":\"BreadcrumbList\",\"@id\":\"https:\/\/portaltela.pt\/noticias\/2026\/02\/06\/enxurrada-danifica-maquinas-historicas-na-fabrica-da-polvora-de-vale-de-milhacos\/#breadcrumb\",\"itemListElement\":[{\"@type\":\"ListItem\",\"position\":1,\"name\":\"In\u00edcio\",\"item\":\"https:\/\/portaltela.pt\/\"},{\"@type\":\"ListItem\",\"position\":2,\"name\":\"Enxurrada danifica m\u00e1quinas hist\u00f3ricas na F\u00e1brica da P\u00f3lvora de Vale de Milha\u00e7os\"}]},{\"@type\":\"WebSite\",\"@id\":\"https:\/\/portaltela.pt\/#website\",\"url\":\"https:\/\/portaltela.pt\/\",\"name\":\"Portal Tela Portugal\",\"description\":\"\",\"potentialAction\":[{\"@type\":\"SearchAction\",\"target\":{\"@type\":\"EntryPoint\",\"urlTemplate\":\"https:\/\/portaltela.pt\/?s={search_term_string}\"},\"query-input\":{\"@type\":\"PropertyValueSpecification\",\"valueRequired\":true,\"valueName\":\"search_term_string\"}}],\"inLanguage\":\"pt-PT\"},{\"@type\":\"Person\",\"@id\":\"https:\/\/portaltela.pt\/#\/schema\/person\/c4278d4a6028830caff9ee44b42d32ed\",\"name\":\"Telinha\",\"image\":{\"@type\":\"ImageObject\",\"inLanguage\":\"pt-PT\",\"@id\":\"https:\/\/portaltela.pt\/s.01k8rhncp4jt1\/2025\/11\/talking-bot-125x125.png\",\"url\":\"https:\/\/portaltela.pt\/s.01k8rhncp4jt1\/2025\/11\/talking-bot-125x125.png\",\"contentUrl\":\"https:\/\/portaltela.pt\/s.01k8rhncp4jt1\/2025\/11\/talking-bot-125x125.png\",\"caption\":\"Telinha\"},\"sameAs\":[\"https:\/\/portaltela.pt\/\"],\"url\":\"https:\/\/portaltela.pt\/por\/367410592786\/\"}]}<\/script>\n<!-- \/ Yoast SEO plugin. -->","yoast_head_json":{"title":"Enxurrada danifica m\u00e1quinas hist\u00f3ricas na F\u00e1brica da P\u00f3lvora de Vale de Milha\u00e7os - Portal Tela Portugal","robots":{"index":"index","follow":"follow","max-snippet":"max-snippet:-1","max-image-preview":"max-image-preview:large","max-video-preview":"max-video-preview:-1"},"og_locale":"pt_PT","og_type":"article","og_title":"Enxurrada danifica m\u00e1quinas hist\u00f3ricas na F\u00e1brica da P\u00f3lvora de Vale de Milha\u00e7os - Portal Tela Portugal","og_description":"Enxurrada provocou inunda\u00e7\u00e3o no recinto da F\u00e1brica da P\u00f3lvora de Vale de Milha\u00e7os, no Seixal, causando danos significativos nas m\u00e1quinas centen\u00e1rias. Cerca de um ter\u00e7o do recinto, num conjunto de cerca de 13 hectares, ficou submerso, afetando mais da metade dos im\u00f3veis do complexo. As caldeiras e a m\u00e1quina a vapor centen\u00e1rias devem ter sofrido estragos avultados, com interven\u00e7\u00e3o muito significativa para a poss\u00edvel recupera\u00e7\u00e3o. A f\u00e1brica, classificada em dois mil doze como monumento de interesse p\u00fablico e integrada no Ecomuseu Municipal do Seixal desde dois mil um, \u00e9 frequentemente citada como exemplo de gest\u00e3o do patrim\u00f3nio industrial. A C\u00e2mara do Seixal est\u00e1 a levantar as consequ\u00eancias das condi\u00e7\u00f5es climat\u00e9ricas adversas, ainda sem registos totais e com avalia\u00e7\u00e3o mais profunda por fazer.","og_url":"https:\/\/portaltela.pt\/noticias\/2026\/02\/06\/enxurrada-danifica-maquinas-historicas-na-fabrica-da-polvora-de-vale-de-milhacos\/","og_site_name":"Portal Tela Portugal","article_published_time":"2026-02-06T11:48:00+00:00","author":"Telinha","twitter_card":"summary_large_image","twitter_misc":{"Escrito por":"Telinha","Tempo estimado de leitura":"2 minutos"},"schema":{"@context":"https:\/\/schema.org","@graph":[{"@type":"Article","@id":"https:\/\/portaltela.pt\/noticias\/2026\/02\/06\/enxurrada-danifica-maquinas-historicas-na-fabrica-da-polvora-de-vale-de-milhacos\/#article","isPartOf":{"@id":"https:\/\/portaltela.pt\/noticias\/2026\/02\/06\/enxurrada-danifica-maquinas-historicas-na-fabrica-da-polvora-de-vale-de-milhacos\/"},"author":{"name":"Telinha","@id":"https:\/\/portaltela.pt\/#\/schema\/person\/c4278d4a6028830caff9ee44b42d32ed"},"headline":"Enxurrada danifica m\u00e1quinas hist\u00f3ricas na F\u00e1brica da P\u00f3lvora de Vale de Milha\u00e7os","datePublished":"2026-02-06T11:48:00+00:00","mainEntityOfPage":{"@id":"https:\/\/portaltela.pt\/noticias\/2026\/02\/06\/enxurrada-danifica-maquinas-historicas-na-fabrica-da-polvora-de-vale-de-milhacos\/"},"wordCount":356,"image":{"@id":"https:\/\/portaltela.pt\/noticias\/2026\/02\/06\/enxurrada-danifica-maquinas-historicas-na-fabrica-da-polvora-de-vale-de-milhacos\/#primaryimage"},"thumbnailUrl":"https:\/\/portaltela.pt\/s.01k8rhncp4jt1\/2026\/02\/2163841.jpg","keywords":["A C\u00e2mara Municipal","inunda\u00e7\u00e3o","patrim\u00f3nio","Patrim\u00f3nio Cultural","patrim\u00f3nio p\u00fablico","Seixal"],"articleSection":["Not\u00edcias"],"inLanguage":"pt-PT"},{"@type":"WebPage","@id":"https:\/\/portaltela.pt\/noticias\/2026\/02\/06\/enxurrada-danifica-maquinas-historicas-na-fabrica-da-polvora-de-vale-de-milhacos\/","url":"https:\/\/portaltela.pt\/noticias\/2026\/02\/06\/enxurrada-danifica-maquinas-historicas-na-fabrica-da-polvora-de-vale-de-milhacos\/","name":"Enxurrada danifica m\u00e1quinas hist\u00f3ricas na F\u00e1brica da P\u00f3lvora de Vale de Milha\u00e7os - Portal Tela Portugal","isPartOf":{"@id":"https:\/\/portaltela.pt\/#website"},"primaryImageOfPage":{"@id":"https:\/\/portaltela.pt\/noticias\/2026\/02\/06\/enxurrada-danifica-maquinas-historicas-na-fabrica-da-polvora-de-vale-de-milhacos\/#primaryimage"},"image":{"@id":"https:\/\/portaltela.pt\/noticias\/2026\/02\/06\/enxurrada-danifica-maquinas-historicas-na-fabrica-da-polvora-de-vale-de-milhacos\/#primaryimage"},"thumbnailUrl":"https:\/\/portaltela.pt\/s.01k8rhncp4jt1\/2026\/02\/2163841.jpg","datePublished":"2026-02-06T11:48:00+00:00","author":{"@id":"https:\/\/portaltela.pt\/#\/schema\/person\/c4278d4a6028830caff9ee44b42d32ed"},"breadcrumb":{"@id":"https:\/\/portaltela.pt\/noticias\/2026\/02\/06\/enxurrada-danifica-maquinas-historicas-na-fabrica-da-polvora-de-vale-de-milhacos\/#breadcrumb"},"inLanguage":"pt-PT","potentialAction":[{"@type":"ReadAction","target":["https:\/\/portaltela.pt\/noticias\/2026\/02\/06\/enxurrada-danifica-maquinas-historicas-na-fabrica-da-polvora-de-vale-de-milhacos\/"]}]},{"@type":"ImageObject","inLanguage":"pt-PT","@id":"https:\/\/portaltela.pt\/noticias\/2026\/02\/06\/enxurrada-danifica-maquinas-historicas-na-fabrica-da-polvora-de-vale-de-milhacos\/#primaryimage","url":"https:\/\/portaltela.pt\/s.01k8rhncp4jt1\/2026\/02\/2163841.jpg","contentUrl":"https:\/\/portaltela.pt\/s.01k8rhncp4jt1\/2026\/02\/2163841.jpg","width":796,"height":448,"caption":"Real dimens\u00e3o dos estragos ainda est\u00e1 por apurar, mas m\u00e1quinas centen\u00e1rias foram afectadas"},{"@type":"BreadcrumbList","@id":"https:\/\/portaltela.pt\/noticias\/2026\/02\/06\/enxurrada-danifica-maquinas-historicas-na-fabrica-da-polvora-de-vale-de-milhacos\/#breadcrumb","itemListElement":[{"@type":"ListItem","position":1,"name":"In\u00edcio","item":"https:\/\/portaltela.pt\/"},{"@type":"ListItem","position":2,"name":"Enxurrada danifica m\u00e1quinas hist\u00f3ricas na F\u00e1brica da P\u00f3lvora de Vale de Milha\u00e7os"}]},{"@type":"WebSite","@id":"https:\/\/portaltela.pt\/#website","url":"https:\/\/portaltela.pt\/","name":"Portal Tela Portugal","description":"","potentialAction":[{"@type":"SearchAction","target":{"@type":"EntryPoint","urlTemplate":"https:\/\/portaltela.pt\/?s={search_term_string}"},"query-input":{"@type":"PropertyValueSpecification","valueRequired":true,"valueName":"search_term_string"}}],"inLanguage":"pt-PT"},{"@type":"Person","@id":"https:\/\/portaltela.pt\/#\/schema\/person\/c4278d4a6028830caff9ee44b42d32ed","name":"Telinha","image":{"@type":"ImageObject","inLanguage":"pt-PT","@id":"https:\/\/portaltela.pt\/s.01k8rhncp4jt1\/2025\/11\/talking-bot-125x125.png","url":"https:\/\/portaltela.pt\/s.01k8rhncp4jt1\/2025\/11\/talking-bot-125x125.png","contentUrl":"https:\/\/portaltela.pt\/s.01k8rhncp4jt1\/2025\/11\/talking-bot-125x125.png","caption":"Telinha"},"sameAs":["https:\/\/portaltela.pt\/"],"url":"https:\/\/portaltela.pt\/por\/367410592786\/"}]}},"_links":{"self":[{"href":"https:\/\/portaltela.pt\/api\/wp\/v2\/posts\/201569","targetHints":{"allow":["GET"]}}],"collection":[{"href":"https:\/\/portaltela.pt\/api\/wp\/v2\/posts"}],"about":[{"href":"https:\/\/portaltela.pt\/api\/wp\/v2\/types\/post"}],"author":[{"embeddable":true,"href":"https:\/\/portaltela.pt\/api\/wp\/v2\/users\/2"}],"replies":[{"embeddable":true,"href":"https:\/\/portaltela.pt\/api\/wp\/v2\/comments?post=201569"}],"version-history":[{"count":0,"href":"https:\/\/portaltela.pt\/api\/wp\/v2\/posts\/201569\/revisions"}],"wp:featuredmedia":[{"embeddable":true,"href":"https:\/\/portaltela.pt\/api\/wp\/v2\/media\/201573"}],"wp:attachment":[{"href":"https:\/\/portaltela.pt\/api\/wp\/v2\/media?parent=201569"}],"wp:term":[{"taxonomy":"category","embeddable":true,"href":"https:\/\/portaltela.pt\/api\/wp\/v2\/categories?post=201569"},{"taxonomy":"post_tag","embeddable":true,"href":"https:\/\/portaltela.pt\/api\/wp\/v2\/tags?post=201569"}],"curies":[{"name":"wp","href":"https:\/\/api.w.org\/{rel}","templated":true}]}}