{"id":201562,"date":"2026-02-06T09:15:00","date_gmt":"2026-02-06T12:15:00","guid":{"rendered":"https:\/\/portaltela.pt\/noticias\/2026\/02\/06\/como-ingmar-bergman-guia-a-passagem-de-valor-sentimental-a-joao-canijo\/"},"modified":"2026-02-06T09:15:00","modified_gmt":"2026-02-06T12:15:00","slug":"como-ingmar-bergman-guia-a-passagem-de-valor-sentimental-a-joao-canijo","status":"publish","type":"post","link":"https:\/\/portaltela.pt\/noticias\/2026\/02\/06\/como-ingmar-bergman-guia-a-passagem-de-valor-sentimental-a-joao-canijo\/","title":{"rendered":"Como Ingmar Bergman guia a passagem de Valor Sentimental a Jo\u00e3o Canijo"},"content":{"rendered":"<p>Valor Sentimental, do noruegu\u00eas Joachim Trier, chegou recentemente \u00e0s salas portuguesas. O filme, considerado o filme europeu do ano pela Academia Europeia de Cinema, recebe nove nomea\u00e7\u00f5es para os \u00d3scares. A obra destaca-se pelo tom memorialista e pela reflex\u00e3o sobre o cinema, com foco em personagens e temas caros ao cinema europeu.<\/p>\n<p>Os protagonistas s\u00e3o personagens ligados a grandes planos de rosto, com atua\u00e7\u00e3o de Stellan Skarsg\u00e5rd, Renate Reinsve e Inga Ibsdotter Lille\u00e5s. O filme tem sido descrito como uma releitura de refer\u00eancias cl\u00e1ssicas, ao mesmo tempo em que firma uma voz contempor\u00e2nea no cinema europeu.<\/p>\n<p>Numa entrevista ao \u00cdpsilon, Joachim Trier fala sobre as refer\u00eancias a Bergman que alguns espectadores sentem no filme. O realizador afirma que n\u00e3o pretende imitar, mas dialoga com o legado de Bergman, aos olhos de uma nova gera\u00e7\u00e3o de espectadores na Noruega.<\/p>\n<h3>Conex\u00f5es entre Bergman e Canijo<\/h3>\n<p>A conversa aborda ainda a figura de Ingmar Bergman, com refer\u00eancia a Sonata de Outono (1978), t\u00edtulo que ligou Bergman e Ingrid na Noruega. O filme tamb\u00e9m \u00e9 ligado ao abandono de uma filha, tema que aparece de forma indireta em Valor Sentimental.<\/p>\n<p>O texto aponta uma hip\u00f3tese sobre a rela\u00e7\u00e3o entre Bergman e o cinema contempor\u00e2neo portugu\u00eas. Enquanto Bergman foi integrado ao mainstream, o p\u00fablico actual pode procurar epifanias e temer o risco de se magoar, abrindo espa\u00e7o para leituras mais contidas.<\/p>\n<p>No \u00e2mbito da produ\u00e7\u00e3o, surge a refer\u00eancia ao cineasta portugu\u00eas Jo\u00e3o Canijo, que desapareceu recentemente aos 68 anos. Canijo \u00e9 descrito como figura de imagem central no cinema portugu\u00eas moderno, com uma obra que procura incomodar e aproximar o p\u00fablico do cerne do tema.<\/p>\n<p>O epis\u00f3dio tra\u00e7a paralelos entre a rece\u00e7\u00e3o de Bergman no passado e o percurso de Canijo no cinema de hoje. O di\u00e1logo percorre como a mem\u00f3ria e a reflex\u00e3o sobre o cinema moldam leituras de filmes recentes.<\/p>\n<p>O conte\u00fado integra ainda a divulga\u00e7\u00e3o de um podcast intitulado No Escuro, com Alexandra Prado Coelho e Vasco C\u00e2mara. A produ\u00e7\u00e3o semanal est\u00e1 dispon\u00edvel no site do jornal e em plataformas de \u00e1udio. A m\u00fasica de abertura \u00e9 uma pe\u00e7a do Rodrigo Amado Quartet.<\/p>\n","protected":false},"excerpt":{"rendered":"<ul>\n<li>Valor Sentimental, de Joachin Trier, chegou \u00e0s salas portuguesas e \u00e9 destacado como o \u201cfilme europeu do ano\u201d; chega aos \u00d3scares com nove nomea\u00e7\u00f5es.<\/li>\n<li>O filme tem uma abordagem memorialista e reflexiva sobre o cinema, com grandes planos de rosto de Stellan Skarsg\u00e5rd, Renate Reinsve e Inga Ibsdotter Lilleaas.<\/li>\n<li>Trier diz que, quando algu\u00e9m diz que o filme lembra Bergman, \u00e9 um elogio; Bergman foi importante para Woody Allen, e a conversa menciona obras como Persona e Fanny e Alexander.<\/li>\n<li>Sonata de Outono, de Bergman, foi filme de cabeceira de Jo\u00e3o Canijo e inspirou o d\u00edptico Mal Viver\/Viver Mal; Canijo, cineasta portugu\u00eas, faleceu aos 68 anos na \u00faltima semana.<\/li>\n<li>A narrativa liga Bergman, Canijo e o cinema europeu contempor\u00e2neo, num epis\u00f3dio que pode ouvir no podcast No Escuro, com Alexandra Prado Coelho e Vasco C\u00e2mara.<\/li>\n<\/ul>\n","protected":false},"author":2,"featured_media":201568,"comment_status":"closed","ping_status":"closed","sticky":false,"template":"","format":"standard","meta":{"footnotes":""},"categories":[1],"tags":[112,1073,2487,1014,2942],"class_list":["post-201562","post","type-post","status-publish","format-standard","has-post-thumbnail","hentry","category-noticias","tag-cinema","tag-cinema-teatro-concertos","tag-europa","tag-portugal","tag-valor-sentimental"],"yoast_head":"<!-- This site is optimized with the Yoast SEO plugin v27.2 - https:\/\/yoast.com\/product\/yoast-seo-wordpress\/ -->\n<title>Como Ingmar Bergman guia a passagem de Valor Sentimental a Jo\u00e3o Canijo - Portal Tela Portugal<\/title>\n<meta name=\"robots\" content=\"index, follow, max-snippet:-1, max-image-preview:large, max-video-preview:-1\" \/>\n<meta property=\"og:locale\" content=\"pt_PT\" \/>\n<meta property=\"og:type\" content=\"article\" \/>\n<meta property=\"og:title\" content=\"Como Ingmar Bergman guia a passagem de Valor Sentimental a Jo\u00e3o Canijo - Portal Tela Portugal\" \/>\n<meta property=\"og:description\" content=\"Valor Sentimental, de Joachin Trier, chegou \u00e0s salas portuguesas e \u00e9 destacado como o \u201cfilme europeu do ano\u201d; chega aos \u00d3scares com nove nomea\u00e7\u00f5es. O filme tem uma abordagem memorialista e reflexiva sobre o cinema, com grandes planos de rosto de Stellan Skarsg\u00e5rd, Renate Reinsve e Inga Ibsdotter Lilleaas. Trier diz que, quando algu\u00e9m diz que o filme lembra Bergman, \u00e9 um elogio; Bergman foi importante para Woody Allen, e a conversa menciona obras como Persona e Fanny e Alexander. Sonata de Outono, de Bergman, foi filme de cabeceira de Jo\u00e3o Canijo e inspirou o d\u00edptico Mal Viver\/Viver Mal; Canijo, cineasta portugu\u00eas, faleceu aos 68 anos na \u00faltima semana. A narrativa liga Bergman, Canijo e o cinema europeu contempor\u00e2neo, num epis\u00f3dio que pode ouvir no podcast No Escuro, com Alexandra Prado Coelho e Vasco C\u00e2mara.\" \/>\n<meta property=\"og:url\" content=\"https:\/\/portaltela.pt\/noticias\/2026\/02\/06\/como-ingmar-bergman-guia-a-passagem-de-valor-sentimental-a-joao-canijo\/\" \/>\n<meta property=\"og:site_name\" content=\"Portal Tela Portugal\" \/>\n<meta property=\"article:published_time\" content=\"2026-02-06T12:15:00+00:00\" \/>\n<meta name=\"author\" content=\"Telinha\" \/>\n<meta name=\"twitter:card\" content=\"summary_large_image\" \/>\n<meta name=\"twitter:label1\" content=\"Escrito por\" \/>\n\t<meta name=\"twitter:data1\" content=\"Telinha\" \/>\n\t<meta name=\"twitter:label2\" content=\"Tempo estimado de leitura\" \/>\n\t<meta name=\"twitter:data2\" content=\"2 minutos\" \/>\n<script type=\"application\/ld+json\" class=\"yoast-schema-graph\">{\"@context\":\"https:\/\/schema.org\",\"@graph\":[{\"@type\":\"Article\",\"@id\":\"https:\/\/portaltela.pt\/noticias\/2026\/02\/06\/como-ingmar-bergman-guia-a-passagem-de-valor-sentimental-a-joao-canijo\/#article\",\"isPartOf\":{\"@id\":\"https:\/\/portaltela.pt\/noticias\/2026\/02\/06\/como-ingmar-bergman-guia-a-passagem-de-valor-sentimental-a-joao-canijo\/\"},\"author\":{\"name\":\"Telinha\",\"@id\":\"https:\/\/portaltela.pt\/#\/schema\/person\/c4278d4a6028830caff9ee44b42d32ed\"},\"headline\":\"Como Ingmar Bergman guia a passagem de Valor Sentimental a Jo\u00e3o Canijo\",\"datePublished\":\"2026-02-06T12:15:00+00:00\",\"mainEntityOfPage\":{\"@id\":\"https:\/\/portaltela.pt\/noticias\/2026\/02\/06\/como-ingmar-bergman-guia-a-passagem-de-valor-sentimental-a-joao-canijo\/\"},\"wordCount\":401,\"image\":{\"@id\":\"https:\/\/portaltela.pt\/noticias\/2026\/02\/06\/como-ingmar-bergman-guia-a-passagem-de-valor-sentimental-a-joao-canijo\/#primaryimage\"},\"thumbnailUrl\":\"https:\/\/portaltela.pt\/s.01k8rhncp4jt1\/2026\/02\/2064524.jpg\",\"keywords\":[\"cinema\",\"cinema\/teatro\/concertos\",\"Europa\",\"Portugal\",\"Valor Sentimental\"],\"articleSection\":[\"Not\u00edcias\"],\"inLanguage\":\"pt-PT\"},{\"@type\":\"WebPage\",\"@id\":\"https:\/\/portaltela.pt\/noticias\/2026\/02\/06\/como-ingmar-bergman-guia-a-passagem-de-valor-sentimental-a-joao-canijo\/\",\"url\":\"https:\/\/portaltela.pt\/noticias\/2026\/02\/06\/como-ingmar-bergman-guia-a-passagem-de-valor-sentimental-a-joao-canijo\/\",\"name\":\"Como Ingmar Bergman guia a passagem de Valor Sentimental a Jo\u00e3o Canijo - Portal Tela Portugal\",\"isPartOf\":{\"@id\":\"https:\/\/portaltela.pt\/#website\"},\"primaryImageOfPage\":{\"@id\":\"https:\/\/portaltela.pt\/noticias\/2026\/02\/06\/como-ingmar-bergman-guia-a-passagem-de-valor-sentimental-a-joao-canijo\/#primaryimage\"},\"image\":{\"@id\":\"https:\/\/portaltela.pt\/noticias\/2026\/02\/06\/como-ingmar-bergman-guia-a-passagem-de-valor-sentimental-a-joao-canijo\/#primaryimage\"},\"thumbnailUrl\":\"https:\/\/portaltela.pt\/s.01k8rhncp4jt1\/2026\/02\/2064524.jpg\",\"datePublished\":\"2026-02-06T12:15:00+00:00\",\"author\":{\"@id\":\"https:\/\/portaltela.pt\/#\/schema\/person\/c4278d4a6028830caff9ee44b42d32ed\"},\"breadcrumb\":{\"@id\":\"https:\/\/portaltela.pt\/noticias\/2026\/02\/06\/como-ingmar-bergman-guia-a-passagem-de-valor-sentimental-a-joao-canijo\/#breadcrumb\"},\"inLanguage\":\"pt-PT\",\"potentialAction\":[{\"@type\":\"ReadAction\",\"target\":[\"https:\/\/portaltela.pt\/noticias\/2026\/02\/06\/como-ingmar-bergman-guia-a-passagem-de-valor-sentimental-a-joao-canijo\/\"]}]},{\"@type\":\"ImageObject\",\"inLanguage\":\"pt-PT\",\"@id\":\"https:\/\/portaltela.pt\/noticias\/2026\/02\/06\/como-ingmar-bergman-guia-a-passagem-de-valor-sentimental-a-joao-canijo\/#primaryimage\",\"url\":\"https:\/\/portaltela.pt\/s.01k8rhncp4jt1\/2026\/02\/2064524.jpg\",\"contentUrl\":\"https:\/\/portaltela.pt\/s.01k8rhncp4jt1\/2026\/02\/2064524.jpg\",\"width\":796,\"height\":448,\"caption\":\"Stellan Skarsgaard em *Valor Sentimental*\"},{\"@type\":\"BreadcrumbList\",\"@id\":\"https:\/\/portaltela.pt\/noticias\/2026\/02\/06\/como-ingmar-bergman-guia-a-passagem-de-valor-sentimental-a-joao-canijo\/#breadcrumb\",\"itemListElement\":[{\"@type\":\"ListItem\",\"position\":1,\"name\":\"In\u00edcio\",\"item\":\"https:\/\/portaltela.pt\/\"},{\"@type\":\"ListItem\",\"position\":2,\"name\":\"Como Ingmar Bergman guia a passagem de Valor Sentimental a Jo\u00e3o Canijo\"}]},{\"@type\":\"WebSite\",\"@id\":\"https:\/\/portaltela.pt\/#website\",\"url\":\"https:\/\/portaltela.pt\/\",\"name\":\"Portal Tela Portugal\",\"description\":\"\",\"potentialAction\":[{\"@type\":\"SearchAction\",\"target\":{\"@type\":\"EntryPoint\",\"urlTemplate\":\"https:\/\/portaltela.pt\/?s={search_term_string}\"},\"query-input\":{\"@type\":\"PropertyValueSpecification\",\"valueRequired\":true,\"valueName\":\"search_term_string\"}}],\"inLanguage\":\"pt-PT\"},{\"@type\":\"Person\",\"@id\":\"https:\/\/portaltela.pt\/#\/schema\/person\/c4278d4a6028830caff9ee44b42d32ed\",\"name\":\"Telinha\",\"image\":{\"@type\":\"ImageObject\",\"inLanguage\":\"pt-PT\",\"@id\":\"https:\/\/portaltela.pt\/s.01k8rhncp4jt1\/2025\/11\/talking-bot-125x125.png\",\"url\":\"https:\/\/portaltela.pt\/s.01k8rhncp4jt1\/2025\/11\/talking-bot-125x125.png\",\"contentUrl\":\"https:\/\/portaltela.pt\/s.01k8rhncp4jt1\/2025\/11\/talking-bot-125x125.png\",\"caption\":\"Telinha\"},\"sameAs\":[\"https:\/\/portaltela.pt\/\"],\"url\":\"https:\/\/portaltela.pt\/por\/367410592786\/\"}]}<\/script>\n<!-- \/ Yoast SEO plugin. -->","yoast_head_json":{"title":"Como Ingmar Bergman guia a passagem de Valor Sentimental a Jo\u00e3o Canijo - Portal Tela Portugal","robots":{"index":"index","follow":"follow","max-snippet":"max-snippet:-1","max-image-preview":"max-image-preview:large","max-video-preview":"max-video-preview:-1"},"og_locale":"pt_PT","og_type":"article","og_title":"Como Ingmar Bergman guia a passagem de Valor Sentimental a Jo\u00e3o Canijo - Portal Tela Portugal","og_description":"Valor Sentimental, de Joachin Trier, chegou \u00e0s salas portuguesas e \u00e9 destacado como o \u201cfilme europeu do ano\u201d; chega aos \u00d3scares com nove nomea\u00e7\u00f5es. O filme tem uma abordagem memorialista e reflexiva sobre o cinema, com grandes planos de rosto de Stellan Skarsg\u00e5rd, Renate Reinsve e Inga Ibsdotter Lilleaas. Trier diz que, quando algu\u00e9m diz que o filme lembra Bergman, \u00e9 um elogio; Bergman foi importante para Woody Allen, e a conversa menciona obras como Persona e Fanny e Alexander. Sonata de Outono, de Bergman, foi filme de cabeceira de Jo\u00e3o Canijo e inspirou o d\u00edptico Mal Viver\/Viver Mal; Canijo, cineasta portugu\u00eas, faleceu aos 68 anos na \u00faltima semana. A narrativa liga Bergman, Canijo e o cinema europeu contempor\u00e2neo, num epis\u00f3dio que pode ouvir no podcast No Escuro, com Alexandra Prado Coelho e Vasco C\u00e2mara.","og_url":"https:\/\/portaltela.pt\/noticias\/2026\/02\/06\/como-ingmar-bergman-guia-a-passagem-de-valor-sentimental-a-joao-canijo\/","og_site_name":"Portal Tela Portugal","article_published_time":"2026-02-06T12:15:00+00:00","author":"Telinha","twitter_card":"summary_large_image","twitter_misc":{"Escrito por":"Telinha","Tempo estimado de leitura":"2 minutos"},"schema":{"@context":"https:\/\/schema.org","@graph":[{"@type":"Article","@id":"https:\/\/portaltela.pt\/noticias\/2026\/02\/06\/como-ingmar-bergman-guia-a-passagem-de-valor-sentimental-a-joao-canijo\/#article","isPartOf":{"@id":"https:\/\/portaltela.pt\/noticias\/2026\/02\/06\/como-ingmar-bergman-guia-a-passagem-de-valor-sentimental-a-joao-canijo\/"},"author":{"name":"Telinha","@id":"https:\/\/portaltela.pt\/#\/schema\/person\/c4278d4a6028830caff9ee44b42d32ed"},"headline":"Como Ingmar Bergman guia a passagem de Valor Sentimental a Jo\u00e3o Canijo","datePublished":"2026-02-06T12:15:00+00:00","mainEntityOfPage":{"@id":"https:\/\/portaltela.pt\/noticias\/2026\/02\/06\/como-ingmar-bergman-guia-a-passagem-de-valor-sentimental-a-joao-canijo\/"},"wordCount":401,"image":{"@id":"https:\/\/portaltela.pt\/noticias\/2026\/02\/06\/como-ingmar-bergman-guia-a-passagem-de-valor-sentimental-a-joao-canijo\/#primaryimage"},"thumbnailUrl":"https:\/\/portaltela.pt\/s.01k8rhncp4jt1\/2026\/02\/2064524.jpg","keywords":["cinema","cinema\/teatro\/concertos","Europa","Portugal","Valor Sentimental"],"articleSection":["Not\u00edcias"],"inLanguage":"pt-PT"},{"@type":"WebPage","@id":"https:\/\/portaltela.pt\/noticias\/2026\/02\/06\/como-ingmar-bergman-guia-a-passagem-de-valor-sentimental-a-joao-canijo\/","url":"https:\/\/portaltela.pt\/noticias\/2026\/02\/06\/como-ingmar-bergman-guia-a-passagem-de-valor-sentimental-a-joao-canijo\/","name":"Como Ingmar Bergman guia a passagem de Valor Sentimental a Jo\u00e3o Canijo - Portal Tela Portugal","isPartOf":{"@id":"https:\/\/portaltela.pt\/#website"},"primaryImageOfPage":{"@id":"https:\/\/portaltela.pt\/noticias\/2026\/02\/06\/como-ingmar-bergman-guia-a-passagem-de-valor-sentimental-a-joao-canijo\/#primaryimage"},"image":{"@id":"https:\/\/portaltela.pt\/noticias\/2026\/02\/06\/como-ingmar-bergman-guia-a-passagem-de-valor-sentimental-a-joao-canijo\/#primaryimage"},"thumbnailUrl":"https:\/\/portaltela.pt\/s.01k8rhncp4jt1\/2026\/02\/2064524.jpg","datePublished":"2026-02-06T12:15:00+00:00","author":{"@id":"https:\/\/portaltela.pt\/#\/schema\/person\/c4278d4a6028830caff9ee44b42d32ed"},"breadcrumb":{"@id":"https:\/\/portaltela.pt\/noticias\/2026\/02\/06\/como-ingmar-bergman-guia-a-passagem-de-valor-sentimental-a-joao-canijo\/#breadcrumb"},"inLanguage":"pt-PT","potentialAction":[{"@type":"ReadAction","target":["https:\/\/portaltela.pt\/noticias\/2026\/02\/06\/como-ingmar-bergman-guia-a-passagem-de-valor-sentimental-a-joao-canijo\/"]}]},{"@type":"ImageObject","inLanguage":"pt-PT","@id":"https:\/\/portaltela.pt\/noticias\/2026\/02\/06\/como-ingmar-bergman-guia-a-passagem-de-valor-sentimental-a-joao-canijo\/#primaryimage","url":"https:\/\/portaltela.pt\/s.01k8rhncp4jt1\/2026\/02\/2064524.jpg","contentUrl":"https:\/\/portaltela.pt\/s.01k8rhncp4jt1\/2026\/02\/2064524.jpg","width":796,"height":448,"caption":"Stellan Skarsgaard em *Valor Sentimental*"},{"@type":"BreadcrumbList","@id":"https:\/\/portaltela.pt\/noticias\/2026\/02\/06\/como-ingmar-bergman-guia-a-passagem-de-valor-sentimental-a-joao-canijo\/#breadcrumb","itemListElement":[{"@type":"ListItem","position":1,"name":"In\u00edcio","item":"https:\/\/portaltela.pt\/"},{"@type":"ListItem","position":2,"name":"Como Ingmar Bergman guia a passagem de Valor Sentimental a Jo\u00e3o Canijo"}]},{"@type":"WebSite","@id":"https:\/\/portaltela.pt\/#website","url":"https:\/\/portaltela.pt\/","name":"Portal Tela Portugal","description":"","potentialAction":[{"@type":"SearchAction","target":{"@type":"EntryPoint","urlTemplate":"https:\/\/portaltela.pt\/?s={search_term_string}"},"query-input":{"@type":"PropertyValueSpecification","valueRequired":true,"valueName":"search_term_string"}}],"inLanguage":"pt-PT"},{"@type":"Person","@id":"https:\/\/portaltela.pt\/#\/schema\/person\/c4278d4a6028830caff9ee44b42d32ed","name":"Telinha","image":{"@type":"ImageObject","inLanguage":"pt-PT","@id":"https:\/\/portaltela.pt\/s.01k8rhncp4jt1\/2025\/11\/talking-bot-125x125.png","url":"https:\/\/portaltela.pt\/s.01k8rhncp4jt1\/2025\/11\/talking-bot-125x125.png","contentUrl":"https:\/\/portaltela.pt\/s.01k8rhncp4jt1\/2025\/11\/talking-bot-125x125.png","caption":"Telinha"},"sameAs":["https:\/\/portaltela.pt\/"],"url":"https:\/\/portaltela.pt\/por\/367410592786\/"}]}},"_links":{"self":[{"href":"https:\/\/portaltela.pt\/api\/wp\/v2\/posts\/201562","targetHints":{"allow":["GET"]}}],"collection":[{"href":"https:\/\/portaltela.pt\/api\/wp\/v2\/posts"}],"about":[{"href":"https:\/\/portaltela.pt\/api\/wp\/v2\/types\/post"}],"author":[{"embeddable":true,"href":"https:\/\/portaltela.pt\/api\/wp\/v2\/users\/2"}],"replies":[{"embeddable":true,"href":"https:\/\/portaltela.pt\/api\/wp\/v2\/comments?post=201562"}],"version-history":[{"count":0,"href":"https:\/\/portaltela.pt\/api\/wp\/v2\/posts\/201562\/revisions"}],"wp:featuredmedia":[{"embeddable":true,"href":"https:\/\/portaltela.pt\/api\/wp\/v2\/media\/201568"}],"wp:attachment":[{"href":"https:\/\/portaltela.pt\/api\/wp\/v2\/media?parent=201562"}],"wp:term":[{"taxonomy":"category","embeddable":true,"href":"https:\/\/portaltela.pt\/api\/wp\/v2\/categories?post=201562"},{"taxonomy":"post_tag","embeddable":true,"href":"https:\/\/portaltela.pt\/api\/wp\/v2\/tags?post=201562"}],"curies":[{"name":"wp","href":"https:\/\/api.w.org\/{rel}","templated":true}]}}