{"id":201529,"date":"2026-02-06T09:34:27","date_gmt":"2026-02-06T12:34:27","guid":{"rendered":"https:\/\/portaltela.pt\/noticias\/2026\/02\/06\/nelson-santos-assume-cargo-de-treinador-na-associacao-black-bulls-de-mocambique\/"},"modified":"2026-02-06T09:34:27","modified_gmt":"2026-02-06T12:34:27","slug":"nelson-santos-assume-cargo-de-treinador-na-associacao-black-bulls-de-mocambique","status":"publish","type":"post","link":"https:\/\/portaltela.pt\/desporto\/futebol\/2026\/02\/06\/nelson-santos-assume-cargo-de-treinador-na-associacao-black-bulls-de-mocambique\/","title":{"rendered":"N\u00e9lson Santos assume cargo de treinador na Associa\u00e7\u00e3o Black Bulls de Mo\u00e7ambique"},"content":{"rendered":"<p>O portugu\u00eas N\u00e9lson Santos \u00e9 o novo treinador principal da Associa\u00e7\u00e3o Black Bulls (ABB), atual campe\u00e3o mo\u00e7ambicano, anunciou o clube de Maputo nesta sexta-feira. Ele substitui H\u00e9lder Duarte no cargo.<\/p>\n<p>N\u00e9lson Santos, 41 anos, chega com um perfil de competi\u00e7\u00e3o e ambi\u00e7\u00e3o para a pr\u00f3xima \u00e9poca. O an\u00fancio surge ap\u00f3s a ABB terminar o Mo\u00e7ambola 2025 em 2\u00ba lugar, falhando a defesa do t\u00edtulo conquistado pelo Songo.<\/p>\n<p>O t\u00e9cnico tem grande parte da carreira em Portugal, com passagens por Belenenses, Mar\u00edtimo, B-SAD, Mafra e Tondela, onde foi treinador-adjunto principal na presente temporada.<\/p>\n<p>Ele j\u00e1 trabalhou no futebol mo\u00e7ambicano em diferentes clubes, incluindo Costa do Sol, Ferrovi\u00e1rios de Maputo e Ferrovi\u00e1rios de Nampula, conquistando a Ta\u00e7a de Mo\u00e7ambique em 2017 pelo Costa do Sol.<\/p>\n<p>Al\u00e9m de Portugal e Mo\u00e7ambique, Santos exerceu fun\u00e7\u00f5es no Sud\u00e3o, Egipto e Coreia do Sul, como treinador-adjunto, enriquecendo a sua experi\u00eancia internacional.<\/p>\n<p>A ABB, clube com nove anos de exist\u00eancia, venceu o Mo\u00e7ambola em 2021 e 2024 e a Ta\u00e7a de Mo\u00e7ambique em 2023. Em 2025, terminou em 2.\u00ba lugar, numa \u00e9poca marcada por ajustes de calend\u00e1rio e dificuldades financeiras.<\/p>\n<p>A \u00e9poca foi encerrada a 19 de dezembro de 2025, com o Songo confirmado campe\u00e3o devido a impossibilidades log\u00edsticas e financeiras de concluir a prova dentro do calend\u00e1rio.<\/p>\n<p>Na Ta\u00e7a de Mo\u00e7ambique de 2025, a ABB foi eliminada na final, perdendo nas grandes penalidades para a Uni\u00e3o Desportiva do Songo.<\/p>\n","protected":false},"excerpt":{"rendered":"<ul>\n<li>O portugu\u00eas N\u00e9lson Santos \u00e9 o novo treinador principal da Associa\u00e7\u00e3o Black Bulls, substituindo H\u00e9lder Duarte.<\/li>\n<li>Santos, de 41 anos, chega com um perfil competitivo e ambi\u00e7\u00e3o para a nova etapa, ap\u00f3s a ABB terminar o Mo\u00e7ambola 2025 no segundo lugar.<\/li>\n<li>O t\u00e9cnico tem experi\u00eancia em Portugal e Mo\u00e7ambique, j\u00e1 tendo treinado no Costa do Sol, Ferrovi\u00e1rios de Maputo e Nampula, entre outros.<\/li>\n<li>A ABB \u00e9 vice-campe\u00e3 mo\u00e7ambicana de 2024 e venceu a Ta\u00e7a de Mo\u00e7ambique em 2017, com hist\u00f3rico de t\u00edtulos nacionais no clube.<\/li>\n<li>O Mo\u00e7ambola de 2025 foi marcado por calendariza\u00e7\u00e3o inst\u00e1vel e d\u00edvidas, com o Songo a sagrar-se campe\u00e3o no final da \u00e9poca, numa liga que encerrou a 19 de dezembro de 2025.<\/li>\n<\/ul>\n","protected":false},"author":2,"featured_media":201534,"comment_status":"closed","ping_status":"closed","sticky":false,"template":"","format":"standard","meta":{"footnotes":""},"categories":[21,24],"tags":[1264,5561,152,32,1911],"class_list":["post-201529","post","type-post","status-publish","format-standard","has-post-thumbnail","hentry","category-desporto","category-futebol","tag-associacao-desportiva","tag-costa-do-sol","tag-desporto","tag-futebol","tag-mocambique"],"yoast_head":"<!-- This site is optimized with the Yoast SEO plugin v27.2 - https:\/\/yoast.com\/product\/yoast-seo-wordpress\/ -->\n<title>N\u00e9lson Santos assume cargo de treinador na Associa\u00e7\u00e3o Black Bulls de Mo\u00e7ambique - Portal Tela Portugal<\/title>\n<meta name=\"robots\" content=\"index, follow, max-snippet:-1, max-image-preview:large, max-video-preview:-1\" \/>\n<meta property=\"og:locale\" content=\"pt_PT\" \/>\n<meta property=\"og:type\" content=\"article\" \/>\n<meta property=\"og:title\" content=\"N\u00e9lson Santos assume cargo de treinador na Associa\u00e7\u00e3o Black Bulls de Mo\u00e7ambique - Portal Tela Portugal\" \/>\n<meta property=\"og:description\" content=\"O portugu\u00eas N\u00e9lson Santos \u00e9 o novo treinador principal da Associa\u00e7\u00e3o Black Bulls, substituindo H\u00e9lder Duarte. Santos, de 41 anos, chega com um perfil competitivo e ambi\u00e7\u00e3o para a nova etapa, ap\u00f3s a ABB terminar o Mo\u00e7ambola 2025 no segundo lugar. O t\u00e9cnico tem experi\u00eancia em Portugal e Mo\u00e7ambique, j\u00e1 tendo treinado no Costa do Sol, Ferrovi\u00e1rios de Maputo e Nampula, entre outros. A ABB \u00e9 vice-campe\u00e3 mo\u00e7ambicana de 2024 e venceu a Ta\u00e7a de Mo\u00e7ambique em 2017, com hist\u00f3rico de t\u00edtulos nacionais no clube. O Mo\u00e7ambola de 2025 foi marcado por calendariza\u00e7\u00e3o inst\u00e1vel e d\u00edvidas, com o Songo a sagrar-se campe\u00e3o no final da \u00e9poca, numa liga que encerrou a 19 de dezembro de 2025.\" \/>\n<meta property=\"og:url\" content=\"https:\/\/portaltela.pt\/noticias\/2026\/02\/06\/nelson-santos-assume-cargo-de-treinador-na-associacao-black-bulls-de-mocambique\/\" \/>\n<meta property=\"og:site_name\" content=\"Portal Tela Portugal\" \/>\n<meta property=\"article:published_time\" content=\"2026-02-06T12:34:27+00:00\" \/>\n<meta name=\"author\" content=\"Telinha\" \/>\n<meta name=\"twitter:card\" content=\"summary_large_image\" \/>\n<meta name=\"twitter:label1\" content=\"Escrito por\" \/>\n\t<meta name=\"twitter:data1\" content=\"Telinha\" \/>\n\t<meta name=\"twitter:label2\" content=\"Tempo estimado de leitura\" \/>\n\t<meta name=\"twitter:data2\" content=\"1 minuto\" \/>\n<script type=\"application\/ld+json\" class=\"yoast-schema-graph\">{\"@context\":\"https:\/\/schema.org\",\"@graph\":[{\"@type\":\"Article\",\"@id\":\"https:\/\/portaltela.pt\/noticias\/2026\/02\/06\/nelson-santos-assume-cargo-de-treinador-na-associacao-black-bulls-de-mocambique\/#article\",\"isPartOf\":{\"@id\":\"https:\/\/portaltela.pt\/noticias\/2026\/02\/06\/nelson-santos-assume-cargo-de-treinador-na-associacao-black-bulls-de-mocambique\/\"},\"author\":{\"name\":\"Telinha\",\"@id\":\"https:\/\/portaltela.pt\/#\/schema\/person\/c4278d4a6028830caff9ee44b42d32ed\"},\"headline\":\"N\u00e9lson Santos assume cargo de treinador na Associa\u00e7\u00e3o Black Bulls de Mo\u00e7ambique\",\"datePublished\":\"2026-02-06T12:34:27+00:00\",\"mainEntityOfPage\":{\"@id\":\"https:\/\/portaltela.pt\/noticias\/2026\/02\/06\/nelson-santos-assume-cargo-de-treinador-na-associacao-black-bulls-de-mocambique\/\"},\"wordCount\":272,\"image\":{\"@id\":\"https:\/\/portaltela.pt\/noticias\/2026\/02\/06\/nelson-santos-assume-cargo-de-treinador-na-associacao-black-bulls-de-mocambique\/#primaryimage\"},\"thumbnailUrl\":\"https:\/\/portaltela.pt\/s.01k8rhncp4jt1\/2026\/02\/img_920x518uu2015-11-20-22-57-00-1031723-im-639059780431521740.jpg\",\"keywords\":[\"associa\u00e7\u00e3o desportiva\",\"Costa do Sol\",\"desporto\",\"futebol\",\"Mo\u00e7ambique\"],\"articleSection\":[\"Desporto\",\"Futebol\"],\"inLanguage\":\"pt-PT\"},{\"@type\":\"WebPage\",\"@id\":\"https:\/\/portaltela.pt\/noticias\/2026\/02\/06\/nelson-santos-assume-cargo-de-treinador-na-associacao-black-bulls-de-mocambique\/\",\"url\":\"https:\/\/portaltela.pt\/noticias\/2026\/02\/06\/nelson-santos-assume-cargo-de-treinador-na-associacao-black-bulls-de-mocambique\/\",\"name\":\"N\u00e9lson Santos assume cargo de treinador na Associa\u00e7\u00e3o Black Bulls de Mo\u00e7ambique - Portal Tela Portugal\",\"isPartOf\":{\"@id\":\"https:\/\/portaltela.pt\/#website\"},\"primaryImageOfPage\":{\"@id\":\"https:\/\/portaltela.pt\/noticias\/2026\/02\/06\/nelson-santos-assume-cargo-de-treinador-na-associacao-black-bulls-de-mocambique\/#primaryimage\"},\"image\":{\"@id\":\"https:\/\/portaltela.pt\/noticias\/2026\/02\/06\/nelson-santos-assume-cargo-de-treinador-na-associacao-black-bulls-de-mocambique\/#primaryimage\"},\"thumbnailUrl\":\"https:\/\/portaltela.pt\/s.01k8rhncp4jt1\/2026\/02\/img_920x518uu2015-11-20-22-57-00-1031723-im-639059780431521740.jpg\",\"datePublished\":\"2026-02-06T12:34:27+00:00\",\"author\":{\"@id\":\"https:\/\/portaltela.pt\/#\/schema\/person\/c4278d4a6028830caff9ee44b42d32ed\"},\"breadcrumb\":{\"@id\":\"https:\/\/portaltela.pt\/noticias\/2026\/02\/06\/nelson-santos-assume-cargo-de-treinador-na-associacao-black-bulls-de-mocambique\/#breadcrumb\"},\"inLanguage\":\"pt-PT\",\"potentialAction\":[{\"@type\":\"ReadAction\",\"target\":[\"https:\/\/portaltela.pt\/noticias\/2026\/02\/06\/nelson-santos-assume-cargo-de-treinador-na-associacao-black-bulls-de-mocambique\/\"]}]},{\"@type\":\"ImageObject\",\"inLanguage\":\"pt-PT\",\"@id\":\"https:\/\/portaltela.pt\/noticias\/2026\/02\/06\/nelson-santos-assume-cargo-de-treinador-na-associacao-black-bulls-de-mocambique\/#primaryimage\",\"url\":\"https:\/\/portaltela.pt\/s.01k8rhncp4jt1\/2026\/02\/img_920x518uu2015-11-20-22-57-00-1031723-im-639059780431521740.jpg\",\"contentUrl\":\"https:\/\/portaltela.pt\/s.01k8rhncp4jt1\/2026\/02\/img_920x518uu2015-11-20-22-57-00-1031723-im-639059780431521740.jpg\",\"width\":796,\"height\":448,\"caption\":\"Nelson Santos j\u00e1 treinou o Costa do Sol\"},{\"@type\":\"BreadcrumbList\",\"@id\":\"https:\/\/portaltela.pt\/noticias\/2026\/02\/06\/nelson-santos-assume-cargo-de-treinador-na-associacao-black-bulls-de-mocambique\/#breadcrumb\",\"itemListElement\":[{\"@type\":\"ListItem\",\"position\":1,\"name\":\"In\u00edcio\",\"item\":\"https:\/\/portaltela.pt\/\"},{\"@type\":\"ListItem\",\"position\":2,\"name\":\"N\u00e9lson Santos assume cargo de treinador na Associa\u00e7\u00e3o Black Bulls de Mo\u00e7ambique\"}]},{\"@type\":\"WebSite\",\"@id\":\"https:\/\/portaltela.pt\/#website\",\"url\":\"https:\/\/portaltela.pt\/\",\"name\":\"Portal Tela Portugal\",\"description\":\"\",\"potentialAction\":[{\"@type\":\"SearchAction\",\"target\":{\"@type\":\"EntryPoint\",\"urlTemplate\":\"https:\/\/portaltela.pt\/?s={search_term_string}\"},\"query-input\":{\"@type\":\"PropertyValueSpecification\",\"valueRequired\":true,\"valueName\":\"search_term_string\"}}],\"inLanguage\":\"pt-PT\"},{\"@type\":\"Person\",\"@id\":\"https:\/\/portaltela.pt\/#\/schema\/person\/c4278d4a6028830caff9ee44b42d32ed\",\"name\":\"Telinha\",\"image\":{\"@type\":\"ImageObject\",\"inLanguage\":\"pt-PT\",\"@id\":\"https:\/\/portaltela.pt\/s.01k8rhncp4jt1\/2025\/11\/talking-bot-125x125.png\",\"url\":\"https:\/\/portaltela.pt\/s.01k8rhncp4jt1\/2025\/11\/talking-bot-125x125.png\",\"contentUrl\":\"https:\/\/portaltela.pt\/s.01k8rhncp4jt1\/2025\/11\/talking-bot-125x125.png\",\"caption\":\"Telinha\"},\"sameAs\":[\"https:\/\/portaltela.pt\/\"],\"url\":\"https:\/\/portaltela.pt\/por\/367410592786\/\"}]}<\/script>\n<!-- \/ Yoast SEO plugin. -->","yoast_head_json":{"title":"N\u00e9lson Santos assume cargo de treinador na Associa\u00e7\u00e3o Black Bulls de Mo\u00e7ambique - Portal Tela Portugal","robots":{"index":"index","follow":"follow","max-snippet":"max-snippet:-1","max-image-preview":"max-image-preview:large","max-video-preview":"max-video-preview:-1"},"og_locale":"pt_PT","og_type":"article","og_title":"N\u00e9lson Santos assume cargo de treinador na Associa\u00e7\u00e3o Black Bulls de Mo\u00e7ambique - Portal Tela Portugal","og_description":"O portugu\u00eas N\u00e9lson Santos \u00e9 o novo treinador principal da Associa\u00e7\u00e3o Black Bulls, substituindo H\u00e9lder Duarte. Santos, de 41 anos, chega com um perfil competitivo e ambi\u00e7\u00e3o para a nova etapa, ap\u00f3s a ABB terminar o Mo\u00e7ambola 2025 no segundo lugar. O t\u00e9cnico tem experi\u00eancia em Portugal e Mo\u00e7ambique, j\u00e1 tendo treinado no Costa do Sol, Ferrovi\u00e1rios de Maputo e Nampula, entre outros. A ABB \u00e9 vice-campe\u00e3 mo\u00e7ambicana de 2024 e venceu a Ta\u00e7a de Mo\u00e7ambique em 2017, com hist\u00f3rico de t\u00edtulos nacionais no clube. O Mo\u00e7ambola de 2025 foi marcado por calendariza\u00e7\u00e3o inst\u00e1vel e d\u00edvidas, com o Songo a sagrar-se campe\u00e3o no final da \u00e9poca, numa liga que encerrou a 19 de dezembro de 2025.","og_url":"https:\/\/portaltela.pt\/noticias\/2026\/02\/06\/nelson-santos-assume-cargo-de-treinador-na-associacao-black-bulls-de-mocambique\/","og_site_name":"Portal Tela Portugal","article_published_time":"2026-02-06T12:34:27+00:00","author":"Telinha","twitter_card":"summary_large_image","twitter_misc":{"Escrito por":"Telinha","Tempo estimado de leitura":"1 minuto"},"schema":{"@context":"https:\/\/schema.org","@graph":[{"@type":"Article","@id":"https:\/\/portaltela.pt\/noticias\/2026\/02\/06\/nelson-santos-assume-cargo-de-treinador-na-associacao-black-bulls-de-mocambique\/#article","isPartOf":{"@id":"https:\/\/portaltela.pt\/noticias\/2026\/02\/06\/nelson-santos-assume-cargo-de-treinador-na-associacao-black-bulls-de-mocambique\/"},"author":{"name":"Telinha","@id":"https:\/\/portaltela.pt\/#\/schema\/person\/c4278d4a6028830caff9ee44b42d32ed"},"headline":"N\u00e9lson Santos assume cargo de treinador na Associa\u00e7\u00e3o Black Bulls de Mo\u00e7ambique","datePublished":"2026-02-06T12:34:27+00:00","mainEntityOfPage":{"@id":"https:\/\/portaltela.pt\/noticias\/2026\/02\/06\/nelson-santos-assume-cargo-de-treinador-na-associacao-black-bulls-de-mocambique\/"},"wordCount":272,"image":{"@id":"https:\/\/portaltela.pt\/noticias\/2026\/02\/06\/nelson-santos-assume-cargo-de-treinador-na-associacao-black-bulls-de-mocambique\/#primaryimage"},"thumbnailUrl":"https:\/\/portaltela.pt\/s.01k8rhncp4jt1\/2026\/02\/img_920x518uu2015-11-20-22-57-00-1031723-im-639059780431521740.jpg","keywords":["associa\u00e7\u00e3o desportiva","Costa do Sol","desporto","futebol","Mo\u00e7ambique"],"articleSection":["Desporto","Futebol"],"inLanguage":"pt-PT"},{"@type":"WebPage","@id":"https:\/\/portaltela.pt\/noticias\/2026\/02\/06\/nelson-santos-assume-cargo-de-treinador-na-associacao-black-bulls-de-mocambique\/","url":"https:\/\/portaltela.pt\/noticias\/2026\/02\/06\/nelson-santos-assume-cargo-de-treinador-na-associacao-black-bulls-de-mocambique\/","name":"N\u00e9lson Santos assume cargo de treinador na Associa\u00e7\u00e3o Black Bulls de Mo\u00e7ambique - Portal Tela Portugal","isPartOf":{"@id":"https:\/\/portaltela.pt\/#website"},"primaryImageOfPage":{"@id":"https:\/\/portaltela.pt\/noticias\/2026\/02\/06\/nelson-santos-assume-cargo-de-treinador-na-associacao-black-bulls-de-mocambique\/#primaryimage"},"image":{"@id":"https:\/\/portaltela.pt\/noticias\/2026\/02\/06\/nelson-santos-assume-cargo-de-treinador-na-associacao-black-bulls-de-mocambique\/#primaryimage"},"thumbnailUrl":"https:\/\/portaltela.pt\/s.01k8rhncp4jt1\/2026\/02\/img_920x518uu2015-11-20-22-57-00-1031723-im-639059780431521740.jpg","datePublished":"2026-02-06T12:34:27+00:00","author":{"@id":"https:\/\/portaltela.pt\/#\/schema\/person\/c4278d4a6028830caff9ee44b42d32ed"},"breadcrumb":{"@id":"https:\/\/portaltela.pt\/noticias\/2026\/02\/06\/nelson-santos-assume-cargo-de-treinador-na-associacao-black-bulls-de-mocambique\/#breadcrumb"},"inLanguage":"pt-PT","potentialAction":[{"@type":"ReadAction","target":["https:\/\/portaltela.pt\/noticias\/2026\/02\/06\/nelson-santos-assume-cargo-de-treinador-na-associacao-black-bulls-de-mocambique\/"]}]},{"@type":"ImageObject","inLanguage":"pt-PT","@id":"https:\/\/portaltela.pt\/noticias\/2026\/02\/06\/nelson-santos-assume-cargo-de-treinador-na-associacao-black-bulls-de-mocambique\/#primaryimage","url":"https:\/\/portaltela.pt\/s.01k8rhncp4jt1\/2026\/02\/img_920x518uu2015-11-20-22-57-00-1031723-im-639059780431521740.jpg","contentUrl":"https:\/\/portaltela.pt\/s.01k8rhncp4jt1\/2026\/02\/img_920x518uu2015-11-20-22-57-00-1031723-im-639059780431521740.jpg","width":796,"height":448,"caption":"Nelson Santos j\u00e1 treinou o Costa do Sol"},{"@type":"BreadcrumbList","@id":"https:\/\/portaltela.pt\/noticias\/2026\/02\/06\/nelson-santos-assume-cargo-de-treinador-na-associacao-black-bulls-de-mocambique\/#breadcrumb","itemListElement":[{"@type":"ListItem","position":1,"name":"In\u00edcio","item":"https:\/\/portaltela.pt\/"},{"@type":"ListItem","position":2,"name":"N\u00e9lson Santos assume cargo de treinador na Associa\u00e7\u00e3o Black Bulls de Mo\u00e7ambique"}]},{"@type":"WebSite","@id":"https:\/\/portaltela.pt\/#website","url":"https:\/\/portaltela.pt\/","name":"Portal Tela Portugal","description":"","potentialAction":[{"@type":"SearchAction","target":{"@type":"EntryPoint","urlTemplate":"https:\/\/portaltela.pt\/?s={search_term_string}"},"query-input":{"@type":"PropertyValueSpecification","valueRequired":true,"valueName":"search_term_string"}}],"inLanguage":"pt-PT"},{"@type":"Person","@id":"https:\/\/portaltela.pt\/#\/schema\/person\/c4278d4a6028830caff9ee44b42d32ed","name":"Telinha","image":{"@type":"ImageObject","inLanguage":"pt-PT","@id":"https:\/\/portaltela.pt\/s.01k8rhncp4jt1\/2025\/11\/talking-bot-125x125.png","url":"https:\/\/portaltela.pt\/s.01k8rhncp4jt1\/2025\/11\/talking-bot-125x125.png","contentUrl":"https:\/\/portaltela.pt\/s.01k8rhncp4jt1\/2025\/11\/talking-bot-125x125.png","caption":"Telinha"},"sameAs":["https:\/\/portaltela.pt\/"],"url":"https:\/\/portaltela.pt\/por\/367410592786\/"}]}},"_links":{"self":[{"href":"https:\/\/portaltela.pt\/api\/wp\/v2\/posts\/201529","targetHints":{"allow":["GET"]}}],"collection":[{"href":"https:\/\/portaltela.pt\/api\/wp\/v2\/posts"}],"about":[{"href":"https:\/\/portaltela.pt\/api\/wp\/v2\/types\/post"}],"author":[{"embeddable":true,"href":"https:\/\/portaltela.pt\/api\/wp\/v2\/users\/2"}],"replies":[{"embeddable":true,"href":"https:\/\/portaltela.pt\/api\/wp\/v2\/comments?post=201529"}],"version-history":[{"count":0,"href":"https:\/\/portaltela.pt\/api\/wp\/v2\/posts\/201529\/revisions"}],"wp:featuredmedia":[{"embeddable":true,"href":"https:\/\/portaltela.pt\/api\/wp\/v2\/media\/201534"}],"wp:attachment":[{"href":"https:\/\/portaltela.pt\/api\/wp\/v2\/media?parent=201529"}],"wp:term":[{"taxonomy":"category","embeddable":true,"href":"https:\/\/portaltela.pt\/api\/wp\/v2\/categories?post=201529"},{"taxonomy":"post_tag","embeddable":true,"href":"https:\/\/portaltela.pt\/api\/wp\/v2\/tags?post=201529"}],"curies":[{"name":"wp","href":"https:\/\/api.w.org\/{rel}","templated":true}]}}