{"id":201519,"date":"2026-02-06T09:33:00","date_gmt":"2026-02-06T12:33:00","guid":{"rendered":"https:\/\/portaltela.pt\/noticias\/2026\/02\/06\/detido-suspeito-de-abusar-da-enteada-durante-o-confinamento\/"},"modified":"2026-02-06T09:33:00","modified_gmt":"2026-02-06T12:33:00","slug":"detido-suspeito-de-abusar-da-enteada-durante-o-confinamento","status":"publish","type":"post","link":"https:\/\/portaltela.pt\/noticias\/2026\/02\/06\/detido-suspeito-de-abusar-da-enteada-durante-o-confinamento\/","title":{"rendered":"Detido suspeito de abusar da enteada durante o confinamento"},"content":{"rendered":"<p>Um homem de 44 anos foi detido em Lisboa na quinta-feira pela Pol\u00edcia Judici\u00e1ria (PJ) por suspeita de crimes de viola\u00e7\u00e3o, abuso sexual de crian\u00e7a e abuso sexual de menor dependente, tendo como v\u00edtima a enteada. Ap\u00f3s o primeiro interrogat\u00f3rio judicial, ficou em pris\u00e3o preventiva.<\/p>\n<p>Segundo a PJ, os abusos come\u00e7aram durante o confinamento causado pela pandemia de covid-19, quando a v\u00edtima tinha 12 anos e se encontrava em situa\u00e7\u00e3o de vulnerabilidade. O suspeito mantinha rela\u00e7\u00e3o com a m\u00e3e da v\u00edtima desde 2016, e os crimes ter\u00e3o ocorrido ao longo de mais de cinco anos, tendo chegado a recorrer \u00e0 for\u00e7a f\u00edsica.<\/p>\n<p>A crian\u00e7a revelou o sucedido \u00e0 m\u00e3e, que denunciou os crimes \u00e0s autoridades. Foram desencadeadas dilig\u00eancias investigat\u00f3rias urgentes e a investiga\u00e7\u00e3o recolheu elementos de prova que indiciam fortemente o padrasto pelos crimes em investiga\u00e7\u00e3o.<\/p>\n<h3>Investiga\u00e7\u00e3o e medidas j\u00e1 aplicadas<\/h3>\n<p>A PJ informou que o suspeito foi apresentado a primeiro interrogat\u00f3rio judicial para aplica\u00e7\u00e3o de medidas de coa\u00e7\u00e3o, tendo a autoridade judicial decidido pela sua pris\u00e3o preventiva. A instru\u00e7\u00e3o continuar\u00e1 a decorrer para confirmar os factos e a extens\u00e3o dos abusos.<\/p>\n","protected":false},"excerpt":{"rendered":"<ul>\n<li>Um homem de 44 anos foi detido em Lisboa por suspeita de v\u00e1rios crimes de viola\u00e7\u00e3o, abuso sexual de crian\u00e7a e abuso sexual de menor dependente, sendo a v\u00edtima a enteada.<\/li>\n<li>Ap\u00f3s o primeiro interrogat\u00f3rio judicial, foi-lhe aplicada a medida de pris\u00e3o preventiva.<\/li>\n<li>Os abusos teriam come\u00e7ado durante o confinamento provocado pela pandemia de covid\u201119, quando a v\u00edtima tinha 12 anos e estava em situa\u00e7\u00e3o particularmente vulner\u00e1vel.<\/li>\n<li>Os crimes prolongaram-se por mais de cinco anos, chegando a envolver uso de for\u00e7a f\u00edsica para constranger a menor.<\/li>\n<li>A m\u00e3e da v\u00edtima denunciou os factos ap\u00f3s ficar a conhecer o que se passava; a Pol\u00edcia Judici\u00e1ria afirma ter recolhido provas que indicam fortemente o padrasto.<\/li>\n<\/ul>\n","protected":false},"author":2,"featured_media":201524,"comment_status":"closed","ping_status":"closed","sticky":false,"template":"","format":"standard","meta":{"footnotes":""},"categories":[1],"tags":[1455,199,3990,4139,4343,1825],"class_list":["post-201519","post","type-post","status-publish","format-standard","has-post-thumbnail","hentry","category-noticias","tag-abuso-de-menor-dependente","tag-abuso-sexual-de-menor-dependente-ou-em-situacao-vulneravel","tag-crimes-sexuais","tag-detencao","tag-prisoes","tag-violacao"],"yoast_head":"<!-- This site is optimized with the Yoast SEO plugin v27.2 - https:\/\/yoast.com\/product\/yoast-seo-wordpress\/ -->\n<title>Detido suspeito de abusar da enteada durante o confinamento - Portal Tela Portugal<\/title>\n<meta name=\"robots\" content=\"index, follow, max-snippet:-1, max-image-preview:large, max-video-preview:-1\" \/>\n<meta property=\"og:locale\" content=\"pt_PT\" \/>\n<meta property=\"og:type\" content=\"article\" \/>\n<meta property=\"og:title\" content=\"Detido suspeito de abusar da enteada durante o confinamento - Portal Tela Portugal\" \/>\n<meta property=\"og:description\" content=\"Um homem de 44 anos foi detido em Lisboa por suspeita de v\u00e1rios crimes de viola\u00e7\u00e3o, abuso sexual de crian\u00e7a e abuso sexual de menor dependente, sendo a v\u00edtima a enteada. Ap\u00f3s o primeiro interrogat\u00f3rio judicial, foi-lhe aplicada a medida de pris\u00e3o preventiva. Os abusos teriam come\u00e7ado durante o confinamento provocado pela pandemia de covid\u201119, quando a v\u00edtima tinha 12 anos e estava em situa\u00e7\u00e3o particularmente vulner\u00e1vel. Os crimes prolongaram-se por mais de cinco anos, chegando a envolver uso de for\u00e7a f\u00edsica para constranger a menor. A m\u00e3e da v\u00edtima denunciou os factos ap\u00f3s ficar a conhecer o que se passava; a Pol\u00edcia Judici\u00e1ria afirma ter recolhido provas que indicam fortemente o padrasto.\" \/>\n<meta property=\"og:url\" content=\"https:\/\/portaltela.pt\/noticias\/2026\/02\/06\/detido-suspeito-de-abusar-da-enteada-durante-o-confinamento\/\" \/>\n<meta property=\"og:site_name\" content=\"Portal Tela Portugal\" \/>\n<meta property=\"article:published_time\" content=\"2026-02-06T12:33:00+00:00\" \/>\n<meta name=\"author\" content=\"Telinha\" \/>\n<meta name=\"twitter:card\" content=\"summary_large_image\" \/>\n<meta name=\"twitter:label1\" content=\"Escrito por\" \/>\n\t<meta name=\"twitter:data1\" content=\"Telinha\" \/>\n\t<meta name=\"twitter:label2\" content=\"Tempo estimado de leitura\" \/>\n\t<meta name=\"twitter:data2\" content=\"1 minuto\" \/>\n<script type=\"application\/ld+json\" class=\"yoast-schema-graph\">{\"@context\":\"https:\/\/schema.org\",\"@graph\":[{\"@type\":\"Article\",\"@id\":\"https:\/\/portaltela.pt\/noticias\/2026\/02\/06\/detido-suspeito-de-abusar-da-enteada-durante-o-confinamento\/#article\",\"isPartOf\":{\"@id\":\"https:\/\/portaltela.pt\/noticias\/2026\/02\/06\/detido-suspeito-de-abusar-da-enteada-durante-o-confinamento\/\"},\"author\":{\"name\":\"Telinha\",\"@id\":\"https:\/\/portaltela.pt\/#\/schema\/person\/c4278d4a6028830caff9ee44b42d32ed\"},\"headline\":\"Detido suspeito de abusar da enteada durante o confinamento\",\"datePublished\":\"2026-02-06T12:33:00+00:00\",\"mainEntityOfPage\":{\"@id\":\"https:\/\/portaltela.pt\/noticias\/2026\/02\/06\/detido-suspeito-de-abusar-da-enteada-durante-o-confinamento\/\"},\"wordCount\":216,\"image\":{\"@id\":\"https:\/\/portaltela.pt\/noticias\/2026\/02\/06\/detido-suspeito-de-abusar-da-enteada-durante-o-confinamento\/#primaryimage\"},\"thumbnailUrl\":\"https:\/\/portaltela.pt\/s.01k8rhncp4jt1\/2026\/02\/image-469.jpg\",\"keywords\":[\"abuso de menor dependente\",\"abuso sexual de menor dependente ou em situa\u00e7\u00e3o vulner\u00e1vel\",\"crimes sexuais\",\"deten\u00e7\u00e3o\",\"pris\u00f5es\",\"viola\u00e7\u00e3o\"],\"articleSection\":[\"Not\u00edcias\"],\"inLanguage\":\"pt-PT\"},{\"@type\":\"WebPage\",\"@id\":\"https:\/\/portaltela.pt\/noticias\/2026\/02\/06\/detido-suspeito-de-abusar-da-enteada-durante-o-confinamento\/\",\"url\":\"https:\/\/portaltela.pt\/noticias\/2026\/02\/06\/detido-suspeito-de-abusar-da-enteada-durante-o-confinamento\/\",\"name\":\"Detido suspeito de abusar da enteada durante o confinamento - Portal Tela Portugal\",\"isPartOf\":{\"@id\":\"https:\/\/portaltela.pt\/#website\"},\"primaryImageOfPage\":{\"@id\":\"https:\/\/portaltela.pt\/noticias\/2026\/02\/06\/detido-suspeito-de-abusar-da-enteada-durante-o-confinamento\/#primaryimage\"},\"image\":{\"@id\":\"https:\/\/portaltela.pt\/noticias\/2026\/02\/06\/detido-suspeito-de-abusar-da-enteada-durante-o-confinamento\/#primaryimage\"},\"thumbnailUrl\":\"https:\/\/portaltela.pt\/s.01k8rhncp4jt1\/2026\/02\/image-469.jpg\",\"datePublished\":\"2026-02-06T12:33:00+00:00\",\"author\":{\"@id\":\"https:\/\/portaltela.pt\/#\/schema\/person\/c4278d4a6028830caff9ee44b42d32ed\"},\"breadcrumb\":{\"@id\":\"https:\/\/portaltela.pt\/noticias\/2026\/02\/06\/detido-suspeito-de-abusar-da-enteada-durante-o-confinamento\/#breadcrumb\"},\"inLanguage\":\"pt-PT\",\"potentialAction\":[{\"@type\":\"ReadAction\",\"target\":[\"https:\/\/portaltela.pt\/noticias\/2026\/02\/06\/detido-suspeito-de-abusar-da-enteada-durante-o-confinamento\/\"]}]},{\"@type\":\"ImageObject\",\"inLanguage\":\"pt-PT\",\"@id\":\"https:\/\/portaltela.pt\/noticias\/2026\/02\/06\/detido-suspeito-de-abusar-da-enteada-durante-o-confinamento\/#primaryimage\",\"url\":\"https:\/\/portaltela.pt\/s.01k8rhncp4jt1\/2026\/02\/image-469.jpg\",\"contentUrl\":\"https:\/\/portaltela.pt\/s.01k8rhncp4jt1\/2026\/02\/image-469.jpg\",\"width\":796,\"height\":448,\"caption\":\"Pol\u00edcia Judici\u00e1ria p\u00f4s fim a anos de abusos\"},{\"@type\":\"BreadcrumbList\",\"@id\":\"https:\/\/portaltela.pt\/noticias\/2026\/02\/06\/detido-suspeito-de-abusar-da-enteada-durante-o-confinamento\/#breadcrumb\",\"itemListElement\":[{\"@type\":\"ListItem\",\"position\":1,\"name\":\"In\u00edcio\",\"item\":\"https:\/\/portaltela.pt\/\"},{\"@type\":\"ListItem\",\"position\":2,\"name\":\"Detido suspeito de abusar da enteada durante o confinamento\"}]},{\"@type\":\"WebSite\",\"@id\":\"https:\/\/portaltela.pt\/#website\",\"url\":\"https:\/\/portaltela.pt\/\",\"name\":\"Portal Tela Portugal\",\"description\":\"\",\"potentialAction\":[{\"@type\":\"SearchAction\",\"target\":{\"@type\":\"EntryPoint\",\"urlTemplate\":\"https:\/\/portaltela.pt\/?s={search_term_string}\"},\"query-input\":{\"@type\":\"PropertyValueSpecification\",\"valueRequired\":true,\"valueName\":\"search_term_string\"}}],\"inLanguage\":\"pt-PT\"},{\"@type\":\"Person\",\"@id\":\"https:\/\/portaltela.pt\/#\/schema\/person\/c4278d4a6028830caff9ee44b42d32ed\",\"name\":\"Telinha\",\"image\":{\"@type\":\"ImageObject\",\"inLanguage\":\"pt-PT\",\"@id\":\"https:\/\/portaltela.pt\/s.01k8rhncp4jt1\/2025\/11\/talking-bot-125x125.png\",\"url\":\"https:\/\/portaltela.pt\/s.01k8rhncp4jt1\/2025\/11\/talking-bot-125x125.png\",\"contentUrl\":\"https:\/\/portaltela.pt\/s.01k8rhncp4jt1\/2025\/11\/talking-bot-125x125.png\",\"caption\":\"Telinha\"},\"sameAs\":[\"https:\/\/portaltela.pt\/\"],\"url\":\"https:\/\/portaltela.pt\/por\/367410592786\/\"}]}<\/script>\n<!-- \/ Yoast SEO plugin. -->","yoast_head_json":{"title":"Detido suspeito de abusar da enteada durante o confinamento - Portal Tela Portugal","robots":{"index":"index","follow":"follow","max-snippet":"max-snippet:-1","max-image-preview":"max-image-preview:large","max-video-preview":"max-video-preview:-1"},"og_locale":"pt_PT","og_type":"article","og_title":"Detido suspeito de abusar da enteada durante o confinamento - Portal Tela Portugal","og_description":"Um homem de 44 anos foi detido em Lisboa por suspeita de v\u00e1rios crimes de viola\u00e7\u00e3o, abuso sexual de crian\u00e7a e abuso sexual de menor dependente, sendo a v\u00edtima a enteada. Ap\u00f3s o primeiro interrogat\u00f3rio judicial, foi-lhe aplicada a medida de pris\u00e3o preventiva. Os abusos teriam come\u00e7ado durante o confinamento provocado pela pandemia de covid\u201119, quando a v\u00edtima tinha 12 anos e estava em situa\u00e7\u00e3o particularmente vulner\u00e1vel. Os crimes prolongaram-se por mais de cinco anos, chegando a envolver uso de for\u00e7a f\u00edsica para constranger a menor. A m\u00e3e da v\u00edtima denunciou os factos ap\u00f3s ficar a conhecer o que se passava; a Pol\u00edcia Judici\u00e1ria afirma ter recolhido provas que indicam fortemente o padrasto.","og_url":"https:\/\/portaltela.pt\/noticias\/2026\/02\/06\/detido-suspeito-de-abusar-da-enteada-durante-o-confinamento\/","og_site_name":"Portal Tela Portugal","article_published_time":"2026-02-06T12:33:00+00:00","author":"Telinha","twitter_card":"summary_large_image","twitter_misc":{"Escrito por":"Telinha","Tempo estimado de leitura":"1 minuto"},"schema":{"@context":"https:\/\/schema.org","@graph":[{"@type":"Article","@id":"https:\/\/portaltela.pt\/noticias\/2026\/02\/06\/detido-suspeito-de-abusar-da-enteada-durante-o-confinamento\/#article","isPartOf":{"@id":"https:\/\/portaltela.pt\/noticias\/2026\/02\/06\/detido-suspeito-de-abusar-da-enteada-durante-o-confinamento\/"},"author":{"name":"Telinha","@id":"https:\/\/portaltela.pt\/#\/schema\/person\/c4278d4a6028830caff9ee44b42d32ed"},"headline":"Detido suspeito de abusar da enteada durante o confinamento","datePublished":"2026-02-06T12:33:00+00:00","mainEntityOfPage":{"@id":"https:\/\/portaltela.pt\/noticias\/2026\/02\/06\/detido-suspeito-de-abusar-da-enteada-durante-o-confinamento\/"},"wordCount":216,"image":{"@id":"https:\/\/portaltela.pt\/noticias\/2026\/02\/06\/detido-suspeito-de-abusar-da-enteada-durante-o-confinamento\/#primaryimage"},"thumbnailUrl":"https:\/\/portaltela.pt\/s.01k8rhncp4jt1\/2026\/02\/image-469.jpg","keywords":["abuso de menor dependente","abuso sexual de menor dependente ou em situa\u00e7\u00e3o vulner\u00e1vel","crimes sexuais","deten\u00e7\u00e3o","pris\u00f5es","viola\u00e7\u00e3o"],"articleSection":["Not\u00edcias"],"inLanguage":"pt-PT"},{"@type":"WebPage","@id":"https:\/\/portaltela.pt\/noticias\/2026\/02\/06\/detido-suspeito-de-abusar-da-enteada-durante-o-confinamento\/","url":"https:\/\/portaltela.pt\/noticias\/2026\/02\/06\/detido-suspeito-de-abusar-da-enteada-durante-o-confinamento\/","name":"Detido suspeito de abusar da enteada durante o confinamento - Portal Tela Portugal","isPartOf":{"@id":"https:\/\/portaltela.pt\/#website"},"primaryImageOfPage":{"@id":"https:\/\/portaltela.pt\/noticias\/2026\/02\/06\/detido-suspeito-de-abusar-da-enteada-durante-o-confinamento\/#primaryimage"},"image":{"@id":"https:\/\/portaltela.pt\/noticias\/2026\/02\/06\/detido-suspeito-de-abusar-da-enteada-durante-o-confinamento\/#primaryimage"},"thumbnailUrl":"https:\/\/portaltela.pt\/s.01k8rhncp4jt1\/2026\/02\/image-469.jpg","datePublished":"2026-02-06T12:33:00+00:00","author":{"@id":"https:\/\/portaltela.pt\/#\/schema\/person\/c4278d4a6028830caff9ee44b42d32ed"},"breadcrumb":{"@id":"https:\/\/portaltela.pt\/noticias\/2026\/02\/06\/detido-suspeito-de-abusar-da-enteada-durante-o-confinamento\/#breadcrumb"},"inLanguage":"pt-PT","potentialAction":[{"@type":"ReadAction","target":["https:\/\/portaltela.pt\/noticias\/2026\/02\/06\/detido-suspeito-de-abusar-da-enteada-durante-o-confinamento\/"]}]},{"@type":"ImageObject","inLanguage":"pt-PT","@id":"https:\/\/portaltela.pt\/noticias\/2026\/02\/06\/detido-suspeito-de-abusar-da-enteada-durante-o-confinamento\/#primaryimage","url":"https:\/\/portaltela.pt\/s.01k8rhncp4jt1\/2026\/02\/image-469.jpg","contentUrl":"https:\/\/portaltela.pt\/s.01k8rhncp4jt1\/2026\/02\/image-469.jpg","width":796,"height":448,"caption":"Pol\u00edcia Judici\u00e1ria p\u00f4s fim a anos de abusos"},{"@type":"BreadcrumbList","@id":"https:\/\/portaltela.pt\/noticias\/2026\/02\/06\/detido-suspeito-de-abusar-da-enteada-durante-o-confinamento\/#breadcrumb","itemListElement":[{"@type":"ListItem","position":1,"name":"In\u00edcio","item":"https:\/\/portaltela.pt\/"},{"@type":"ListItem","position":2,"name":"Detido suspeito de abusar da enteada durante o confinamento"}]},{"@type":"WebSite","@id":"https:\/\/portaltela.pt\/#website","url":"https:\/\/portaltela.pt\/","name":"Portal Tela Portugal","description":"","potentialAction":[{"@type":"SearchAction","target":{"@type":"EntryPoint","urlTemplate":"https:\/\/portaltela.pt\/?s={search_term_string}"},"query-input":{"@type":"PropertyValueSpecification","valueRequired":true,"valueName":"search_term_string"}}],"inLanguage":"pt-PT"},{"@type":"Person","@id":"https:\/\/portaltela.pt\/#\/schema\/person\/c4278d4a6028830caff9ee44b42d32ed","name":"Telinha","image":{"@type":"ImageObject","inLanguage":"pt-PT","@id":"https:\/\/portaltela.pt\/s.01k8rhncp4jt1\/2025\/11\/talking-bot-125x125.png","url":"https:\/\/portaltela.pt\/s.01k8rhncp4jt1\/2025\/11\/talking-bot-125x125.png","contentUrl":"https:\/\/portaltela.pt\/s.01k8rhncp4jt1\/2025\/11\/talking-bot-125x125.png","caption":"Telinha"},"sameAs":["https:\/\/portaltela.pt\/"],"url":"https:\/\/portaltela.pt\/por\/367410592786\/"}]}},"_links":{"self":[{"href":"https:\/\/portaltela.pt\/api\/wp\/v2\/posts\/201519","targetHints":{"allow":["GET"]}}],"collection":[{"href":"https:\/\/portaltela.pt\/api\/wp\/v2\/posts"}],"about":[{"href":"https:\/\/portaltela.pt\/api\/wp\/v2\/types\/post"}],"author":[{"embeddable":true,"href":"https:\/\/portaltela.pt\/api\/wp\/v2\/users\/2"}],"replies":[{"embeddable":true,"href":"https:\/\/portaltela.pt\/api\/wp\/v2\/comments?post=201519"}],"version-history":[{"count":0,"href":"https:\/\/portaltela.pt\/api\/wp\/v2\/posts\/201519\/revisions"}],"wp:featuredmedia":[{"embeddable":true,"href":"https:\/\/portaltela.pt\/api\/wp\/v2\/media\/201524"}],"wp:attachment":[{"href":"https:\/\/portaltela.pt\/api\/wp\/v2\/media?parent=201519"}],"wp:term":[{"taxonomy":"category","embeddable":true,"href":"https:\/\/portaltela.pt\/api\/wp\/v2\/categories?post=201519"},{"taxonomy":"post_tag","embeddable":true,"href":"https:\/\/portaltela.pt\/api\/wp\/v2\/tags?post=201519"}],"curies":[{"name":"wp","href":"https:\/\/api.w.org\/{rel}","templated":true}]}}