{"id":201456,"date":"2026-02-06T08:34:00","date_gmt":"2026-02-06T11:34:00","guid":{"rendered":"https:\/\/portaltela.pt\/noticias\/2026\/02\/06\/mais-de-26-mil-eleitores-so-poderao-votar-nas-presidenciais-a-15-de-fevereiro\/"},"modified":"2026-02-06T08:34:00","modified_gmt":"2026-02-06T11:34:00","slug":"mais-de-26-mil-eleitores-so-poderao-votar-nas-presidenciais-a-15-de-fevereiro","status":"publish","type":"post","link":"https:\/\/portaltela.pt\/noticias\/politica\/2026\/02\/06\/mais-de-26-mil-eleitores-so-poderao-votar-nas-presidenciais-a-15-de-fevereiro\/","title":{"rendered":"Mais de 26 mil eleitores s\u00f3 poder\u00e3o votar nas presidenciais a 15 de Fevereiro"},"content":{"rendered":"<p>Mais de 26 mil eleitores inscritos poder\u00e3o votar apenas na segunda volta das presidenciais, no dia 15 de Fevereiro, devido ao adiamento decidido por tr\u00eas autarquias. Alc\u00e1cer do Sal, Arruda dos Vinhos e Goleg\u00e3 comunicaram \u00e0 Comiss\u00e3o Nacional de Elei\u00e7\u00f5es (CNE) a indisponibilidade de realizar o ato eleitoral na data inicialmente prevista.<\/p>\n<p>A decis\u00e3o foi confirmada pelo porta-voz da CNE, Andr\u00e9 Wemans, \u00e0s 10h de hoje. Ainda n\u00e3o est\u00e1 claro se o adiamento abranger\u00e1 todas as assembleias de voto destes concelhos ou apenas as mais afetadas pela calamidade.<\/p>\n<h3>Munic\u00edpios afetados e n\u00fameros<\/h3>\n<p>Alc\u00e1cer do Sal, Arruda dos Vinhos e Goleg\u00e3 t\u00eam juntos 26.678 eleitores afetados, repartidos por 9.796, 12.162 e 4.720 eleitores respetivamente. Em conjunto, correspondem a 14,4% do eleitorado total abrangido pela calamidade em 68 munic\u00edpios do pa\u00eds.<\/p>\n<p>Alguns eleitores j\u00e1 podem ter votado antecipadamente em mobilidade, mas n\u00e3o h\u00e1 dados dispon\u00edveis sobre quantos. O Minist\u00e9rio da Administra\u00e7\u00e3o Interna n\u00e3o divulgou esse apuramento at\u00e9 ao momento.<\/p>\n<p>As assembleias de voto dos concelhos podem tamb\u00e9m pedir o adiamento no pr\u00f3prio dia de elei\u00e7\u00f5es, o que pode aumentar o n\u00famero total de eleitores votando no dia 15 de Fevereiro.<\/p>\n","protected":false},"excerpt":{"rendered":"<ul>\n<li>Existem 26.678 eleitores inscritos que s\u00f3 poder\u00e3o votar na segunda volta das presidenciais a 15 de Fevereiro, ap\u00f3s tr\u00eas concelhos optarem pelo adiamento.<\/li>\n<li>Alc\u00e1cer do Sal, Arruda dos Vinhos e Goleg\u00e3 comunicaram \u00e0 Comiss\u00e3o Nacional de Elei\u00e7\u00f5es o adiamento devido \u00e0 calamidade; \u00e0s 10h de sexta-feira eram as \u00fanicas autarquias que j\u00e1 tinham feito a comunica\u00e7\u00e3o.<\/li>\n<li>N\u00e3o est\u00e1 ainda claro se o adiamento abrange todas as assembleias de voto desses concelhos ou apenas as mais afetadas pela calamidade.<\/li>\n<li>Na \u00e1rea afetada pela calamidade est\u00e3o inscritos 1.589.165 eleitores, o que corresponde a 14,4 por cento do eleitorado nacional; entre os 26.678 adiados, alguns j\u00e1 poder\u00e3o ter votado antecipadamente, mas n\u00e3o h\u00e1 dados dispon\u00edveis.<\/li>\n<li>O n\u00famero de eleitores que pode ser afetado pode aumentar, pois as assembleias de voto podem pedir o adiamento no pr\u00f3prio dia de elei\u00e7\u00f5es; em Pombal, a decis\u00e3o final foi tomada pelo presidente da C\u00e2mara ap\u00f3s ouvir opini\u00f5es locais.<\/li>\n<\/ul>\n","protected":false},"author":2,"featured_media":201460,"comment_status":"closed","ping_status":"closed","sticky":false,"template":"","format":"standard","meta":{"footnotes":""},"categories":[1,5],"tags":[1998,4770,2706,4687,68,4330],"class_list":["post-201456","post","type-post","status-publish","format-standard","has-post-thumbnail","hentry","category-noticias","category-politica","tag-alcacer-do-sal","tag-arruda-dos-vinhos","tag-autarquias","tag-calamidade-publica","tag-eleicoes","tag-golega"],"yoast_head":"<!-- This site is optimized with the Yoast SEO plugin v27.2 - https:\/\/yoast.com\/product\/yoast-seo-wordpress\/ -->\n<title>Mais de 26 mil eleitores s\u00f3 poder\u00e3o votar nas presidenciais a 15 de Fevereiro - Portal Tela Portugal<\/title>\n<meta name=\"robots\" content=\"index, follow, max-snippet:-1, max-image-preview:large, max-video-preview:-1\" \/>\n<meta property=\"og:locale\" content=\"pt_PT\" \/>\n<meta property=\"og:type\" content=\"article\" \/>\n<meta property=\"og:title\" content=\"Mais de 26 mil eleitores s\u00f3 poder\u00e3o votar nas presidenciais a 15 de Fevereiro - Portal Tela Portugal\" \/>\n<meta property=\"og:description\" content=\"Existem 26.678 eleitores inscritos que s\u00f3 poder\u00e3o votar na segunda volta das presidenciais a 15 de Fevereiro, ap\u00f3s tr\u00eas concelhos optarem pelo adiamento. Alc\u00e1cer do Sal, Arruda dos Vinhos e Goleg\u00e3 comunicaram \u00e0 Comiss\u00e3o Nacional de Elei\u00e7\u00f5es o adiamento devido \u00e0 calamidade; \u00e0s 10h de sexta-feira eram as \u00fanicas autarquias que j\u00e1 tinham feito a comunica\u00e7\u00e3o. N\u00e3o est\u00e1 ainda claro se o adiamento abrange todas as assembleias de voto desses concelhos ou apenas as mais afetadas pela calamidade. Na \u00e1rea afetada pela calamidade est\u00e3o inscritos 1.589.165 eleitores, o que corresponde a 14,4 por cento do eleitorado nacional; entre os 26.678 adiados, alguns j\u00e1 poder\u00e3o ter votado antecipadamente, mas n\u00e3o h\u00e1 dados dispon\u00edveis. O n\u00famero de eleitores que pode ser afetado pode aumentar, pois as assembleias de voto podem pedir o adiamento no pr\u00f3prio dia de elei\u00e7\u00f5es; em Pombal, a decis\u00e3o final foi tomada pelo presidente da C\u00e2mara ap\u00f3s ouvir opini\u00f5es locais.\" \/>\n<meta property=\"og:url\" content=\"https:\/\/portaltela.pt\/noticias\/2026\/02\/06\/mais-de-26-mil-eleitores-so-poderao-votar-nas-presidenciais-a-15-de-fevereiro\/\" \/>\n<meta property=\"og:site_name\" content=\"Portal Tela Portugal\" \/>\n<meta property=\"article:published_time\" content=\"2026-02-06T11:34:00+00:00\" \/>\n<meta name=\"author\" content=\"Telinha\" \/>\n<meta name=\"twitter:card\" content=\"summary_large_image\" \/>\n<meta name=\"twitter:label1\" content=\"Escrito por\" \/>\n\t<meta name=\"twitter:data1\" content=\"Telinha\" \/>\n\t<meta name=\"twitter:label2\" content=\"Tempo estimado de leitura\" \/>\n\t<meta name=\"twitter:data2\" content=\"1 minuto\" \/>\n<script type=\"application\/ld+json\" class=\"yoast-schema-graph\">{\"@context\":\"https:\/\/schema.org\",\"@graph\":[{\"@type\":\"Article\",\"@id\":\"https:\/\/portaltela.pt\/noticias\/2026\/02\/06\/mais-de-26-mil-eleitores-so-poderao-votar-nas-presidenciais-a-15-de-fevereiro\/#article\",\"isPartOf\":{\"@id\":\"https:\/\/portaltela.pt\/noticias\/2026\/02\/06\/mais-de-26-mil-eleitores-so-poderao-votar-nas-presidenciais-a-15-de-fevereiro\/\"},\"author\":{\"name\":\"Telinha\",\"@id\":\"https:\/\/portaltela.pt\/#\/schema\/person\/c4278d4a6028830caff9ee44b42d32ed\"},\"headline\":\"Mais de 26 mil eleitores s\u00f3 poder\u00e3o votar nas presidenciais a 15 de Fevereiro\",\"datePublished\":\"2026-02-06T11:34:00+00:00\",\"mainEntityOfPage\":{\"@id\":\"https:\/\/portaltela.pt\/noticias\/2026\/02\/06\/mais-de-26-mil-eleitores-so-poderao-votar-nas-presidenciais-a-15-de-fevereiro\/\"},\"wordCount\":213,\"image\":{\"@id\":\"https:\/\/portaltela.pt\/noticias\/2026\/02\/06\/mais-de-26-mil-eleitores-so-poderao-votar-nas-presidenciais-a-15-de-fevereiro\/#primaryimage\"},\"thumbnailUrl\":\"https:\/\/portaltela.pt\/s.01k8rhncp4jt1\/2026\/02\/2065001.jpg\",\"keywords\":[\"Alc\u00e1cer do Sal\",\"Arruda dos Vinhos\",\"autarquias\",\"calamidade p\u00fablica\",\"elei\u00e7\u00f5es\",\"Goleg\u00e3\"],\"articleSection\":[\"Not\u00edcias\",\"Pol\u00edtica\"],\"inLanguage\":\"pt-PT\"},{\"@type\":\"WebPage\",\"@id\":\"https:\/\/portaltela.pt\/noticias\/2026\/02\/06\/mais-de-26-mil-eleitores-so-poderao-votar-nas-presidenciais-a-15-de-fevereiro\/\",\"url\":\"https:\/\/portaltela.pt\/noticias\/2026\/02\/06\/mais-de-26-mil-eleitores-so-poderao-votar-nas-presidenciais-a-15-de-fevereiro\/\",\"name\":\"Mais de 26 mil eleitores s\u00f3 poder\u00e3o votar nas presidenciais a 15 de Fevereiro - Portal Tela Portugal\",\"isPartOf\":{\"@id\":\"https:\/\/portaltela.pt\/#website\"},\"primaryImageOfPage\":{\"@id\":\"https:\/\/portaltela.pt\/noticias\/2026\/02\/06\/mais-de-26-mil-eleitores-so-poderao-votar-nas-presidenciais-a-15-de-fevereiro\/#primaryimage\"},\"image\":{\"@id\":\"https:\/\/portaltela.pt\/noticias\/2026\/02\/06\/mais-de-26-mil-eleitores-so-poderao-votar-nas-presidenciais-a-15-de-fevereiro\/#primaryimage\"},\"thumbnailUrl\":\"https:\/\/portaltela.pt\/s.01k8rhncp4jt1\/2026\/02\/2065001.jpg\",\"datePublished\":\"2026-02-06T11:34:00+00:00\",\"author\":{\"@id\":\"https:\/\/portaltela.pt\/#\/schema\/person\/c4278d4a6028830caff9ee44b42d32ed\"},\"breadcrumb\":{\"@id\":\"https:\/\/portaltela.pt\/noticias\/2026\/02\/06\/mais-de-26-mil-eleitores-so-poderao-votar-nas-presidenciais-a-15-de-fevereiro\/#breadcrumb\"},\"inLanguage\":\"pt-PT\",\"potentialAction\":[{\"@type\":\"ReadAction\",\"target\":[\"https:\/\/portaltela.pt\/noticias\/2026\/02\/06\/mais-de-26-mil-eleitores-so-poderao-votar-nas-presidenciais-a-15-de-fevereiro\/\"]}]},{\"@type\":\"ImageObject\",\"inLanguage\":\"pt-PT\",\"@id\":\"https:\/\/portaltela.pt\/noticias\/2026\/02\/06\/mais-de-26-mil-eleitores-so-poderao-votar-nas-presidenciais-a-15-de-fevereiro\/#primaryimage\",\"url\":\"https:\/\/portaltela.pt\/s.01k8rhncp4jt1\/2026\/02\/2065001.jpg\",\"contentUrl\":\"https:\/\/portaltela.pt\/s.01k8rhncp4jt1\/2026\/02\/2065001.jpg\",\"width\":796,\"height\":448,\"caption\":\"Alc\u00e1cer do Sal \u00e9 uma das autarquias que decidiu adiar a vota\u00e7\u00e3o para as elei\u00e7\u00f5es presidenciais\"},{\"@type\":\"BreadcrumbList\",\"@id\":\"https:\/\/portaltela.pt\/noticias\/2026\/02\/06\/mais-de-26-mil-eleitores-so-poderao-votar-nas-presidenciais-a-15-de-fevereiro\/#breadcrumb\",\"itemListElement\":[{\"@type\":\"ListItem\",\"position\":1,\"name\":\"In\u00edcio\",\"item\":\"https:\/\/portaltela.pt\/\"},{\"@type\":\"ListItem\",\"position\":2,\"name\":\"Mais de 26 mil eleitores s\u00f3 poder\u00e3o votar nas presidenciais a 15 de Fevereiro\"}]},{\"@type\":\"WebSite\",\"@id\":\"https:\/\/portaltela.pt\/#website\",\"url\":\"https:\/\/portaltela.pt\/\",\"name\":\"Portal Tela Portugal\",\"description\":\"\",\"potentialAction\":[{\"@type\":\"SearchAction\",\"target\":{\"@type\":\"EntryPoint\",\"urlTemplate\":\"https:\/\/portaltela.pt\/?s={search_term_string}\"},\"query-input\":{\"@type\":\"PropertyValueSpecification\",\"valueRequired\":true,\"valueName\":\"search_term_string\"}}],\"inLanguage\":\"pt-PT\"},{\"@type\":\"Person\",\"@id\":\"https:\/\/portaltela.pt\/#\/schema\/person\/c4278d4a6028830caff9ee44b42d32ed\",\"name\":\"Telinha\",\"image\":{\"@type\":\"ImageObject\",\"inLanguage\":\"pt-PT\",\"@id\":\"https:\/\/portaltela.pt\/s.01k8rhncp4jt1\/2025\/11\/talking-bot-125x125.png\",\"url\":\"https:\/\/portaltela.pt\/s.01k8rhncp4jt1\/2025\/11\/talking-bot-125x125.png\",\"contentUrl\":\"https:\/\/portaltela.pt\/s.01k8rhncp4jt1\/2025\/11\/talking-bot-125x125.png\",\"caption\":\"Telinha\"},\"sameAs\":[\"https:\/\/portaltela.pt\/\"],\"url\":\"https:\/\/portaltela.pt\/por\/367410592786\/\"}]}<\/script>\n<!-- \/ Yoast SEO plugin. -->","yoast_head_json":{"title":"Mais de 26 mil eleitores s\u00f3 poder\u00e3o votar nas presidenciais a 15 de Fevereiro - Portal Tela Portugal","robots":{"index":"index","follow":"follow","max-snippet":"max-snippet:-1","max-image-preview":"max-image-preview:large","max-video-preview":"max-video-preview:-1"},"og_locale":"pt_PT","og_type":"article","og_title":"Mais de 26 mil eleitores s\u00f3 poder\u00e3o votar nas presidenciais a 15 de Fevereiro - Portal Tela Portugal","og_description":"Existem 26.678 eleitores inscritos que s\u00f3 poder\u00e3o votar na segunda volta das presidenciais a 15 de Fevereiro, ap\u00f3s tr\u00eas concelhos optarem pelo adiamento. Alc\u00e1cer do Sal, Arruda dos Vinhos e Goleg\u00e3 comunicaram \u00e0 Comiss\u00e3o Nacional de Elei\u00e7\u00f5es o adiamento devido \u00e0 calamidade; \u00e0s 10h de sexta-feira eram as \u00fanicas autarquias que j\u00e1 tinham feito a comunica\u00e7\u00e3o. N\u00e3o est\u00e1 ainda claro se o adiamento abrange todas as assembleias de voto desses concelhos ou apenas as mais afetadas pela calamidade. Na \u00e1rea afetada pela calamidade est\u00e3o inscritos 1.589.165 eleitores, o que corresponde a 14,4 por cento do eleitorado nacional; entre os 26.678 adiados, alguns j\u00e1 poder\u00e3o ter votado antecipadamente, mas n\u00e3o h\u00e1 dados dispon\u00edveis. O n\u00famero de eleitores que pode ser afetado pode aumentar, pois as assembleias de voto podem pedir o adiamento no pr\u00f3prio dia de elei\u00e7\u00f5es; em Pombal, a decis\u00e3o final foi tomada pelo presidente da C\u00e2mara ap\u00f3s ouvir opini\u00f5es locais.","og_url":"https:\/\/portaltela.pt\/noticias\/2026\/02\/06\/mais-de-26-mil-eleitores-so-poderao-votar-nas-presidenciais-a-15-de-fevereiro\/","og_site_name":"Portal Tela Portugal","article_published_time":"2026-02-06T11:34:00+00:00","author":"Telinha","twitter_card":"summary_large_image","twitter_misc":{"Escrito por":"Telinha","Tempo estimado de leitura":"1 minuto"},"schema":{"@context":"https:\/\/schema.org","@graph":[{"@type":"Article","@id":"https:\/\/portaltela.pt\/noticias\/2026\/02\/06\/mais-de-26-mil-eleitores-so-poderao-votar-nas-presidenciais-a-15-de-fevereiro\/#article","isPartOf":{"@id":"https:\/\/portaltela.pt\/noticias\/2026\/02\/06\/mais-de-26-mil-eleitores-so-poderao-votar-nas-presidenciais-a-15-de-fevereiro\/"},"author":{"name":"Telinha","@id":"https:\/\/portaltela.pt\/#\/schema\/person\/c4278d4a6028830caff9ee44b42d32ed"},"headline":"Mais de 26 mil eleitores s\u00f3 poder\u00e3o votar nas presidenciais a 15 de Fevereiro","datePublished":"2026-02-06T11:34:00+00:00","mainEntityOfPage":{"@id":"https:\/\/portaltela.pt\/noticias\/2026\/02\/06\/mais-de-26-mil-eleitores-so-poderao-votar-nas-presidenciais-a-15-de-fevereiro\/"},"wordCount":213,"image":{"@id":"https:\/\/portaltela.pt\/noticias\/2026\/02\/06\/mais-de-26-mil-eleitores-so-poderao-votar-nas-presidenciais-a-15-de-fevereiro\/#primaryimage"},"thumbnailUrl":"https:\/\/portaltela.pt\/s.01k8rhncp4jt1\/2026\/02\/2065001.jpg","keywords":["Alc\u00e1cer do Sal","Arruda dos Vinhos","autarquias","calamidade p\u00fablica","elei\u00e7\u00f5es","Goleg\u00e3"],"articleSection":["Not\u00edcias","Pol\u00edtica"],"inLanguage":"pt-PT"},{"@type":"WebPage","@id":"https:\/\/portaltela.pt\/noticias\/2026\/02\/06\/mais-de-26-mil-eleitores-so-poderao-votar-nas-presidenciais-a-15-de-fevereiro\/","url":"https:\/\/portaltela.pt\/noticias\/2026\/02\/06\/mais-de-26-mil-eleitores-so-poderao-votar-nas-presidenciais-a-15-de-fevereiro\/","name":"Mais de 26 mil eleitores s\u00f3 poder\u00e3o votar nas presidenciais a 15 de Fevereiro - Portal Tela Portugal","isPartOf":{"@id":"https:\/\/portaltela.pt\/#website"},"primaryImageOfPage":{"@id":"https:\/\/portaltela.pt\/noticias\/2026\/02\/06\/mais-de-26-mil-eleitores-so-poderao-votar-nas-presidenciais-a-15-de-fevereiro\/#primaryimage"},"image":{"@id":"https:\/\/portaltela.pt\/noticias\/2026\/02\/06\/mais-de-26-mil-eleitores-so-poderao-votar-nas-presidenciais-a-15-de-fevereiro\/#primaryimage"},"thumbnailUrl":"https:\/\/portaltela.pt\/s.01k8rhncp4jt1\/2026\/02\/2065001.jpg","datePublished":"2026-02-06T11:34:00+00:00","author":{"@id":"https:\/\/portaltela.pt\/#\/schema\/person\/c4278d4a6028830caff9ee44b42d32ed"},"breadcrumb":{"@id":"https:\/\/portaltela.pt\/noticias\/2026\/02\/06\/mais-de-26-mil-eleitores-so-poderao-votar-nas-presidenciais-a-15-de-fevereiro\/#breadcrumb"},"inLanguage":"pt-PT","potentialAction":[{"@type":"ReadAction","target":["https:\/\/portaltela.pt\/noticias\/2026\/02\/06\/mais-de-26-mil-eleitores-so-poderao-votar-nas-presidenciais-a-15-de-fevereiro\/"]}]},{"@type":"ImageObject","inLanguage":"pt-PT","@id":"https:\/\/portaltela.pt\/noticias\/2026\/02\/06\/mais-de-26-mil-eleitores-so-poderao-votar-nas-presidenciais-a-15-de-fevereiro\/#primaryimage","url":"https:\/\/portaltela.pt\/s.01k8rhncp4jt1\/2026\/02\/2065001.jpg","contentUrl":"https:\/\/portaltela.pt\/s.01k8rhncp4jt1\/2026\/02\/2065001.jpg","width":796,"height":448,"caption":"Alc\u00e1cer do Sal \u00e9 uma das autarquias que decidiu adiar a vota\u00e7\u00e3o para as elei\u00e7\u00f5es presidenciais"},{"@type":"BreadcrumbList","@id":"https:\/\/portaltela.pt\/noticias\/2026\/02\/06\/mais-de-26-mil-eleitores-so-poderao-votar-nas-presidenciais-a-15-de-fevereiro\/#breadcrumb","itemListElement":[{"@type":"ListItem","position":1,"name":"In\u00edcio","item":"https:\/\/portaltela.pt\/"},{"@type":"ListItem","position":2,"name":"Mais de 26 mil eleitores s\u00f3 poder\u00e3o votar nas presidenciais a 15 de Fevereiro"}]},{"@type":"WebSite","@id":"https:\/\/portaltela.pt\/#website","url":"https:\/\/portaltela.pt\/","name":"Portal Tela Portugal","description":"","potentialAction":[{"@type":"SearchAction","target":{"@type":"EntryPoint","urlTemplate":"https:\/\/portaltela.pt\/?s={search_term_string}"},"query-input":{"@type":"PropertyValueSpecification","valueRequired":true,"valueName":"search_term_string"}}],"inLanguage":"pt-PT"},{"@type":"Person","@id":"https:\/\/portaltela.pt\/#\/schema\/person\/c4278d4a6028830caff9ee44b42d32ed","name":"Telinha","image":{"@type":"ImageObject","inLanguage":"pt-PT","@id":"https:\/\/portaltela.pt\/s.01k8rhncp4jt1\/2025\/11\/talking-bot-125x125.png","url":"https:\/\/portaltela.pt\/s.01k8rhncp4jt1\/2025\/11\/talking-bot-125x125.png","contentUrl":"https:\/\/portaltela.pt\/s.01k8rhncp4jt1\/2025\/11\/talking-bot-125x125.png","caption":"Telinha"},"sameAs":["https:\/\/portaltela.pt\/"],"url":"https:\/\/portaltela.pt\/por\/367410592786\/"}]}},"_links":{"self":[{"href":"https:\/\/portaltela.pt\/api\/wp\/v2\/posts\/201456","targetHints":{"allow":["GET"]}}],"collection":[{"href":"https:\/\/portaltela.pt\/api\/wp\/v2\/posts"}],"about":[{"href":"https:\/\/portaltela.pt\/api\/wp\/v2\/types\/post"}],"author":[{"embeddable":true,"href":"https:\/\/portaltela.pt\/api\/wp\/v2\/users\/2"}],"replies":[{"embeddable":true,"href":"https:\/\/portaltela.pt\/api\/wp\/v2\/comments?post=201456"}],"version-history":[{"count":0,"href":"https:\/\/portaltela.pt\/api\/wp\/v2\/posts\/201456\/revisions"}],"wp:featuredmedia":[{"embeddable":true,"href":"https:\/\/portaltela.pt\/api\/wp\/v2\/media\/201460"}],"wp:attachment":[{"href":"https:\/\/portaltela.pt\/api\/wp\/v2\/media?parent=201456"}],"wp:term":[{"taxonomy":"category","embeddable":true,"href":"https:\/\/portaltela.pt\/api\/wp\/v2\/categories?post=201456"},{"taxonomy":"post_tag","embeddable":true,"href":"https:\/\/portaltela.pt\/api\/wp\/v2\/tags?post=201456"}],"curies":[{"name":"wp","href":"https:\/\/api.w.org\/{rel}","templated":true}]}}