{"id":201430,"date":"2026-02-06T08:43:56","date_gmt":"2026-02-06T11:43:56","guid":{"rendered":"https:\/\/portaltela.pt\/noticias\/2026\/02\/06\/derrocada-em-oleiros-restringe-circulacao-entre-cambas-e-alto-da-pisoria\/"},"modified":"2026-02-06T08:43:56","modified_gmt":"2026-02-06T11:43:56","slug":"derrocada-em-oleiros-restringe-circulacao-entre-cambas-e-alto-da-pisoria","status":"publish","type":"post","link":"https:\/\/portaltela.pt\/noticias\/2026\/02\/06\/derrocada-em-oleiros-restringe-circulacao-entre-cambas-e-alto-da-pisoria\/","title":{"rendered":"Derrocada em Oleiros restringe circula\u00e7\u00e3o entre Cambas e Alto da Pisoria"},"content":{"rendered":"<p>A Estrada Municipal EM 527, que liga Cambas ao Alto da Pisoria, em Oleiros, est\u00e1 condicionada devido a uma derrocada numa curva junto ao rio Z\u00eazere. Aquele tro\u00e7o n\u00e3o est\u00e1 indispon\u00edvel, mas com circula\u00e7\u00e3o reduzida, segundo a C\u00e2mara Municipal.<\/p>\n<p>A autarquia explica que j\u00e1 disp\u00f5e de meios no local para promover a remo\u00e7\u00e3o de detritos. O objetivo \u00e9 restabelecer a via com a maior brevidade poss\u00edvel e reduzir riscos aos automobilistas.<\/p>\n<p>As autoridades informam que, paralelamente, h\u00e1 constrangimentos no abastecimento de \u00e1gua na vila de Oleiros. A rutura de uma conduta foi identificada e est\u00e1 a ser reparada pela equipa t\u00e9cnica.<\/p>\n<p>As \u00e1reas afetadas pelo corte de \u00e1gua incluem Carvalheira, Lameira, Senhora das Candeias, bem como as zonas industriais de A\u00e7ude Pinto e de Alverca. As equipas trabalham para normalizar o servi\u00e7o.<\/p>\n<p>Na \u00faltima semana, Portugal registou 13 mortos devido \u00e0s depress\u00f5es Kristin e Leonardo. O temporal deixou centenas de feridos e desalojados em v\u00e1rias regi\u00f5es.<\/p>\n<p>As consequ\u00eancias materiais abrangem destrui\u00e7\u00e3o de habita\u00e7\u00f5es, empresas e infraestruturas, queda de \u00e1rvores, encerramento de estradas, escolas e servi\u00e7os de transporte, al\u00e9m de cortes de energia, \u00e1gua e comunica\u00e7\u00f5es.<\/p>\n<p>As regi\u00f5es Centro, Lisboa e Vale do Tejo e Alentejo foram as mais afetadas pelo temporal. O Governo prolongou a calamidade at\u00e9 15 de fevereiro para 68 concelhos, com medidas de apoio at\u00e9 2,5 mil milh\u00f5es de euros.<\/p>\n<p>A calamidade em Portugal continental foi decretada pela primeira vez entre 28 de janeiro e 1 de fevereiro para cerca de 60 munic\u00edpios, depois estendida para 68 at\u00e9 8 de fevereiro e, ap\u00f3s novo prolongamento, mantida at\u00e9 15 de fevereiro.<\/p>\n","protected":false},"excerpt":{"rendered":"<ul>\n<li>A derrocada numa curva apertada da Estrada Municipal 527, entre Cambas e o Alto da Pisoria, em Oleiros, condiciona a circula\u00e7\u00e3o, com sinaliza\u00e7\u00e3o instalada.<\/li>\n<li>A C\u00e2mara Municipal de Oleiros j\u00e1 tem meios no local para remo\u00e7\u00e3o de detritos e alerta para redobrada aten\u00e7\u00e3o dos automobilistas.<\/li>\n<li>Em Oleiros regista-se constrangimento no abastecimento de \u00e1gua devido a uma rutura de conduta, com zonas afetadas incluindo Carvalheira, Lameira, Senhora das Candeias e as \u00e1reas industriais de A\u00e7ude Pinto e Alverca; as equipas trabalham para reparar a avaria.<\/li>\n<li>Treze pessoas morreram em Portugal desde a semana passada por causa das depress\u00f5es Kristin e Leonardo, que causaram danos generalizados, incluindo quedas de \u00e1rvores, encerramentos de estradas e cortes de energia, \u00e1gua e comunica\u00e7\u00f5es.<\/li>\n<li>O Governo prolongou a situa\u00e7\u00e3o de calamidade at\u00e9 ao dia 15 de fevereiro para 68 concelhos, com medidas de apoio orquestradas at\u00e9 2,5 mil milh\u00f5es de euros.<\/li>\n<\/ul>\n","protected":false},"author":2,"featured_media":201439,"comment_status":"closed","ping_status":"closed","sticky":false,"template":"","format":"standard","meta":{"footnotes":""},"categories":[1],"tags":[1503,4687,1309,4409,3004,2387],"class_list":["post-201430","post","type-post","status-publish","format-standard","has-post-thumbnail","hentry","category-noticias","tag-abastecimento-de-agua","tag-calamidade-publica","tag-centro","tag-derrocadas","tag-desalojados","tag-oleiros"],"yoast_head":"<!-- This site is optimized with the Yoast SEO plugin v27.2 - https:\/\/yoast.com\/product\/yoast-seo-wordpress\/ -->\n<title>Derrocada em Oleiros restringe circula\u00e7\u00e3o entre Cambas e Alto da Pisoria - Portal Tela Portugal<\/title>\n<meta name=\"robots\" content=\"index, follow, max-snippet:-1, max-image-preview:large, max-video-preview:-1\" \/>\n<meta property=\"og:locale\" content=\"pt_PT\" \/>\n<meta property=\"og:type\" content=\"article\" \/>\n<meta property=\"og:title\" content=\"Derrocada em Oleiros restringe circula\u00e7\u00e3o entre Cambas e Alto da Pisoria - Portal Tela Portugal\" \/>\n<meta property=\"og:description\" content=\"A derrocada numa curva apertada da Estrada Municipal 527, entre Cambas e o Alto da Pisoria, em Oleiros, condiciona a circula\u00e7\u00e3o, com sinaliza\u00e7\u00e3o instalada. A C\u00e2mara Municipal de Oleiros j\u00e1 tem meios no local para remo\u00e7\u00e3o de detritos e alerta para redobrada aten\u00e7\u00e3o dos automobilistas. Em Oleiros regista-se constrangimento no abastecimento de \u00e1gua devido a uma rutura de conduta, com zonas afetadas incluindo Carvalheira, Lameira, Senhora das Candeias e as \u00e1reas industriais de A\u00e7ude Pinto e Alverca; as equipas trabalham para reparar a avaria. Treze pessoas morreram em Portugal desde a semana passada por causa das depress\u00f5es Kristin e Leonardo, que causaram danos generalizados, incluindo quedas de \u00e1rvores, encerramentos de estradas e cortes de energia, \u00e1gua e comunica\u00e7\u00f5es. O Governo prolongou a situa\u00e7\u00e3o de calamidade at\u00e9 ao dia 15 de fevereiro para 68 concelhos, com medidas de apoio orquestradas at\u00e9 2,5 mil milh\u00f5es de euros.\" \/>\n<meta property=\"og:url\" content=\"https:\/\/portaltela.pt\/noticias\/2026\/02\/06\/derrocada-em-oleiros-restringe-circulacao-entre-cambas-e-alto-da-pisoria\/\" \/>\n<meta property=\"og:site_name\" content=\"Portal Tela Portugal\" \/>\n<meta property=\"article:published_time\" content=\"2026-02-06T11:43:56+00:00\" \/>\n<meta name=\"author\" content=\"Telinha\" \/>\n<meta name=\"twitter:card\" content=\"summary_large_image\" \/>\n<meta name=\"twitter:label1\" content=\"Escrito por\" \/>\n\t<meta name=\"twitter:data1\" content=\"Telinha\" \/>\n\t<meta name=\"twitter:label2\" content=\"Tempo estimado de leitura\" \/>\n\t<meta name=\"twitter:data2\" content=\"1 minuto\" \/>\n<script type=\"application\/ld+json\" class=\"yoast-schema-graph\">{\"@context\":\"https:\/\/schema.org\",\"@graph\":[{\"@type\":\"Article\",\"@id\":\"https:\/\/portaltela.pt\/noticias\/2026\/02\/06\/derrocada-em-oleiros-restringe-circulacao-entre-cambas-e-alto-da-pisoria\/#article\",\"isPartOf\":{\"@id\":\"https:\/\/portaltela.pt\/noticias\/2026\/02\/06\/derrocada-em-oleiros-restringe-circulacao-entre-cambas-e-alto-da-pisoria\/\"},\"author\":{\"name\":\"Telinha\",\"@id\":\"https:\/\/portaltela.pt\/#\/schema\/person\/c4278d4a6028830caff9ee44b42d32ed\"},\"headline\":\"Derrocada em Oleiros restringe circula\u00e7\u00e3o entre Cambas e Alto da Pisoria\",\"datePublished\":\"2026-02-06T11:43:56+00:00\",\"mainEntityOfPage\":{\"@id\":\"https:\/\/portaltela.pt\/noticias\/2026\/02\/06\/derrocada-em-oleiros-restringe-circulacao-entre-cambas-e-alto-da-pisoria\/\"},\"wordCount\":288,\"image\":{\"@id\":\"https:\/\/portaltela.pt\/noticias\/2026\/02\/06\/derrocada-em-oleiros-restringe-circulacao-entre-cambas-e-alto-da-pisoria\/#primaryimage\"},\"thumbnailUrl\":\"https:\/\/portaltela.pt\/s.01k8rhncp4jt1\/2026\/02\/img_1280x721uu2026-02-06-11-43-02-2265212.jpg\",\"keywords\":[\"abastecimento de \u00e1gua\",\"calamidade p\u00fablica\",\"Centro\",\"derrocadas\",\"desalojados\",\"Oleiros\"],\"articleSection\":[\"Not\u00edcias\"],\"inLanguage\":\"pt-PT\"},{\"@type\":\"WebPage\",\"@id\":\"https:\/\/portaltela.pt\/noticias\/2026\/02\/06\/derrocada-em-oleiros-restringe-circulacao-entre-cambas-e-alto-da-pisoria\/\",\"url\":\"https:\/\/portaltela.pt\/noticias\/2026\/02\/06\/derrocada-em-oleiros-restringe-circulacao-entre-cambas-e-alto-da-pisoria\/\",\"name\":\"Derrocada em Oleiros restringe circula\u00e7\u00e3o entre Cambas e Alto da Pisoria - Portal Tela Portugal\",\"isPartOf\":{\"@id\":\"https:\/\/portaltela.pt\/#website\"},\"primaryImageOfPage\":{\"@id\":\"https:\/\/portaltela.pt\/noticias\/2026\/02\/06\/derrocada-em-oleiros-restringe-circulacao-entre-cambas-e-alto-da-pisoria\/#primaryimage\"},\"image\":{\"@id\":\"https:\/\/portaltela.pt\/noticias\/2026\/02\/06\/derrocada-em-oleiros-restringe-circulacao-entre-cambas-e-alto-da-pisoria\/#primaryimage\"},\"thumbnailUrl\":\"https:\/\/portaltela.pt\/s.01k8rhncp4jt1\/2026\/02\/img_1280x721uu2026-02-06-11-43-02-2265212.jpg\",\"datePublished\":\"2026-02-06T11:43:56+00:00\",\"author\":{\"@id\":\"https:\/\/portaltela.pt\/#\/schema\/person\/c4278d4a6028830caff9ee44b42d32ed\"},\"breadcrumb\":{\"@id\":\"https:\/\/portaltela.pt\/noticias\/2026\/02\/06\/derrocada-em-oleiros-restringe-circulacao-entre-cambas-e-alto-da-pisoria\/#breadcrumb\"},\"inLanguage\":\"pt-PT\",\"potentialAction\":[{\"@type\":\"ReadAction\",\"target\":[\"https:\/\/portaltela.pt\/noticias\/2026\/02\/06\/derrocada-em-oleiros-restringe-circulacao-entre-cambas-e-alto-da-pisoria\/\"]}]},{\"@type\":\"ImageObject\",\"inLanguage\":\"pt-PT\",\"@id\":\"https:\/\/portaltela.pt\/noticias\/2026\/02\/06\/derrocada-em-oleiros-restringe-circulacao-entre-cambas-e-alto-da-pisoria\/#primaryimage\",\"url\":\"https:\/\/portaltela.pt\/s.01k8rhncp4jt1\/2026\/02\/img_1280x721uu2026-02-06-11-43-02-2265212.jpg\",\"contentUrl\":\"https:\/\/portaltela.pt\/s.01k8rhncp4jt1\/2026\/02\/img_1280x721uu2026-02-06-11-43-02-2265212.jpg\",\"width\":796,\"height\":448,\"caption\":\"Derrocada em Oleiros condiciona circula\u00e7\u00e3o entre Cambas e Alto da Pisoria\"},{\"@type\":\"BreadcrumbList\",\"@id\":\"https:\/\/portaltela.pt\/noticias\/2026\/02\/06\/derrocada-em-oleiros-restringe-circulacao-entre-cambas-e-alto-da-pisoria\/#breadcrumb\",\"itemListElement\":[{\"@type\":\"ListItem\",\"position\":1,\"name\":\"In\u00edcio\",\"item\":\"https:\/\/portaltela.pt\/\"},{\"@type\":\"ListItem\",\"position\":2,\"name\":\"Derrocada em Oleiros restringe circula\u00e7\u00e3o entre Cambas e Alto da Pisoria\"}]},{\"@type\":\"WebSite\",\"@id\":\"https:\/\/portaltela.pt\/#website\",\"url\":\"https:\/\/portaltela.pt\/\",\"name\":\"Portal Tela Portugal\",\"description\":\"\",\"potentialAction\":[{\"@type\":\"SearchAction\",\"target\":{\"@type\":\"EntryPoint\",\"urlTemplate\":\"https:\/\/portaltela.pt\/?s={search_term_string}\"},\"query-input\":{\"@type\":\"PropertyValueSpecification\",\"valueRequired\":true,\"valueName\":\"search_term_string\"}}],\"inLanguage\":\"pt-PT\"},{\"@type\":\"Person\",\"@id\":\"https:\/\/portaltela.pt\/#\/schema\/person\/c4278d4a6028830caff9ee44b42d32ed\",\"name\":\"Telinha\",\"image\":{\"@type\":\"ImageObject\",\"inLanguage\":\"pt-PT\",\"@id\":\"https:\/\/portaltela.pt\/s.01k8rhncp4jt1\/2025\/11\/talking-bot-125x125.png\",\"url\":\"https:\/\/portaltela.pt\/s.01k8rhncp4jt1\/2025\/11\/talking-bot-125x125.png\",\"contentUrl\":\"https:\/\/portaltela.pt\/s.01k8rhncp4jt1\/2025\/11\/talking-bot-125x125.png\",\"caption\":\"Telinha\"},\"sameAs\":[\"https:\/\/portaltela.pt\/\"],\"url\":\"https:\/\/portaltela.pt\/por\/367410592786\/\"}]}<\/script>\n<!-- \/ Yoast SEO plugin. -->","yoast_head_json":{"title":"Derrocada em Oleiros restringe circula\u00e7\u00e3o entre Cambas e Alto da Pisoria - Portal Tela Portugal","robots":{"index":"index","follow":"follow","max-snippet":"max-snippet:-1","max-image-preview":"max-image-preview:large","max-video-preview":"max-video-preview:-1"},"og_locale":"pt_PT","og_type":"article","og_title":"Derrocada em Oleiros restringe circula\u00e7\u00e3o entre Cambas e Alto da Pisoria - Portal Tela Portugal","og_description":"A derrocada numa curva apertada da Estrada Municipal 527, entre Cambas e o Alto da Pisoria, em Oleiros, condiciona a circula\u00e7\u00e3o, com sinaliza\u00e7\u00e3o instalada. A C\u00e2mara Municipal de Oleiros j\u00e1 tem meios no local para remo\u00e7\u00e3o de detritos e alerta para redobrada aten\u00e7\u00e3o dos automobilistas. Em Oleiros regista-se constrangimento no abastecimento de \u00e1gua devido a uma rutura de conduta, com zonas afetadas incluindo Carvalheira, Lameira, Senhora das Candeias e as \u00e1reas industriais de A\u00e7ude Pinto e Alverca; as equipas trabalham para reparar a avaria. Treze pessoas morreram em Portugal desde a semana passada por causa das depress\u00f5es Kristin e Leonardo, que causaram danos generalizados, incluindo quedas de \u00e1rvores, encerramentos de estradas e cortes de energia, \u00e1gua e comunica\u00e7\u00f5es. O Governo prolongou a situa\u00e7\u00e3o de calamidade at\u00e9 ao dia 15 de fevereiro para 68 concelhos, com medidas de apoio orquestradas at\u00e9 2,5 mil milh\u00f5es de euros.","og_url":"https:\/\/portaltela.pt\/noticias\/2026\/02\/06\/derrocada-em-oleiros-restringe-circulacao-entre-cambas-e-alto-da-pisoria\/","og_site_name":"Portal Tela Portugal","article_published_time":"2026-02-06T11:43:56+00:00","author":"Telinha","twitter_card":"summary_large_image","twitter_misc":{"Escrito por":"Telinha","Tempo estimado de leitura":"1 minuto"},"schema":{"@context":"https:\/\/schema.org","@graph":[{"@type":"Article","@id":"https:\/\/portaltela.pt\/noticias\/2026\/02\/06\/derrocada-em-oleiros-restringe-circulacao-entre-cambas-e-alto-da-pisoria\/#article","isPartOf":{"@id":"https:\/\/portaltela.pt\/noticias\/2026\/02\/06\/derrocada-em-oleiros-restringe-circulacao-entre-cambas-e-alto-da-pisoria\/"},"author":{"name":"Telinha","@id":"https:\/\/portaltela.pt\/#\/schema\/person\/c4278d4a6028830caff9ee44b42d32ed"},"headline":"Derrocada em Oleiros restringe circula\u00e7\u00e3o entre Cambas e Alto da Pisoria","datePublished":"2026-02-06T11:43:56+00:00","mainEntityOfPage":{"@id":"https:\/\/portaltela.pt\/noticias\/2026\/02\/06\/derrocada-em-oleiros-restringe-circulacao-entre-cambas-e-alto-da-pisoria\/"},"wordCount":288,"image":{"@id":"https:\/\/portaltela.pt\/noticias\/2026\/02\/06\/derrocada-em-oleiros-restringe-circulacao-entre-cambas-e-alto-da-pisoria\/#primaryimage"},"thumbnailUrl":"https:\/\/portaltela.pt\/s.01k8rhncp4jt1\/2026\/02\/img_1280x721uu2026-02-06-11-43-02-2265212.jpg","keywords":["abastecimento de \u00e1gua","calamidade p\u00fablica","Centro","derrocadas","desalojados","Oleiros"],"articleSection":["Not\u00edcias"],"inLanguage":"pt-PT"},{"@type":"WebPage","@id":"https:\/\/portaltela.pt\/noticias\/2026\/02\/06\/derrocada-em-oleiros-restringe-circulacao-entre-cambas-e-alto-da-pisoria\/","url":"https:\/\/portaltela.pt\/noticias\/2026\/02\/06\/derrocada-em-oleiros-restringe-circulacao-entre-cambas-e-alto-da-pisoria\/","name":"Derrocada em Oleiros restringe circula\u00e7\u00e3o entre Cambas e Alto da Pisoria - Portal Tela Portugal","isPartOf":{"@id":"https:\/\/portaltela.pt\/#website"},"primaryImageOfPage":{"@id":"https:\/\/portaltela.pt\/noticias\/2026\/02\/06\/derrocada-em-oleiros-restringe-circulacao-entre-cambas-e-alto-da-pisoria\/#primaryimage"},"image":{"@id":"https:\/\/portaltela.pt\/noticias\/2026\/02\/06\/derrocada-em-oleiros-restringe-circulacao-entre-cambas-e-alto-da-pisoria\/#primaryimage"},"thumbnailUrl":"https:\/\/portaltela.pt\/s.01k8rhncp4jt1\/2026\/02\/img_1280x721uu2026-02-06-11-43-02-2265212.jpg","datePublished":"2026-02-06T11:43:56+00:00","author":{"@id":"https:\/\/portaltela.pt\/#\/schema\/person\/c4278d4a6028830caff9ee44b42d32ed"},"breadcrumb":{"@id":"https:\/\/portaltela.pt\/noticias\/2026\/02\/06\/derrocada-em-oleiros-restringe-circulacao-entre-cambas-e-alto-da-pisoria\/#breadcrumb"},"inLanguage":"pt-PT","potentialAction":[{"@type":"ReadAction","target":["https:\/\/portaltela.pt\/noticias\/2026\/02\/06\/derrocada-em-oleiros-restringe-circulacao-entre-cambas-e-alto-da-pisoria\/"]}]},{"@type":"ImageObject","inLanguage":"pt-PT","@id":"https:\/\/portaltela.pt\/noticias\/2026\/02\/06\/derrocada-em-oleiros-restringe-circulacao-entre-cambas-e-alto-da-pisoria\/#primaryimage","url":"https:\/\/portaltela.pt\/s.01k8rhncp4jt1\/2026\/02\/img_1280x721uu2026-02-06-11-43-02-2265212.jpg","contentUrl":"https:\/\/portaltela.pt\/s.01k8rhncp4jt1\/2026\/02\/img_1280x721uu2026-02-06-11-43-02-2265212.jpg","width":796,"height":448,"caption":"Derrocada em Oleiros condiciona circula\u00e7\u00e3o entre Cambas e Alto da Pisoria"},{"@type":"BreadcrumbList","@id":"https:\/\/portaltela.pt\/noticias\/2026\/02\/06\/derrocada-em-oleiros-restringe-circulacao-entre-cambas-e-alto-da-pisoria\/#breadcrumb","itemListElement":[{"@type":"ListItem","position":1,"name":"In\u00edcio","item":"https:\/\/portaltela.pt\/"},{"@type":"ListItem","position":2,"name":"Derrocada em Oleiros restringe circula\u00e7\u00e3o entre Cambas e Alto da Pisoria"}]},{"@type":"WebSite","@id":"https:\/\/portaltela.pt\/#website","url":"https:\/\/portaltela.pt\/","name":"Portal Tela Portugal","description":"","potentialAction":[{"@type":"SearchAction","target":{"@type":"EntryPoint","urlTemplate":"https:\/\/portaltela.pt\/?s={search_term_string}"},"query-input":{"@type":"PropertyValueSpecification","valueRequired":true,"valueName":"search_term_string"}}],"inLanguage":"pt-PT"},{"@type":"Person","@id":"https:\/\/portaltela.pt\/#\/schema\/person\/c4278d4a6028830caff9ee44b42d32ed","name":"Telinha","image":{"@type":"ImageObject","inLanguage":"pt-PT","@id":"https:\/\/portaltela.pt\/s.01k8rhncp4jt1\/2025\/11\/talking-bot-125x125.png","url":"https:\/\/portaltela.pt\/s.01k8rhncp4jt1\/2025\/11\/talking-bot-125x125.png","contentUrl":"https:\/\/portaltela.pt\/s.01k8rhncp4jt1\/2025\/11\/talking-bot-125x125.png","caption":"Telinha"},"sameAs":["https:\/\/portaltela.pt\/"],"url":"https:\/\/portaltela.pt\/por\/367410592786\/"}]}},"_links":{"self":[{"href":"https:\/\/portaltela.pt\/api\/wp\/v2\/posts\/201430","targetHints":{"allow":["GET"]}}],"collection":[{"href":"https:\/\/portaltela.pt\/api\/wp\/v2\/posts"}],"about":[{"href":"https:\/\/portaltela.pt\/api\/wp\/v2\/types\/post"}],"author":[{"embeddable":true,"href":"https:\/\/portaltela.pt\/api\/wp\/v2\/users\/2"}],"replies":[{"embeddable":true,"href":"https:\/\/portaltela.pt\/api\/wp\/v2\/comments?post=201430"}],"version-history":[{"count":0,"href":"https:\/\/portaltela.pt\/api\/wp\/v2\/posts\/201430\/revisions"}],"wp:featuredmedia":[{"embeddable":true,"href":"https:\/\/portaltela.pt\/api\/wp\/v2\/media\/201439"}],"wp:attachment":[{"href":"https:\/\/portaltela.pt\/api\/wp\/v2\/media?parent=201430"}],"wp:term":[{"taxonomy":"category","embeddable":true,"href":"https:\/\/portaltela.pt\/api\/wp\/v2\/categories?post=201430"},{"taxonomy":"post_tag","embeddable":true,"href":"https:\/\/portaltela.pt\/api\/wp\/v2\/tags?post=201430"}],"curies":[{"name":"wp","href":"https:\/\/api.w.org\/{rel}","templated":true}]}}