{"id":201418,"date":"2026-02-06T08:31:12","date_gmt":"2026-02-06T11:31:12","guid":{"rendered":"https:\/\/portaltela.pt\/noticias\/2026\/02\/06\/cucurella-e-choque-com-traore-se-hoje-o-encontrasse-na-rua\/"},"modified":"2026-02-06T08:31:12","modified_gmt":"2026-02-06T11:31:12","slug":"cucurella-e-choque-com-traore-se-hoje-o-encontrasse-na-rua","status":"publish","type":"post","link":"https:\/\/portaltela.pt\/desporto\/futebol\/2026\/02\/06\/cucurella-e-choque-com-traore-se-hoje-o-encontrasse-na-rua\/","title":{"rendered":"Cucurella e choque com Traor\u00e9: \u00abSe hoje o encontrasse na rua\u00bb"},"content":{"rendered":"<p>O Chelsea venceu o West Ham por 3-2, no jogo da 24.\u00aa jornada da Premier League, com Enzo a marcar o golo da vit\u00f3ria nos descontos (90&#8217;+2). A equipa de Nuno Esp\u00edrito Santo esteve a vencer por 2-0 pouco depois, mas acabou por sofrer uma rea\u00e7\u00e3o entre jogadores de ambas as equipas nos minutos finais, ap\u00f3s um empurr\u00e3o de Traor\u00e9 a Cucurella. O defesa esquerdo partilhou a sua vers\u00e3o do ocorrido no programa FanZone.<\/p>\n<p>Cucurella explicou, em direto, que houve contacto na \u00e1rea quando tentou criar uma situa\u00e7\u00e3o provocat\u00f3ria ap\u00f3s o lance junto \u00e0 linha, e que a situa\u00e7\u00e3o escalou devido a uma carga do advers\u00e1rio, gerando uma confus\u00e3o no final da partida. Acrescentou que n\u00e3o guarda rancor e que, se encontrasse Traor\u00e9 na rua, poderia haver d\u00favidas sobre cumprir o cumprimento habitual.<\/p>\n<p>Traor\u00e9 tamb\u00e9m comentou o incidente em directo, dizendo que as coisas ficam em campo e que n\u00e3o teve a inten\u00e7\u00e3o de provocar o confronto, sugerindo que o momento foi ultrapassado. A dupla manteve tom tranquilo durante a transmiss\u00e3o, com observadores a indicar que o epis\u00f3dio ficou apenas no ambiente de jogo. No entanto, o epis\u00f3dio destacou-se pelo ambiente quente do final do encontro.<\/p>\n","protected":false},"excerpt":{"rendered":"<ul>\n<li>O Chelsea venceu o West Ham por 3-2 na 24.\u00aa jornada da Premier League, com Enzo a marcar o golo da vit\u00f3ria nos descontos (90&#8217;+2).<\/li>\n<li>A equipa de Nuno Esp\u00edrito Santo chegou a estar a vencer por 2-0, antes de a outra forma\u00e7\u00e3o dar a volta ao marcador.<\/li>\n<li>O lance pol\u00e9mico envolveu um empurr\u00e3o de Traor\u00e9 a Cucurella, que o lateral-esquerdo relatou ao programa FanZone.<\/li>\n<li>Cucurella explicou que tentou criar pol\u00e9mica com o contacto ap\u00f3s se aproximar da linha de jogo e afirmou n\u00e3o ter problema com Traor\u00e9, mesmo que, na rua, pudesse hesitar em cumpriment\u00e1-lo.<\/li>\n<li>Traor\u00e9 falou tamb\u00e9m em direto, dizendo que \u00e9 um tipo porreiro, que as coisas ficam em campo e que n\u00e3o teve a inten\u00e7\u00e3o de ofender; o assunto ficou por aqui.<\/li>\n<\/ul>\n","protected":false},"author":2,"featured_media":201423,"comment_status":"closed","ping_status":"closed","sticky":false,"template":"","format":"standard","meta":{"footnotes":""},"categories":[21,24],"tags":[178,2069,32,3338,4159,3369],"class_list":["post-201418","post","type-post","status-publish","format-standard","has-post-thumbnail","hentry","category-desporto","category-futebol","tag-confrontos","tag-esportivos","tag-futebol","tag-futebol-internacional","tag-jogo","tag-premier-league"],"yoast_head":"<!-- This site is optimized with the Yoast SEO plugin v27.2 - https:\/\/yoast.com\/product\/yoast-seo-wordpress\/ -->\n<title>Cucurella e choque com Traor\u00e9: \u00abSe hoje o encontrasse na rua\u00bb - Portal Tela Portugal<\/title>\n<meta name=\"robots\" content=\"index, follow, max-snippet:-1, max-image-preview:large, max-video-preview:-1\" \/>\n<meta property=\"og:locale\" content=\"pt_PT\" \/>\n<meta property=\"og:type\" content=\"article\" \/>\n<meta property=\"og:title\" content=\"Cucurella e choque com Traor\u00e9: \u00abSe hoje o encontrasse na rua\u00bb - Portal Tela Portugal\" \/>\n<meta property=\"og:description\" content=\"O Chelsea venceu o West Ham por 3-2 na 24.\u00aa jornada da Premier League, com Enzo a marcar o golo da vit\u00f3ria nos descontos (90&#039;+2). A equipa de Nuno Esp\u00edrito Santo chegou a estar a vencer por 2-0, antes de a outra forma\u00e7\u00e3o dar a volta ao marcador. O lance pol\u00e9mico envolveu um empurr\u00e3o de Traor\u00e9 a Cucurella, que o lateral-esquerdo relatou ao programa FanZone. Cucurella explicou que tentou criar pol\u00e9mica com o contacto ap\u00f3s se aproximar da linha de jogo e afirmou n\u00e3o ter problema com Traor\u00e9, mesmo que, na rua, pudesse hesitar em cumpriment\u00e1-lo. Traor\u00e9 falou tamb\u00e9m em direto, dizendo que \u00e9 um tipo porreiro, que as coisas ficam em campo e que n\u00e3o teve a inten\u00e7\u00e3o de ofender; o assunto ficou por aqui.\" \/>\n<meta property=\"og:url\" content=\"https:\/\/portaltela.pt\/noticias\/2026\/02\/06\/cucurella-e-choque-com-traore-se-hoje-o-encontrasse-na-rua\/\" \/>\n<meta property=\"og:site_name\" content=\"Portal Tela Portugal\" \/>\n<meta property=\"article:published_time\" content=\"2026-02-06T11:31:12+00:00\" \/>\n<meta name=\"author\" content=\"Telinha\" \/>\n<meta name=\"twitter:card\" content=\"summary_large_image\" \/>\n<meta name=\"twitter:label1\" content=\"Escrito por\" \/>\n\t<meta name=\"twitter:data1\" content=\"Telinha\" \/>\n\t<meta name=\"twitter:label2\" content=\"Tempo estimado de leitura\" \/>\n\t<meta name=\"twitter:data2\" content=\"1 minuto\" \/>\n<script type=\"application\/ld+json\" class=\"yoast-schema-graph\">{\"@context\":\"https:\/\/schema.org\",\"@graph\":[{\"@type\":\"Article\",\"@id\":\"https:\/\/portaltela.pt\/noticias\/2026\/02\/06\/cucurella-e-choque-com-traore-se-hoje-o-encontrasse-na-rua\/#article\",\"isPartOf\":{\"@id\":\"https:\/\/portaltela.pt\/noticias\/2026\/02\/06\/cucurella-e-choque-com-traore-se-hoje-o-encontrasse-na-rua\/\"},\"author\":{\"name\":\"Telinha\",\"@id\":\"https:\/\/portaltela.pt\/#\/schema\/person\/c4278d4a6028830caff9ee44b42d32ed\"},\"headline\":\"Cucurella e choque com Traor\u00e9: \u00abSe hoje o encontrasse na rua\u00bb\",\"datePublished\":\"2026-02-06T11:31:12+00:00\",\"mainEntityOfPage\":{\"@id\":\"https:\/\/portaltela.pt\/noticias\/2026\/02\/06\/cucurella-e-choque-com-traore-se-hoje-o-encontrasse-na-rua\/\"},\"wordCount\":224,\"image\":{\"@id\":\"https:\/\/portaltela.pt\/noticias\/2026\/02\/06\/cucurella-e-choque-com-traore-se-hoje-o-encontrasse-na-rua\/#primaryimage\"},\"thumbnailUrl\":\"https:\/\/portaltela.pt\/s.01k8rhncp4jt1\/2026\/02\/img_920x518uu2026-02-06-11-29-10-2419929.jpg\",\"keywords\":[\"confrontos\",\"esportivos\",\"futebol\",\"futebol internacional\",\"jogo\",\"Premier League\"],\"articleSection\":[\"Desporto\",\"Futebol\"],\"inLanguage\":\"pt-PT\"},{\"@type\":\"WebPage\",\"@id\":\"https:\/\/portaltela.pt\/noticias\/2026\/02\/06\/cucurella-e-choque-com-traore-se-hoje-o-encontrasse-na-rua\/\",\"url\":\"https:\/\/portaltela.pt\/noticias\/2026\/02\/06\/cucurella-e-choque-com-traore-se-hoje-o-encontrasse-na-rua\/\",\"name\":\"Cucurella e choque com Traor\u00e9: \u00abSe hoje o encontrasse na rua\u00bb - Portal Tela Portugal\",\"isPartOf\":{\"@id\":\"https:\/\/portaltela.pt\/#website\"},\"primaryImageOfPage\":{\"@id\":\"https:\/\/portaltela.pt\/noticias\/2026\/02\/06\/cucurella-e-choque-com-traore-se-hoje-o-encontrasse-na-rua\/#primaryimage\"},\"image\":{\"@id\":\"https:\/\/portaltela.pt\/noticias\/2026\/02\/06\/cucurella-e-choque-com-traore-se-hoje-o-encontrasse-na-rua\/#primaryimage\"},\"thumbnailUrl\":\"https:\/\/portaltela.pt\/s.01k8rhncp4jt1\/2026\/02\/img_920x518uu2026-02-06-11-29-10-2419929.jpg\",\"datePublished\":\"2026-02-06T11:31:12+00:00\",\"author\":{\"@id\":\"https:\/\/portaltela.pt\/#\/schema\/person\/c4278d4a6028830caff9ee44b42d32ed\"},\"breadcrumb\":{\"@id\":\"https:\/\/portaltela.pt\/noticias\/2026\/02\/06\/cucurella-e-choque-com-traore-se-hoje-o-encontrasse-na-rua\/#breadcrumb\"},\"inLanguage\":\"pt-PT\",\"potentialAction\":[{\"@type\":\"ReadAction\",\"target\":[\"https:\/\/portaltela.pt\/noticias\/2026\/02\/06\/cucurella-e-choque-com-traore-se-hoje-o-encontrasse-na-rua\/\"]}]},{\"@type\":\"ImageObject\",\"inLanguage\":\"pt-PT\",\"@id\":\"https:\/\/portaltela.pt\/noticias\/2026\/02\/06\/cucurella-e-choque-com-traore-se-hoje-o-encontrasse-na-rua\/#primaryimage\",\"url\":\"https:\/\/portaltela.pt\/s.01k8rhncp4jt1\/2026\/02\/img_920x518uu2026-02-06-11-29-10-2419929.jpg\",\"contentUrl\":\"https:\/\/portaltela.pt\/s.01k8rhncp4jt1\/2026\/02\/img_920x518uu2026-02-06-11-29-10-2419929.jpg\",\"width\":796,\"height\":448,\"caption\":\"Lance pol\u00e9mico entre Cucurella e Traor\u00e9\"},{\"@type\":\"BreadcrumbList\",\"@id\":\"https:\/\/portaltela.pt\/noticias\/2026\/02\/06\/cucurella-e-choque-com-traore-se-hoje-o-encontrasse-na-rua\/#breadcrumb\",\"itemListElement\":[{\"@type\":\"ListItem\",\"position\":1,\"name\":\"In\u00edcio\",\"item\":\"https:\/\/portaltela.pt\/\"},{\"@type\":\"ListItem\",\"position\":2,\"name\":\"Cucurella e choque com Traor\u00e9: \u00abSe hoje o encontrasse na rua\u00bb\"}]},{\"@type\":\"WebSite\",\"@id\":\"https:\/\/portaltela.pt\/#website\",\"url\":\"https:\/\/portaltela.pt\/\",\"name\":\"Portal Tela Portugal\",\"description\":\"\",\"potentialAction\":[{\"@type\":\"SearchAction\",\"target\":{\"@type\":\"EntryPoint\",\"urlTemplate\":\"https:\/\/portaltela.pt\/?s={search_term_string}\"},\"query-input\":{\"@type\":\"PropertyValueSpecification\",\"valueRequired\":true,\"valueName\":\"search_term_string\"}}],\"inLanguage\":\"pt-PT\"},{\"@type\":\"Person\",\"@id\":\"https:\/\/portaltela.pt\/#\/schema\/person\/c4278d4a6028830caff9ee44b42d32ed\",\"name\":\"Telinha\",\"image\":{\"@type\":\"ImageObject\",\"inLanguage\":\"pt-PT\",\"@id\":\"https:\/\/portaltela.pt\/s.01k8rhncp4jt1\/2025\/11\/talking-bot-125x125.png\",\"url\":\"https:\/\/portaltela.pt\/s.01k8rhncp4jt1\/2025\/11\/talking-bot-125x125.png\",\"contentUrl\":\"https:\/\/portaltela.pt\/s.01k8rhncp4jt1\/2025\/11\/talking-bot-125x125.png\",\"caption\":\"Telinha\"},\"sameAs\":[\"https:\/\/portaltela.pt\/\"],\"url\":\"https:\/\/portaltela.pt\/por\/367410592786\/\"}]}<\/script>\n<!-- \/ Yoast SEO plugin. -->","yoast_head_json":{"title":"Cucurella e choque com Traor\u00e9: \u00abSe hoje o encontrasse na rua\u00bb - Portal Tela Portugal","robots":{"index":"index","follow":"follow","max-snippet":"max-snippet:-1","max-image-preview":"max-image-preview:large","max-video-preview":"max-video-preview:-1"},"og_locale":"pt_PT","og_type":"article","og_title":"Cucurella e choque com Traor\u00e9: \u00abSe hoje o encontrasse na rua\u00bb - Portal Tela Portugal","og_description":"O Chelsea venceu o West Ham por 3-2 na 24.\u00aa jornada da Premier League, com Enzo a marcar o golo da vit\u00f3ria nos descontos (90'+2). A equipa de Nuno Esp\u00edrito Santo chegou a estar a vencer por 2-0, antes de a outra forma\u00e7\u00e3o dar a volta ao marcador. O lance pol\u00e9mico envolveu um empurr\u00e3o de Traor\u00e9 a Cucurella, que o lateral-esquerdo relatou ao programa FanZone. Cucurella explicou que tentou criar pol\u00e9mica com o contacto ap\u00f3s se aproximar da linha de jogo e afirmou n\u00e3o ter problema com Traor\u00e9, mesmo que, na rua, pudesse hesitar em cumpriment\u00e1-lo. Traor\u00e9 falou tamb\u00e9m em direto, dizendo que \u00e9 um tipo porreiro, que as coisas ficam em campo e que n\u00e3o teve a inten\u00e7\u00e3o de ofender; o assunto ficou por aqui.","og_url":"https:\/\/portaltela.pt\/noticias\/2026\/02\/06\/cucurella-e-choque-com-traore-se-hoje-o-encontrasse-na-rua\/","og_site_name":"Portal Tela Portugal","article_published_time":"2026-02-06T11:31:12+00:00","author":"Telinha","twitter_card":"summary_large_image","twitter_misc":{"Escrito por":"Telinha","Tempo estimado de leitura":"1 minuto"},"schema":{"@context":"https:\/\/schema.org","@graph":[{"@type":"Article","@id":"https:\/\/portaltela.pt\/noticias\/2026\/02\/06\/cucurella-e-choque-com-traore-se-hoje-o-encontrasse-na-rua\/#article","isPartOf":{"@id":"https:\/\/portaltela.pt\/noticias\/2026\/02\/06\/cucurella-e-choque-com-traore-se-hoje-o-encontrasse-na-rua\/"},"author":{"name":"Telinha","@id":"https:\/\/portaltela.pt\/#\/schema\/person\/c4278d4a6028830caff9ee44b42d32ed"},"headline":"Cucurella e choque com Traor\u00e9: \u00abSe hoje o encontrasse na rua\u00bb","datePublished":"2026-02-06T11:31:12+00:00","mainEntityOfPage":{"@id":"https:\/\/portaltela.pt\/noticias\/2026\/02\/06\/cucurella-e-choque-com-traore-se-hoje-o-encontrasse-na-rua\/"},"wordCount":224,"image":{"@id":"https:\/\/portaltela.pt\/noticias\/2026\/02\/06\/cucurella-e-choque-com-traore-se-hoje-o-encontrasse-na-rua\/#primaryimage"},"thumbnailUrl":"https:\/\/portaltela.pt\/s.01k8rhncp4jt1\/2026\/02\/img_920x518uu2026-02-06-11-29-10-2419929.jpg","keywords":["confrontos","esportivos","futebol","futebol internacional","jogo","Premier League"],"articleSection":["Desporto","Futebol"],"inLanguage":"pt-PT"},{"@type":"WebPage","@id":"https:\/\/portaltela.pt\/noticias\/2026\/02\/06\/cucurella-e-choque-com-traore-se-hoje-o-encontrasse-na-rua\/","url":"https:\/\/portaltela.pt\/noticias\/2026\/02\/06\/cucurella-e-choque-com-traore-se-hoje-o-encontrasse-na-rua\/","name":"Cucurella e choque com Traor\u00e9: \u00abSe hoje o encontrasse na rua\u00bb - Portal Tela Portugal","isPartOf":{"@id":"https:\/\/portaltela.pt\/#website"},"primaryImageOfPage":{"@id":"https:\/\/portaltela.pt\/noticias\/2026\/02\/06\/cucurella-e-choque-com-traore-se-hoje-o-encontrasse-na-rua\/#primaryimage"},"image":{"@id":"https:\/\/portaltela.pt\/noticias\/2026\/02\/06\/cucurella-e-choque-com-traore-se-hoje-o-encontrasse-na-rua\/#primaryimage"},"thumbnailUrl":"https:\/\/portaltela.pt\/s.01k8rhncp4jt1\/2026\/02\/img_920x518uu2026-02-06-11-29-10-2419929.jpg","datePublished":"2026-02-06T11:31:12+00:00","author":{"@id":"https:\/\/portaltela.pt\/#\/schema\/person\/c4278d4a6028830caff9ee44b42d32ed"},"breadcrumb":{"@id":"https:\/\/portaltela.pt\/noticias\/2026\/02\/06\/cucurella-e-choque-com-traore-se-hoje-o-encontrasse-na-rua\/#breadcrumb"},"inLanguage":"pt-PT","potentialAction":[{"@type":"ReadAction","target":["https:\/\/portaltela.pt\/noticias\/2026\/02\/06\/cucurella-e-choque-com-traore-se-hoje-o-encontrasse-na-rua\/"]}]},{"@type":"ImageObject","inLanguage":"pt-PT","@id":"https:\/\/portaltela.pt\/noticias\/2026\/02\/06\/cucurella-e-choque-com-traore-se-hoje-o-encontrasse-na-rua\/#primaryimage","url":"https:\/\/portaltela.pt\/s.01k8rhncp4jt1\/2026\/02\/img_920x518uu2026-02-06-11-29-10-2419929.jpg","contentUrl":"https:\/\/portaltela.pt\/s.01k8rhncp4jt1\/2026\/02\/img_920x518uu2026-02-06-11-29-10-2419929.jpg","width":796,"height":448,"caption":"Lance pol\u00e9mico entre Cucurella e Traor\u00e9"},{"@type":"BreadcrumbList","@id":"https:\/\/portaltela.pt\/noticias\/2026\/02\/06\/cucurella-e-choque-com-traore-se-hoje-o-encontrasse-na-rua\/#breadcrumb","itemListElement":[{"@type":"ListItem","position":1,"name":"In\u00edcio","item":"https:\/\/portaltela.pt\/"},{"@type":"ListItem","position":2,"name":"Cucurella e choque com Traor\u00e9: \u00abSe hoje o encontrasse na rua\u00bb"}]},{"@type":"WebSite","@id":"https:\/\/portaltela.pt\/#website","url":"https:\/\/portaltela.pt\/","name":"Portal Tela Portugal","description":"","potentialAction":[{"@type":"SearchAction","target":{"@type":"EntryPoint","urlTemplate":"https:\/\/portaltela.pt\/?s={search_term_string}"},"query-input":{"@type":"PropertyValueSpecification","valueRequired":true,"valueName":"search_term_string"}}],"inLanguage":"pt-PT"},{"@type":"Person","@id":"https:\/\/portaltela.pt\/#\/schema\/person\/c4278d4a6028830caff9ee44b42d32ed","name":"Telinha","image":{"@type":"ImageObject","inLanguage":"pt-PT","@id":"https:\/\/portaltela.pt\/s.01k8rhncp4jt1\/2025\/11\/talking-bot-125x125.png","url":"https:\/\/portaltela.pt\/s.01k8rhncp4jt1\/2025\/11\/talking-bot-125x125.png","contentUrl":"https:\/\/portaltela.pt\/s.01k8rhncp4jt1\/2025\/11\/talking-bot-125x125.png","caption":"Telinha"},"sameAs":["https:\/\/portaltela.pt\/"],"url":"https:\/\/portaltela.pt\/por\/367410592786\/"}]}},"_links":{"self":[{"href":"https:\/\/portaltela.pt\/api\/wp\/v2\/posts\/201418","targetHints":{"allow":["GET"]}}],"collection":[{"href":"https:\/\/portaltela.pt\/api\/wp\/v2\/posts"}],"about":[{"href":"https:\/\/portaltela.pt\/api\/wp\/v2\/types\/post"}],"author":[{"embeddable":true,"href":"https:\/\/portaltela.pt\/api\/wp\/v2\/users\/2"}],"replies":[{"embeddable":true,"href":"https:\/\/portaltela.pt\/api\/wp\/v2\/comments?post=201418"}],"version-history":[{"count":0,"href":"https:\/\/portaltela.pt\/api\/wp\/v2\/posts\/201418\/revisions"}],"wp:featuredmedia":[{"embeddable":true,"href":"https:\/\/portaltela.pt\/api\/wp\/v2\/media\/201423"}],"wp:attachment":[{"href":"https:\/\/portaltela.pt\/api\/wp\/v2\/media?parent=201418"}],"wp:term":[{"taxonomy":"category","embeddable":true,"href":"https:\/\/portaltela.pt\/api\/wp\/v2\/categories?post=201418"},{"taxonomy":"post_tag","embeddable":true,"href":"https:\/\/portaltela.pt\/api\/wp\/v2\/tags?post=201418"}],"curies":[{"name":"wp","href":"https:\/\/api.w.org\/{rel}","templated":true}]}}