{"id":201412,"date":"2026-02-06T08:39:38","date_gmt":"2026-02-06T11:39:38","guid":{"rendered":"https:\/\/portaltela.pt\/noticias\/2026\/02\/06\/comerciante-descreve-situacao-caotica-na-zona-ribeirinha-de-soure\/"},"modified":"2026-02-06T08:39:38","modified_gmt":"2026-02-06T11:39:38","slug":"comerciante-descreve-situacao-caotica-na-zona-ribeirinha-de-soure","status":"publish","type":"post","link":"https:\/\/portaltela.pt\/noticias\/2026\/02\/06\/comerciante-descreve-situacao-caotica-na-zona-ribeirinha-de-soure\/","title":{"rendered":"Comerciante descreve situa\u00e7\u00e3o ca\u00f3tica na zona ribeirinha de Soure"},"content":{"rendered":"<p>Nas \u00faltimas horas, cheias na zona ribeirinha de Soure afetaram a localidade, mobilizando moradores e comerciantes. O impacto ocorreu nas \u00e1reas junto ao rio, com vias parcialmente inundadas. N\u00e3o h\u00e1, ainda, confirma\u00e7\u00e3o de ferimentos.<\/p>\n<p>As \u00e1guas danificaram habita\u00e7\u00f5es e espa\u00e7os comerciais, gerando estragos em v\u00e1rias lojas e casas. Diferentes zonas da vila ficaram intransit\u00e1veis, complicando o acesso a transportes e servi\u00e7os b\u00e1sicos. Est\u00e3o a ser feitos levantamentos para quantificar os estragos.<\/p>\n<p>Um comerciante local descreveu a situa\u00e7\u00e3o como ca\u00f3tica, destacando a dificuldade de proteger estruturas e mercadorias. At\u00e9 ao momento, n\u00e3o foi divulgado um balan\u00e7o oficial sobre danos ou medidas de apoio.<\/p>\n","protected":false},"excerpt":{"rendered":"<ul>\n<li>Cheias na zona ribeirinha de Soure afetaram a localidade.<\/li>\n<li>As inunda\u00e7\u00f5es causaram estragos em habita\u00e7\u00f5es e em espa\u00e7os comerciais.<\/li>\n<li>Um comerciante descreveu a situa\u00e7\u00e3o como \u201cpandem\u00f3nio\u201d.<\/li>\n<li>O texto n\u00e3o fornece detalhes sobre datas ou n\u00fameros de v\u00edtimas.<\/li>\n<li>A not\u00edcia foca-se no impacto local, sem informa\u00e7\u00f5es adicionais no conte\u00fado apresentado.<\/li>\n<\/ul>\n","protected":false},"author":2,"featured_media":201413,"comment_status":"closed","ping_status":"closed","sticky":false,"template":"","format":"standard","meta":{"footnotes":""},"categories":[1],"tags":[3812,244,4590,5154,2817,2293],"class_list":["post-201412","post","type-post","status-publish","format-standard","has-post-thumbnail","hentry","category-noticias","tag-alagamentos","tag-comercio","tag-desabrigos","tag-estragos","tag-habitacoes","tag-inundacoes"],"yoast_head":"<!-- This site is optimized with the Yoast SEO plugin v27.2 - https:\/\/yoast.com\/product\/yoast-seo-wordpress\/ -->\n<title>Comerciante descreve situa\u00e7\u00e3o ca\u00f3tica na zona ribeirinha de Soure - Portal Tela Portugal<\/title>\n<meta name=\"robots\" content=\"index, follow, max-snippet:-1, max-image-preview:large, max-video-preview:-1\" \/>\n<meta property=\"og:locale\" content=\"pt_PT\" \/>\n<meta property=\"og:type\" content=\"article\" \/>\n<meta property=\"og:title\" content=\"Comerciante descreve situa\u00e7\u00e3o ca\u00f3tica na zona ribeirinha de Soure - Portal Tela Portugal\" \/>\n<meta property=\"og:description\" content=\"Cheias na zona ribeirinha de Soure afetaram a localidade. As inunda\u00e7\u00f5es causaram estragos em habita\u00e7\u00f5es e em espa\u00e7os comerciais. Um comerciante descreveu a situa\u00e7\u00e3o como \u201cpandem\u00f3nio\u201d. O texto n\u00e3o fornece detalhes sobre datas ou n\u00fameros de v\u00edtimas. A not\u00edcia foca-se no impacto local, sem informa\u00e7\u00f5es adicionais no conte\u00fado apresentado.\" \/>\n<meta property=\"og:url\" content=\"https:\/\/portaltela.pt\/noticias\/2026\/02\/06\/comerciante-descreve-situacao-caotica-na-zona-ribeirinha-de-soure\/\" \/>\n<meta property=\"og:site_name\" content=\"Portal Tela Portugal\" \/>\n<meta property=\"article:published_time\" content=\"2026-02-06T11:39:38+00:00\" \/>\n<meta name=\"author\" content=\"Telinha\" \/>\n<meta name=\"twitter:card\" content=\"summary_large_image\" \/>\n<meta name=\"twitter:label1\" content=\"Escrito por\" \/>\n\t<meta name=\"twitter:data1\" content=\"Telinha\" \/>\n\t<meta name=\"twitter:label2\" content=\"Tempo estimado de leitura\" \/>\n\t<meta name=\"twitter:data2\" content=\"1 minuto\" \/>\n<script type=\"application\/ld+json\" class=\"yoast-schema-graph\">{\"@context\":\"https:\/\/schema.org\",\"@graph\":[{\"@type\":\"Article\",\"@id\":\"https:\/\/portaltela.pt\/noticias\/2026\/02\/06\/comerciante-descreve-situacao-caotica-na-zona-ribeirinha-de-soure\/#article\",\"isPartOf\":{\"@id\":\"https:\/\/portaltela.pt\/noticias\/2026\/02\/06\/comerciante-descreve-situacao-caotica-na-zona-ribeirinha-de-soure\/\"},\"author\":{\"name\":\"Telinha\",\"@id\":\"https:\/\/portaltela.pt\/#\/schema\/person\/c4278d4a6028830caff9ee44b42d32ed\"},\"headline\":\"Comerciante descreve situa\u00e7\u00e3o ca\u00f3tica na zona ribeirinha de Soure\",\"datePublished\":\"2026-02-06T11:39:38+00:00\",\"mainEntityOfPage\":{\"@id\":\"https:\/\/portaltela.pt\/noticias\/2026\/02\/06\/comerciante-descreve-situacao-caotica-na-zona-ribeirinha-de-soure\/\"},\"wordCount\":126,\"image\":{\"@id\":\"https:\/\/portaltela.pt\/noticias\/2026\/02\/06\/comerciante-descreve-situacao-caotica-na-zona-ribeirinha-de-soure\/#primaryimage\"},\"thumbnailUrl\":\"https:\/\/portaltela.pt\/s.01k8rhncp4jt1\/2026\/02\/img_1500x1000uu2026-02-06-11-38-34-2265208.jpg\",\"keywords\":[\"alagamentos\",\"com\u00e9rcio\",\"desabrigos\",\"Estragos\",\"habita\u00e7\u00f5es\",\"inunda\u00e7\u00f5es\"],\"articleSection\":[\"Not\u00edcias\"],\"inLanguage\":\"pt-PT\"},{\"@type\":\"WebPage\",\"@id\":\"https:\/\/portaltela.pt\/noticias\/2026\/02\/06\/comerciante-descreve-situacao-caotica-na-zona-ribeirinha-de-soure\/\",\"url\":\"https:\/\/portaltela.pt\/noticias\/2026\/02\/06\/comerciante-descreve-situacao-caotica-na-zona-ribeirinha-de-soure\/\",\"name\":\"Comerciante descreve situa\u00e7\u00e3o ca\u00f3tica na zona ribeirinha de Soure - Portal Tela Portugal\",\"isPartOf\":{\"@id\":\"https:\/\/portaltela.pt\/#website\"},\"primaryImageOfPage\":{\"@id\":\"https:\/\/portaltela.pt\/noticias\/2026\/02\/06\/comerciante-descreve-situacao-caotica-na-zona-ribeirinha-de-soure\/#primaryimage\"},\"image\":{\"@id\":\"https:\/\/portaltela.pt\/noticias\/2026\/02\/06\/comerciante-descreve-situacao-caotica-na-zona-ribeirinha-de-soure\/#primaryimage\"},\"thumbnailUrl\":\"https:\/\/portaltela.pt\/s.01k8rhncp4jt1\/2026\/02\/img_1500x1000uu2026-02-06-11-38-34-2265208.jpg\",\"datePublished\":\"2026-02-06T11:39:38+00:00\",\"author\":{\"@id\":\"https:\/\/portaltela.pt\/#\/schema\/person\/c4278d4a6028830caff9ee44b42d32ed\"},\"breadcrumb\":{\"@id\":\"https:\/\/portaltela.pt\/noticias\/2026\/02\/06\/comerciante-descreve-situacao-caotica-na-zona-ribeirinha-de-soure\/#breadcrumb\"},\"inLanguage\":\"pt-PT\",\"potentialAction\":[{\"@type\":\"ReadAction\",\"target\":[\"https:\/\/portaltela.pt\/noticias\/2026\/02\/06\/comerciante-descreve-situacao-caotica-na-zona-ribeirinha-de-soure\/\"]}]},{\"@type\":\"ImageObject\",\"inLanguage\":\"pt-PT\",\"@id\":\"https:\/\/portaltela.pt\/noticias\/2026\/02\/06\/comerciante-descreve-situacao-caotica-na-zona-ribeirinha-de-soure\/#primaryimage\",\"url\":\"https:\/\/portaltela.pt\/s.01k8rhncp4jt1\/2026\/02\/img_1500x1000uu2026-02-06-11-38-34-2265208.jpg\",\"contentUrl\":\"https:\/\/portaltela.pt\/s.01k8rhncp4jt1\/2026\/02\/img_1500x1000uu2026-02-06-11-38-34-2265208.jpg\",\"width\":796,\"height\":448,\"caption\":\"\u201cParece um pandem\u00f3nio\u201d: Comerciante descreve situa\u00e7\u00e3o na zona ribeirinha de Soure\"},{\"@type\":\"BreadcrumbList\",\"@id\":\"https:\/\/portaltela.pt\/noticias\/2026\/02\/06\/comerciante-descreve-situacao-caotica-na-zona-ribeirinha-de-soure\/#breadcrumb\",\"itemListElement\":[{\"@type\":\"ListItem\",\"position\":1,\"name\":\"In\u00edcio\",\"item\":\"https:\/\/portaltela.pt\/\"},{\"@type\":\"ListItem\",\"position\":2,\"name\":\"Comerciante descreve situa\u00e7\u00e3o ca\u00f3tica na zona ribeirinha de Soure\"}]},{\"@type\":\"WebSite\",\"@id\":\"https:\/\/portaltela.pt\/#website\",\"url\":\"https:\/\/portaltela.pt\/\",\"name\":\"Portal Tela Portugal\",\"description\":\"\",\"potentialAction\":[{\"@type\":\"SearchAction\",\"target\":{\"@type\":\"EntryPoint\",\"urlTemplate\":\"https:\/\/portaltela.pt\/?s={search_term_string}\"},\"query-input\":{\"@type\":\"PropertyValueSpecification\",\"valueRequired\":true,\"valueName\":\"search_term_string\"}}],\"inLanguage\":\"pt-PT\"},{\"@type\":\"Person\",\"@id\":\"https:\/\/portaltela.pt\/#\/schema\/person\/c4278d4a6028830caff9ee44b42d32ed\",\"name\":\"Telinha\",\"image\":{\"@type\":\"ImageObject\",\"inLanguage\":\"pt-PT\",\"@id\":\"https:\/\/portaltela.pt\/s.01k8rhncp4jt1\/2025\/11\/talking-bot-125x125.png\",\"url\":\"https:\/\/portaltela.pt\/s.01k8rhncp4jt1\/2025\/11\/talking-bot-125x125.png\",\"contentUrl\":\"https:\/\/portaltela.pt\/s.01k8rhncp4jt1\/2025\/11\/talking-bot-125x125.png\",\"caption\":\"Telinha\"},\"sameAs\":[\"https:\/\/portaltela.pt\/\"],\"url\":\"https:\/\/portaltela.pt\/por\/367410592786\/\"}]}<\/script>\n<!-- \/ Yoast SEO plugin. -->","yoast_head_json":{"title":"Comerciante descreve situa\u00e7\u00e3o ca\u00f3tica na zona ribeirinha de Soure - Portal Tela Portugal","robots":{"index":"index","follow":"follow","max-snippet":"max-snippet:-1","max-image-preview":"max-image-preview:large","max-video-preview":"max-video-preview:-1"},"og_locale":"pt_PT","og_type":"article","og_title":"Comerciante descreve situa\u00e7\u00e3o ca\u00f3tica na zona ribeirinha de Soure - Portal Tela Portugal","og_description":"Cheias na zona ribeirinha de Soure afetaram a localidade. As inunda\u00e7\u00f5es causaram estragos em habita\u00e7\u00f5es e em espa\u00e7os comerciais. Um comerciante descreveu a situa\u00e7\u00e3o como \u201cpandem\u00f3nio\u201d. O texto n\u00e3o fornece detalhes sobre datas ou n\u00fameros de v\u00edtimas. A not\u00edcia foca-se no impacto local, sem informa\u00e7\u00f5es adicionais no conte\u00fado apresentado.","og_url":"https:\/\/portaltela.pt\/noticias\/2026\/02\/06\/comerciante-descreve-situacao-caotica-na-zona-ribeirinha-de-soure\/","og_site_name":"Portal Tela Portugal","article_published_time":"2026-02-06T11:39:38+00:00","author":"Telinha","twitter_card":"summary_large_image","twitter_misc":{"Escrito por":"Telinha","Tempo estimado de leitura":"1 minuto"},"schema":{"@context":"https:\/\/schema.org","@graph":[{"@type":"Article","@id":"https:\/\/portaltela.pt\/noticias\/2026\/02\/06\/comerciante-descreve-situacao-caotica-na-zona-ribeirinha-de-soure\/#article","isPartOf":{"@id":"https:\/\/portaltela.pt\/noticias\/2026\/02\/06\/comerciante-descreve-situacao-caotica-na-zona-ribeirinha-de-soure\/"},"author":{"name":"Telinha","@id":"https:\/\/portaltela.pt\/#\/schema\/person\/c4278d4a6028830caff9ee44b42d32ed"},"headline":"Comerciante descreve situa\u00e7\u00e3o ca\u00f3tica na zona ribeirinha de Soure","datePublished":"2026-02-06T11:39:38+00:00","mainEntityOfPage":{"@id":"https:\/\/portaltela.pt\/noticias\/2026\/02\/06\/comerciante-descreve-situacao-caotica-na-zona-ribeirinha-de-soure\/"},"wordCount":126,"image":{"@id":"https:\/\/portaltela.pt\/noticias\/2026\/02\/06\/comerciante-descreve-situacao-caotica-na-zona-ribeirinha-de-soure\/#primaryimage"},"thumbnailUrl":"https:\/\/portaltela.pt\/s.01k8rhncp4jt1\/2026\/02\/img_1500x1000uu2026-02-06-11-38-34-2265208.jpg","keywords":["alagamentos","com\u00e9rcio","desabrigos","Estragos","habita\u00e7\u00f5es","inunda\u00e7\u00f5es"],"articleSection":["Not\u00edcias"],"inLanguage":"pt-PT"},{"@type":"WebPage","@id":"https:\/\/portaltela.pt\/noticias\/2026\/02\/06\/comerciante-descreve-situacao-caotica-na-zona-ribeirinha-de-soure\/","url":"https:\/\/portaltela.pt\/noticias\/2026\/02\/06\/comerciante-descreve-situacao-caotica-na-zona-ribeirinha-de-soure\/","name":"Comerciante descreve situa\u00e7\u00e3o ca\u00f3tica na zona ribeirinha de Soure - Portal Tela Portugal","isPartOf":{"@id":"https:\/\/portaltela.pt\/#website"},"primaryImageOfPage":{"@id":"https:\/\/portaltela.pt\/noticias\/2026\/02\/06\/comerciante-descreve-situacao-caotica-na-zona-ribeirinha-de-soure\/#primaryimage"},"image":{"@id":"https:\/\/portaltela.pt\/noticias\/2026\/02\/06\/comerciante-descreve-situacao-caotica-na-zona-ribeirinha-de-soure\/#primaryimage"},"thumbnailUrl":"https:\/\/portaltela.pt\/s.01k8rhncp4jt1\/2026\/02\/img_1500x1000uu2026-02-06-11-38-34-2265208.jpg","datePublished":"2026-02-06T11:39:38+00:00","author":{"@id":"https:\/\/portaltela.pt\/#\/schema\/person\/c4278d4a6028830caff9ee44b42d32ed"},"breadcrumb":{"@id":"https:\/\/portaltela.pt\/noticias\/2026\/02\/06\/comerciante-descreve-situacao-caotica-na-zona-ribeirinha-de-soure\/#breadcrumb"},"inLanguage":"pt-PT","potentialAction":[{"@type":"ReadAction","target":["https:\/\/portaltela.pt\/noticias\/2026\/02\/06\/comerciante-descreve-situacao-caotica-na-zona-ribeirinha-de-soure\/"]}]},{"@type":"ImageObject","inLanguage":"pt-PT","@id":"https:\/\/portaltela.pt\/noticias\/2026\/02\/06\/comerciante-descreve-situacao-caotica-na-zona-ribeirinha-de-soure\/#primaryimage","url":"https:\/\/portaltela.pt\/s.01k8rhncp4jt1\/2026\/02\/img_1500x1000uu2026-02-06-11-38-34-2265208.jpg","contentUrl":"https:\/\/portaltela.pt\/s.01k8rhncp4jt1\/2026\/02\/img_1500x1000uu2026-02-06-11-38-34-2265208.jpg","width":796,"height":448,"caption":"\u201cParece um pandem\u00f3nio\u201d: Comerciante descreve situa\u00e7\u00e3o na zona ribeirinha de Soure"},{"@type":"BreadcrumbList","@id":"https:\/\/portaltela.pt\/noticias\/2026\/02\/06\/comerciante-descreve-situacao-caotica-na-zona-ribeirinha-de-soure\/#breadcrumb","itemListElement":[{"@type":"ListItem","position":1,"name":"In\u00edcio","item":"https:\/\/portaltela.pt\/"},{"@type":"ListItem","position":2,"name":"Comerciante descreve situa\u00e7\u00e3o ca\u00f3tica na zona ribeirinha de Soure"}]},{"@type":"WebSite","@id":"https:\/\/portaltela.pt\/#website","url":"https:\/\/portaltela.pt\/","name":"Portal Tela Portugal","description":"","potentialAction":[{"@type":"SearchAction","target":{"@type":"EntryPoint","urlTemplate":"https:\/\/portaltela.pt\/?s={search_term_string}"},"query-input":{"@type":"PropertyValueSpecification","valueRequired":true,"valueName":"search_term_string"}}],"inLanguage":"pt-PT"},{"@type":"Person","@id":"https:\/\/portaltela.pt\/#\/schema\/person\/c4278d4a6028830caff9ee44b42d32ed","name":"Telinha","image":{"@type":"ImageObject","inLanguage":"pt-PT","@id":"https:\/\/portaltela.pt\/s.01k8rhncp4jt1\/2025\/11\/talking-bot-125x125.png","url":"https:\/\/portaltela.pt\/s.01k8rhncp4jt1\/2025\/11\/talking-bot-125x125.png","contentUrl":"https:\/\/portaltela.pt\/s.01k8rhncp4jt1\/2025\/11\/talking-bot-125x125.png","caption":"Telinha"},"sameAs":["https:\/\/portaltela.pt\/"],"url":"https:\/\/portaltela.pt\/por\/367410592786\/"}]}},"_links":{"self":[{"href":"https:\/\/portaltela.pt\/api\/wp\/v2\/posts\/201412","targetHints":{"allow":["GET"]}}],"collection":[{"href":"https:\/\/portaltela.pt\/api\/wp\/v2\/posts"}],"about":[{"href":"https:\/\/portaltela.pt\/api\/wp\/v2\/types\/post"}],"author":[{"embeddable":true,"href":"https:\/\/portaltela.pt\/api\/wp\/v2\/users\/2"}],"replies":[{"embeddable":true,"href":"https:\/\/portaltela.pt\/api\/wp\/v2\/comments?post=201412"}],"version-history":[{"count":0,"href":"https:\/\/portaltela.pt\/api\/wp\/v2\/posts\/201412\/revisions"}],"wp:featuredmedia":[{"embeddable":true,"href":"https:\/\/portaltela.pt\/api\/wp\/v2\/media\/201413"}],"wp:attachment":[{"href":"https:\/\/portaltela.pt\/api\/wp\/v2\/media?parent=201412"}],"wp:term":[{"taxonomy":"category","embeddable":true,"href":"https:\/\/portaltela.pt\/api\/wp\/v2\/categories?post=201412"},{"taxonomy":"post_tag","embeddable":true,"href":"https:\/\/portaltela.pt\/api\/wp\/v2\/tags?post=201412"}],"curies":[{"name":"wp","href":"https:\/\/api.w.org\/{rel}","templated":true}]}}