{"id":201391,"date":"2026-02-06T08:04:00","date_gmt":"2026-02-06T11:04:00","guid":{"rendered":"https:\/\/portaltela.pt\/noticias\/2026\/02\/06\/nivel-do-guadiana-desce-mas-inundacoes-persistem-em-alcoutim-2\/"},"modified":"2026-02-06T08:04:00","modified_gmt":"2026-02-06T11:04:00","slug":"nivel-do-guadiana-desce-mas-inundacoes-persistem-em-alcoutim-2","status":"publish","type":"post","link":"https:\/\/portaltela.pt\/noticias\/2026\/02\/06\/nivel-do-guadiana-desce-mas-inundacoes-persistem-em-alcoutim-2\/","title":{"rendered":"N\u00edvel do Guadiana desce, mas inunda\u00e7\u00f5es persistem em Alcoutim"},"content":{"rendered":"<p>A \u00e1gua do rio Guadiana desceu cerca de 30 cent\u00edmetros na regi\u00e3o de Alcoutim, no Algarve, mas as zonas baixas da vila continuam inundadas. A descida foi confirmada pelo presidente da C\u00e2mara, Jo\u00e3o Silva.<\/p>\n<p>Na pr\u00e1tica, a \u00e1gua permanece elevada na \u00e1rea baixa, atingindo aproximadamente 1,20 metros acima do n\u00edvel normal. A circula\u00e7\u00e3o na rua principal e a entrada de algumas habita\u00e7\u00f5es continuam impedidas.<\/p>\n<p>A C\u00e2mara Municipal acompanha o evoluir da situa\u00e7\u00e3o e mant\u00e9m contactos com prote\u00e7\u00e3o civil e ambiente para assegurar a seguran\u00e7a da popula\u00e7\u00e3o. As autoridades pedem cautela e evitar desloca\u00e7\u00f5es nas zonas alagadas.<\/p>\n<h3>Previs\u00e3o e recomenda\u00e7\u00f5es<\/h3>\n<p>O IPMA aponta para uma continua\u00e7\u00e3o da descida do n\u00edvel do Guadiana nas pr\u00f3ximas horas, mas alerta para a poss\u00edvel persist\u00eancia das inunda\u00e7\u00f5es por dias, devido ao ac\u00famulo de \u00e1gua.<\/p>\n<p>A autarquia orienta a popula\u00e7\u00e3o a seguir as indica\u00e7\u00f5es das autoridades de prote\u00e7\u00e3o civil e a n\u00e3o circular pelos tro\u00e7os inundados, mantendo-se informada sobre novas atualiza\u00e7\u00f5es.<\/p>\n","protected":false},"excerpt":{"rendered":"<ul>\n<li>O n\u00edvel do Guadiana desceu cerca de 30 cent\u00edmetros, mas a parte baixa da vila de Alcoutim continua inundada.<\/li>\n<li>A \u00e1gua mant\u00e9m-se elevada, atingindo cerca de 1,20 metros acima do n\u00edvel normal, o que impede a circula\u00e7\u00e3o na rua principal e a entrada de algumas habita\u00e7\u00f5es.<\/li>\n<li>A descida ocorreu esta manh\u00e3, por\u00e9m as inunda\u00e7\u00f5es persistem devido \u00e0 \u00e1gua acumulada na zona baixa, que ainda n\u00e3o escoou.<\/li>\n<li>A C\u00e2mara Municipal acompanha a situa\u00e7\u00e3o e tem mantido contactos com as autoridades de prote\u00e7\u00e3o civil e ambiente para garantir a seguran\u00e7a da popula\u00e7\u00e3o.<\/li>\n<li>O IPMA prev\u00ea nova diminui\u00e7\u00e3o do n\u00edvel nas pr\u00f3ximas horas, mas as inunda\u00e7\u00f5es podem durar v\u00e1rios dias; a autarquia recomenda evitar circular na zona inundada e seguir as indica\u00e7\u00f5es das autoridades.<\/li>\n<\/ul>\n","protected":false},"author":2,"featured_media":201393,"comment_status":"closed","ping_status":"closed","sticky":false,"template":"","format":"standard","meta":{"footnotes":""},"categories":[1],"tags":[1090,3812,928,2409,2293,320],"class_list":["post-201391","post","type-post","status-publish","format-standard","has-post-thumbnail","hentry","category-noticias","tag-agua","tag-alagamentos","tag-algarve","tag-guadiana","tag-inundacoes","tag-protecao-civil"],"yoast_head":"<!-- This site is optimized with the Yoast SEO plugin v27.2 - https:\/\/yoast.com\/product\/yoast-seo-wordpress\/ -->\n<title>N\u00edvel do Guadiana desce, mas inunda\u00e7\u00f5es persistem em Alcoutim - Portal Tela Portugal<\/title>\n<meta name=\"robots\" content=\"index, follow, max-snippet:-1, max-image-preview:large, max-video-preview:-1\" \/>\n<meta property=\"og:locale\" content=\"pt_PT\" \/>\n<meta property=\"og:type\" content=\"article\" \/>\n<meta property=\"og:title\" content=\"N\u00edvel do Guadiana desce, mas inunda\u00e7\u00f5es persistem em Alcoutim - Portal Tela Portugal\" \/>\n<meta property=\"og:description\" content=\"O n\u00edvel do Guadiana desceu cerca de 30 cent\u00edmetros, mas a parte baixa da vila de Alcoutim continua inundada. A \u00e1gua mant\u00e9m-se elevada, atingindo cerca de 1,20 metros acima do n\u00edvel normal, o que impede a circula\u00e7\u00e3o na rua principal e a entrada de algumas habita\u00e7\u00f5es. A descida ocorreu esta manh\u00e3, por\u00e9m as inunda\u00e7\u00f5es persistem devido \u00e0 \u00e1gua acumulada na zona baixa, que ainda n\u00e3o escoou. A C\u00e2mara Municipal acompanha a situa\u00e7\u00e3o e tem mantido contactos com as autoridades de prote\u00e7\u00e3o civil e ambiente para garantir a seguran\u00e7a da popula\u00e7\u00e3o. O IPMA prev\u00ea nova diminui\u00e7\u00e3o do n\u00edvel nas pr\u00f3ximas horas, mas as inunda\u00e7\u00f5es podem durar v\u00e1rios dias; a autarquia recomenda evitar circular na zona inundada e seguir as indica\u00e7\u00f5es das autoridades.\" \/>\n<meta property=\"og:url\" content=\"https:\/\/portaltela.pt\/noticias\/2026\/02\/06\/nivel-do-guadiana-desce-mas-inundacoes-persistem-em-alcoutim-2\/\" \/>\n<meta property=\"og:site_name\" content=\"Portal Tela Portugal\" \/>\n<meta property=\"article:published_time\" content=\"2026-02-06T11:04:00+00:00\" \/>\n<meta name=\"author\" content=\"Telinha\" \/>\n<meta name=\"twitter:card\" content=\"summary_large_image\" \/>\n<meta name=\"twitter:label1\" content=\"Escrito por\" \/>\n\t<meta name=\"twitter:data1\" content=\"Telinha\" \/>\n\t<meta name=\"twitter:label2\" content=\"Tempo estimado de leitura\" \/>\n\t<meta name=\"twitter:data2\" content=\"1 minuto\" \/>\n<script type=\"application\/ld+json\" class=\"yoast-schema-graph\">{\"@context\":\"https:\/\/schema.org\",\"@graph\":[{\"@type\":\"Article\",\"@id\":\"https:\/\/portaltela.pt\/noticias\/2026\/02\/06\/nivel-do-guadiana-desce-mas-inundacoes-persistem-em-alcoutim-2\/#article\",\"isPartOf\":{\"@id\":\"https:\/\/portaltela.pt\/noticias\/2026\/02\/06\/nivel-do-guadiana-desce-mas-inundacoes-persistem-em-alcoutim-2\/\"},\"author\":{\"name\":\"Telinha\",\"@id\":\"https:\/\/portaltela.pt\/#\/schema\/person\/c4278d4a6028830caff9ee44b42d32ed\"},\"headline\":\"N\u00edvel do Guadiana desce, mas inunda\u00e7\u00f5es persistem em Alcoutim\",\"datePublished\":\"2026-02-06T11:04:00+00:00\",\"mainEntityOfPage\":{\"@id\":\"https:\/\/portaltela.pt\/noticias\/2026\/02\/06\/nivel-do-guadiana-desce-mas-inundacoes-persistem-em-alcoutim-2\/\"},\"wordCount\":194,\"image\":{\"@id\":\"https:\/\/portaltela.pt\/noticias\/2026\/02\/06\/nivel-do-guadiana-desce-mas-inundacoes-persistem-em-alcoutim-2\/#primaryimage\"},\"thumbnailUrl\":\"https:\/\/portaltela.pt\/s.01k8rhncp4jt1\/2026\/02\/CACHE_780X1200_ANALOG_WATERMARKED_46492864_6120486_05022026092609.jpg\",\"keywords\":[\"\u00e1gua\",\"alagamentos\",\"Algarve\",\"Guadiana\",\"inunda\u00e7\u00f5es\",\"prote\u00e7\u00e3o civil\"],\"articleSection\":[\"Not\u00edcias\"],\"inLanguage\":\"pt-PT\"},{\"@type\":\"WebPage\",\"@id\":\"https:\/\/portaltela.pt\/noticias\/2026\/02\/06\/nivel-do-guadiana-desce-mas-inundacoes-persistem-em-alcoutim-2\/\",\"url\":\"https:\/\/portaltela.pt\/noticias\/2026\/02\/06\/nivel-do-guadiana-desce-mas-inundacoes-persistem-em-alcoutim-2\/\",\"name\":\"N\u00edvel do Guadiana desce, mas inunda\u00e7\u00f5es persistem em Alcoutim - Portal Tela Portugal\",\"isPartOf\":{\"@id\":\"https:\/\/portaltela.pt\/#website\"},\"primaryImageOfPage\":{\"@id\":\"https:\/\/portaltela.pt\/noticias\/2026\/02\/06\/nivel-do-guadiana-desce-mas-inundacoes-persistem-em-alcoutim-2\/#primaryimage\"},\"image\":{\"@id\":\"https:\/\/portaltela.pt\/noticias\/2026\/02\/06\/nivel-do-guadiana-desce-mas-inundacoes-persistem-em-alcoutim-2\/#primaryimage\"},\"thumbnailUrl\":\"https:\/\/portaltela.pt\/s.01k8rhncp4jt1\/2026\/02\/CACHE_780X1200_ANALOG_WATERMARKED_46492864_6120486_05022026092609.jpg\",\"datePublished\":\"2026-02-06T11:04:00+00:00\",\"author\":{\"@id\":\"https:\/\/portaltela.pt\/#\/schema\/person\/c4278d4a6028830caff9ee44b42d32ed\"},\"breadcrumb\":{\"@id\":\"https:\/\/portaltela.pt\/noticias\/2026\/02\/06\/nivel-do-guadiana-desce-mas-inundacoes-persistem-em-alcoutim-2\/#breadcrumb\"},\"inLanguage\":\"pt-PT\",\"potentialAction\":[{\"@type\":\"ReadAction\",\"target\":[\"https:\/\/portaltela.pt\/noticias\/2026\/02\/06\/nivel-do-guadiana-desce-mas-inundacoes-persistem-em-alcoutim-2\/\"]}]},{\"@type\":\"ImageObject\",\"inLanguage\":\"pt-PT\",\"@id\":\"https:\/\/portaltela.pt\/noticias\/2026\/02\/06\/nivel-do-guadiana-desce-mas-inundacoes-persistem-em-alcoutim-2\/#primaryimage\",\"url\":\"https:\/\/portaltela.pt\/s.01k8rhncp4jt1\/2026\/02\/CACHE_780X1200_ANALOG_WATERMARKED_46492864_6120486_05022026092609.jpg\",\"contentUrl\":\"https:\/\/portaltela.pt\/s.01k8rhncp4jt1\/2026\/02\/CACHE_780X1200_ANALOG_WATERMARKED_46492864_6120486_05022026092609.jpg\",\"width\":796,\"height\":448,\"caption\":\"N\u00edvel do Guadiana desce, mas inunda\u00e7\u00f5es persistem na vila de Alcoutim\"},{\"@type\":\"BreadcrumbList\",\"@id\":\"https:\/\/portaltela.pt\/noticias\/2026\/02\/06\/nivel-do-guadiana-desce-mas-inundacoes-persistem-em-alcoutim-2\/#breadcrumb\",\"itemListElement\":[{\"@type\":\"ListItem\",\"position\":1,\"name\":\"In\u00edcio\",\"item\":\"https:\/\/portaltela.pt\/\"},{\"@type\":\"ListItem\",\"position\":2,\"name\":\"N\u00edvel do Guadiana desce, mas inunda\u00e7\u00f5es persistem em Alcoutim\"}]},{\"@type\":\"WebSite\",\"@id\":\"https:\/\/portaltela.pt\/#website\",\"url\":\"https:\/\/portaltela.pt\/\",\"name\":\"Portal Tela Portugal\",\"description\":\"\",\"potentialAction\":[{\"@type\":\"SearchAction\",\"target\":{\"@type\":\"EntryPoint\",\"urlTemplate\":\"https:\/\/portaltela.pt\/?s={search_term_string}\"},\"query-input\":{\"@type\":\"PropertyValueSpecification\",\"valueRequired\":true,\"valueName\":\"search_term_string\"}}],\"inLanguage\":\"pt-PT\"},{\"@type\":\"Person\",\"@id\":\"https:\/\/portaltela.pt\/#\/schema\/person\/c4278d4a6028830caff9ee44b42d32ed\",\"name\":\"Telinha\",\"image\":{\"@type\":\"ImageObject\",\"inLanguage\":\"pt-PT\",\"@id\":\"https:\/\/portaltela.pt\/s.01k8rhncp4jt1\/2025\/11\/talking-bot-125x125.png\",\"url\":\"https:\/\/portaltela.pt\/s.01k8rhncp4jt1\/2025\/11\/talking-bot-125x125.png\",\"contentUrl\":\"https:\/\/portaltela.pt\/s.01k8rhncp4jt1\/2025\/11\/talking-bot-125x125.png\",\"caption\":\"Telinha\"},\"sameAs\":[\"https:\/\/portaltela.pt\/\"],\"url\":\"https:\/\/portaltela.pt\/por\/367410592786\/\"}]}<\/script>\n<!-- \/ Yoast SEO plugin. -->","yoast_head_json":{"title":"N\u00edvel do Guadiana desce, mas inunda\u00e7\u00f5es persistem em Alcoutim - Portal Tela Portugal","robots":{"index":"index","follow":"follow","max-snippet":"max-snippet:-1","max-image-preview":"max-image-preview:large","max-video-preview":"max-video-preview:-1"},"og_locale":"pt_PT","og_type":"article","og_title":"N\u00edvel do Guadiana desce, mas inunda\u00e7\u00f5es persistem em Alcoutim - Portal Tela Portugal","og_description":"O n\u00edvel do Guadiana desceu cerca de 30 cent\u00edmetros, mas a parte baixa da vila de Alcoutim continua inundada. A \u00e1gua mant\u00e9m-se elevada, atingindo cerca de 1,20 metros acima do n\u00edvel normal, o que impede a circula\u00e7\u00e3o na rua principal e a entrada de algumas habita\u00e7\u00f5es. A descida ocorreu esta manh\u00e3, por\u00e9m as inunda\u00e7\u00f5es persistem devido \u00e0 \u00e1gua acumulada na zona baixa, que ainda n\u00e3o escoou. A C\u00e2mara Municipal acompanha a situa\u00e7\u00e3o e tem mantido contactos com as autoridades de prote\u00e7\u00e3o civil e ambiente para garantir a seguran\u00e7a da popula\u00e7\u00e3o. O IPMA prev\u00ea nova diminui\u00e7\u00e3o do n\u00edvel nas pr\u00f3ximas horas, mas as inunda\u00e7\u00f5es podem durar v\u00e1rios dias; a autarquia recomenda evitar circular na zona inundada e seguir as indica\u00e7\u00f5es das autoridades.","og_url":"https:\/\/portaltela.pt\/noticias\/2026\/02\/06\/nivel-do-guadiana-desce-mas-inundacoes-persistem-em-alcoutim-2\/","og_site_name":"Portal Tela Portugal","article_published_time":"2026-02-06T11:04:00+00:00","author":"Telinha","twitter_card":"summary_large_image","twitter_misc":{"Escrito por":"Telinha","Tempo estimado de leitura":"1 minuto"},"schema":{"@context":"https:\/\/schema.org","@graph":[{"@type":"Article","@id":"https:\/\/portaltela.pt\/noticias\/2026\/02\/06\/nivel-do-guadiana-desce-mas-inundacoes-persistem-em-alcoutim-2\/#article","isPartOf":{"@id":"https:\/\/portaltela.pt\/noticias\/2026\/02\/06\/nivel-do-guadiana-desce-mas-inundacoes-persistem-em-alcoutim-2\/"},"author":{"name":"Telinha","@id":"https:\/\/portaltela.pt\/#\/schema\/person\/c4278d4a6028830caff9ee44b42d32ed"},"headline":"N\u00edvel do Guadiana desce, mas inunda\u00e7\u00f5es persistem em Alcoutim","datePublished":"2026-02-06T11:04:00+00:00","mainEntityOfPage":{"@id":"https:\/\/portaltela.pt\/noticias\/2026\/02\/06\/nivel-do-guadiana-desce-mas-inundacoes-persistem-em-alcoutim-2\/"},"wordCount":194,"image":{"@id":"https:\/\/portaltela.pt\/noticias\/2026\/02\/06\/nivel-do-guadiana-desce-mas-inundacoes-persistem-em-alcoutim-2\/#primaryimage"},"thumbnailUrl":"https:\/\/portaltela.pt\/s.01k8rhncp4jt1\/2026\/02\/CACHE_780X1200_ANALOG_WATERMARKED_46492864_6120486_05022026092609.jpg","keywords":["\u00e1gua","alagamentos","Algarve","Guadiana","inunda\u00e7\u00f5es","prote\u00e7\u00e3o civil"],"articleSection":["Not\u00edcias"],"inLanguage":"pt-PT"},{"@type":"WebPage","@id":"https:\/\/portaltela.pt\/noticias\/2026\/02\/06\/nivel-do-guadiana-desce-mas-inundacoes-persistem-em-alcoutim-2\/","url":"https:\/\/portaltela.pt\/noticias\/2026\/02\/06\/nivel-do-guadiana-desce-mas-inundacoes-persistem-em-alcoutim-2\/","name":"N\u00edvel do Guadiana desce, mas inunda\u00e7\u00f5es persistem em Alcoutim - Portal Tela Portugal","isPartOf":{"@id":"https:\/\/portaltela.pt\/#website"},"primaryImageOfPage":{"@id":"https:\/\/portaltela.pt\/noticias\/2026\/02\/06\/nivel-do-guadiana-desce-mas-inundacoes-persistem-em-alcoutim-2\/#primaryimage"},"image":{"@id":"https:\/\/portaltela.pt\/noticias\/2026\/02\/06\/nivel-do-guadiana-desce-mas-inundacoes-persistem-em-alcoutim-2\/#primaryimage"},"thumbnailUrl":"https:\/\/portaltela.pt\/s.01k8rhncp4jt1\/2026\/02\/CACHE_780X1200_ANALOG_WATERMARKED_46492864_6120486_05022026092609.jpg","datePublished":"2026-02-06T11:04:00+00:00","author":{"@id":"https:\/\/portaltela.pt\/#\/schema\/person\/c4278d4a6028830caff9ee44b42d32ed"},"breadcrumb":{"@id":"https:\/\/portaltela.pt\/noticias\/2026\/02\/06\/nivel-do-guadiana-desce-mas-inundacoes-persistem-em-alcoutim-2\/#breadcrumb"},"inLanguage":"pt-PT","potentialAction":[{"@type":"ReadAction","target":["https:\/\/portaltela.pt\/noticias\/2026\/02\/06\/nivel-do-guadiana-desce-mas-inundacoes-persistem-em-alcoutim-2\/"]}]},{"@type":"ImageObject","inLanguage":"pt-PT","@id":"https:\/\/portaltela.pt\/noticias\/2026\/02\/06\/nivel-do-guadiana-desce-mas-inundacoes-persistem-em-alcoutim-2\/#primaryimage","url":"https:\/\/portaltela.pt\/s.01k8rhncp4jt1\/2026\/02\/CACHE_780X1200_ANALOG_WATERMARKED_46492864_6120486_05022026092609.jpg","contentUrl":"https:\/\/portaltela.pt\/s.01k8rhncp4jt1\/2026\/02\/CACHE_780X1200_ANALOG_WATERMARKED_46492864_6120486_05022026092609.jpg","width":796,"height":448,"caption":"N\u00edvel do Guadiana desce, mas inunda\u00e7\u00f5es persistem na vila de Alcoutim"},{"@type":"BreadcrumbList","@id":"https:\/\/portaltela.pt\/noticias\/2026\/02\/06\/nivel-do-guadiana-desce-mas-inundacoes-persistem-em-alcoutim-2\/#breadcrumb","itemListElement":[{"@type":"ListItem","position":1,"name":"In\u00edcio","item":"https:\/\/portaltela.pt\/"},{"@type":"ListItem","position":2,"name":"N\u00edvel do Guadiana desce, mas inunda\u00e7\u00f5es persistem em Alcoutim"}]},{"@type":"WebSite","@id":"https:\/\/portaltela.pt\/#website","url":"https:\/\/portaltela.pt\/","name":"Portal Tela Portugal","description":"","potentialAction":[{"@type":"SearchAction","target":{"@type":"EntryPoint","urlTemplate":"https:\/\/portaltela.pt\/?s={search_term_string}"},"query-input":{"@type":"PropertyValueSpecification","valueRequired":true,"valueName":"search_term_string"}}],"inLanguage":"pt-PT"},{"@type":"Person","@id":"https:\/\/portaltela.pt\/#\/schema\/person\/c4278d4a6028830caff9ee44b42d32ed","name":"Telinha","image":{"@type":"ImageObject","inLanguage":"pt-PT","@id":"https:\/\/portaltela.pt\/s.01k8rhncp4jt1\/2025\/11\/talking-bot-125x125.png","url":"https:\/\/portaltela.pt\/s.01k8rhncp4jt1\/2025\/11\/talking-bot-125x125.png","contentUrl":"https:\/\/portaltela.pt\/s.01k8rhncp4jt1\/2025\/11\/talking-bot-125x125.png","caption":"Telinha"},"sameAs":["https:\/\/portaltela.pt\/"],"url":"https:\/\/portaltela.pt\/por\/367410592786\/"}]}},"_links":{"self":[{"href":"https:\/\/portaltela.pt\/api\/wp\/v2\/posts\/201391","targetHints":{"allow":["GET"]}}],"collection":[{"href":"https:\/\/portaltela.pt\/api\/wp\/v2\/posts"}],"about":[{"href":"https:\/\/portaltela.pt\/api\/wp\/v2\/types\/post"}],"author":[{"embeddable":true,"href":"https:\/\/portaltela.pt\/api\/wp\/v2\/users\/2"}],"replies":[{"embeddable":true,"href":"https:\/\/portaltela.pt\/api\/wp\/v2\/comments?post=201391"}],"version-history":[{"count":0,"href":"https:\/\/portaltela.pt\/api\/wp\/v2\/posts\/201391\/revisions"}],"wp:featuredmedia":[{"embeddable":true,"href":"https:\/\/portaltela.pt\/api\/wp\/v2\/media\/201393"}],"wp:attachment":[{"href":"https:\/\/portaltela.pt\/api\/wp\/v2\/media?parent=201391"}],"wp:term":[{"taxonomy":"category","embeddable":true,"href":"https:\/\/portaltela.pt\/api\/wp\/v2\/categories?post=201391"},{"taxonomy":"post_tag","embeddable":true,"href":"https:\/\/portaltela.pt\/api\/wp\/v2\/tags?post=201391"}],"curies":[{"name":"wp","href":"https:\/\/api.w.org\/{rel}","templated":true}]}}