{"id":201377,"date":"2026-02-06T08:12:18","date_gmt":"2026-02-06T11:12:18","guid":{"rendered":"https:\/\/portaltela.pt\/noticias\/2026\/02\/06\/rio-minho-transborda-atingindo-termas-novas-de-moncao\/"},"modified":"2026-02-06T08:12:18","modified_gmt":"2026-02-06T11:12:18","slug":"rio-minho-transborda-atingindo-termas-novas-de-moncao","status":"publish","type":"post","link":"https:\/\/portaltela.pt\/noticias\/2026\/02\/06\/rio-minho-transborda-atingindo-termas-novas-de-moncao\/","title":{"rendered":"Rio Minho transborda atingindo termas novas de Mon\u00e7\u00e3o"},"content":{"rendered":"<p>O rio Minho transbordou na madrugada de sexta-feira e atingiu o muro das termas novas de Mon\u00e7\u00e3o. A \u00e1gua invadiu v\u00e1rias zonas, incluindo o parque infantil, o exterior da piscina municipal e o estacionamento do parque das Caldas. A origem do problema \u00e9 a subida do caudal, associada ao mau tempo.<\/p>\n<p>Segundo o comandante dos Bombeiros Volunt\u00e1rios de Mon\u00e7\u00e3o, o n\u00edvel do rio avan\u00e7ou mais de 100 metros a partir do leito, a inundar o r\u00e9s-do-ch\u00e3o das termas velhas. A prioridade \u00e9 evitar que a \u00e1gua chegue \u00e0 cave onde se encontram as bombas do edif\u00edcio.<\/p>\n<p>\u00c0s 07:00, a barragem de Frieira, na Galiza, debitaria cerca de 3.000 metros c\u00fabicos por segundo, dificultando o escoamento. Tamb\u00e9m houve inunda\u00e7\u00f5es em Valen\u00e7a, Vila Nova de Cerveira e Caminha, nomeadamente em Vilar de Mouros, com o transbordo do rio Coura.<\/p>\n<h3>Impacto e respostas<\/h3>\n<p>\u00c0 Lusa, o capit\u00e3o do porto de Caminha explicou que as zonas atingidas j\u00e1 foram identificadas pelos servi\u00e7os municipais de prote\u00e7\u00e3o civil. As autoridades atuam em coordena\u00e7\u00e3o com a capitania para minimizar os impactos do mau tempo.<\/p>\n<p>Durante a madrugada, com a preia-mar, a \u00e1gua do mar atingiu o limite da praia de Moledo. O Comando da Pol\u00edcia Mar\u00edtima confirmou o acompanhamento das \u00e1reas afetadas e o acionamento de meios de prote\u00e7\u00e3o civil.<\/p>\n<h3>Contexto nacional<\/h3>\n<p>No vale do Lima, o n\u00edvel permanece est\u00e1vel desde quinta-feira. A depress\u00e3o Leonardo continua a provocar chuva persistente por todo o territ\u00f3rio. Treze pessoas morreram desde a semana passada devido \u00e0s mesmas intemp\u00e9ries, com centenas de feridos e desalojados.<\/p>\n<p>O Governo prolongou a situa\u00e7\u00e3o de calamidade at\u00e9 ao dia 15 para 68 concelhos, com medidas de apoio at\u00e9 2,5 mil milh\u00f5es de euros. A calamidade foi decretada inicialmente entre 28 de janeiro e 1 de fevereiro para cerca de 60 munic\u00edpios, depois estendida e renovada.<\/p>\n","protected":false},"excerpt":{"rendered":"<ul>\n<li>O rio Minho transbordou na madrugada desta sexta-feira e atingiu o muro das termas novas de Mon\u00e7\u00e3o, inundando o parque infantil, o exterior da piscina municipal e o estacionamento do parque das Caldas.<\/li>\n<li>As \u00e1guas avan\u00e7aram mais de 100 metros a partir do leito, a inundar o r\u00e9s do ch\u00e3o das termas velhas, com preocupa\u00e7\u00e3o na cave onde se encontram as bombas do edif\u00edcio.<\/li>\n<li>O comandante dos Bombeiros Volunt\u00e1rios de Mon\u00e7\u00e3o pediu que as descargas da barragem de Frieira, na Galiza, fossem reduzidas; \u00e0s sete horas, a barragem debitia 3.000 metros c\u00fabicos de \u00e1gua por segundo.<\/li>\n<li>Tamb\u00e9m ocorreram inunda\u00e7\u00f5es em Valen\u00e7a, Vila Nova de Cerveira e Caminha (zona de Vilar de Mouros) devido ao transbordo do rio Coura; \u00e0 noite a mar\u00e9 alta atingiu a praia de Moledo.<\/li>\n<li>Portugal continua sob alerta devido \u00e0 depress\u00e3o Leonardo, com 13 mortes desde a semana passada, calamidade prolongada at\u00e9 15 de fevereiro para 68 concelhos, com apoio de at\u00e9 2,5 mil milh\u00f5es de euros.<\/li>\n<\/ul>\n","protected":false},"author":2,"featured_media":201378,"comment_status":"closed","ping_status":"closed","sticky":false,"template":"","format":"standard","meta":{"footnotes":""},"categories":[1],"tags":[3812,4687,1525,2293,320,3222],"class_list":["post-201377","post","type-post","status-publish","format-standard","has-post-thumbnail","hentry","category-noticias","tag-alagamentos","tag-calamidade-publica","tag-caminha","tag-inundacoes","tag-protecao-civil","tag-valenca"],"yoast_head":"<!-- This site is optimized with the Yoast SEO plugin v27.2 - https:\/\/yoast.com\/product\/yoast-seo-wordpress\/ -->\n<title>Rio Minho transborda atingindo termas novas de Mon\u00e7\u00e3o - Portal Tela Portugal<\/title>\n<meta name=\"robots\" content=\"index, follow, max-snippet:-1, max-image-preview:large, max-video-preview:-1\" \/>\n<meta property=\"og:locale\" content=\"pt_PT\" \/>\n<meta property=\"og:type\" content=\"article\" \/>\n<meta property=\"og:title\" content=\"Rio Minho transborda atingindo termas novas de Mon\u00e7\u00e3o - Portal Tela Portugal\" \/>\n<meta property=\"og:description\" content=\"O rio Minho transbordou na madrugada desta sexta-feira e atingiu o muro das termas novas de Mon\u00e7\u00e3o, inundando o parque infantil, o exterior da piscina municipal e o estacionamento do parque das Caldas. As \u00e1guas avan\u00e7aram mais de 100 metros a partir do leito, a inundar o r\u00e9s do ch\u00e3o das termas velhas, com preocupa\u00e7\u00e3o na cave onde se encontram as bombas do edif\u00edcio. O comandante dos Bombeiros Volunt\u00e1rios de Mon\u00e7\u00e3o pediu que as descargas da barragem de Frieira, na Galiza, fossem reduzidas; \u00e0s sete horas, a barragem debitia 3.000 metros c\u00fabicos de \u00e1gua por segundo. Tamb\u00e9m ocorreram inunda\u00e7\u00f5es em Valen\u00e7a, Vila Nova de Cerveira e Caminha (zona de Vilar de Mouros) devido ao transbordo do rio Coura; \u00e0 noite a mar\u00e9 alta atingiu a praia de Moledo. Portugal continua sob alerta devido \u00e0 depress\u00e3o Leonardo, com 13 mortes desde a semana passada, calamidade prolongada at\u00e9 15 de fevereiro para 68 concelhos, com apoio de at\u00e9 2,5 mil milh\u00f5es de euros.\" \/>\n<meta property=\"og:url\" content=\"https:\/\/portaltela.pt\/noticias\/2026\/02\/06\/rio-minho-transborda-atingindo-termas-novas-de-moncao\/\" \/>\n<meta property=\"og:site_name\" content=\"Portal Tela Portugal\" \/>\n<meta property=\"article:published_time\" content=\"2026-02-06T11:12:18+00:00\" \/>\n<meta name=\"author\" content=\"Telinha\" \/>\n<meta name=\"twitter:card\" content=\"summary_large_image\" \/>\n<meta name=\"twitter:label1\" content=\"Escrito por\" \/>\n\t<meta name=\"twitter:data1\" content=\"Telinha\" \/>\n\t<meta name=\"twitter:label2\" content=\"Tempo estimado de leitura\" \/>\n\t<meta name=\"twitter:data2\" content=\"2 minutos\" \/>\n<script type=\"application\/ld+json\" class=\"yoast-schema-graph\">{\"@context\":\"https:\/\/schema.org\",\"@graph\":[{\"@type\":\"Article\",\"@id\":\"https:\/\/portaltela.pt\/noticias\/2026\/02\/06\/rio-minho-transborda-atingindo-termas-novas-de-moncao\/#article\",\"isPartOf\":{\"@id\":\"https:\/\/portaltela.pt\/noticias\/2026\/02\/06\/rio-minho-transborda-atingindo-termas-novas-de-moncao\/\"},\"author\":{\"name\":\"Telinha\",\"@id\":\"https:\/\/portaltela.pt\/#\/schema\/person\/c4278d4a6028830caff9ee44b42d32ed\"},\"headline\":\"Rio Minho transborda atingindo termas novas de Mon\u00e7\u00e3o\",\"datePublished\":\"2026-02-06T11:12:18+00:00\",\"mainEntityOfPage\":{\"@id\":\"https:\/\/portaltela.pt\/noticias\/2026\/02\/06\/rio-minho-transborda-atingindo-termas-novas-de-moncao\/\"},\"wordCount\":324,\"image\":{\"@id\":\"https:\/\/portaltela.pt\/noticias\/2026\/02\/06\/rio-minho-transborda-atingindo-termas-novas-de-moncao\/#primaryimage\"},\"thumbnailUrl\":\"https:\/\/portaltela.pt\/s.01k8rhncp4jt1\/2026\/02\/img_1500x1000uu2026-02-04-16-22-49-2264756-2.jpg\",\"keywords\":[\"alagamentos\",\"calamidade p\u00fablica\",\"Caminha\",\"inunda\u00e7\u00f5es\",\"prote\u00e7\u00e3o civil\",\"Valen\u00e7a\"],\"articleSection\":[\"Not\u00edcias\"],\"inLanguage\":\"pt-PT\"},{\"@type\":\"WebPage\",\"@id\":\"https:\/\/portaltela.pt\/noticias\/2026\/02\/06\/rio-minho-transborda-atingindo-termas-novas-de-moncao\/\",\"url\":\"https:\/\/portaltela.pt\/noticias\/2026\/02\/06\/rio-minho-transborda-atingindo-termas-novas-de-moncao\/\",\"name\":\"Rio Minho transborda atingindo termas novas de Mon\u00e7\u00e3o - Portal Tela Portugal\",\"isPartOf\":{\"@id\":\"https:\/\/portaltela.pt\/#website\"},\"primaryImageOfPage\":{\"@id\":\"https:\/\/portaltela.pt\/noticias\/2026\/02\/06\/rio-minho-transborda-atingindo-termas-novas-de-moncao\/#primaryimage\"},\"image\":{\"@id\":\"https:\/\/portaltela.pt\/noticias\/2026\/02\/06\/rio-minho-transborda-atingindo-termas-novas-de-moncao\/#primaryimage\"},\"thumbnailUrl\":\"https:\/\/portaltela.pt\/s.01k8rhncp4jt1\/2026\/02\/img_1500x1000uu2026-02-04-16-22-49-2264756-2.jpg\",\"datePublished\":\"2026-02-06T11:12:18+00:00\",\"author\":{\"@id\":\"https:\/\/portaltela.pt\/#\/schema\/person\/c4278d4a6028830caff9ee44b42d32ed\"},\"breadcrumb\":{\"@id\":\"https:\/\/portaltela.pt\/noticias\/2026\/02\/06\/rio-minho-transborda-atingindo-termas-novas-de-moncao\/#breadcrumb\"},\"inLanguage\":\"pt-PT\",\"potentialAction\":[{\"@type\":\"ReadAction\",\"target\":[\"https:\/\/portaltela.pt\/noticias\/2026\/02\/06\/rio-minho-transborda-atingindo-termas-novas-de-moncao\/\"]}]},{\"@type\":\"ImageObject\",\"inLanguage\":\"pt-PT\",\"@id\":\"https:\/\/portaltela.pt\/noticias\/2026\/02\/06\/rio-minho-transborda-atingindo-termas-novas-de-moncao\/#primaryimage\",\"url\":\"https:\/\/portaltela.pt\/s.01k8rhncp4jt1\/2026\/02\/img_1500x1000uu2026-02-04-16-22-49-2264756-2.jpg\",\"contentUrl\":\"https:\/\/portaltela.pt\/s.01k8rhncp4jt1\/2026\/02\/img_1500x1000uu2026-02-04-16-22-49-2264756-2.jpg\",\"width\":796,\"height\":448,\"caption\":\"Bombeiros em Alc\u00e1cer do Sal enfrentam inunda\u00e7\u00f5es no Largo Lu\u00eds de Cam\u00f5es\"},{\"@type\":\"BreadcrumbList\",\"@id\":\"https:\/\/portaltela.pt\/noticias\/2026\/02\/06\/rio-minho-transborda-atingindo-termas-novas-de-moncao\/#breadcrumb\",\"itemListElement\":[{\"@type\":\"ListItem\",\"position\":1,\"name\":\"In\u00edcio\",\"item\":\"https:\/\/portaltela.pt\/\"},{\"@type\":\"ListItem\",\"position\":2,\"name\":\"Rio Minho transborda atingindo termas novas de Mon\u00e7\u00e3o\"}]},{\"@type\":\"WebSite\",\"@id\":\"https:\/\/portaltela.pt\/#website\",\"url\":\"https:\/\/portaltela.pt\/\",\"name\":\"Portal Tela Portugal\",\"description\":\"\",\"potentialAction\":[{\"@type\":\"SearchAction\",\"target\":{\"@type\":\"EntryPoint\",\"urlTemplate\":\"https:\/\/portaltela.pt\/?s={search_term_string}\"},\"query-input\":{\"@type\":\"PropertyValueSpecification\",\"valueRequired\":true,\"valueName\":\"search_term_string\"}}],\"inLanguage\":\"pt-PT\"},{\"@type\":\"Person\",\"@id\":\"https:\/\/portaltela.pt\/#\/schema\/person\/c4278d4a6028830caff9ee44b42d32ed\",\"name\":\"Telinha\",\"image\":{\"@type\":\"ImageObject\",\"inLanguage\":\"pt-PT\",\"@id\":\"https:\/\/portaltela.pt\/s.01k8rhncp4jt1\/2025\/11\/talking-bot-125x125.png\",\"url\":\"https:\/\/portaltela.pt\/s.01k8rhncp4jt1\/2025\/11\/talking-bot-125x125.png\",\"contentUrl\":\"https:\/\/portaltela.pt\/s.01k8rhncp4jt1\/2025\/11\/talking-bot-125x125.png\",\"caption\":\"Telinha\"},\"sameAs\":[\"https:\/\/portaltela.pt\/\"],\"url\":\"https:\/\/portaltela.pt\/por\/367410592786\/\"}]}<\/script>\n<!-- \/ Yoast SEO plugin. -->","yoast_head_json":{"title":"Rio Minho transborda atingindo termas novas de Mon\u00e7\u00e3o - Portal Tela Portugal","robots":{"index":"index","follow":"follow","max-snippet":"max-snippet:-1","max-image-preview":"max-image-preview:large","max-video-preview":"max-video-preview:-1"},"og_locale":"pt_PT","og_type":"article","og_title":"Rio Minho transborda atingindo termas novas de Mon\u00e7\u00e3o - Portal Tela Portugal","og_description":"O rio Minho transbordou na madrugada desta sexta-feira e atingiu o muro das termas novas de Mon\u00e7\u00e3o, inundando o parque infantil, o exterior da piscina municipal e o estacionamento do parque das Caldas. As \u00e1guas avan\u00e7aram mais de 100 metros a partir do leito, a inundar o r\u00e9s do ch\u00e3o das termas velhas, com preocupa\u00e7\u00e3o na cave onde se encontram as bombas do edif\u00edcio. O comandante dos Bombeiros Volunt\u00e1rios de Mon\u00e7\u00e3o pediu que as descargas da barragem de Frieira, na Galiza, fossem reduzidas; \u00e0s sete horas, a barragem debitia 3.000 metros c\u00fabicos de \u00e1gua por segundo. Tamb\u00e9m ocorreram inunda\u00e7\u00f5es em Valen\u00e7a, Vila Nova de Cerveira e Caminha (zona de Vilar de Mouros) devido ao transbordo do rio Coura; \u00e0 noite a mar\u00e9 alta atingiu a praia de Moledo. Portugal continua sob alerta devido \u00e0 depress\u00e3o Leonardo, com 13 mortes desde a semana passada, calamidade prolongada at\u00e9 15 de fevereiro para 68 concelhos, com apoio de at\u00e9 2,5 mil milh\u00f5es de euros.","og_url":"https:\/\/portaltela.pt\/noticias\/2026\/02\/06\/rio-minho-transborda-atingindo-termas-novas-de-moncao\/","og_site_name":"Portal Tela Portugal","article_published_time":"2026-02-06T11:12:18+00:00","author":"Telinha","twitter_card":"summary_large_image","twitter_misc":{"Escrito por":"Telinha","Tempo estimado de leitura":"2 minutos"},"schema":{"@context":"https:\/\/schema.org","@graph":[{"@type":"Article","@id":"https:\/\/portaltela.pt\/noticias\/2026\/02\/06\/rio-minho-transborda-atingindo-termas-novas-de-moncao\/#article","isPartOf":{"@id":"https:\/\/portaltela.pt\/noticias\/2026\/02\/06\/rio-minho-transborda-atingindo-termas-novas-de-moncao\/"},"author":{"name":"Telinha","@id":"https:\/\/portaltela.pt\/#\/schema\/person\/c4278d4a6028830caff9ee44b42d32ed"},"headline":"Rio Minho transborda atingindo termas novas de Mon\u00e7\u00e3o","datePublished":"2026-02-06T11:12:18+00:00","mainEntityOfPage":{"@id":"https:\/\/portaltela.pt\/noticias\/2026\/02\/06\/rio-minho-transborda-atingindo-termas-novas-de-moncao\/"},"wordCount":324,"image":{"@id":"https:\/\/portaltela.pt\/noticias\/2026\/02\/06\/rio-minho-transborda-atingindo-termas-novas-de-moncao\/#primaryimage"},"thumbnailUrl":"https:\/\/portaltela.pt\/s.01k8rhncp4jt1\/2026\/02\/img_1500x1000uu2026-02-04-16-22-49-2264756-2.jpg","keywords":["alagamentos","calamidade p\u00fablica","Caminha","inunda\u00e7\u00f5es","prote\u00e7\u00e3o civil","Valen\u00e7a"],"articleSection":["Not\u00edcias"],"inLanguage":"pt-PT"},{"@type":"WebPage","@id":"https:\/\/portaltela.pt\/noticias\/2026\/02\/06\/rio-minho-transborda-atingindo-termas-novas-de-moncao\/","url":"https:\/\/portaltela.pt\/noticias\/2026\/02\/06\/rio-minho-transborda-atingindo-termas-novas-de-moncao\/","name":"Rio Minho transborda atingindo termas novas de Mon\u00e7\u00e3o - Portal Tela Portugal","isPartOf":{"@id":"https:\/\/portaltela.pt\/#website"},"primaryImageOfPage":{"@id":"https:\/\/portaltela.pt\/noticias\/2026\/02\/06\/rio-minho-transborda-atingindo-termas-novas-de-moncao\/#primaryimage"},"image":{"@id":"https:\/\/portaltela.pt\/noticias\/2026\/02\/06\/rio-minho-transborda-atingindo-termas-novas-de-moncao\/#primaryimage"},"thumbnailUrl":"https:\/\/portaltela.pt\/s.01k8rhncp4jt1\/2026\/02\/img_1500x1000uu2026-02-04-16-22-49-2264756-2.jpg","datePublished":"2026-02-06T11:12:18+00:00","author":{"@id":"https:\/\/portaltela.pt\/#\/schema\/person\/c4278d4a6028830caff9ee44b42d32ed"},"breadcrumb":{"@id":"https:\/\/portaltela.pt\/noticias\/2026\/02\/06\/rio-minho-transborda-atingindo-termas-novas-de-moncao\/#breadcrumb"},"inLanguage":"pt-PT","potentialAction":[{"@type":"ReadAction","target":["https:\/\/portaltela.pt\/noticias\/2026\/02\/06\/rio-minho-transborda-atingindo-termas-novas-de-moncao\/"]}]},{"@type":"ImageObject","inLanguage":"pt-PT","@id":"https:\/\/portaltela.pt\/noticias\/2026\/02\/06\/rio-minho-transborda-atingindo-termas-novas-de-moncao\/#primaryimage","url":"https:\/\/portaltela.pt\/s.01k8rhncp4jt1\/2026\/02\/img_1500x1000uu2026-02-04-16-22-49-2264756-2.jpg","contentUrl":"https:\/\/portaltela.pt\/s.01k8rhncp4jt1\/2026\/02\/img_1500x1000uu2026-02-04-16-22-49-2264756-2.jpg","width":796,"height":448,"caption":"Bombeiros em Alc\u00e1cer do Sal enfrentam inunda\u00e7\u00f5es no Largo Lu\u00eds de Cam\u00f5es"},{"@type":"BreadcrumbList","@id":"https:\/\/portaltela.pt\/noticias\/2026\/02\/06\/rio-minho-transborda-atingindo-termas-novas-de-moncao\/#breadcrumb","itemListElement":[{"@type":"ListItem","position":1,"name":"In\u00edcio","item":"https:\/\/portaltela.pt\/"},{"@type":"ListItem","position":2,"name":"Rio Minho transborda atingindo termas novas de Mon\u00e7\u00e3o"}]},{"@type":"WebSite","@id":"https:\/\/portaltela.pt\/#website","url":"https:\/\/portaltela.pt\/","name":"Portal Tela Portugal","description":"","potentialAction":[{"@type":"SearchAction","target":{"@type":"EntryPoint","urlTemplate":"https:\/\/portaltela.pt\/?s={search_term_string}"},"query-input":{"@type":"PropertyValueSpecification","valueRequired":true,"valueName":"search_term_string"}}],"inLanguage":"pt-PT"},{"@type":"Person","@id":"https:\/\/portaltela.pt\/#\/schema\/person\/c4278d4a6028830caff9ee44b42d32ed","name":"Telinha","image":{"@type":"ImageObject","inLanguage":"pt-PT","@id":"https:\/\/portaltela.pt\/s.01k8rhncp4jt1\/2025\/11\/talking-bot-125x125.png","url":"https:\/\/portaltela.pt\/s.01k8rhncp4jt1\/2025\/11\/talking-bot-125x125.png","contentUrl":"https:\/\/portaltela.pt\/s.01k8rhncp4jt1\/2025\/11\/talking-bot-125x125.png","caption":"Telinha"},"sameAs":["https:\/\/portaltela.pt\/"],"url":"https:\/\/portaltela.pt\/por\/367410592786\/"}]}},"_links":{"self":[{"href":"https:\/\/portaltela.pt\/api\/wp\/v2\/posts\/201377","targetHints":{"allow":["GET"]}}],"collection":[{"href":"https:\/\/portaltela.pt\/api\/wp\/v2\/posts"}],"about":[{"href":"https:\/\/portaltela.pt\/api\/wp\/v2\/types\/post"}],"author":[{"embeddable":true,"href":"https:\/\/portaltela.pt\/api\/wp\/v2\/users\/2"}],"replies":[{"embeddable":true,"href":"https:\/\/portaltela.pt\/api\/wp\/v2\/comments?post=201377"}],"version-history":[{"count":0,"href":"https:\/\/portaltela.pt\/api\/wp\/v2\/posts\/201377\/revisions"}],"wp:featuredmedia":[{"embeddable":true,"href":"https:\/\/portaltela.pt\/api\/wp\/v2\/media\/201378"}],"wp:attachment":[{"href":"https:\/\/portaltela.pt\/api\/wp\/v2\/media?parent=201377"}],"wp:term":[{"taxonomy":"category","embeddable":true,"href":"https:\/\/portaltela.pt\/api\/wp\/v2\/categories?post=201377"},{"taxonomy":"post_tag","embeddable":true,"href":"https:\/\/portaltela.pt\/api\/wp\/v2\/tags?post=201377"}],"curies":[{"name":"wp","href":"https:\/\/api.w.org\/{rel}","templated":true}]}}