{"id":201369,"date":"2026-02-06T08:14:45","date_gmt":"2026-02-06T11:14:45","guid":{"rendered":"https:\/\/portaltela.pt\/noticias\/2026\/02\/06\/jonas-vingegaard-adia-inicio-da-temporada-apos-queda-em-treino\/"},"modified":"2026-02-06T08:14:45","modified_gmt":"2026-02-06T11:14:45","slug":"jonas-vingegaard-adia-inicio-da-temporada-apos-queda-em-treino","status":"publish","type":"post","link":"https:\/\/portaltela.pt\/desporto\/2026\/02\/06\/jonas-vingegaard-adia-inicio-da-temporada-apos-queda-em-treino\/","title":{"rendered":"Jonas Vingegaard adia in\u00edcio da temporada ap\u00f3s queda em treino"},"content":{"rendered":"<p>Jonas Vingegaard adiou o arranque da temporada, falhando a participa\u00e7\u00e3o na Volta aos Emirados \u00c1rabes Unidos. O ciclista dinamarqu\u00eas foi obrigado a cancelar a sua presen\u00e7a ap\u00f3s sofrer uma queda no final de janeiro e ter ficado doente, o que o levou a optar pela recupera\u00e7\u00e3o completa.<\/p>\n<p>O vencedor da \u00faltima Volta a Espanha revelou que pretende proteg\u00ea-la temporada e manter o foco nos objetivos a longo prazo. O poss\u00edvel regresso passa pela Volta \u00e0 Catalunha, de 23 a 29 de mar\u00e7o, se a recupera\u00e7\u00e3o permitir.<\/p>\n<p>Em 26 de janeiro, Vingegaard caiu durante um treino numa descida em Fuente de la Reina, M\u00e1laga, onde tem casa. A equipa Visma-Lease a Bike mostrou na altura que o ciclista n\u00e3o sofreu les\u00f5es graves.<\/p>\n<h3>Planos para a \u00e9poca<\/h3>\n<p>A temporada arranca com a grande aposta na estreia na Volta a It\u00e1lia, onde o dinamarqu\u00eas dever\u00e1 cruzar-se com Jo\u00e3o Almeida (UAE Emirates). Este encontro antecipa o in\u00edcio de uma sequ\u00eancia marcada pela ambi\u00e7\u00e3o de vencer o Tour de Fran\u00e7a pela terceira vez, ap\u00f3s 2022 e 2023.<\/p>\n<p>Vingegaard, com 29 anos, mant\u00e9m a lideran\u00e7a da equipa na prepara\u00e7\u00e3o para o calend\u00e1rio, procurando chegar com condi\u00e7\u00f5es ao objetivo principal do ano. A equipa n\u00e3o revelou uma nova data oficial de regresso ao sprint competitivo.<\/p>\n","protected":false},"excerpt":{"rendered":"<ul>\n<li>O ciclista dinamarqu\u00eas Jonas Vingegaard adiou o arranque da temporada, falhando a Volta aos Emirados \u00c1rabes Unidos (UAE Tour) ap\u00f3s uma queda no final de janeiro e doen\u00e7a subsequente.<\/li>\n<li>Vingegaard disse estar desiludido com a decis\u00e3o, mas necess\u00e1ria para uma recupera\u00e7\u00e3o total e para proteger os objetivos da \u00e9poca.<\/li>\n<li>O objetivo inicial da temporada passa pela Volta \u00e0 Catalunha, de 23 a 29 de mar\u00e7o.<\/li>\n<li>A queda ocorreu a 26 de janeiro, numa descida em Fuente de la Reina, M\u00e1laga (Espanha), num treino em que n\u00e3o ter\u00e1 sofrido les\u00f5es graves.<\/li>\n<li>O grande objetivo inicial \u00e9 a estreia na Volta a It\u00e1lia, seguindo-se o Tour de France, onde deseja conquistar a terceira vit\u00f3ria geral.<\/li>\n<\/ul>\n","protected":false},"author":2,"featured_media":201371,"comment_status":"closed","ping_status":"closed","sticky":false,"template":"","format":"standard","meta":{"footnotes":""},"categories":[21],"tags":[923,2503,60,5433,2538,1347],"class_list":["post-201369","post","type-post","status-publish","format-standard","has-post-thumbnail","hentry","category-desporto","tag-ciclismo","tag-dinamarca","tag-esportes","tag-esportes-internacionais","tag-lesoes","tag-volta-a-catalunha"],"yoast_head":"<!-- This site is optimized with the Yoast SEO plugin v27.2 - https:\/\/yoast.com\/product\/yoast-seo-wordpress\/ -->\n<title>Jonas Vingegaard adia in\u00edcio da temporada ap\u00f3s queda em treino - Portal Tela Portugal<\/title>\n<meta name=\"robots\" content=\"index, follow, max-snippet:-1, max-image-preview:large, max-video-preview:-1\" \/>\n<meta property=\"og:locale\" content=\"pt_PT\" \/>\n<meta property=\"og:type\" content=\"article\" \/>\n<meta property=\"og:title\" content=\"Jonas Vingegaard adia in\u00edcio da temporada ap\u00f3s queda em treino - Portal Tela Portugal\" \/>\n<meta property=\"og:description\" content=\"O ciclista dinamarqu\u00eas Jonas Vingegaard adiou o arranque da temporada, falhando a Volta aos Emirados \u00c1rabes Unidos (UAE Tour) ap\u00f3s uma queda no final de janeiro e doen\u00e7a subsequente. Vingegaard disse estar desiludido com a decis\u00e3o, mas necess\u00e1ria para uma recupera\u00e7\u00e3o total e para proteger os objetivos da \u00e9poca. O objetivo inicial da temporada passa pela Volta \u00e0 Catalunha, de 23 a 29 de mar\u00e7o. A queda ocorreu a 26 de janeiro, numa descida em Fuente de la Reina, M\u00e1laga (Espanha), num treino em que n\u00e3o ter\u00e1 sofrido les\u00f5es graves. O grande objetivo inicial \u00e9 a estreia na Volta a It\u00e1lia, seguindo-se o Tour de France, onde deseja conquistar a terceira vit\u00f3ria geral.\" \/>\n<meta property=\"og:url\" content=\"https:\/\/portaltela.pt\/noticias\/2026\/02\/06\/jonas-vingegaard-adia-inicio-da-temporada-apos-queda-em-treino\/\" \/>\n<meta property=\"og:site_name\" content=\"Portal Tela Portugal\" \/>\n<meta property=\"article:published_time\" content=\"2026-02-06T11:14:45+00:00\" \/>\n<meta name=\"author\" content=\"Telinha\" \/>\n<meta name=\"twitter:card\" content=\"summary_large_image\" \/>\n<meta name=\"twitter:label1\" content=\"Escrito por\" \/>\n\t<meta name=\"twitter:data1\" content=\"Telinha\" \/>\n\t<meta name=\"twitter:label2\" content=\"Tempo estimado de leitura\" \/>\n\t<meta name=\"twitter:data2\" content=\"1 minuto\" \/>\n<script type=\"application\/ld+json\" class=\"yoast-schema-graph\">{\"@context\":\"https:\/\/schema.org\",\"@graph\":[{\"@type\":\"Article\",\"@id\":\"https:\/\/portaltela.pt\/noticias\/2026\/02\/06\/jonas-vingegaard-adia-inicio-da-temporada-apos-queda-em-treino\/#article\",\"isPartOf\":{\"@id\":\"https:\/\/portaltela.pt\/noticias\/2026\/02\/06\/jonas-vingegaard-adia-inicio-da-temporada-apos-queda-em-treino\/\"},\"author\":{\"name\":\"Telinha\",\"@id\":\"https:\/\/portaltela.pt\/#\/schema\/person\/c4278d4a6028830caff9ee44b42d32ed\"},\"headline\":\"Jonas Vingegaard adia in\u00edcio da temporada ap\u00f3s queda em treino\",\"datePublished\":\"2026-02-06T11:14:45+00:00\",\"mainEntityOfPage\":{\"@id\":\"https:\/\/portaltela.pt\/noticias\/2026\/02\/06\/jonas-vingegaard-adia-inicio-da-temporada-apos-queda-em-treino\/\"},\"wordCount\":239,\"image\":{\"@id\":\"https:\/\/portaltela.pt\/noticias\/2026\/02\/06\/jonas-vingegaard-adia-inicio-da-temporada-apos-queda-em-treino\/#primaryimage\"},\"thumbnailUrl\":\"https:\/\/portaltela.pt\/s.01k8rhncp4jt1\/2026\/02\/img_920x518uu2026-02-06-11-12-24-2419919.jpg\",\"keywords\":[\"ciclismo\",\"Dinamarca\",\"esportes\",\"esportes internacionais\",\"les\u00f5es\",\"Volta a Catalunha\"],\"articleSection\":[\"Desporto\"],\"inLanguage\":\"pt-PT\"},{\"@type\":\"WebPage\",\"@id\":\"https:\/\/portaltela.pt\/noticias\/2026\/02\/06\/jonas-vingegaard-adia-inicio-da-temporada-apos-queda-em-treino\/\",\"url\":\"https:\/\/portaltela.pt\/noticias\/2026\/02\/06\/jonas-vingegaard-adia-inicio-da-temporada-apos-queda-em-treino\/\",\"name\":\"Jonas Vingegaard adia in\u00edcio da temporada ap\u00f3s queda em treino - Portal Tela Portugal\",\"isPartOf\":{\"@id\":\"https:\/\/portaltela.pt\/#website\"},\"primaryImageOfPage\":{\"@id\":\"https:\/\/portaltela.pt\/noticias\/2026\/02\/06\/jonas-vingegaard-adia-inicio-da-temporada-apos-queda-em-treino\/#primaryimage\"},\"image\":{\"@id\":\"https:\/\/portaltela.pt\/noticias\/2026\/02\/06\/jonas-vingegaard-adia-inicio-da-temporada-apos-queda-em-treino\/#primaryimage\"},\"thumbnailUrl\":\"https:\/\/portaltela.pt\/s.01k8rhncp4jt1\/2026\/02\/img_920x518uu2026-02-06-11-12-24-2419919.jpg\",\"datePublished\":\"2026-02-06T11:14:45+00:00\",\"author\":{\"@id\":\"https:\/\/portaltela.pt\/#\/schema\/person\/c4278d4a6028830caff9ee44b42d32ed\"},\"breadcrumb\":{\"@id\":\"https:\/\/portaltela.pt\/noticias\/2026\/02\/06\/jonas-vingegaard-adia-inicio-da-temporada-apos-queda-em-treino\/#breadcrumb\"},\"inLanguage\":\"pt-PT\",\"potentialAction\":[{\"@type\":\"ReadAction\",\"target\":[\"https:\/\/portaltela.pt\/noticias\/2026\/02\/06\/jonas-vingegaard-adia-inicio-da-temporada-apos-queda-em-treino\/\"]}]},{\"@type\":\"ImageObject\",\"inLanguage\":\"pt-PT\",\"@id\":\"https:\/\/portaltela.pt\/noticias\/2026\/02\/06\/jonas-vingegaard-adia-inicio-da-temporada-apos-queda-em-treino\/#primaryimage\",\"url\":\"https:\/\/portaltela.pt\/s.01k8rhncp4jt1\/2026\/02\/img_920x518uu2026-02-06-11-12-24-2419919.jpg\",\"contentUrl\":\"https:\/\/portaltela.pt\/s.01k8rhncp4jt1\/2026\/02\/img_920x518uu2026-02-06-11-12-24-2419919.jpg\",\"width\":796,\"height\":448,\"caption\":\"Jonas Vingegaard recupera de queda sofrida em janeiro\"},{\"@type\":\"BreadcrumbList\",\"@id\":\"https:\/\/portaltela.pt\/noticias\/2026\/02\/06\/jonas-vingegaard-adia-inicio-da-temporada-apos-queda-em-treino\/#breadcrumb\",\"itemListElement\":[{\"@type\":\"ListItem\",\"position\":1,\"name\":\"In\u00edcio\",\"item\":\"https:\/\/portaltela.pt\/\"},{\"@type\":\"ListItem\",\"position\":2,\"name\":\"Jonas Vingegaard adia in\u00edcio da temporada ap\u00f3s queda em treino\"}]},{\"@type\":\"WebSite\",\"@id\":\"https:\/\/portaltela.pt\/#website\",\"url\":\"https:\/\/portaltela.pt\/\",\"name\":\"Portal Tela Portugal\",\"description\":\"\",\"potentialAction\":[{\"@type\":\"SearchAction\",\"target\":{\"@type\":\"EntryPoint\",\"urlTemplate\":\"https:\/\/portaltela.pt\/?s={search_term_string}\"},\"query-input\":{\"@type\":\"PropertyValueSpecification\",\"valueRequired\":true,\"valueName\":\"search_term_string\"}}],\"inLanguage\":\"pt-PT\"},{\"@type\":\"Person\",\"@id\":\"https:\/\/portaltela.pt\/#\/schema\/person\/c4278d4a6028830caff9ee44b42d32ed\",\"name\":\"Telinha\",\"image\":{\"@type\":\"ImageObject\",\"inLanguage\":\"pt-PT\",\"@id\":\"https:\/\/portaltela.pt\/s.01k8rhncp4jt1\/2025\/11\/talking-bot-125x125.png\",\"url\":\"https:\/\/portaltela.pt\/s.01k8rhncp4jt1\/2025\/11\/talking-bot-125x125.png\",\"contentUrl\":\"https:\/\/portaltela.pt\/s.01k8rhncp4jt1\/2025\/11\/talking-bot-125x125.png\",\"caption\":\"Telinha\"},\"sameAs\":[\"https:\/\/portaltela.pt\/\"],\"url\":\"https:\/\/portaltela.pt\/por\/367410592786\/\"}]}<\/script>\n<!-- \/ Yoast SEO plugin. -->","yoast_head_json":{"title":"Jonas Vingegaard adia in\u00edcio da temporada ap\u00f3s queda em treino - Portal Tela Portugal","robots":{"index":"index","follow":"follow","max-snippet":"max-snippet:-1","max-image-preview":"max-image-preview:large","max-video-preview":"max-video-preview:-1"},"og_locale":"pt_PT","og_type":"article","og_title":"Jonas Vingegaard adia in\u00edcio da temporada ap\u00f3s queda em treino - Portal Tela Portugal","og_description":"O ciclista dinamarqu\u00eas Jonas Vingegaard adiou o arranque da temporada, falhando a Volta aos Emirados \u00c1rabes Unidos (UAE Tour) ap\u00f3s uma queda no final de janeiro e doen\u00e7a subsequente. Vingegaard disse estar desiludido com a decis\u00e3o, mas necess\u00e1ria para uma recupera\u00e7\u00e3o total e para proteger os objetivos da \u00e9poca. O objetivo inicial da temporada passa pela Volta \u00e0 Catalunha, de 23 a 29 de mar\u00e7o. A queda ocorreu a 26 de janeiro, numa descida em Fuente de la Reina, M\u00e1laga (Espanha), num treino em que n\u00e3o ter\u00e1 sofrido les\u00f5es graves. O grande objetivo inicial \u00e9 a estreia na Volta a It\u00e1lia, seguindo-se o Tour de France, onde deseja conquistar a terceira vit\u00f3ria geral.","og_url":"https:\/\/portaltela.pt\/noticias\/2026\/02\/06\/jonas-vingegaard-adia-inicio-da-temporada-apos-queda-em-treino\/","og_site_name":"Portal Tela Portugal","article_published_time":"2026-02-06T11:14:45+00:00","author":"Telinha","twitter_card":"summary_large_image","twitter_misc":{"Escrito por":"Telinha","Tempo estimado de leitura":"1 minuto"},"schema":{"@context":"https:\/\/schema.org","@graph":[{"@type":"Article","@id":"https:\/\/portaltela.pt\/noticias\/2026\/02\/06\/jonas-vingegaard-adia-inicio-da-temporada-apos-queda-em-treino\/#article","isPartOf":{"@id":"https:\/\/portaltela.pt\/noticias\/2026\/02\/06\/jonas-vingegaard-adia-inicio-da-temporada-apos-queda-em-treino\/"},"author":{"name":"Telinha","@id":"https:\/\/portaltela.pt\/#\/schema\/person\/c4278d4a6028830caff9ee44b42d32ed"},"headline":"Jonas Vingegaard adia in\u00edcio da temporada ap\u00f3s queda em treino","datePublished":"2026-02-06T11:14:45+00:00","mainEntityOfPage":{"@id":"https:\/\/portaltela.pt\/noticias\/2026\/02\/06\/jonas-vingegaard-adia-inicio-da-temporada-apos-queda-em-treino\/"},"wordCount":239,"image":{"@id":"https:\/\/portaltela.pt\/noticias\/2026\/02\/06\/jonas-vingegaard-adia-inicio-da-temporada-apos-queda-em-treino\/#primaryimage"},"thumbnailUrl":"https:\/\/portaltela.pt\/s.01k8rhncp4jt1\/2026\/02\/img_920x518uu2026-02-06-11-12-24-2419919.jpg","keywords":["ciclismo","Dinamarca","esportes","esportes internacionais","les\u00f5es","Volta a Catalunha"],"articleSection":["Desporto"],"inLanguage":"pt-PT"},{"@type":"WebPage","@id":"https:\/\/portaltela.pt\/noticias\/2026\/02\/06\/jonas-vingegaard-adia-inicio-da-temporada-apos-queda-em-treino\/","url":"https:\/\/portaltela.pt\/noticias\/2026\/02\/06\/jonas-vingegaard-adia-inicio-da-temporada-apos-queda-em-treino\/","name":"Jonas Vingegaard adia in\u00edcio da temporada ap\u00f3s queda em treino - Portal Tela Portugal","isPartOf":{"@id":"https:\/\/portaltela.pt\/#website"},"primaryImageOfPage":{"@id":"https:\/\/portaltela.pt\/noticias\/2026\/02\/06\/jonas-vingegaard-adia-inicio-da-temporada-apos-queda-em-treino\/#primaryimage"},"image":{"@id":"https:\/\/portaltela.pt\/noticias\/2026\/02\/06\/jonas-vingegaard-adia-inicio-da-temporada-apos-queda-em-treino\/#primaryimage"},"thumbnailUrl":"https:\/\/portaltela.pt\/s.01k8rhncp4jt1\/2026\/02\/img_920x518uu2026-02-06-11-12-24-2419919.jpg","datePublished":"2026-02-06T11:14:45+00:00","author":{"@id":"https:\/\/portaltela.pt\/#\/schema\/person\/c4278d4a6028830caff9ee44b42d32ed"},"breadcrumb":{"@id":"https:\/\/portaltela.pt\/noticias\/2026\/02\/06\/jonas-vingegaard-adia-inicio-da-temporada-apos-queda-em-treino\/#breadcrumb"},"inLanguage":"pt-PT","potentialAction":[{"@type":"ReadAction","target":["https:\/\/portaltela.pt\/noticias\/2026\/02\/06\/jonas-vingegaard-adia-inicio-da-temporada-apos-queda-em-treino\/"]}]},{"@type":"ImageObject","inLanguage":"pt-PT","@id":"https:\/\/portaltela.pt\/noticias\/2026\/02\/06\/jonas-vingegaard-adia-inicio-da-temporada-apos-queda-em-treino\/#primaryimage","url":"https:\/\/portaltela.pt\/s.01k8rhncp4jt1\/2026\/02\/img_920x518uu2026-02-06-11-12-24-2419919.jpg","contentUrl":"https:\/\/portaltela.pt\/s.01k8rhncp4jt1\/2026\/02\/img_920x518uu2026-02-06-11-12-24-2419919.jpg","width":796,"height":448,"caption":"Jonas Vingegaard recupera de queda sofrida em janeiro"},{"@type":"BreadcrumbList","@id":"https:\/\/portaltela.pt\/noticias\/2026\/02\/06\/jonas-vingegaard-adia-inicio-da-temporada-apos-queda-em-treino\/#breadcrumb","itemListElement":[{"@type":"ListItem","position":1,"name":"In\u00edcio","item":"https:\/\/portaltela.pt\/"},{"@type":"ListItem","position":2,"name":"Jonas Vingegaard adia in\u00edcio da temporada ap\u00f3s queda em treino"}]},{"@type":"WebSite","@id":"https:\/\/portaltela.pt\/#website","url":"https:\/\/portaltela.pt\/","name":"Portal Tela Portugal","description":"","potentialAction":[{"@type":"SearchAction","target":{"@type":"EntryPoint","urlTemplate":"https:\/\/portaltela.pt\/?s={search_term_string}"},"query-input":{"@type":"PropertyValueSpecification","valueRequired":true,"valueName":"search_term_string"}}],"inLanguage":"pt-PT"},{"@type":"Person","@id":"https:\/\/portaltela.pt\/#\/schema\/person\/c4278d4a6028830caff9ee44b42d32ed","name":"Telinha","image":{"@type":"ImageObject","inLanguage":"pt-PT","@id":"https:\/\/portaltela.pt\/s.01k8rhncp4jt1\/2025\/11\/talking-bot-125x125.png","url":"https:\/\/portaltela.pt\/s.01k8rhncp4jt1\/2025\/11\/talking-bot-125x125.png","contentUrl":"https:\/\/portaltela.pt\/s.01k8rhncp4jt1\/2025\/11\/talking-bot-125x125.png","caption":"Telinha"},"sameAs":["https:\/\/portaltela.pt\/"],"url":"https:\/\/portaltela.pt\/por\/367410592786\/"}]}},"_links":{"self":[{"href":"https:\/\/portaltela.pt\/api\/wp\/v2\/posts\/201369","targetHints":{"allow":["GET"]}}],"collection":[{"href":"https:\/\/portaltela.pt\/api\/wp\/v2\/posts"}],"about":[{"href":"https:\/\/portaltela.pt\/api\/wp\/v2\/types\/post"}],"author":[{"embeddable":true,"href":"https:\/\/portaltela.pt\/api\/wp\/v2\/users\/2"}],"replies":[{"embeddable":true,"href":"https:\/\/portaltela.pt\/api\/wp\/v2\/comments?post=201369"}],"version-history":[{"count":0,"href":"https:\/\/portaltela.pt\/api\/wp\/v2\/posts\/201369\/revisions"}],"wp:featuredmedia":[{"embeddable":true,"href":"https:\/\/portaltela.pt\/api\/wp\/v2\/media\/201371"}],"wp:attachment":[{"href":"https:\/\/portaltela.pt\/api\/wp\/v2\/media?parent=201369"}],"wp:term":[{"taxonomy":"category","embeddable":true,"href":"https:\/\/portaltela.pt\/api\/wp\/v2\/categories?post=201369"},{"taxonomy":"post_tag","embeddable":true,"href":"https:\/\/portaltela.pt\/api\/wp\/v2\/tags?post=201369"}],"curies":[{"name":"wp","href":"https:\/\/api.w.org\/{rel}","templated":true}]}}