{"id":201347,"date":"2026-02-06T07:50:00","date_gmt":"2026-02-06T10:50:00","guid":{"rendered":"https:\/\/portaltela.pt\/noticias\/2026\/02\/06\/quem-perdeu-o-cartao-de-cidadao-na-tempestade-pode-renova-lo-sem-custos\/"},"modified":"2026-02-06T07:50:00","modified_gmt":"2026-02-06T10:50:00","slug":"quem-perdeu-o-cartao-de-cidadao-na-tempestade-pode-renova-lo-sem-custos","status":"publish","type":"post","link":"https:\/\/portaltela.pt\/noticias\/politica\/2026\/02\/06\/quem-perdeu-o-cartao-de-cidadao-na-tempestade-pode-renova-lo-sem-custos\/","title":{"rendered":"Quem perdeu o Cart\u00e3o de Cidad\u00e3o na tempestade pode renov\u00e1-lo sem custos"},"content":{"rendered":"<p>Quem perdeu o cart\u00e3o de cidad\u00e3o devido \u00e0 tempestade Kristin pode renovar sem custos. A medida, publicada em Di\u00e1rio da Rep\u00fablica, aplica-se apenas a perdas comprovadas causadas pelo mau tempo. O pedido de renova\u00e7\u00e3o deve ser feito at\u00e9 ao final de mar\u00e7o.<\/p>\n<p>A portaria, assinada pela secret\u00e1ria de Estado da Justi\u00e7a, Ana Lu\u00edsa Machado, prev\u00ea a isen\u00e7\u00e3o de taxas pela renova\u00e7\u00e3o do cart\u00e3o de cidad\u00e3o perdido, extraviado ou inutilizado, desde que o motivo seja imput\u00e1vel aos fen\u00f3menos adversos ocorridos nos concelhos abrangidos pela calamidade. A lista de munic\u00edpios inclui dezenas de localidades, entre Abrantes, Leiria, Coimbra e Santar\u00e9m.<\/p>\n<p>A isen\u00e7\u00e3o estende\u2011se tamb\u00e9m ao bilhete de identidade vital\u00edcio. Quem perdeu esse documento pode pedir uma segunda via nos casos de perda, extravio ou inutiliza\u00e7\u00e3o motivados pela tempestade.<\/p>\n<h3>\u00c2mbito da isen\u00e7\u00e3o<\/h3>\n<p>Os pedidos devem ser apresentados at\u00e9 31 de mar\u00e7o. A portaria entra em vigor a 28 de janeiro, data em que Kristin causou estragos principalmente nos distritos de Leiria, Coimbra e Santar\u00e9m.<\/p>\n<h3>Condi\u00e7\u00f5es e confirma\u00e7\u00e3o<\/h3>\n<p>A autoridade lembra que a isen\u00e7\u00e3o \u00e9 aplic\u00e1vel apenas quando a perda for comprovadamente imput\u00e1vel aos fen\u00f3menos adversos. O Governo mant\u00e9m vigil\u00e2ncia sobre a extens\u00e3o dos danos e sobre eventuais novas ocorr\u00eancias relacionadas com precipita\u00e7\u00e3o e ventos fortes.<\/p>\n","protected":false},"excerpt":{"rendered":"<ul>\n<li>Quem perdeu o cart\u00e3o de cidad\u00e3o ou ficou com ele inutilizado devido \u00e0 tempestade Kristin pode renov\u00e1-lo sem custos.<\/li>\n<li>A isen\u00e7\u00e3o de taxas aplica-se a perdas comprovadas imput\u00e1veis ao mau tempo, e tamb\u00e9m ao bilhete de identidade vital\u00edcio em casos de perda, extravio ou inutiliza\u00e7\u00e3o.<\/li>\n<li>Os pedidos de renova\u00e7\u00e3o devem ser apresentados at\u00e9 31 de mar\u00e7o; a portaria entra em vigor a 28 de janeiro.<\/li>\n<li>Est\u00e3o abrangidos v\u00e1rios concelhos, incluindo Leiria, Coimbra e Santar\u00e9m, entre outros identificados pela calamidade provocada pela tempestade.<\/li>\n<li>O Governo mant\u00e9m aten\u00e7\u00e3o \u00e0 extens\u00e3o dos danos e a poss\u00edveis evolu\u00e7\u00f5es de outros fen\u00f3menos adversos, como cheias e deslizamentos.<\/li>\n<\/ul>\n","protected":false},"author":2,"featured_media":201355,"comment_status":"closed","ping_status":"closed","sticky":false,"template":"","format":"standard","meta":{"footnotes":""},"categories":[1,5],"tags":[1263,4687,3823,1070,2605,898],"class_list":["post-201347","post","type-post","status-publish","format-standard","has-post-thumbnail","hentry","category-noticias","category-politica","tag-abrantes","tag-calamidade-publica","tag-cartao-de-cidadao","tag-coimbra","tag-documentos","tag-santarem"],"yoast_head":"<!-- This site is optimized with the Yoast SEO plugin v27.2 - https:\/\/yoast.com\/product\/yoast-seo-wordpress\/ -->\n<title>Quem perdeu o Cart\u00e3o de Cidad\u00e3o na tempestade pode renov\u00e1-lo sem custos - Portal Tela Portugal<\/title>\n<meta name=\"robots\" content=\"index, follow, max-snippet:-1, max-image-preview:large, max-video-preview:-1\" \/>\n<meta property=\"og:locale\" content=\"pt_PT\" \/>\n<meta property=\"og:type\" content=\"article\" \/>\n<meta property=\"og:title\" content=\"Quem perdeu o Cart\u00e3o de Cidad\u00e3o na tempestade pode renov\u00e1-lo sem custos - Portal Tela Portugal\" \/>\n<meta property=\"og:description\" content=\"Quem perdeu o cart\u00e3o de cidad\u00e3o ou ficou com ele inutilizado devido \u00e0 tempestade Kristin pode renov\u00e1-lo sem custos. A isen\u00e7\u00e3o de taxas aplica-se a perdas comprovadas imput\u00e1veis ao mau tempo, e tamb\u00e9m ao bilhete de identidade vital\u00edcio em casos de perda, extravio ou inutiliza\u00e7\u00e3o. Os pedidos de renova\u00e7\u00e3o devem ser apresentados at\u00e9 31 de mar\u00e7o; a portaria entra em vigor a 28 de janeiro. Est\u00e3o abrangidos v\u00e1rios concelhos, incluindo Leiria, Coimbra e Santar\u00e9m, entre outros identificados pela calamidade provocada pela tempestade. O Governo mant\u00e9m aten\u00e7\u00e3o \u00e0 extens\u00e3o dos danos e a poss\u00edveis evolu\u00e7\u00f5es de outros fen\u00f3menos adversos, como cheias e deslizamentos.\" \/>\n<meta property=\"og:url\" content=\"https:\/\/portaltela.pt\/noticias\/2026\/02\/06\/quem-perdeu-o-cartao-de-cidadao-na-tempestade-pode-renova-lo-sem-custos\/\" \/>\n<meta property=\"og:site_name\" content=\"Portal Tela Portugal\" \/>\n<meta property=\"article:published_time\" content=\"2026-02-06T10:50:00+00:00\" \/>\n<meta name=\"author\" content=\"Telinha\" \/>\n<meta name=\"twitter:card\" content=\"summary_large_image\" \/>\n<meta name=\"twitter:label1\" content=\"Escrito por\" \/>\n\t<meta name=\"twitter:data1\" content=\"Telinha\" \/>\n\t<meta name=\"twitter:label2\" content=\"Tempo estimado de leitura\" \/>\n\t<meta name=\"twitter:data2\" content=\"1 minuto\" \/>\n<script type=\"application\/ld+json\" class=\"yoast-schema-graph\">{\"@context\":\"https:\/\/schema.org\",\"@graph\":[{\"@type\":\"Article\",\"@id\":\"https:\/\/portaltela.pt\/noticias\/2026\/02\/06\/quem-perdeu-o-cartao-de-cidadao-na-tempestade-pode-renova-lo-sem-custos\/#article\",\"isPartOf\":{\"@id\":\"https:\/\/portaltela.pt\/noticias\/2026\/02\/06\/quem-perdeu-o-cartao-de-cidadao-na-tempestade-pode-renova-lo-sem-custos\/\"},\"author\":{\"name\":\"Telinha\",\"@id\":\"https:\/\/portaltela.pt\/#\/schema\/person\/c4278d4a6028830caff9ee44b42d32ed\"},\"headline\":\"Quem perdeu o Cart\u00e3o de Cidad\u00e3o na tempestade pode renov\u00e1-lo sem custos\",\"datePublished\":\"2026-02-06T10:50:00+00:00\",\"mainEntityOfPage\":{\"@id\":\"https:\/\/portaltela.pt\/noticias\/2026\/02\/06\/quem-perdeu-o-cartao-de-cidadao-na-tempestade-pode-renova-lo-sem-custos\/\"},\"wordCount\":249,\"image\":{\"@id\":\"https:\/\/portaltela.pt\/noticias\/2026\/02\/06\/quem-perdeu-o-cartao-de-cidadao-na-tempestade-pode-renova-lo-sem-custos\/#primaryimage\"},\"thumbnailUrl\":\"https:\/\/portaltela.pt\/s.01k8rhncp4jt1\/2026\/02\/img_920x518uu2026-02-06-10-48-47-2419917-im-639059717623846047.jpg\",\"keywords\":[\"Abrantes\",\"calamidade p\u00fablica\",\"Cart\u00e3o de Cidad\u00e3o\",\"Coimbra\",\"documentos\",\"Santar\u00e9m\"],\"articleSection\":[\"Not\u00edcias\",\"Pol\u00edtica\"],\"inLanguage\":\"pt-PT\"},{\"@type\":\"WebPage\",\"@id\":\"https:\/\/portaltela.pt\/noticias\/2026\/02\/06\/quem-perdeu-o-cartao-de-cidadao-na-tempestade-pode-renova-lo-sem-custos\/\",\"url\":\"https:\/\/portaltela.pt\/noticias\/2026\/02\/06\/quem-perdeu-o-cartao-de-cidadao-na-tempestade-pode-renova-lo-sem-custos\/\",\"name\":\"Quem perdeu o Cart\u00e3o de Cidad\u00e3o na tempestade pode renov\u00e1-lo sem custos - Portal Tela Portugal\",\"isPartOf\":{\"@id\":\"https:\/\/portaltela.pt\/#website\"},\"primaryImageOfPage\":{\"@id\":\"https:\/\/portaltela.pt\/noticias\/2026\/02\/06\/quem-perdeu-o-cartao-de-cidadao-na-tempestade-pode-renova-lo-sem-custos\/#primaryimage\"},\"image\":{\"@id\":\"https:\/\/portaltela.pt\/noticias\/2026\/02\/06\/quem-perdeu-o-cartao-de-cidadao-na-tempestade-pode-renova-lo-sem-custos\/#primaryimage\"},\"thumbnailUrl\":\"https:\/\/portaltela.pt\/s.01k8rhncp4jt1\/2026\/02\/img_920x518uu2026-02-06-10-48-47-2419917-im-639059717623846047.jpg\",\"datePublished\":\"2026-02-06T10:50:00+00:00\",\"author\":{\"@id\":\"https:\/\/portaltela.pt\/#\/schema\/person\/c4278d4a6028830caff9ee44b42d32ed\"},\"breadcrumb\":{\"@id\":\"https:\/\/portaltela.pt\/noticias\/2026\/02\/06\/quem-perdeu-o-cartao-de-cidadao-na-tempestade-pode-renova-lo-sem-custos\/#breadcrumb\"},\"inLanguage\":\"pt-PT\",\"potentialAction\":[{\"@type\":\"ReadAction\",\"target\":[\"https:\/\/portaltela.pt\/noticias\/2026\/02\/06\/quem-perdeu-o-cartao-de-cidadao-na-tempestade-pode-renova-lo-sem-custos\/\"]}]},{\"@type\":\"ImageObject\",\"inLanguage\":\"pt-PT\",\"@id\":\"https:\/\/portaltela.pt\/noticias\/2026\/02\/06\/quem-perdeu-o-cartao-de-cidadao-na-tempestade-pode-renova-lo-sem-custos\/#primaryimage\",\"url\":\"https:\/\/portaltela.pt\/s.01k8rhncp4jt1\/2026\/02\/img_920x518uu2026-02-06-10-48-47-2419917-im-639059717623846047.jpg\",\"contentUrl\":\"https:\/\/portaltela.pt\/s.01k8rhncp4jt1\/2026\/02\/img_920x518uu2026-02-06-10-48-47-2419917-im-639059717623846047.jpg\",\"width\":796,\"height\":448,\"caption\":\"Quem perdeu ou ficou com o cart\u00e3o de cidad\u00e3o inutilizado devido \u00e0 tempestade Kristin vai poder renov\u00e1-lo sem custos\"},{\"@type\":\"BreadcrumbList\",\"@id\":\"https:\/\/portaltela.pt\/noticias\/2026\/02\/06\/quem-perdeu-o-cartao-de-cidadao-na-tempestade-pode-renova-lo-sem-custos\/#breadcrumb\",\"itemListElement\":[{\"@type\":\"ListItem\",\"position\":1,\"name\":\"In\u00edcio\",\"item\":\"https:\/\/portaltela.pt\/\"},{\"@type\":\"ListItem\",\"position\":2,\"name\":\"Quem perdeu o Cart\u00e3o de Cidad\u00e3o na tempestade pode renov\u00e1-lo sem custos\"}]},{\"@type\":\"WebSite\",\"@id\":\"https:\/\/portaltela.pt\/#website\",\"url\":\"https:\/\/portaltela.pt\/\",\"name\":\"Portal Tela Portugal\",\"description\":\"\",\"potentialAction\":[{\"@type\":\"SearchAction\",\"target\":{\"@type\":\"EntryPoint\",\"urlTemplate\":\"https:\/\/portaltela.pt\/?s={search_term_string}\"},\"query-input\":{\"@type\":\"PropertyValueSpecification\",\"valueRequired\":true,\"valueName\":\"search_term_string\"}}],\"inLanguage\":\"pt-PT\"},{\"@type\":\"Person\",\"@id\":\"https:\/\/portaltela.pt\/#\/schema\/person\/c4278d4a6028830caff9ee44b42d32ed\",\"name\":\"Telinha\",\"image\":{\"@type\":\"ImageObject\",\"inLanguage\":\"pt-PT\",\"@id\":\"https:\/\/portaltela.pt\/s.01k8rhncp4jt1\/2025\/11\/talking-bot-125x125.png\",\"url\":\"https:\/\/portaltela.pt\/s.01k8rhncp4jt1\/2025\/11\/talking-bot-125x125.png\",\"contentUrl\":\"https:\/\/portaltela.pt\/s.01k8rhncp4jt1\/2025\/11\/talking-bot-125x125.png\",\"caption\":\"Telinha\"},\"sameAs\":[\"https:\/\/portaltela.pt\/\"],\"url\":\"https:\/\/portaltela.pt\/por\/367410592786\/\"}]}<\/script>\n<!-- \/ Yoast SEO plugin. -->","yoast_head_json":{"title":"Quem perdeu o Cart\u00e3o de Cidad\u00e3o na tempestade pode renov\u00e1-lo sem custos - Portal Tela Portugal","robots":{"index":"index","follow":"follow","max-snippet":"max-snippet:-1","max-image-preview":"max-image-preview:large","max-video-preview":"max-video-preview:-1"},"og_locale":"pt_PT","og_type":"article","og_title":"Quem perdeu o Cart\u00e3o de Cidad\u00e3o na tempestade pode renov\u00e1-lo sem custos - Portal Tela Portugal","og_description":"Quem perdeu o cart\u00e3o de cidad\u00e3o ou ficou com ele inutilizado devido \u00e0 tempestade Kristin pode renov\u00e1-lo sem custos. A isen\u00e7\u00e3o de taxas aplica-se a perdas comprovadas imput\u00e1veis ao mau tempo, e tamb\u00e9m ao bilhete de identidade vital\u00edcio em casos de perda, extravio ou inutiliza\u00e7\u00e3o. Os pedidos de renova\u00e7\u00e3o devem ser apresentados at\u00e9 31 de mar\u00e7o; a portaria entra em vigor a 28 de janeiro. Est\u00e3o abrangidos v\u00e1rios concelhos, incluindo Leiria, Coimbra e Santar\u00e9m, entre outros identificados pela calamidade provocada pela tempestade. O Governo mant\u00e9m aten\u00e7\u00e3o \u00e0 extens\u00e3o dos danos e a poss\u00edveis evolu\u00e7\u00f5es de outros fen\u00f3menos adversos, como cheias e deslizamentos.","og_url":"https:\/\/portaltela.pt\/noticias\/2026\/02\/06\/quem-perdeu-o-cartao-de-cidadao-na-tempestade-pode-renova-lo-sem-custos\/","og_site_name":"Portal Tela Portugal","article_published_time":"2026-02-06T10:50:00+00:00","author":"Telinha","twitter_card":"summary_large_image","twitter_misc":{"Escrito por":"Telinha","Tempo estimado de leitura":"1 minuto"},"schema":{"@context":"https:\/\/schema.org","@graph":[{"@type":"Article","@id":"https:\/\/portaltela.pt\/noticias\/2026\/02\/06\/quem-perdeu-o-cartao-de-cidadao-na-tempestade-pode-renova-lo-sem-custos\/#article","isPartOf":{"@id":"https:\/\/portaltela.pt\/noticias\/2026\/02\/06\/quem-perdeu-o-cartao-de-cidadao-na-tempestade-pode-renova-lo-sem-custos\/"},"author":{"name":"Telinha","@id":"https:\/\/portaltela.pt\/#\/schema\/person\/c4278d4a6028830caff9ee44b42d32ed"},"headline":"Quem perdeu o Cart\u00e3o de Cidad\u00e3o na tempestade pode renov\u00e1-lo sem custos","datePublished":"2026-02-06T10:50:00+00:00","mainEntityOfPage":{"@id":"https:\/\/portaltela.pt\/noticias\/2026\/02\/06\/quem-perdeu-o-cartao-de-cidadao-na-tempestade-pode-renova-lo-sem-custos\/"},"wordCount":249,"image":{"@id":"https:\/\/portaltela.pt\/noticias\/2026\/02\/06\/quem-perdeu-o-cartao-de-cidadao-na-tempestade-pode-renova-lo-sem-custos\/#primaryimage"},"thumbnailUrl":"https:\/\/portaltela.pt\/s.01k8rhncp4jt1\/2026\/02\/img_920x518uu2026-02-06-10-48-47-2419917-im-639059717623846047.jpg","keywords":["Abrantes","calamidade p\u00fablica","Cart\u00e3o de Cidad\u00e3o","Coimbra","documentos","Santar\u00e9m"],"articleSection":["Not\u00edcias","Pol\u00edtica"],"inLanguage":"pt-PT"},{"@type":"WebPage","@id":"https:\/\/portaltela.pt\/noticias\/2026\/02\/06\/quem-perdeu-o-cartao-de-cidadao-na-tempestade-pode-renova-lo-sem-custos\/","url":"https:\/\/portaltela.pt\/noticias\/2026\/02\/06\/quem-perdeu-o-cartao-de-cidadao-na-tempestade-pode-renova-lo-sem-custos\/","name":"Quem perdeu o Cart\u00e3o de Cidad\u00e3o na tempestade pode renov\u00e1-lo sem custos - Portal Tela Portugal","isPartOf":{"@id":"https:\/\/portaltela.pt\/#website"},"primaryImageOfPage":{"@id":"https:\/\/portaltela.pt\/noticias\/2026\/02\/06\/quem-perdeu-o-cartao-de-cidadao-na-tempestade-pode-renova-lo-sem-custos\/#primaryimage"},"image":{"@id":"https:\/\/portaltela.pt\/noticias\/2026\/02\/06\/quem-perdeu-o-cartao-de-cidadao-na-tempestade-pode-renova-lo-sem-custos\/#primaryimage"},"thumbnailUrl":"https:\/\/portaltela.pt\/s.01k8rhncp4jt1\/2026\/02\/img_920x518uu2026-02-06-10-48-47-2419917-im-639059717623846047.jpg","datePublished":"2026-02-06T10:50:00+00:00","author":{"@id":"https:\/\/portaltela.pt\/#\/schema\/person\/c4278d4a6028830caff9ee44b42d32ed"},"breadcrumb":{"@id":"https:\/\/portaltela.pt\/noticias\/2026\/02\/06\/quem-perdeu-o-cartao-de-cidadao-na-tempestade-pode-renova-lo-sem-custos\/#breadcrumb"},"inLanguage":"pt-PT","potentialAction":[{"@type":"ReadAction","target":["https:\/\/portaltela.pt\/noticias\/2026\/02\/06\/quem-perdeu-o-cartao-de-cidadao-na-tempestade-pode-renova-lo-sem-custos\/"]}]},{"@type":"ImageObject","inLanguage":"pt-PT","@id":"https:\/\/portaltela.pt\/noticias\/2026\/02\/06\/quem-perdeu-o-cartao-de-cidadao-na-tempestade-pode-renova-lo-sem-custos\/#primaryimage","url":"https:\/\/portaltela.pt\/s.01k8rhncp4jt1\/2026\/02\/img_920x518uu2026-02-06-10-48-47-2419917-im-639059717623846047.jpg","contentUrl":"https:\/\/portaltela.pt\/s.01k8rhncp4jt1\/2026\/02\/img_920x518uu2026-02-06-10-48-47-2419917-im-639059717623846047.jpg","width":796,"height":448,"caption":"Quem perdeu ou ficou com o cart\u00e3o de cidad\u00e3o inutilizado devido \u00e0 tempestade Kristin vai poder renov\u00e1-lo sem custos"},{"@type":"BreadcrumbList","@id":"https:\/\/portaltela.pt\/noticias\/2026\/02\/06\/quem-perdeu-o-cartao-de-cidadao-na-tempestade-pode-renova-lo-sem-custos\/#breadcrumb","itemListElement":[{"@type":"ListItem","position":1,"name":"In\u00edcio","item":"https:\/\/portaltela.pt\/"},{"@type":"ListItem","position":2,"name":"Quem perdeu o Cart\u00e3o de Cidad\u00e3o na tempestade pode renov\u00e1-lo sem custos"}]},{"@type":"WebSite","@id":"https:\/\/portaltela.pt\/#website","url":"https:\/\/portaltela.pt\/","name":"Portal Tela Portugal","description":"","potentialAction":[{"@type":"SearchAction","target":{"@type":"EntryPoint","urlTemplate":"https:\/\/portaltela.pt\/?s={search_term_string}"},"query-input":{"@type":"PropertyValueSpecification","valueRequired":true,"valueName":"search_term_string"}}],"inLanguage":"pt-PT"},{"@type":"Person","@id":"https:\/\/portaltela.pt\/#\/schema\/person\/c4278d4a6028830caff9ee44b42d32ed","name":"Telinha","image":{"@type":"ImageObject","inLanguage":"pt-PT","@id":"https:\/\/portaltela.pt\/s.01k8rhncp4jt1\/2025\/11\/talking-bot-125x125.png","url":"https:\/\/portaltela.pt\/s.01k8rhncp4jt1\/2025\/11\/talking-bot-125x125.png","contentUrl":"https:\/\/portaltela.pt\/s.01k8rhncp4jt1\/2025\/11\/talking-bot-125x125.png","caption":"Telinha"},"sameAs":["https:\/\/portaltela.pt\/"],"url":"https:\/\/portaltela.pt\/por\/367410592786\/"}]}},"_links":{"self":[{"href":"https:\/\/portaltela.pt\/api\/wp\/v2\/posts\/201347","targetHints":{"allow":["GET"]}}],"collection":[{"href":"https:\/\/portaltela.pt\/api\/wp\/v2\/posts"}],"about":[{"href":"https:\/\/portaltela.pt\/api\/wp\/v2\/types\/post"}],"author":[{"embeddable":true,"href":"https:\/\/portaltela.pt\/api\/wp\/v2\/users\/2"}],"replies":[{"embeddable":true,"href":"https:\/\/portaltela.pt\/api\/wp\/v2\/comments?post=201347"}],"version-history":[{"count":0,"href":"https:\/\/portaltela.pt\/api\/wp\/v2\/posts\/201347\/revisions"}],"wp:featuredmedia":[{"embeddable":true,"href":"https:\/\/portaltela.pt\/api\/wp\/v2\/media\/201355"}],"wp:attachment":[{"href":"https:\/\/portaltela.pt\/api\/wp\/v2\/media?parent=201347"}],"wp:term":[{"taxonomy":"category","embeddable":true,"href":"https:\/\/portaltela.pt\/api\/wp\/v2\/categories?post=201347"},{"taxonomy":"post_tag","embeddable":true,"href":"https:\/\/portaltela.pt\/api\/wp\/v2\/tags?post=201347"}],"curies":[{"name":"wp","href":"https:\/\/api.w.org\/{rel}","templated":true}]}}