{"id":201343,"date":"2026-02-06T07:59:00","date_gmt":"2026-02-06T10:59:00","guid":{"rendered":"https:\/\/portaltela.pt\/noticias\/2026\/02\/06\/pessoas-afetadas-pela-tempestade-ficam-isentas-de-pagar-o-cartao-de-cidadao\/"},"modified":"2026-02-06T07:59:00","modified_gmt":"2026-02-06T10:59:00","slug":"pessoas-afetadas-pela-tempestade-ficam-isentas-de-pagar-o-cartao-de-cidadao","status":"publish","type":"post","link":"https:\/\/portaltela.pt\/noticias\/2026\/02\/06\/pessoas-afetadas-pela-tempestade-ficam-isentas-de-pagar-o-cartao-de-cidadao\/","title":{"rendered":"Pessoas afetadas pela tempestade ficam isentas de pagar o cart\u00e3o de cidad\u00e3o"},"content":{"rendered":"<p>Pessoas afetadas pela tempestade ficam isentas de pagar o cart\u00e3o de cidad\u00e3o. A medida surge como resposta a dificuldades condicionadas pela intemp\u00e9rie, visando aliviar encargos para quem sofreu danos ou interrup\u00e7\u00f5es no servi\u00e7o p\u00fablico.<\/p>\n<p>N\u00e3o h\u00e1 detalhes dispon\u00edveis no conte\u00fado base sobre quem exatamente \u00e9 eleg\u00edvel, a dura\u00e7\u00e3o da dispensa ou os procedimentos para aceder ao benef\u00edcio. A informa\u00e7\u00e3o aponta apenas para uma isen\u00e7\u00e3o de pagamento associada aos impactos da tempestade.<\/p>\n<p>At\u00e9 ao momento, n\u00e3o foi divulgado um calend\u00e1rio definitivo nem fontes oficiais que expliquem a implementa\u00e7\u00e3o da medida. A reda\u00e7\u00e3o do conte\u00fado indica que a not\u00edcia est\u00e1 reservada a subscritores, sem acrescentar dados adicionais para divulga\u00e7\u00e3o p\u00fablica.<\/p>\n","protected":false},"excerpt":{"rendered":"<ul>\n<li>Pessoas afetadas pela tempestade ficam isentas de pagar o cart\u00e3o de cidad\u00e3o.<\/li>\n<li>A not\u00edcia n\u00e3o detalha o alcance da isen\u00e7\u00e3o nem datas de vig\u00eancia.<\/li>\n<li>Conte\u00fado completo est\u00e1 dispon\u00edvel apenas para subscritores.<\/li>\n<\/ul>\n","protected":false},"author":2,"featured_media":201346,"comment_status":"closed","ping_status":"closed","sticky":false,"template":"","format":"standard","meta":{"footnotes":""},"categories":[1],"tags":[2172,3823,5215,155,320,1221],"class_list":["post-201343","post","type-post","status-publish","format-standard","has-post-thumbnail","hentry","category-noticias","tag-assistencia-social","tag-cartao-de-cidadao","tag-catastrofes-naturais","tag-despesas","tag-protecao-civil","tag-servicos-publicos"],"yoast_head":"<!-- This site is optimized with the Yoast SEO plugin v27.2 - https:\/\/yoast.com\/product\/yoast-seo-wordpress\/ -->\n<title>Pessoas afetadas pela tempestade ficam isentas de pagar o cart\u00e3o de cidad\u00e3o - Portal Tela Portugal<\/title>\n<meta name=\"robots\" content=\"index, follow, max-snippet:-1, max-image-preview:large, max-video-preview:-1\" \/>\n<meta property=\"og:locale\" content=\"pt_PT\" \/>\n<meta property=\"og:type\" content=\"article\" \/>\n<meta property=\"og:title\" content=\"Pessoas afetadas pela tempestade ficam isentas de pagar o cart\u00e3o de cidad\u00e3o - Portal Tela Portugal\" \/>\n<meta property=\"og:description\" content=\"Pessoas afetadas pela tempestade ficam isentas de pagar o cart\u00e3o de cidad\u00e3o. A not\u00edcia n\u00e3o detalha o alcance da isen\u00e7\u00e3o nem datas de vig\u00eancia. Conte\u00fado completo est\u00e1 dispon\u00edvel apenas para subscritores.\" \/>\n<meta property=\"og:url\" content=\"https:\/\/portaltela.pt\/noticias\/2026\/02\/06\/pessoas-afetadas-pela-tempestade-ficam-isentas-de-pagar-o-cartao-de-cidadao\/\" \/>\n<meta property=\"og:site_name\" content=\"Portal Tela Portugal\" \/>\n<meta property=\"article:published_time\" content=\"2026-02-06T10:59:00+00:00\" \/>\n<meta name=\"author\" content=\"Telinha\" \/>\n<meta name=\"twitter:card\" content=\"summary_large_image\" \/>\n<meta name=\"twitter:label1\" content=\"Escrito por\" \/>\n\t<meta name=\"twitter:data1\" content=\"Telinha\" \/>\n\t<meta name=\"twitter:label2\" content=\"Tempo estimado de leitura\" \/>\n\t<meta name=\"twitter:data2\" content=\"1 minuto\" \/>\n<script type=\"application\/ld+json\" class=\"yoast-schema-graph\">{\"@context\":\"https:\/\/schema.org\",\"@graph\":[{\"@type\":\"Article\",\"@id\":\"https:\/\/portaltela.pt\/noticias\/2026\/02\/06\/pessoas-afetadas-pela-tempestade-ficam-isentas-de-pagar-o-cartao-de-cidadao\/#article\",\"isPartOf\":{\"@id\":\"https:\/\/portaltela.pt\/noticias\/2026\/02\/06\/pessoas-afetadas-pela-tempestade-ficam-isentas-de-pagar-o-cartao-de-cidadao\/\"},\"author\":{\"name\":\"Telinha\",\"@id\":\"https:\/\/portaltela.pt\/#\/schema\/person\/c4278d4a6028830caff9ee44b42d32ed\"},\"headline\":\"Pessoas afetadas pela tempestade ficam isentas de pagar o cart\u00e3o de cidad\u00e3o\",\"datePublished\":\"2026-02-06T10:59:00+00:00\",\"mainEntityOfPage\":{\"@id\":\"https:\/\/portaltela.pt\/noticias\/2026\/02\/06\/pessoas-afetadas-pela-tempestade-ficam-isentas-de-pagar-o-cartao-de-cidadao\/\"},\"wordCount\":143,\"image\":{\"@id\":\"https:\/\/portaltela.pt\/noticias\/2026\/02\/06\/pessoas-afetadas-pela-tempestade-ficam-isentas-de-pagar-o-cartao-de-cidadao\/#primaryimage\"},\"thumbnailUrl\":\"https:\/\/portaltela.pt\/s.01k8rhncp4jt1\/2026\/02\/CACHE_780X1200_ANALOG_WATERMARKED_34586077_1441257_21102021113314.jpg\",\"keywords\":[\"assist\u00eancia social\",\"Cart\u00e3o de Cidad\u00e3o\",\"cat\u00e1strofes naturais\",\"despesas\",\"prote\u00e7\u00e3o civil\",\"servi\u00e7os p\u00fablicos\"],\"articleSection\":[\"Not\u00edcias\"],\"inLanguage\":\"pt-PT\"},{\"@type\":\"WebPage\",\"@id\":\"https:\/\/portaltela.pt\/noticias\/2026\/02\/06\/pessoas-afetadas-pela-tempestade-ficam-isentas-de-pagar-o-cartao-de-cidadao\/\",\"url\":\"https:\/\/portaltela.pt\/noticias\/2026\/02\/06\/pessoas-afetadas-pela-tempestade-ficam-isentas-de-pagar-o-cartao-de-cidadao\/\",\"name\":\"Pessoas afetadas pela tempestade ficam isentas de pagar o cart\u00e3o de cidad\u00e3o - Portal Tela Portugal\",\"isPartOf\":{\"@id\":\"https:\/\/portaltela.pt\/#website\"},\"primaryImageOfPage\":{\"@id\":\"https:\/\/portaltela.pt\/noticias\/2026\/02\/06\/pessoas-afetadas-pela-tempestade-ficam-isentas-de-pagar-o-cartao-de-cidadao\/#primaryimage\"},\"image\":{\"@id\":\"https:\/\/portaltela.pt\/noticias\/2026\/02\/06\/pessoas-afetadas-pela-tempestade-ficam-isentas-de-pagar-o-cartao-de-cidadao\/#primaryimage\"},\"thumbnailUrl\":\"https:\/\/portaltela.pt\/s.01k8rhncp4jt1\/2026\/02\/CACHE_780X1200_ANALOG_WATERMARKED_34586077_1441257_21102021113314.jpg\",\"datePublished\":\"2026-02-06T10:59:00+00:00\",\"author\":{\"@id\":\"https:\/\/portaltela.pt\/#\/schema\/person\/c4278d4a6028830caff9ee44b42d32ed\"},\"breadcrumb\":{\"@id\":\"https:\/\/portaltela.pt\/noticias\/2026\/02\/06\/pessoas-afetadas-pela-tempestade-ficam-isentas-de-pagar-o-cartao-de-cidadao\/#breadcrumb\"},\"inLanguage\":\"pt-PT\",\"potentialAction\":[{\"@type\":\"ReadAction\",\"target\":[\"https:\/\/portaltela.pt\/noticias\/2026\/02\/06\/pessoas-afetadas-pela-tempestade-ficam-isentas-de-pagar-o-cartao-de-cidadao\/\"]}]},{\"@type\":\"ImageObject\",\"inLanguage\":\"pt-PT\",\"@id\":\"https:\/\/portaltela.pt\/noticias\/2026\/02\/06\/pessoas-afetadas-pela-tempestade-ficam-isentas-de-pagar-o-cartao-de-cidadao\/#primaryimage\",\"url\":\"https:\/\/portaltela.pt\/s.01k8rhncp4jt1\/2026\/02\/CACHE_780X1200_ANALOG_WATERMARKED_34586077_1441257_21102021113314.jpg\",\"contentUrl\":\"https:\/\/portaltela.pt\/s.01k8rhncp4jt1\/2026\/02\/CACHE_780X1200_ANALOG_WATERMARKED_34586077_1441257_21102021113314.jpg\",\"width\":796,\"height\":448,\"caption\":\"Pessoas afetadas pela tempestade isentas de pagar cart\u00e3o de cidad\u00e3o\"},{\"@type\":\"BreadcrumbList\",\"@id\":\"https:\/\/portaltela.pt\/noticias\/2026\/02\/06\/pessoas-afetadas-pela-tempestade-ficam-isentas-de-pagar-o-cartao-de-cidadao\/#breadcrumb\",\"itemListElement\":[{\"@type\":\"ListItem\",\"position\":1,\"name\":\"In\u00edcio\",\"item\":\"https:\/\/portaltela.pt\/\"},{\"@type\":\"ListItem\",\"position\":2,\"name\":\"Pessoas afetadas pela tempestade ficam isentas de pagar o cart\u00e3o de cidad\u00e3o\"}]},{\"@type\":\"WebSite\",\"@id\":\"https:\/\/portaltela.pt\/#website\",\"url\":\"https:\/\/portaltela.pt\/\",\"name\":\"Portal Tela Portugal\",\"description\":\"\",\"potentialAction\":[{\"@type\":\"SearchAction\",\"target\":{\"@type\":\"EntryPoint\",\"urlTemplate\":\"https:\/\/portaltela.pt\/?s={search_term_string}\"},\"query-input\":{\"@type\":\"PropertyValueSpecification\",\"valueRequired\":true,\"valueName\":\"search_term_string\"}}],\"inLanguage\":\"pt-PT\"},{\"@type\":\"Person\",\"@id\":\"https:\/\/portaltela.pt\/#\/schema\/person\/c4278d4a6028830caff9ee44b42d32ed\",\"name\":\"Telinha\",\"image\":{\"@type\":\"ImageObject\",\"inLanguage\":\"pt-PT\",\"@id\":\"https:\/\/portaltela.pt\/s.01k8rhncp4jt1\/2025\/11\/talking-bot-125x125.png\",\"url\":\"https:\/\/portaltela.pt\/s.01k8rhncp4jt1\/2025\/11\/talking-bot-125x125.png\",\"contentUrl\":\"https:\/\/portaltela.pt\/s.01k8rhncp4jt1\/2025\/11\/talking-bot-125x125.png\",\"caption\":\"Telinha\"},\"sameAs\":[\"https:\/\/portaltela.pt\/\"],\"url\":\"https:\/\/portaltela.pt\/por\/367410592786\/\"}]}<\/script>\n<!-- \/ Yoast SEO plugin. -->","yoast_head_json":{"title":"Pessoas afetadas pela tempestade ficam isentas de pagar o cart\u00e3o de cidad\u00e3o - Portal Tela Portugal","robots":{"index":"index","follow":"follow","max-snippet":"max-snippet:-1","max-image-preview":"max-image-preview:large","max-video-preview":"max-video-preview:-1"},"og_locale":"pt_PT","og_type":"article","og_title":"Pessoas afetadas pela tempestade ficam isentas de pagar o cart\u00e3o de cidad\u00e3o - Portal Tela Portugal","og_description":"Pessoas afetadas pela tempestade ficam isentas de pagar o cart\u00e3o de cidad\u00e3o. A not\u00edcia n\u00e3o detalha o alcance da isen\u00e7\u00e3o nem datas de vig\u00eancia. Conte\u00fado completo est\u00e1 dispon\u00edvel apenas para subscritores.","og_url":"https:\/\/portaltela.pt\/noticias\/2026\/02\/06\/pessoas-afetadas-pela-tempestade-ficam-isentas-de-pagar-o-cartao-de-cidadao\/","og_site_name":"Portal Tela Portugal","article_published_time":"2026-02-06T10:59:00+00:00","author":"Telinha","twitter_card":"summary_large_image","twitter_misc":{"Escrito por":"Telinha","Tempo estimado de leitura":"1 minuto"},"schema":{"@context":"https:\/\/schema.org","@graph":[{"@type":"Article","@id":"https:\/\/portaltela.pt\/noticias\/2026\/02\/06\/pessoas-afetadas-pela-tempestade-ficam-isentas-de-pagar-o-cartao-de-cidadao\/#article","isPartOf":{"@id":"https:\/\/portaltela.pt\/noticias\/2026\/02\/06\/pessoas-afetadas-pela-tempestade-ficam-isentas-de-pagar-o-cartao-de-cidadao\/"},"author":{"name":"Telinha","@id":"https:\/\/portaltela.pt\/#\/schema\/person\/c4278d4a6028830caff9ee44b42d32ed"},"headline":"Pessoas afetadas pela tempestade ficam isentas de pagar o cart\u00e3o de cidad\u00e3o","datePublished":"2026-02-06T10:59:00+00:00","mainEntityOfPage":{"@id":"https:\/\/portaltela.pt\/noticias\/2026\/02\/06\/pessoas-afetadas-pela-tempestade-ficam-isentas-de-pagar-o-cartao-de-cidadao\/"},"wordCount":143,"image":{"@id":"https:\/\/portaltela.pt\/noticias\/2026\/02\/06\/pessoas-afetadas-pela-tempestade-ficam-isentas-de-pagar-o-cartao-de-cidadao\/#primaryimage"},"thumbnailUrl":"https:\/\/portaltela.pt\/s.01k8rhncp4jt1\/2026\/02\/CACHE_780X1200_ANALOG_WATERMARKED_34586077_1441257_21102021113314.jpg","keywords":["assist\u00eancia social","Cart\u00e3o de Cidad\u00e3o","cat\u00e1strofes naturais","despesas","prote\u00e7\u00e3o civil","servi\u00e7os p\u00fablicos"],"articleSection":["Not\u00edcias"],"inLanguage":"pt-PT"},{"@type":"WebPage","@id":"https:\/\/portaltela.pt\/noticias\/2026\/02\/06\/pessoas-afetadas-pela-tempestade-ficam-isentas-de-pagar-o-cartao-de-cidadao\/","url":"https:\/\/portaltela.pt\/noticias\/2026\/02\/06\/pessoas-afetadas-pela-tempestade-ficam-isentas-de-pagar-o-cartao-de-cidadao\/","name":"Pessoas afetadas pela tempestade ficam isentas de pagar o cart\u00e3o de cidad\u00e3o - Portal Tela Portugal","isPartOf":{"@id":"https:\/\/portaltela.pt\/#website"},"primaryImageOfPage":{"@id":"https:\/\/portaltela.pt\/noticias\/2026\/02\/06\/pessoas-afetadas-pela-tempestade-ficam-isentas-de-pagar-o-cartao-de-cidadao\/#primaryimage"},"image":{"@id":"https:\/\/portaltela.pt\/noticias\/2026\/02\/06\/pessoas-afetadas-pela-tempestade-ficam-isentas-de-pagar-o-cartao-de-cidadao\/#primaryimage"},"thumbnailUrl":"https:\/\/portaltela.pt\/s.01k8rhncp4jt1\/2026\/02\/CACHE_780X1200_ANALOG_WATERMARKED_34586077_1441257_21102021113314.jpg","datePublished":"2026-02-06T10:59:00+00:00","author":{"@id":"https:\/\/portaltela.pt\/#\/schema\/person\/c4278d4a6028830caff9ee44b42d32ed"},"breadcrumb":{"@id":"https:\/\/portaltela.pt\/noticias\/2026\/02\/06\/pessoas-afetadas-pela-tempestade-ficam-isentas-de-pagar-o-cartao-de-cidadao\/#breadcrumb"},"inLanguage":"pt-PT","potentialAction":[{"@type":"ReadAction","target":["https:\/\/portaltela.pt\/noticias\/2026\/02\/06\/pessoas-afetadas-pela-tempestade-ficam-isentas-de-pagar-o-cartao-de-cidadao\/"]}]},{"@type":"ImageObject","inLanguage":"pt-PT","@id":"https:\/\/portaltela.pt\/noticias\/2026\/02\/06\/pessoas-afetadas-pela-tempestade-ficam-isentas-de-pagar-o-cartao-de-cidadao\/#primaryimage","url":"https:\/\/portaltela.pt\/s.01k8rhncp4jt1\/2026\/02\/CACHE_780X1200_ANALOG_WATERMARKED_34586077_1441257_21102021113314.jpg","contentUrl":"https:\/\/portaltela.pt\/s.01k8rhncp4jt1\/2026\/02\/CACHE_780X1200_ANALOG_WATERMARKED_34586077_1441257_21102021113314.jpg","width":796,"height":448,"caption":"Pessoas afetadas pela tempestade isentas de pagar cart\u00e3o de cidad\u00e3o"},{"@type":"BreadcrumbList","@id":"https:\/\/portaltela.pt\/noticias\/2026\/02\/06\/pessoas-afetadas-pela-tempestade-ficam-isentas-de-pagar-o-cartao-de-cidadao\/#breadcrumb","itemListElement":[{"@type":"ListItem","position":1,"name":"In\u00edcio","item":"https:\/\/portaltela.pt\/"},{"@type":"ListItem","position":2,"name":"Pessoas afetadas pela tempestade ficam isentas de pagar o cart\u00e3o de cidad\u00e3o"}]},{"@type":"WebSite","@id":"https:\/\/portaltela.pt\/#website","url":"https:\/\/portaltela.pt\/","name":"Portal Tela Portugal","description":"","potentialAction":[{"@type":"SearchAction","target":{"@type":"EntryPoint","urlTemplate":"https:\/\/portaltela.pt\/?s={search_term_string}"},"query-input":{"@type":"PropertyValueSpecification","valueRequired":true,"valueName":"search_term_string"}}],"inLanguage":"pt-PT"},{"@type":"Person","@id":"https:\/\/portaltela.pt\/#\/schema\/person\/c4278d4a6028830caff9ee44b42d32ed","name":"Telinha","image":{"@type":"ImageObject","inLanguage":"pt-PT","@id":"https:\/\/portaltela.pt\/s.01k8rhncp4jt1\/2025\/11\/talking-bot-125x125.png","url":"https:\/\/portaltela.pt\/s.01k8rhncp4jt1\/2025\/11\/talking-bot-125x125.png","contentUrl":"https:\/\/portaltela.pt\/s.01k8rhncp4jt1\/2025\/11\/talking-bot-125x125.png","caption":"Telinha"},"sameAs":["https:\/\/portaltela.pt\/"],"url":"https:\/\/portaltela.pt\/por\/367410592786\/"}]}},"_links":{"self":[{"href":"https:\/\/portaltela.pt\/api\/wp\/v2\/posts\/201343","targetHints":{"allow":["GET"]}}],"collection":[{"href":"https:\/\/portaltela.pt\/api\/wp\/v2\/posts"}],"about":[{"href":"https:\/\/portaltela.pt\/api\/wp\/v2\/types\/post"}],"author":[{"embeddable":true,"href":"https:\/\/portaltela.pt\/api\/wp\/v2\/users\/2"}],"replies":[{"embeddable":true,"href":"https:\/\/portaltela.pt\/api\/wp\/v2\/comments?post=201343"}],"version-history":[{"count":0,"href":"https:\/\/portaltela.pt\/api\/wp\/v2\/posts\/201343\/revisions"}],"wp:featuredmedia":[{"embeddable":true,"href":"https:\/\/portaltela.pt\/api\/wp\/v2\/media\/201346"}],"wp:attachment":[{"href":"https:\/\/portaltela.pt\/api\/wp\/v2\/media?parent=201343"}],"wp:term":[{"taxonomy":"category","embeddable":true,"href":"https:\/\/portaltela.pt\/api\/wp\/v2\/categories?post=201343"},{"taxonomy":"post_tag","embeddable":true,"href":"https:\/\/portaltela.pt\/api\/wp\/v2\/tags?post=201343"}],"curies":[{"name":"wp","href":"https:\/\/api.w.org\/{rel}","templated":true}]}}