{"id":201335,"date":"2026-02-06T07:00:00","date_gmt":"2026-02-06T10:00:00","guid":{"rendered":"https:\/\/portaltela.pt\/noticias\/2026\/02\/06\/sons-de-vez-de-bettencourt-aos-delfins-quase-25-anos\/"},"modified":"2026-02-06T07:00:00","modified_gmt":"2026-02-06T10:00:00","slug":"sons-de-vez-de-bettencourt-aos-delfins-quase-25-anos","status":"publish","type":"post","link":"https:\/\/portaltela.pt\/noticias\/2026\/02\/06\/sons-de-vez-de-bettencourt-aos-delfins-quase-25-anos\/","title":{"rendered":"Sons de Vez, de Bettencourt aos Delfins, quase 25 anos"},"content":{"rendered":"<p>O festival Sons de Vez inicia a 24\u00aa edi\u00e7\u00e3o este s\u00e1bado, em Arcos de Valdevez, na Casa das Artes. Ser\u00e3o 14 concertos, todos aos s\u00e1bados, entre 7 de fevereiro e 28 de mar\u00e7o, com passagem de Tiago Bettencourt aos Delfins no cartaz.<\/p>\n<p>A organiza\u00e7\u00e3o confirma que os bilhetes da edi\u00e7\u00e3o de 2025 esgotaram na totalidade, marcando mais uma mostra de sucesso do certame. O festival continua a atrair p\u00fablico de v\u00e1rias regi\u00f5es.<\/p>\n<h3>Edi\u00e7\u00e3o de 25 anos em prepara\u00e7\u00e3o<\/h3>\n<p>Para o pr\u00f3ximo ano, o Sons de Vez j\u00e1 planeia a edi\u00e7\u00e3o que completar\u00e1 um quarto de s\u00e9culo, com m\u00fasica e surpresas anunciadas pela produtora. O objetivo \u00e9 manter a programa\u00e7\u00e3o de refer\u00eancia para o primeiro trimestre.<\/p>\n","protected":false},"excerpt":{"rendered":"<ul>\n<li>come\u00e7a este s\u00e1bado a 24.\u00aa edi\u00e7\u00e3o do festival Sons de Vez, em Arcos de Valdevez, na Casa das Artes.<\/li>\n<li>o evento acontece aos s\u00e1bados, de 7 de Fevereiro a 28 de Mar\u00e7o, com 14 concertos programados.<\/li>\n<li>a edi\u00e7\u00e3o atual j\u00e1 esgotou todos os concertos, correspondentes \u00e0 edi\u00e7\u00e3o de 2025 (23.\u00aa edi\u00e7\u00e3o).<\/li>\n<li>a organiza\u00e7\u00e3o j\u00e1 est\u00e1 a preparar a edi\u00e7\u00e3o do pr\u00f3ximo ano, que dever\u00e1 celebrar 25 anos do festival.<\/li>\n<li>a edi\u00e7\u00e3o de 2025 promete m\u00fasica e surpresas para comemorar o quarto de s\u00e9culo do festival.<\/li>\n<\/ul>\n","protected":false},"author":2,"featured_media":201338,"comment_status":"closed","ping_status":"closed","sticky":false,"template":"","format":"standard","meta":{"footnotes":""},"categories":[12,1],"tags":[1781,593,3674,122,169],"class_list":["post-201335","post","type-post","status-publish","format-standard","has-post-thumbnail","hentry","category-entretenimento","category-noticias","tag-arcos-de-valdevez","tag-concertos","tag-festival","tag-musica","tag-turismo"],"yoast_head":"<!-- This site is optimized with the Yoast SEO plugin v27.2 - https:\/\/yoast.com\/product\/yoast-seo-wordpress\/ -->\n<title>Sons de Vez, de Bettencourt aos Delfins, quase 25 anos - Portal Tela Portugal<\/title>\n<meta name=\"robots\" content=\"index, follow, max-snippet:-1, max-image-preview:large, max-video-preview:-1\" \/>\n<meta property=\"og:locale\" content=\"pt_PT\" \/>\n<meta property=\"og:type\" content=\"article\" \/>\n<meta property=\"og:title\" content=\"Sons de Vez, de Bettencourt aos Delfins, quase 25 anos - Portal Tela Portugal\" \/>\n<meta property=\"og:description\" content=\"come\u00e7a este s\u00e1bado a 24.\u00aa edi\u00e7\u00e3o do festival Sons de Vez, em Arcos de Valdevez, na Casa das Artes. o evento acontece aos s\u00e1bados, de 7 de Fevereiro a 28 de Mar\u00e7o, com 14 concertos programados. a edi\u00e7\u00e3o atual j\u00e1 esgotou todos os concertos, correspondentes \u00e0 edi\u00e7\u00e3o de 2025 (23.\u00aa edi\u00e7\u00e3o). a organiza\u00e7\u00e3o j\u00e1 est\u00e1 a preparar a edi\u00e7\u00e3o do pr\u00f3ximo ano, que dever\u00e1 celebrar 25 anos do festival. a edi\u00e7\u00e3o de 2025 promete m\u00fasica e surpresas para comemorar o quarto de s\u00e9culo do festival.\" \/>\n<meta property=\"og:url\" content=\"https:\/\/portaltela.pt\/noticias\/2026\/02\/06\/sons-de-vez-de-bettencourt-aos-delfins-quase-25-anos\/\" \/>\n<meta property=\"og:site_name\" content=\"Portal Tela Portugal\" \/>\n<meta property=\"article:published_time\" content=\"2026-02-06T10:00:00+00:00\" \/>\n<meta name=\"author\" content=\"Telinha\" \/>\n<meta name=\"twitter:card\" content=\"summary_large_image\" \/>\n<meta name=\"twitter:label1\" content=\"Escrito por\" \/>\n\t<meta name=\"twitter:data1\" content=\"Telinha\" \/>\n\t<meta name=\"twitter:label2\" content=\"Tempo estimado de leitura\" \/>\n\t<meta name=\"twitter:data2\" content=\"1 minuto\" \/>\n<script type=\"application\/ld+json\" class=\"yoast-schema-graph\">{\"@context\":\"https:\/\/schema.org\",\"@graph\":[{\"@type\":\"Article\",\"@id\":\"https:\/\/portaltela.pt\/noticias\/2026\/02\/06\/sons-de-vez-de-bettencourt-aos-delfins-quase-25-anos\/#article\",\"isPartOf\":{\"@id\":\"https:\/\/portaltela.pt\/noticias\/2026\/02\/06\/sons-de-vez-de-bettencourt-aos-delfins-quase-25-anos\/\"},\"author\":{\"name\":\"Telinha\",\"@id\":\"https:\/\/portaltela.pt\/#\/schema\/person\/c4278d4a6028830caff9ee44b42d32ed\"},\"headline\":\"Sons de Vez, de Bettencourt aos Delfins, quase 25 anos\",\"datePublished\":\"2026-02-06T10:00:00+00:00\",\"mainEntityOfPage\":{\"@id\":\"https:\/\/portaltela.pt\/noticias\/2026\/02\/06\/sons-de-vez-de-bettencourt-aos-delfins-quase-25-anos\/\"},\"wordCount\":135,\"image\":{\"@id\":\"https:\/\/portaltela.pt\/noticias\/2026\/02\/06\/sons-de-vez-de-bettencourt-aos-delfins-quase-25-anos\/#primaryimage\"},\"thumbnailUrl\":\"https:\/\/portaltela.pt\/s.01k8rhncp4jt1\/2026\/02\/2064824.jpg\",\"keywords\":[\"Arcos de Valdevez\",\"concertos\",\"festival\",\"m\u00fasica\",\"turismo\"],\"articleSection\":[\"Entretenimento\",\"Not\u00edcias\"],\"inLanguage\":\"pt-PT\"},{\"@type\":\"WebPage\",\"@id\":\"https:\/\/portaltela.pt\/noticias\/2026\/02\/06\/sons-de-vez-de-bettencourt-aos-delfins-quase-25-anos\/\",\"url\":\"https:\/\/portaltela.pt\/noticias\/2026\/02\/06\/sons-de-vez-de-bettencourt-aos-delfins-quase-25-anos\/\",\"name\":\"Sons de Vez, de Bettencourt aos Delfins, quase 25 anos - Portal Tela Portugal\",\"isPartOf\":{\"@id\":\"https:\/\/portaltela.pt\/#website\"},\"primaryImageOfPage\":{\"@id\":\"https:\/\/portaltela.pt\/noticias\/2026\/02\/06\/sons-de-vez-de-bettencourt-aos-delfins-quase-25-anos\/#primaryimage\"},\"image\":{\"@id\":\"https:\/\/portaltela.pt\/noticias\/2026\/02\/06\/sons-de-vez-de-bettencourt-aos-delfins-quase-25-anos\/#primaryimage\"},\"thumbnailUrl\":\"https:\/\/portaltela.pt\/s.01k8rhncp4jt1\/2026\/02\/2064824.jpg\",\"datePublished\":\"2026-02-06T10:00:00+00:00\",\"author\":{\"@id\":\"https:\/\/portaltela.pt\/#\/schema\/person\/c4278d4a6028830caff9ee44b42d32ed\"},\"breadcrumb\":{\"@id\":\"https:\/\/portaltela.pt\/noticias\/2026\/02\/06\/sons-de-vez-de-bettencourt-aos-delfins-quase-25-anos\/#breadcrumb\"},\"inLanguage\":\"pt-PT\",\"potentialAction\":[{\"@type\":\"ReadAction\",\"target\":[\"https:\/\/portaltela.pt\/noticias\/2026\/02\/06\/sons-de-vez-de-bettencourt-aos-delfins-quase-25-anos\/\"]}]},{\"@type\":\"ImageObject\",\"inLanguage\":\"pt-PT\",\"@id\":\"https:\/\/portaltela.pt\/noticias\/2026\/02\/06\/sons-de-vez-de-bettencourt-aos-delfins-quase-25-anos\/#primaryimage\",\"url\":\"https:\/\/portaltela.pt\/s.01k8rhncp4jt1\/2026\/02\/2064824.jpg\",\"contentUrl\":\"https:\/\/portaltela.pt\/s.01k8rhncp4jt1\/2026\/02\/2064824.jpg\",\"width\":796,\"height\":448,\"caption\":\"Um dos concertos da edi\u00e7\u00e3o de 2025 do festival\"},{\"@type\":\"BreadcrumbList\",\"@id\":\"https:\/\/portaltela.pt\/noticias\/2026\/02\/06\/sons-de-vez-de-bettencourt-aos-delfins-quase-25-anos\/#breadcrumb\",\"itemListElement\":[{\"@type\":\"ListItem\",\"position\":1,\"name\":\"In\u00edcio\",\"item\":\"https:\/\/portaltela.pt\/\"},{\"@type\":\"ListItem\",\"position\":2,\"name\":\"Sons de Vez, de Bettencourt aos Delfins, quase 25 anos\"}]},{\"@type\":\"WebSite\",\"@id\":\"https:\/\/portaltela.pt\/#website\",\"url\":\"https:\/\/portaltela.pt\/\",\"name\":\"Portal Tela Portugal\",\"description\":\"\",\"potentialAction\":[{\"@type\":\"SearchAction\",\"target\":{\"@type\":\"EntryPoint\",\"urlTemplate\":\"https:\/\/portaltela.pt\/?s={search_term_string}\"},\"query-input\":{\"@type\":\"PropertyValueSpecification\",\"valueRequired\":true,\"valueName\":\"search_term_string\"}}],\"inLanguage\":\"pt-PT\"},{\"@type\":\"Person\",\"@id\":\"https:\/\/portaltela.pt\/#\/schema\/person\/c4278d4a6028830caff9ee44b42d32ed\",\"name\":\"Telinha\",\"image\":{\"@type\":\"ImageObject\",\"inLanguage\":\"pt-PT\",\"@id\":\"https:\/\/portaltela.pt\/s.01k8rhncp4jt1\/2025\/11\/talking-bot-125x125.png\",\"url\":\"https:\/\/portaltela.pt\/s.01k8rhncp4jt1\/2025\/11\/talking-bot-125x125.png\",\"contentUrl\":\"https:\/\/portaltela.pt\/s.01k8rhncp4jt1\/2025\/11\/talking-bot-125x125.png\",\"caption\":\"Telinha\"},\"sameAs\":[\"https:\/\/portaltela.pt\/\"],\"url\":\"https:\/\/portaltela.pt\/por\/367410592786\/\"}]}<\/script>\n<!-- \/ Yoast SEO plugin. -->","yoast_head_json":{"title":"Sons de Vez, de Bettencourt aos Delfins, quase 25 anos - Portal Tela Portugal","robots":{"index":"index","follow":"follow","max-snippet":"max-snippet:-1","max-image-preview":"max-image-preview:large","max-video-preview":"max-video-preview:-1"},"og_locale":"pt_PT","og_type":"article","og_title":"Sons de Vez, de Bettencourt aos Delfins, quase 25 anos - Portal Tela Portugal","og_description":"come\u00e7a este s\u00e1bado a 24.\u00aa edi\u00e7\u00e3o do festival Sons de Vez, em Arcos de Valdevez, na Casa das Artes. o evento acontece aos s\u00e1bados, de 7 de Fevereiro a 28 de Mar\u00e7o, com 14 concertos programados. a edi\u00e7\u00e3o atual j\u00e1 esgotou todos os concertos, correspondentes \u00e0 edi\u00e7\u00e3o de 2025 (23.\u00aa edi\u00e7\u00e3o). a organiza\u00e7\u00e3o j\u00e1 est\u00e1 a preparar a edi\u00e7\u00e3o do pr\u00f3ximo ano, que dever\u00e1 celebrar 25 anos do festival. a edi\u00e7\u00e3o de 2025 promete m\u00fasica e surpresas para comemorar o quarto de s\u00e9culo do festival.","og_url":"https:\/\/portaltela.pt\/noticias\/2026\/02\/06\/sons-de-vez-de-bettencourt-aos-delfins-quase-25-anos\/","og_site_name":"Portal Tela Portugal","article_published_time":"2026-02-06T10:00:00+00:00","author":"Telinha","twitter_card":"summary_large_image","twitter_misc":{"Escrito por":"Telinha","Tempo estimado de leitura":"1 minuto"},"schema":{"@context":"https:\/\/schema.org","@graph":[{"@type":"Article","@id":"https:\/\/portaltela.pt\/noticias\/2026\/02\/06\/sons-de-vez-de-bettencourt-aos-delfins-quase-25-anos\/#article","isPartOf":{"@id":"https:\/\/portaltela.pt\/noticias\/2026\/02\/06\/sons-de-vez-de-bettencourt-aos-delfins-quase-25-anos\/"},"author":{"name":"Telinha","@id":"https:\/\/portaltela.pt\/#\/schema\/person\/c4278d4a6028830caff9ee44b42d32ed"},"headline":"Sons de Vez, de Bettencourt aos Delfins, quase 25 anos","datePublished":"2026-02-06T10:00:00+00:00","mainEntityOfPage":{"@id":"https:\/\/portaltela.pt\/noticias\/2026\/02\/06\/sons-de-vez-de-bettencourt-aos-delfins-quase-25-anos\/"},"wordCount":135,"image":{"@id":"https:\/\/portaltela.pt\/noticias\/2026\/02\/06\/sons-de-vez-de-bettencourt-aos-delfins-quase-25-anos\/#primaryimage"},"thumbnailUrl":"https:\/\/portaltela.pt\/s.01k8rhncp4jt1\/2026\/02\/2064824.jpg","keywords":["Arcos de Valdevez","concertos","festival","m\u00fasica","turismo"],"articleSection":["Entretenimento","Not\u00edcias"],"inLanguage":"pt-PT"},{"@type":"WebPage","@id":"https:\/\/portaltela.pt\/noticias\/2026\/02\/06\/sons-de-vez-de-bettencourt-aos-delfins-quase-25-anos\/","url":"https:\/\/portaltela.pt\/noticias\/2026\/02\/06\/sons-de-vez-de-bettencourt-aos-delfins-quase-25-anos\/","name":"Sons de Vez, de Bettencourt aos Delfins, quase 25 anos - Portal Tela Portugal","isPartOf":{"@id":"https:\/\/portaltela.pt\/#website"},"primaryImageOfPage":{"@id":"https:\/\/portaltela.pt\/noticias\/2026\/02\/06\/sons-de-vez-de-bettencourt-aos-delfins-quase-25-anos\/#primaryimage"},"image":{"@id":"https:\/\/portaltela.pt\/noticias\/2026\/02\/06\/sons-de-vez-de-bettencourt-aos-delfins-quase-25-anos\/#primaryimage"},"thumbnailUrl":"https:\/\/portaltela.pt\/s.01k8rhncp4jt1\/2026\/02\/2064824.jpg","datePublished":"2026-02-06T10:00:00+00:00","author":{"@id":"https:\/\/portaltela.pt\/#\/schema\/person\/c4278d4a6028830caff9ee44b42d32ed"},"breadcrumb":{"@id":"https:\/\/portaltela.pt\/noticias\/2026\/02\/06\/sons-de-vez-de-bettencourt-aos-delfins-quase-25-anos\/#breadcrumb"},"inLanguage":"pt-PT","potentialAction":[{"@type":"ReadAction","target":["https:\/\/portaltela.pt\/noticias\/2026\/02\/06\/sons-de-vez-de-bettencourt-aos-delfins-quase-25-anos\/"]}]},{"@type":"ImageObject","inLanguage":"pt-PT","@id":"https:\/\/portaltela.pt\/noticias\/2026\/02\/06\/sons-de-vez-de-bettencourt-aos-delfins-quase-25-anos\/#primaryimage","url":"https:\/\/portaltela.pt\/s.01k8rhncp4jt1\/2026\/02\/2064824.jpg","contentUrl":"https:\/\/portaltela.pt\/s.01k8rhncp4jt1\/2026\/02\/2064824.jpg","width":796,"height":448,"caption":"Um dos concertos da edi\u00e7\u00e3o de 2025 do festival"},{"@type":"BreadcrumbList","@id":"https:\/\/portaltela.pt\/noticias\/2026\/02\/06\/sons-de-vez-de-bettencourt-aos-delfins-quase-25-anos\/#breadcrumb","itemListElement":[{"@type":"ListItem","position":1,"name":"In\u00edcio","item":"https:\/\/portaltela.pt\/"},{"@type":"ListItem","position":2,"name":"Sons de Vez, de Bettencourt aos Delfins, quase 25 anos"}]},{"@type":"WebSite","@id":"https:\/\/portaltela.pt\/#website","url":"https:\/\/portaltela.pt\/","name":"Portal Tela Portugal","description":"","potentialAction":[{"@type":"SearchAction","target":{"@type":"EntryPoint","urlTemplate":"https:\/\/portaltela.pt\/?s={search_term_string}"},"query-input":{"@type":"PropertyValueSpecification","valueRequired":true,"valueName":"search_term_string"}}],"inLanguage":"pt-PT"},{"@type":"Person","@id":"https:\/\/portaltela.pt\/#\/schema\/person\/c4278d4a6028830caff9ee44b42d32ed","name":"Telinha","image":{"@type":"ImageObject","inLanguage":"pt-PT","@id":"https:\/\/portaltela.pt\/s.01k8rhncp4jt1\/2025\/11\/talking-bot-125x125.png","url":"https:\/\/portaltela.pt\/s.01k8rhncp4jt1\/2025\/11\/talking-bot-125x125.png","contentUrl":"https:\/\/portaltela.pt\/s.01k8rhncp4jt1\/2025\/11\/talking-bot-125x125.png","caption":"Telinha"},"sameAs":["https:\/\/portaltela.pt\/"],"url":"https:\/\/portaltela.pt\/por\/367410592786\/"}]}},"_links":{"self":[{"href":"https:\/\/portaltela.pt\/api\/wp\/v2\/posts\/201335","targetHints":{"allow":["GET"]}}],"collection":[{"href":"https:\/\/portaltela.pt\/api\/wp\/v2\/posts"}],"about":[{"href":"https:\/\/portaltela.pt\/api\/wp\/v2\/types\/post"}],"author":[{"embeddable":true,"href":"https:\/\/portaltela.pt\/api\/wp\/v2\/users\/2"}],"replies":[{"embeddable":true,"href":"https:\/\/portaltela.pt\/api\/wp\/v2\/comments?post=201335"}],"version-history":[{"count":0,"href":"https:\/\/portaltela.pt\/api\/wp\/v2\/posts\/201335\/revisions"}],"wp:featuredmedia":[{"embeddable":true,"href":"https:\/\/portaltela.pt\/api\/wp\/v2\/media\/201338"}],"wp:attachment":[{"href":"https:\/\/portaltela.pt\/api\/wp\/v2\/media?parent=201335"}],"wp:term":[{"taxonomy":"category","embeddable":true,"href":"https:\/\/portaltela.pt\/api\/wp\/v2\/categories?post=201335"},{"taxonomy":"post_tag","embeddable":true,"href":"https:\/\/portaltela.pt\/api\/wp\/v2\/tags?post=201335"}],"curies":[{"name":"wp","href":"https:\/\/api.w.org\/{rel}","templated":true}]}}