{"id":201252,"date":"2026-02-06T06:44:04","date_gmt":"2026-02-06T09:44:04","guid":{"rendered":"https:\/\/portaltela.pt\/noticias\/2026\/02\/06\/fundo-da-caritas-de-leiria-ultrapassa-um-milhao-de-euros\/"},"modified":"2026-02-06T06:44:04","modified_gmt":"2026-02-06T09:44:04","slug":"fundo-da-caritas-de-leiria-ultrapassa-um-milhao-de-euros","status":"publish","type":"post","link":"https:\/\/portaltela.pt\/noticias\/2026\/02\/06\/fundo-da-caritas-de-leiria-ultrapassa-um-milhao-de-euros\/","title":{"rendered":"Fundo da C\u00e1ritas de Leiria ultrapassa um milh\u00e3o de euros"},"content":{"rendered":"<p>O Fundo de Emerg\u00eancia Social de Apoio \u00e0s V\u00edtimas da Tempestade Kristin, criado pela C\u00e1ritas Diocesana de Leiria-F\u00e1tima, j\u00e1 ultrapassou 1 milh\u00e3o de euros. O valor captado atingiu 1.084.313,18 euros \u00e0s 16:00 de quinta-feira.<\/p>\n<p>O montante foi conseguido com donativos recolhidos via MB WAY, transfer\u00eancia banc\u00e1ria e donativo online. Na quarta-feira \u00e0 noite o fundo j\u00e1 registava 30.123 transa\u00e7\u00f5es de doa\u00e7\u00e3o, com valores variando entre 1 euro e 40 mil euros. Nelson Costa, diretor de servi\u00e7os da C\u00e1ritas, reiterou o compromisso com a transpar\u00eancia.<\/p>\n<p>O fundo foi criado no dia 30 de janeiro, ap\u00f3s a C\u00e1ritas integrar uma reuni\u00e3o da Prote\u00e7\u00e3o Civil com o Munic\u00edpio de Leiria, em alinhamento com o bispo diocesano, Jos\u00e9 Ornelas. A inten\u00e7\u00e3o \u00e9 assegurar apoio \u00e0s v\u00edtimas do mau tempo e refor\u00e7ar o funcionamento de instala\u00e7\u00f5es afetadas.<\/p>\n<h3>Contexto regional<\/h3>\n<p>A C\u00e1ritas destacou a preocupa\u00e7\u00e3o com a situa\u00e7\u00e3o de emerg\u00eancia na regi\u00e3o, onde persistem falhas de eletricidade, \u00e1gua e comunica\u00e7\u00f5es, afetando fam\u00edlias e institui\u00e7\u00f5es. A organiza\u00e7\u00e3o disponibiliza recursos humanos, log\u00edsticos e sociais para quem esteja em maior vulnerabilidade.<\/p>\n<p>Doze pessoas morreram em Portugal desde o in\u00edcio da semana devido \u00e0s depress\u00f5es Kristin e Leonardo. Houve centenas de feridos e desalojados, al\u00e9m de danos em casas, empresas, \u00e1rvores, estradas e servi\u00e7os. As regi\u00f5es Centro, Lisboa e Vale do Tejo e Alentejo s\u00e3o as mais afetadas.<\/p>\n<h3>Medidas de \u00e2mbito nacional<\/h3>\n<p>O Governo prolongou a situa\u00e7\u00e3o de calamidade at\u00e9 15 de fevereiro, abrangendo 68 concelhos com medidas de apoio at\u00e9 2,5 mil milh\u00f5es de euros. A calamidade foi inicialmente decretada a 28 de janeiro para cerca de 60 munic\u00edpios, sendo depois prolongada para 68, at\u00e9 8 de fevereiro, com novo alargamento at\u00e9 15 de fevereiro.<\/p>\n","protected":false},"excerpt":{"rendered":"<ul>\n<li>O Fundo de Emerg\u00eancia Social de Apoio \u00e0s V\u00edtimas da Tempestade Kristin, criado pela C\u00e1ritas Diocesana de Leiria-F\u00e1tima, ultrapassou 1 milh\u00e3o de euros, atingindo 1.084.313,18 euros \u00e0s 16:00 de quinta-feira.<\/li>\n<li>O fundo \u00e9 financiado por donativos atrav\u00e9s de MB WAY, transfer\u00eancia banc\u00e1ria e donativo online, criado no dia 30 de janeiro ap\u00f3s reuni\u00e3o com a Prote\u00e7\u00e3o Civil e o Munic\u00edpio de Leiria, em sintonia com o bispo diocesano, Jos\u00e9 Ornelas.<\/li>\n<li>Na quarta-feira \u00e0 noite registavam-se 30.123 transa\u00e7\u00f5es de doa\u00e7\u00e3o; o menor valor \u00e9 1 euro e o maior, 40 mil euros.<\/li>\n<li>O diretor de servi\u00e7os Nelson Costa disse que o fundo ser\u00e1 gerido com total transpar\u00eancia e dignidade, para apoiar quem foi afetado pelo mau tempo.<\/li>\n<li>O temporal Kristin e Leonardo provocou mortes, danos materiais significativos e cortes em energia, \u00e1gua e comunica\u00e7\u00f5es; o Governo prolongou a calamidade at\u00e9 15 de fevereiro para 68 concelhos, com medidas de apoio at\u00e9 2,5 mil milh\u00f5es de euros.<\/li>\n<\/ul>\n","protected":false},"author":2,"featured_media":201254,"comment_status":"closed","ping_status":"closed","sticky":false,"template":"","format":"standard","meta":{"footnotes":""},"categories":[1],"tags":[5365,1084,5304,1385,320,4071],"class_list":["post-201252","post","type-post","status-publish","format-standard","has-post-thumbnail","hentry","category-noticias","tag-acalamidade-publica","tag-acao-social","tag-caritas-diocesana-de-leiria","tag-leiria","tag-protecao-civil","tag-solidariedade-social"],"yoast_head":"<!-- This site is optimized with the Yoast SEO plugin v27.2 - https:\/\/yoast.com\/product\/yoast-seo-wordpress\/ -->\n<title>Fundo da C\u00e1ritas de Leiria ultrapassa um milh\u00e3o de euros - Portal Tela Portugal<\/title>\n<meta name=\"robots\" content=\"index, follow, max-snippet:-1, max-image-preview:large, max-video-preview:-1\" \/>\n<meta property=\"og:locale\" content=\"pt_PT\" \/>\n<meta property=\"og:type\" content=\"article\" \/>\n<meta property=\"og:title\" content=\"Fundo da C\u00e1ritas de Leiria ultrapassa um milh\u00e3o de euros - Portal Tela Portugal\" \/>\n<meta property=\"og:description\" content=\"O Fundo de Emerg\u00eancia Social de Apoio \u00e0s V\u00edtimas da Tempestade Kristin, criado pela C\u00e1ritas Diocesana de Leiria-F\u00e1tima, ultrapassou 1 milh\u00e3o de euros, atingindo 1.084.313,18 euros \u00e0s 16:00 de quinta-feira. O fundo \u00e9 financiado por donativos atrav\u00e9s de MB WAY, transfer\u00eancia banc\u00e1ria e donativo online, criado no dia 30 de janeiro ap\u00f3s reuni\u00e3o com a Prote\u00e7\u00e3o Civil e o Munic\u00edpio de Leiria, em sintonia com o bispo diocesano, Jos\u00e9 Ornelas. Na quarta-feira \u00e0 noite registavam-se 30.123 transa\u00e7\u00f5es de doa\u00e7\u00e3o; o menor valor \u00e9 1 euro e o maior, 40 mil euros. O diretor de servi\u00e7os Nelson Costa disse que o fundo ser\u00e1 gerido com total transpar\u00eancia e dignidade, para apoiar quem foi afetado pelo mau tempo. O temporal Kristin e Leonardo provocou mortes, danos materiais significativos e cortes em energia, \u00e1gua e comunica\u00e7\u00f5es; o Governo prolongou a calamidade at\u00e9 15 de fevereiro para 68 concelhos, com medidas de apoio at\u00e9 2,5 mil milh\u00f5es de euros.\" \/>\n<meta property=\"og:url\" content=\"https:\/\/portaltela.pt\/noticias\/2026\/02\/06\/fundo-da-caritas-de-leiria-ultrapassa-um-milhao-de-euros\/\" \/>\n<meta property=\"og:site_name\" content=\"Portal Tela Portugal\" \/>\n<meta property=\"article:published_time\" content=\"2026-02-06T09:44:04+00:00\" \/>\n<meta name=\"author\" content=\"Telinha\" \/>\n<meta name=\"twitter:card\" content=\"summary_large_image\" \/>\n<meta name=\"twitter:label1\" content=\"Escrito por\" \/>\n\t<meta name=\"twitter:data1\" content=\"Telinha\" \/>\n\t<meta name=\"twitter:label2\" content=\"Tempo estimado de leitura\" \/>\n\t<meta name=\"twitter:data2\" content=\"1 minuto\" \/>\n<script type=\"application\/ld+json\" class=\"yoast-schema-graph\">{\"@context\":\"https:\/\/schema.org\",\"@graph\":[{\"@type\":\"Article\",\"@id\":\"https:\/\/portaltela.pt\/noticias\/2026\/02\/06\/fundo-da-caritas-de-leiria-ultrapassa-um-milhao-de-euros\/#article\",\"isPartOf\":{\"@id\":\"https:\/\/portaltela.pt\/noticias\/2026\/02\/06\/fundo-da-caritas-de-leiria-ultrapassa-um-milhao-de-euros\/\"},\"author\":{\"name\":\"Telinha\",\"@id\":\"https:\/\/portaltela.pt\/#\/schema\/person\/c4278d4a6028830caff9ee44b42d32ed\"},\"headline\":\"Fundo da C\u00e1ritas de Leiria ultrapassa um milh\u00e3o de euros\",\"datePublished\":\"2026-02-06T09:44:04+00:00\",\"mainEntityOfPage\":{\"@id\":\"https:\/\/portaltela.pt\/noticias\/2026\/02\/06\/fundo-da-caritas-de-leiria-ultrapassa-um-milhao-de-euros\/\"},\"wordCount\":311,\"image\":{\"@id\":\"https:\/\/portaltela.pt\/noticias\/2026\/02\/06\/fundo-da-caritas-de-leiria-ultrapassa-um-milhao-de-euros\/#primaryimage\"},\"thumbnailUrl\":\"https:\/\/portaltela.pt\/s.01k8rhncp4jt1\/2026\/02\/img_1280x721uu2026-02-05-14-33-01-2264967-1.jpg\",\"keywords\":[\"Acalamidade p\u00fablica\",\"A\u00e7\u00e3o Social\",\"C\u00e1ritas Diocesana de Leiria\",\"Leiria\",\"prote\u00e7\u00e3o civil\",\"Solidariedade Social\"],\"articleSection\":[\"Not\u00edcias\"],\"inLanguage\":\"pt-PT\"},{\"@type\":\"WebPage\",\"@id\":\"https:\/\/portaltela.pt\/noticias\/2026\/02\/06\/fundo-da-caritas-de-leiria-ultrapassa-um-milhao-de-euros\/\",\"url\":\"https:\/\/portaltela.pt\/noticias\/2026\/02\/06\/fundo-da-caritas-de-leiria-ultrapassa-um-milhao-de-euros\/\",\"name\":\"Fundo da C\u00e1ritas de Leiria ultrapassa um milh\u00e3o de euros - Portal Tela Portugal\",\"isPartOf\":{\"@id\":\"https:\/\/portaltela.pt\/#website\"},\"primaryImageOfPage\":{\"@id\":\"https:\/\/portaltela.pt\/noticias\/2026\/02\/06\/fundo-da-caritas-de-leiria-ultrapassa-um-milhao-de-euros\/#primaryimage\"},\"image\":{\"@id\":\"https:\/\/portaltela.pt\/noticias\/2026\/02\/06\/fundo-da-caritas-de-leiria-ultrapassa-um-milhao-de-euros\/#primaryimage\"},\"thumbnailUrl\":\"https:\/\/portaltela.pt\/s.01k8rhncp4jt1\/2026\/02\/img_1280x721uu2026-02-05-14-33-01-2264967-1.jpg\",\"datePublished\":\"2026-02-06T09:44:04+00:00\",\"author\":{\"@id\":\"https:\/\/portaltela.pt\/#\/schema\/person\/c4278d4a6028830caff9ee44b42d32ed\"},\"breadcrumb\":{\"@id\":\"https:\/\/portaltela.pt\/noticias\/2026\/02\/06\/fundo-da-caritas-de-leiria-ultrapassa-um-milhao-de-euros\/#breadcrumb\"},\"inLanguage\":\"pt-PT\",\"potentialAction\":[{\"@type\":\"ReadAction\",\"target\":[\"https:\/\/portaltela.pt\/noticias\/2026\/02\/06\/fundo-da-caritas-de-leiria-ultrapassa-um-milhao-de-euros\/\"]}]},{\"@type\":\"ImageObject\",\"inLanguage\":\"pt-PT\",\"@id\":\"https:\/\/portaltela.pt\/noticias\/2026\/02\/06\/fundo-da-caritas-de-leiria-ultrapassa-um-milhao-de-euros\/#primaryimage\",\"url\":\"https:\/\/portaltela.pt\/s.01k8rhncp4jt1\/2026\/02\/img_1280x721uu2026-02-05-14-33-01-2264967-1.jpg\",\"contentUrl\":\"https:\/\/portaltela.pt\/s.01k8rhncp4jt1\/2026\/02\/img_1280x721uu2026-02-05-14-33-01-2264967-1.jpg\",\"width\":796,\"height\":448,\"caption\":\"Elementos da prote\u00e7\u00e3o civil passam com um bote pela zona que ficou submersa pela subida da \u00e1gua do Rio Liz devido ao mau tempo, em Leiria\"},{\"@type\":\"BreadcrumbList\",\"@id\":\"https:\/\/portaltela.pt\/noticias\/2026\/02\/06\/fundo-da-caritas-de-leiria-ultrapassa-um-milhao-de-euros\/#breadcrumb\",\"itemListElement\":[{\"@type\":\"ListItem\",\"position\":1,\"name\":\"In\u00edcio\",\"item\":\"https:\/\/portaltela.pt\/\"},{\"@type\":\"ListItem\",\"position\":2,\"name\":\"Fundo da C\u00e1ritas de Leiria ultrapassa um milh\u00e3o de euros\"}]},{\"@type\":\"WebSite\",\"@id\":\"https:\/\/portaltela.pt\/#website\",\"url\":\"https:\/\/portaltela.pt\/\",\"name\":\"Portal Tela Portugal\",\"description\":\"\",\"potentialAction\":[{\"@type\":\"SearchAction\",\"target\":{\"@type\":\"EntryPoint\",\"urlTemplate\":\"https:\/\/portaltela.pt\/?s={search_term_string}\"},\"query-input\":{\"@type\":\"PropertyValueSpecification\",\"valueRequired\":true,\"valueName\":\"search_term_string\"}}],\"inLanguage\":\"pt-PT\"},{\"@type\":\"Person\",\"@id\":\"https:\/\/portaltela.pt\/#\/schema\/person\/c4278d4a6028830caff9ee44b42d32ed\",\"name\":\"Telinha\",\"image\":{\"@type\":\"ImageObject\",\"inLanguage\":\"pt-PT\",\"@id\":\"https:\/\/portaltela.pt\/s.01k8rhncp4jt1\/2025\/11\/talking-bot-125x125.png\",\"url\":\"https:\/\/portaltela.pt\/s.01k8rhncp4jt1\/2025\/11\/talking-bot-125x125.png\",\"contentUrl\":\"https:\/\/portaltela.pt\/s.01k8rhncp4jt1\/2025\/11\/talking-bot-125x125.png\",\"caption\":\"Telinha\"},\"sameAs\":[\"https:\/\/portaltela.pt\/\"],\"url\":\"https:\/\/portaltela.pt\/por\/367410592786\/\"}]}<\/script>\n<!-- \/ Yoast SEO plugin. -->","yoast_head_json":{"title":"Fundo da C\u00e1ritas de Leiria ultrapassa um milh\u00e3o de euros - Portal Tela Portugal","robots":{"index":"index","follow":"follow","max-snippet":"max-snippet:-1","max-image-preview":"max-image-preview:large","max-video-preview":"max-video-preview:-1"},"og_locale":"pt_PT","og_type":"article","og_title":"Fundo da C\u00e1ritas de Leiria ultrapassa um milh\u00e3o de euros - Portal Tela Portugal","og_description":"O Fundo de Emerg\u00eancia Social de Apoio \u00e0s V\u00edtimas da Tempestade Kristin, criado pela C\u00e1ritas Diocesana de Leiria-F\u00e1tima, ultrapassou 1 milh\u00e3o de euros, atingindo 1.084.313,18 euros \u00e0s 16:00 de quinta-feira. O fundo \u00e9 financiado por donativos atrav\u00e9s de MB WAY, transfer\u00eancia banc\u00e1ria e donativo online, criado no dia 30 de janeiro ap\u00f3s reuni\u00e3o com a Prote\u00e7\u00e3o Civil e o Munic\u00edpio de Leiria, em sintonia com o bispo diocesano, Jos\u00e9 Ornelas. Na quarta-feira \u00e0 noite registavam-se 30.123 transa\u00e7\u00f5es de doa\u00e7\u00e3o; o menor valor \u00e9 1 euro e o maior, 40 mil euros. O diretor de servi\u00e7os Nelson Costa disse que o fundo ser\u00e1 gerido com total transpar\u00eancia e dignidade, para apoiar quem foi afetado pelo mau tempo. O temporal Kristin e Leonardo provocou mortes, danos materiais significativos e cortes em energia, \u00e1gua e comunica\u00e7\u00f5es; o Governo prolongou a calamidade at\u00e9 15 de fevereiro para 68 concelhos, com medidas de apoio at\u00e9 2,5 mil milh\u00f5es de euros.","og_url":"https:\/\/portaltela.pt\/noticias\/2026\/02\/06\/fundo-da-caritas-de-leiria-ultrapassa-um-milhao-de-euros\/","og_site_name":"Portal Tela Portugal","article_published_time":"2026-02-06T09:44:04+00:00","author":"Telinha","twitter_card":"summary_large_image","twitter_misc":{"Escrito por":"Telinha","Tempo estimado de leitura":"1 minuto"},"schema":{"@context":"https:\/\/schema.org","@graph":[{"@type":"Article","@id":"https:\/\/portaltela.pt\/noticias\/2026\/02\/06\/fundo-da-caritas-de-leiria-ultrapassa-um-milhao-de-euros\/#article","isPartOf":{"@id":"https:\/\/portaltela.pt\/noticias\/2026\/02\/06\/fundo-da-caritas-de-leiria-ultrapassa-um-milhao-de-euros\/"},"author":{"name":"Telinha","@id":"https:\/\/portaltela.pt\/#\/schema\/person\/c4278d4a6028830caff9ee44b42d32ed"},"headline":"Fundo da C\u00e1ritas de Leiria ultrapassa um milh\u00e3o de euros","datePublished":"2026-02-06T09:44:04+00:00","mainEntityOfPage":{"@id":"https:\/\/portaltela.pt\/noticias\/2026\/02\/06\/fundo-da-caritas-de-leiria-ultrapassa-um-milhao-de-euros\/"},"wordCount":311,"image":{"@id":"https:\/\/portaltela.pt\/noticias\/2026\/02\/06\/fundo-da-caritas-de-leiria-ultrapassa-um-milhao-de-euros\/#primaryimage"},"thumbnailUrl":"https:\/\/portaltela.pt\/s.01k8rhncp4jt1\/2026\/02\/img_1280x721uu2026-02-05-14-33-01-2264967-1.jpg","keywords":["Acalamidade p\u00fablica","A\u00e7\u00e3o Social","C\u00e1ritas Diocesana de Leiria","Leiria","prote\u00e7\u00e3o civil","Solidariedade Social"],"articleSection":["Not\u00edcias"],"inLanguage":"pt-PT"},{"@type":"WebPage","@id":"https:\/\/portaltela.pt\/noticias\/2026\/02\/06\/fundo-da-caritas-de-leiria-ultrapassa-um-milhao-de-euros\/","url":"https:\/\/portaltela.pt\/noticias\/2026\/02\/06\/fundo-da-caritas-de-leiria-ultrapassa-um-milhao-de-euros\/","name":"Fundo da C\u00e1ritas de Leiria ultrapassa um milh\u00e3o de euros - Portal Tela Portugal","isPartOf":{"@id":"https:\/\/portaltela.pt\/#website"},"primaryImageOfPage":{"@id":"https:\/\/portaltela.pt\/noticias\/2026\/02\/06\/fundo-da-caritas-de-leiria-ultrapassa-um-milhao-de-euros\/#primaryimage"},"image":{"@id":"https:\/\/portaltela.pt\/noticias\/2026\/02\/06\/fundo-da-caritas-de-leiria-ultrapassa-um-milhao-de-euros\/#primaryimage"},"thumbnailUrl":"https:\/\/portaltela.pt\/s.01k8rhncp4jt1\/2026\/02\/img_1280x721uu2026-02-05-14-33-01-2264967-1.jpg","datePublished":"2026-02-06T09:44:04+00:00","author":{"@id":"https:\/\/portaltela.pt\/#\/schema\/person\/c4278d4a6028830caff9ee44b42d32ed"},"breadcrumb":{"@id":"https:\/\/portaltela.pt\/noticias\/2026\/02\/06\/fundo-da-caritas-de-leiria-ultrapassa-um-milhao-de-euros\/#breadcrumb"},"inLanguage":"pt-PT","potentialAction":[{"@type":"ReadAction","target":["https:\/\/portaltela.pt\/noticias\/2026\/02\/06\/fundo-da-caritas-de-leiria-ultrapassa-um-milhao-de-euros\/"]}]},{"@type":"ImageObject","inLanguage":"pt-PT","@id":"https:\/\/portaltela.pt\/noticias\/2026\/02\/06\/fundo-da-caritas-de-leiria-ultrapassa-um-milhao-de-euros\/#primaryimage","url":"https:\/\/portaltela.pt\/s.01k8rhncp4jt1\/2026\/02\/img_1280x721uu2026-02-05-14-33-01-2264967-1.jpg","contentUrl":"https:\/\/portaltela.pt\/s.01k8rhncp4jt1\/2026\/02\/img_1280x721uu2026-02-05-14-33-01-2264967-1.jpg","width":796,"height":448,"caption":"Elementos da prote\u00e7\u00e3o civil passam com um bote pela zona que ficou submersa pela subida da \u00e1gua do Rio Liz devido ao mau tempo, em Leiria"},{"@type":"BreadcrumbList","@id":"https:\/\/portaltela.pt\/noticias\/2026\/02\/06\/fundo-da-caritas-de-leiria-ultrapassa-um-milhao-de-euros\/#breadcrumb","itemListElement":[{"@type":"ListItem","position":1,"name":"In\u00edcio","item":"https:\/\/portaltela.pt\/"},{"@type":"ListItem","position":2,"name":"Fundo da C\u00e1ritas de Leiria ultrapassa um milh\u00e3o de euros"}]},{"@type":"WebSite","@id":"https:\/\/portaltela.pt\/#website","url":"https:\/\/portaltela.pt\/","name":"Portal Tela Portugal","description":"","potentialAction":[{"@type":"SearchAction","target":{"@type":"EntryPoint","urlTemplate":"https:\/\/portaltela.pt\/?s={search_term_string}"},"query-input":{"@type":"PropertyValueSpecification","valueRequired":true,"valueName":"search_term_string"}}],"inLanguage":"pt-PT"},{"@type":"Person","@id":"https:\/\/portaltela.pt\/#\/schema\/person\/c4278d4a6028830caff9ee44b42d32ed","name":"Telinha","image":{"@type":"ImageObject","inLanguage":"pt-PT","@id":"https:\/\/portaltela.pt\/s.01k8rhncp4jt1\/2025\/11\/talking-bot-125x125.png","url":"https:\/\/portaltela.pt\/s.01k8rhncp4jt1\/2025\/11\/talking-bot-125x125.png","contentUrl":"https:\/\/portaltela.pt\/s.01k8rhncp4jt1\/2025\/11\/talking-bot-125x125.png","caption":"Telinha"},"sameAs":["https:\/\/portaltela.pt\/"],"url":"https:\/\/portaltela.pt\/por\/367410592786\/"}]}},"_links":{"self":[{"href":"https:\/\/portaltela.pt\/api\/wp\/v2\/posts\/201252","targetHints":{"allow":["GET"]}}],"collection":[{"href":"https:\/\/portaltela.pt\/api\/wp\/v2\/posts"}],"about":[{"href":"https:\/\/portaltela.pt\/api\/wp\/v2\/types\/post"}],"author":[{"embeddable":true,"href":"https:\/\/portaltela.pt\/api\/wp\/v2\/users\/2"}],"replies":[{"embeddable":true,"href":"https:\/\/portaltela.pt\/api\/wp\/v2\/comments?post=201252"}],"version-history":[{"count":0,"href":"https:\/\/portaltela.pt\/api\/wp\/v2\/posts\/201252\/revisions"}],"wp:featuredmedia":[{"embeddable":true,"href":"https:\/\/portaltela.pt\/api\/wp\/v2\/media\/201254"}],"wp:attachment":[{"href":"https:\/\/portaltela.pt\/api\/wp\/v2\/media?parent=201252"}],"wp:term":[{"taxonomy":"category","embeddable":true,"href":"https:\/\/portaltela.pt\/api\/wp\/v2\/categories?post=201252"},{"taxonomy":"post_tag","embeddable":true,"href":"https:\/\/portaltela.pt\/api\/wp\/v2\/tags?post=201252"}],"curies":[{"name":"wp","href":"https:\/\/api.w.org\/{rel}","templated":true}]}}