{"id":201225,"date":"2026-02-06T06:25:52","date_gmt":"2026-02-06T09:25:52","guid":{"rendered":"https:\/\/portaltela.pt\/noticias\/2026\/02\/06\/marinha-grande-solicita-cedencia-urgente-de-plataformas-com-manobrador\/"},"modified":"2026-02-06T06:25:52","modified_gmt":"2026-02-06T09:25:52","slug":"marinha-grande-solicita-cedencia-urgente-de-plataformas-com-manobrador","status":"publish","type":"post","link":"https:\/\/portaltela.pt\/noticias\/2026\/02\/06\/marinha-grande-solicita-cedencia-urgente-de-plataformas-com-manobrador\/","title":{"rendered":"Marinha Grande solicita ced\u00eancia urgente de plataformas com manobrador"},"content":{"rendered":"<p>A C\u00e2mara Municipal da Marinha Grande pediu, esta sexta-feira, a ced\u00eancia urgente de plataformas elevat\u00f3rias com manobrador. O objetivo \u00e9 apoiar as equipas de repara\u00e7\u00e3o e estabiliza\u00e7\u00e3o de estruturas afetadas pela depress\u00e3o Kristin.<\/p>\n<p>Segundo o munic\u00edpio, h\u00e1 dezenas de ocorr\u00eancias que colocam em risco fam\u00edlias e edifica\u00e7\u00f5es. Os equipamentos s\u00e3o considerados determinantes para interven\u00e7\u00e3o r\u00e1pida em coberturas danificadas e estruturas inst\u00e1veis.<\/p>\n<p>As opera\u00e7\u00f5es est\u00e3o previstas para ocorrer nos dias 07 e 08 de fevereiro, fim de semana, no interior do territ\u00f3rio. O ponto de encontro \u00e9 o estaleiro municipal, na rua do Matadouro.<\/p>\n<p>Interessados em colaborar devem contactar o Servi\u00e7o Municipal de Prote\u00e7\u00e3o Civil atrav\u00e9s do email smpc@cm-mgrande.pt. A ced\u00eancia \u00e9 tempor\u00e1ria e visa dar resposta imediata aos estragos.<\/p>\n<p>De acordo com dados oficiais, doze pessoas morreram em Portugal desde o in\u00edcio desta crise provocada pelas depress\u00f5es Kristin e Leonardo. O temporal provocou feridos, desalojados e pesados danos materiais.<\/p>\n<p>As consequ\u00eancias incluem a destrui\u00e7\u00e3o de habita\u00e7\u00f5es, fecho de vias, altera\u00e7\u00f5es no transporte e cortes de energia, \u00e1gua e comunica\u00e7\u00f5es em v\u00e1rias zonas do pa\u00eds. Muitas dezenas de ocorr\u00eancias continuam por resolver.<\/p>\n<p>O Governo prolongou, at\u00e9 15 de fevereiro, o regime de calamidade para 68 concelhos. Foram anunciados 275 Espa\u00e7os de Cidad\u00e3o e 12 carrinhas m\u00f3veis para apoio local, al\u00e9m de poss\u00edvel mobiliza\u00e7\u00e3o de trabalhadores de obras p\u00fablicas.<\/p>\n","protected":false},"excerpt":{"rendered":"<ul>\n<li>C\u00e2mara da Marinha Grande pediu ced\u00eancia urgente de plataformas elevat\u00f3rias com manobrador para apoiar a recupera\u00e7\u00e3o de danos provocados pela depress\u00e3o Kristin, com atua\u00e7\u00e3o nos dias sete e oito de fevereiro.<\/li>\n<li>O objetivo \u00e9 facilitar interven\u00e7\u00f5es em coberturas danificadas, estruturas inst\u00e1veis e edif\u00edcios com infiltra\u00e7\u00f5es e ventos fortes que persistem ap\u00f3s a tempestade.<\/li>\n<li>Interessados devem contactar o Servi\u00e7o Municipal de Prote\u00e7\u00e3o Civil atrav\u00e9s do email smpc@cm-mgrande.pt; o ponto de encontro \u00e9 o estaleiro municipal, na rua do Matadouro.<\/li>\n<li>Portugal regista doze mortos desde a semana passada, com v\u00e1rias v\u00edtimas e desalojados, e impactos como destrui\u00e7\u00e3o de casas, quedas de \u00e1rvores e cortes de servi\u00e7os.<\/li>\n<li>O Governo prorrogou a calamidade para sessenta e oito concelhos at\u00e9 dia quinze de fevereiro e anunciou medidas de apoio at\u00e9 2,5 mil milh\u00f5es de euros, incluindo 275 Espa\u00e7os de Cidad\u00e3o e 12 carrinhas m\u00f3veis.<\/li>\n<\/ul>\n","protected":false},"author":2,"featured_media":201227,"comment_status":"closed","ping_status":"closed","sticky":false,"template":"","format":"standard","meta":{"footnotes":""},"categories":[1],"tags":[5365,1090,4298,320,5099,192],"class_list":["post-201225","post","type-post","status-publish","format-standard","has-post-thumbnail","hentry","category-noticias","tag-acalamidade-publica","tag-agua","tag-marinha","tag-protecao-civil","tag-protecao-civil-municipal","tag-transporte"],"yoast_head":"<!-- This site is optimized with the Yoast SEO plugin v27.2 - https:\/\/yoast.com\/product\/yoast-seo-wordpress\/ -->\n<title>Marinha Grande solicita ced\u00eancia urgente de plataformas com manobrador - Portal Tela Portugal<\/title>\n<meta name=\"robots\" content=\"index, follow, max-snippet:-1, max-image-preview:large, max-video-preview:-1\" \/>\n<meta property=\"og:locale\" content=\"pt_PT\" \/>\n<meta property=\"og:type\" content=\"article\" \/>\n<meta property=\"og:title\" content=\"Marinha Grande solicita ced\u00eancia urgente de plataformas com manobrador - Portal Tela Portugal\" \/>\n<meta property=\"og:description\" content=\"C\u00e2mara da Marinha Grande pediu ced\u00eancia urgente de plataformas elevat\u00f3rias com manobrador para apoiar a recupera\u00e7\u00e3o de danos provocados pela depress\u00e3o Kristin, com atua\u00e7\u00e3o nos dias sete e oito de fevereiro. O objetivo \u00e9 facilitar interven\u00e7\u00f5es em coberturas danificadas, estruturas inst\u00e1veis e edif\u00edcios com infiltra\u00e7\u00f5es e ventos fortes que persistem ap\u00f3s a tempestade. Interessados devem contactar o Servi\u00e7o Municipal de Prote\u00e7\u00e3o Civil atrav\u00e9s do email smpc@cm-mgrande.pt; o ponto de encontro \u00e9 o estaleiro municipal, na rua do Matadouro. Portugal regista doze mortos desde a semana passada, com v\u00e1rias v\u00edtimas e desalojados, e impactos como destrui\u00e7\u00e3o de casas, quedas de \u00e1rvores e cortes de servi\u00e7os. O Governo prorrogou a calamidade para sessenta e oito concelhos at\u00e9 dia quinze de fevereiro e anunciou medidas de apoio at\u00e9 2,5 mil milh\u00f5es de euros, incluindo 275 Espa\u00e7os de Cidad\u00e3o e 12 carrinhas m\u00f3veis.\" \/>\n<meta property=\"og:url\" content=\"https:\/\/portaltela.pt\/noticias\/2026\/02\/06\/marinha-grande-solicita-cedencia-urgente-de-plataformas-com-manobrador\/\" \/>\n<meta property=\"og:site_name\" content=\"Portal Tela Portugal\" \/>\n<meta property=\"article:published_time\" content=\"2026-02-06T09:25:52+00:00\" \/>\n<meta name=\"author\" content=\"Telinha\" \/>\n<meta name=\"twitter:card\" content=\"summary_large_image\" \/>\n<meta name=\"twitter:label1\" content=\"Escrito por\" \/>\n\t<meta name=\"twitter:data1\" content=\"Telinha\" \/>\n\t<meta name=\"twitter:label2\" content=\"Tempo estimado de leitura\" \/>\n\t<meta name=\"twitter:data2\" content=\"1 minuto\" \/>\n<script type=\"application\/ld+json\" class=\"yoast-schema-graph\">{\"@context\":\"https:\/\/schema.org\",\"@graph\":[{\"@type\":\"Article\",\"@id\":\"https:\/\/portaltela.pt\/noticias\/2026\/02\/06\/marinha-grande-solicita-cedencia-urgente-de-plataformas-com-manobrador\/#article\",\"isPartOf\":{\"@id\":\"https:\/\/portaltela.pt\/noticias\/2026\/02\/06\/marinha-grande-solicita-cedencia-urgente-de-plataformas-com-manobrador\/\"},\"author\":{\"name\":\"Telinha\",\"@id\":\"https:\/\/portaltela.pt\/#\/schema\/person\/c4278d4a6028830caff9ee44b42d32ed\"},\"headline\":\"Marinha Grande solicita ced\u00eancia urgente de plataformas com manobrador\",\"datePublished\":\"2026-02-06T09:25:52+00:00\",\"mainEntityOfPage\":{\"@id\":\"https:\/\/portaltela.pt\/noticias\/2026\/02\/06\/marinha-grande-solicita-cedencia-urgente-de-plataformas-com-manobrador\/\"},\"wordCount\":259,\"image\":{\"@id\":\"https:\/\/portaltela.pt\/noticias\/2026\/02\/06\/marinha-grande-solicita-cedencia-urgente-de-plataformas-com-manobrador\/#primaryimage\"},\"thumbnailUrl\":\"https:\/\/portaltela.pt\/s.01k8rhncp4jt1\/2026\/02\/img_1500x1000uu2026-02-05-12-04-41-2264922-1.jpg\",\"keywords\":[\"Acalamidade p\u00fablica\",\"\u00e1gua\",\"Marinha\",\"prote\u00e7\u00e3o civil\",\"Prote\u00e7\u00e3o Civil Municipal\",\"transporte\"],\"articleSection\":[\"Not\u00edcias\"],\"inLanguage\":\"pt-PT\"},{\"@type\":\"WebPage\",\"@id\":\"https:\/\/portaltela.pt\/noticias\/2026\/02\/06\/marinha-grande-solicita-cedencia-urgente-de-plataformas-com-manobrador\/\",\"url\":\"https:\/\/portaltela.pt\/noticias\/2026\/02\/06\/marinha-grande-solicita-cedencia-urgente-de-plataformas-com-manobrador\/\",\"name\":\"Marinha Grande solicita ced\u00eancia urgente de plataformas com manobrador - Portal Tela Portugal\",\"isPartOf\":{\"@id\":\"https:\/\/portaltela.pt\/#website\"},\"primaryImageOfPage\":{\"@id\":\"https:\/\/portaltela.pt\/noticias\/2026\/02\/06\/marinha-grande-solicita-cedencia-urgente-de-plataformas-com-manobrador\/#primaryimage\"},\"image\":{\"@id\":\"https:\/\/portaltela.pt\/noticias\/2026\/02\/06\/marinha-grande-solicita-cedencia-urgente-de-plataformas-com-manobrador\/#primaryimage\"},\"thumbnailUrl\":\"https:\/\/portaltela.pt\/s.01k8rhncp4jt1\/2026\/02\/img_1500x1000uu2026-02-05-12-04-41-2264922-1.jpg\",\"datePublished\":\"2026-02-06T09:25:52+00:00\",\"author\":{\"@id\":\"https:\/\/portaltela.pt\/#\/schema\/person\/c4278d4a6028830caff9ee44b42d32ed\"},\"breadcrumb\":{\"@id\":\"https:\/\/portaltela.pt\/noticias\/2026\/02\/06\/marinha-grande-solicita-cedencia-urgente-de-plataformas-com-manobrador\/#breadcrumb\"},\"inLanguage\":\"pt-PT\",\"potentialAction\":[{\"@type\":\"ReadAction\",\"target\":[\"https:\/\/portaltela.pt\/noticias\/2026\/02\/06\/marinha-grande-solicita-cedencia-urgente-de-plataformas-com-manobrador\/\"]}]},{\"@type\":\"ImageObject\",\"inLanguage\":\"pt-PT\",\"@id\":\"https:\/\/portaltela.pt\/noticias\/2026\/02\/06\/marinha-grande-solicita-cedencia-urgente-de-plataformas-com-manobrador\/#primaryimage\",\"url\":\"https:\/\/portaltela.pt\/s.01k8rhncp4jt1\/2026\/02\/img_1500x1000uu2026-02-05-12-04-41-2264922-1.jpg\",\"contentUrl\":\"https:\/\/portaltela.pt\/s.01k8rhncp4jt1\/2026\/02\/img_1500x1000uu2026-02-05-12-04-41-2264922-1.jpg\",\"width\":796,\"height\":448,\"caption\":\"Marinha Grande\"},{\"@type\":\"BreadcrumbList\",\"@id\":\"https:\/\/portaltela.pt\/noticias\/2026\/02\/06\/marinha-grande-solicita-cedencia-urgente-de-plataformas-com-manobrador\/#breadcrumb\",\"itemListElement\":[{\"@type\":\"ListItem\",\"position\":1,\"name\":\"In\u00edcio\",\"item\":\"https:\/\/portaltela.pt\/\"},{\"@type\":\"ListItem\",\"position\":2,\"name\":\"Marinha Grande solicita ced\u00eancia urgente de plataformas com manobrador\"}]},{\"@type\":\"WebSite\",\"@id\":\"https:\/\/portaltela.pt\/#website\",\"url\":\"https:\/\/portaltela.pt\/\",\"name\":\"Portal Tela Portugal\",\"description\":\"\",\"potentialAction\":[{\"@type\":\"SearchAction\",\"target\":{\"@type\":\"EntryPoint\",\"urlTemplate\":\"https:\/\/portaltela.pt\/?s={search_term_string}\"},\"query-input\":{\"@type\":\"PropertyValueSpecification\",\"valueRequired\":true,\"valueName\":\"search_term_string\"}}],\"inLanguage\":\"pt-PT\"},{\"@type\":\"Person\",\"@id\":\"https:\/\/portaltela.pt\/#\/schema\/person\/c4278d4a6028830caff9ee44b42d32ed\",\"name\":\"Telinha\",\"image\":{\"@type\":\"ImageObject\",\"inLanguage\":\"pt-PT\",\"@id\":\"https:\/\/portaltela.pt\/s.01k8rhncp4jt1\/2025\/11\/talking-bot-125x125.png\",\"url\":\"https:\/\/portaltela.pt\/s.01k8rhncp4jt1\/2025\/11\/talking-bot-125x125.png\",\"contentUrl\":\"https:\/\/portaltela.pt\/s.01k8rhncp4jt1\/2025\/11\/talking-bot-125x125.png\",\"caption\":\"Telinha\"},\"sameAs\":[\"https:\/\/portaltela.pt\/\"],\"url\":\"https:\/\/portaltela.pt\/por\/367410592786\/\"}]}<\/script>\n<!-- \/ Yoast SEO plugin. -->","yoast_head_json":{"title":"Marinha Grande solicita ced\u00eancia urgente de plataformas com manobrador - Portal Tela Portugal","robots":{"index":"index","follow":"follow","max-snippet":"max-snippet:-1","max-image-preview":"max-image-preview:large","max-video-preview":"max-video-preview:-1"},"og_locale":"pt_PT","og_type":"article","og_title":"Marinha Grande solicita ced\u00eancia urgente de plataformas com manobrador - Portal Tela Portugal","og_description":"C\u00e2mara da Marinha Grande pediu ced\u00eancia urgente de plataformas elevat\u00f3rias com manobrador para apoiar a recupera\u00e7\u00e3o de danos provocados pela depress\u00e3o Kristin, com atua\u00e7\u00e3o nos dias sete e oito de fevereiro. O objetivo \u00e9 facilitar interven\u00e7\u00f5es em coberturas danificadas, estruturas inst\u00e1veis e edif\u00edcios com infiltra\u00e7\u00f5es e ventos fortes que persistem ap\u00f3s a tempestade. Interessados devem contactar o Servi\u00e7o Municipal de Prote\u00e7\u00e3o Civil atrav\u00e9s do email smpc@cm-mgrande.pt; o ponto de encontro \u00e9 o estaleiro municipal, na rua do Matadouro. Portugal regista doze mortos desde a semana passada, com v\u00e1rias v\u00edtimas e desalojados, e impactos como destrui\u00e7\u00e3o de casas, quedas de \u00e1rvores e cortes de servi\u00e7os. O Governo prorrogou a calamidade para sessenta e oito concelhos at\u00e9 dia quinze de fevereiro e anunciou medidas de apoio at\u00e9 2,5 mil milh\u00f5es de euros, incluindo 275 Espa\u00e7os de Cidad\u00e3o e 12 carrinhas m\u00f3veis.","og_url":"https:\/\/portaltela.pt\/noticias\/2026\/02\/06\/marinha-grande-solicita-cedencia-urgente-de-plataformas-com-manobrador\/","og_site_name":"Portal Tela Portugal","article_published_time":"2026-02-06T09:25:52+00:00","author":"Telinha","twitter_card":"summary_large_image","twitter_misc":{"Escrito por":"Telinha","Tempo estimado de leitura":"1 minuto"},"schema":{"@context":"https:\/\/schema.org","@graph":[{"@type":"Article","@id":"https:\/\/portaltela.pt\/noticias\/2026\/02\/06\/marinha-grande-solicita-cedencia-urgente-de-plataformas-com-manobrador\/#article","isPartOf":{"@id":"https:\/\/portaltela.pt\/noticias\/2026\/02\/06\/marinha-grande-solicita-cedencia-urgente-de-plataformas-com-manobrador\/"},"author":{"name":"Telinha","@id":"https:\/\/portaltela.pt\/#\/schema\/person\/c4278d4a6028830caff9ee44b42d32ed"},"headline":"Marinha Grande solicita ced\u00eancia urgente de plataformas com manobrador","datePublished":"2026-02-06T09:25:52+00:00","mainEntityOfPage":{"@id":"https:\/\/portaltela.pt\/noticias\/2026\/02\/06\/marinha-grande-solicita-cedencia-urgente-de-plataformas-com-manobrador\/"},"wordCount":259,"image":{"@id":"https:\/\/portaltela.pt\/noticias\/2026\/02\/06\/marinha-grande-solicita-cedencia-urgente-de-plataformas-com-manobrador\/#primaryimage"},"thumbnailUrl":"https:\/\/portaltela.pt\/s.01k8rhncp4jt1\/2026\/02\/img_1500x1000uu2026-02-05-12-04-41-2264922-1.jpg","keywords":["Acalamidade p\u00fablica","\u00e1gua","Marinha","prote\u00e7\u00e3o civil","Prote\u00e7\u00e3o Civil Municipal","transporte"],"articleSection":["Not\u00edcias"],"inLanguage":"pt-PT"},{"@type":"WebPage","@id":"https:\/\/portaltela.pt\/noticias\/2026\/02\/06\/marinha-grande-solicita-cedencia-urgente-de-plataformas-com-manobrador\/","url":"https:\/\/portaltela.pt\/noticias\/2026\/02\/06\/marinha-grande-solicita-cedencia-urgente-de-plataformas-com-manobrador\/","name":"Marinha Grande solicita ced\u00eancia urgente de plataformas com manobrador - Portal Tela Portugal","isPartOf":{"@id":"https:\/\/portaltela.pt\/#website"},"primaryImageOfPage":{"@id":"https:\/\/portaltela.pt\/noticias\/2026\/02\/06\/marinha-grande-solicita-cedencia-urgente-de-plataformas-com-manobrador\/#primaryimage"},"image":{"@id":"https:\/\/portaltela.pt\/noticias\/2026\/02\/06\/marinha-grande-solicita-cedencia-urgente-de-plataformas-com-manobrador\/#primaryimage"},"thumbnailUrl":"https:\/\/portaltela.pt\/s.01k8rhncp4jt1\/2026\/02\/img_1500x1000uu2026-02-05-12-04-41-2264922-1.jpg","datePublished":"2026-02-06T09:25:52+00:00","author":{"@id":"https:\/\/portaltela.pt\/#\/schema\/person\/c4278d4a6028830caff9ee44b42d32ed"},"breadcrumb":{"@id":"https:\/\/portaltela.pt\/noticias\/2026\/02\/06\/marinha-grande-solicita-cedencia-urgente-de-plataformas-com-manobrador\/#breadcrumb"},"inLanguage":"pt-PT","potentialAction":[{"@type":"ReadAction","target":["https:\/\/portaltela.pt\/noticias\/2026\/02\/06\/marinha-grande-solicita-cedencia-urgente-de-plataformas-com-manobrador\/"]}]},{"@type":"ImageObject","inLanguage":"pt-PT","@id":"https:\/\/portaltela.pt\/noticias\/2026\/02\/06\/marinha-grande-solicita-cedencia-urgente-de-plataformas-com-manobrador\/#primaryimage","url":"https:\/\/portaltela.pt\/s.01k8rhncp4jt1\/2026\/02\/img_1500x1000uu2026-02-05-12-04-41-2264922-1.jpg","contentUrl":"https:\/\/portaltela.pt\/s.01k8rhncp4jt1\/2026\/02\/img_1500x1000uu2026-02-05-12-04-41-2264922-1.jpg","width":796,"height":448,"caption":"Marinha Grande"},{"@type":"BreadcrumbList","@id":"https:\/\/portaltela.pt\/noticias\/2026\/02\/06\/marinha-grande-solicita-cedencia-urgente-de-plataformas-com-manobrador\/#breadcrumb","itemListElement":[{"@type":"ListItem","position":1,"name":"In\u00edcio","item":"https:\/\/portaltela.pt\/"},{"@type":"ListItem","position":2,"name":"Marinha Grande solicita ced\u00eancia urgente de plataformas com manobrador"}]},{"@type":"WebSite","@id":"https:\/\/portaltela.pt\/#website","url":"https:\/\/portaltela.pt\/","name":"Portal Tela Portugal","description":"","potentialAction":[{"@type":"SearchAction","target":{"@type":"EntryPoint","urlTemplate":"https:\/\/portaltela.pt\/?s={search_term_string}"},"query-input":{"@type":"PropertyValueSpecification","valueRequired":true,"valueName":"search_term_string"}}],"inLanguage":"pt-PT"},{"@type":"Person","@id":"https:\/\/portaltela.pt\/#\/schema\/person\/c4278d4a6028830caff9ee44b42d32ed","name":"Telinha","image":{"@type":"ImageObject","inLanguage":"pt-PT","@id":"https:\/\/portaltela.pt\/s.01k8rhncp4jt1\/2025\/11\/talking-bot-125x125.png","url":"https:\/\/portaltela.pt\/s.01k8rhncp4jt1\/2025\/11\/talking-bot-125x125.png","contentUrl":"https:\/\/portaltela.pt\/s.01k8rhncp4jt1\/2025\/11\/talking-bot-125x125.png","caption":"Telinha"},"sameAs":["https:\/\/portaltela.pt\/"],"url":"https:\/\/portaltela.pt\/por\/367410592786\/"}]}},"_links":{"self":[{"href":"https:\/\/portaltela.pt\/api\/wp\/v2\/posts\/201225","targetHints":{"allow":["GET"]}}],"collection":[{"href":"https:\/\/portaltela.pt\/api\/wp\/v2\/posts"}],"about":[{"href":"https:\/\/portaltela.pt\/api\/wp\/v2\/types\/post"}],"author":[{"embeddable":true,"href":"https:\/\/portaltela.pt\/api\/wp\/v2\/users\/2"}],"replies":[{"embeddable":true,"href":"https:\/\/portaltela.pt\/api\/wp\/v2\/comments?post=201225"}],"version-history":[{"count":0,"href":"https:\/\/portaltela.pt\/api\/wp\/v2\/posts\/201225\/revisions"}],"wp:featuredmedia":[{"embeddable":true,"href":"https:\/\/portaltela.pt\/api\/wp\/v2\/media\/201227"}],"wp:attachment":[{"href":"https:\/\/portaltela.pt\/api\/wp\/v2\/media?parent=201225"}],"wp:term":[{"taxonomy":"category","embeddable":true,"href":"https:\/\/portaltela.pt\/api\/wp\/v2\/categories?post=201225"},{"taxonomy":"post_tag","embeddable":true,"href":"https:\/\/portaltela.pt\/api\/wp\/v2\/tags?post=201225"}],"curies":[{"name":"wp","href":"https:\/\/api.w.org\/{rel}","templated":true}]}}