{"id":201217,"date":"2026-02-06T06:23:41","date_gmt":"2026-02-06T09:23:41","guid":{"rendered":"https:\/\/portaltela.pt\/noticias\/2026\/02\/06\/moradores-de-soure-tentam-escoar-a-agua-que-invadiu-casas\/"},"modified":"2026-02-06T06:23:41","modified_gmt":"2026-02-06T09:23:41","slug":"moradores-de-soure-tentam-escoar-a-agua-que-invadiu-casas","status":"publish","type":"post","link":"https:\/\/portaltela.pt\/noticias\/2026\/02\/06\/moradores-de-soure-tentam-escoar-a-agua-que-invadiu-casas\/","title":{"rendered":"Moradores de Soure tentam escoar a \u00e1gua que invadiu casas"},"content":{"rendered":"<p>Moradores de Soure tentam escoar a \u00e1gua que invadiu habita\u00e7\u00f5es na vila, ap\u00f3s o mau tempo que dominou a regi\u00e3o. A \u00e1gua acumulou-se em v\u00e1rias vias, alagando casas e acessos.<\/p>\n<p>A popula\u00e7\u00e3o local est\u00e1 preocupada com a possibilidade de novo aumento do n\u00edvel da \u00e1gua. Autoridades locais acompanham a evolu\u00e7\u00e3o da situa\u00e7\u00e3o e preparam a\u00e7\u00f5es de menor escala para mitigar danos.<\/p>\n<p>A chuva intensa e o desaguar das vias contribu\u00edram para as inunda\u00e7\u00f5es, dificultando a circula\u00e7\u00e3o e a evacua\u00e7\u00e3o de alguns habitantes. N\u00e3o h\u00e1 registo imediato de feridos.<\/p>\n<h3>Situa\u00e7\u00e3o atual<\/h3>\n<p>As equipas de prote\u00e7\u00e3o civil permanecem no terreno, coordenando o escoamento de \u00e1gua e avalia\u00e7\u00e3o de estragos. V\u00edtimas ainda n\u00e3o foram confirmadas, mas os moradores pedem condi\u00e7\u00f5es de higiene e acesso a \u00e1gua pot\u00e1vel.<\/p>\n<h3>Medidas adotadas<\/h3>\n<p>De forma preventiva, foram montados obst\u00e1culos para evitar novos alagamentos em pontos cr\u00edticos. Servi\u00e7os municipais procedem \u00e0 limpeza de vias e \u00e0 remo\u00e7\u00e3o de lama espalhada pelas zonas afetadas.<\/p>\n","protected":false},"excerpt":{"rendered":"<ul>\n<li>Moradores de Soure tentam escoar a \u00e1gua que invadiu habita\u00e7\u00f5es.<\/li>\n<li>A popula\u00e7\u00e3o permanece preocupada com a possibilidade de aumento do n\u00edvel da \u00e1gua.<\/li>\n<li>A informa\u00e7\u00e3o \u00e9 partilhada para afastar danos e facilitar a evacua\u00e7\u00e3o de \u00e1reas afetadas.<\/li>\n<li>N\u00e3o h\u00e1 detalhes oficiais adicionais sobre a origem ou a extens\u00e3o da subida das \u00e1guas.<\/li>\n<\/ul>\n","protected":false},"author":2,"featured_media":201221,"comment_status":"closed","ping_status":"closed","sticky":false,"template":"","format":"standard","meta":{"footnotes":""},"categories":[1],"tags":[1090,3812,4519,2293,4107,5099],"class_list":["post-201217","post","type-post","status-publish","format-standard","has-post-thumbnail","hentry","category-noticias","tag-agua","tag-alagamentos","tag-evacuacoes","tag-inundacoes","tag-limpeza-de-vias","tag-protecao-civil-municipal"],"yoast_head":"<!-- This site is optimized with the Yoast SEO plugin v27.2 - https:\/\/yoast.com\/product\/yoast-seo-wordpress\/ -->\n<title>Moradores de Soure tentam escoar a \u00e1gua que invadiu casas - Portal Tela Portugal<\/title>\n<meta name=\"robots\" content=\"index, follow, max-snippet:-1, max-image-preview:large, max-video-preview:-1\" \/>\n<meta property=\"og:locale\" content=\"pt_PT\" \/>\n<meta property=\"og:type\" content=\"article\" \/>\n<meta property=\"og:title\" content=\"Moradores de Soure tentam escoar a \u00e1gua que invadiu casas - Portal Tela Portugal\" \/>\n<meta property=\"og:description\" content=\"Moradores de Soure tentam escoar a \u00e1gua que invadiu habita\u00e7\u00f5es. A popula\u00e7\u00e3o permanece preocupada com a possibilidade de aumento do n\u00edvel da \u00e1gua. A informa\u00e7\u00e3o \u00e9 partilhada para afastar danos e facilitar a evacua\u00e7\u00e3o de \u00e1reas afetadas. N\u00e3o h\u00e1 detalhes oficiais adicionais sobre a origem ou a extens\u00e3o da subida das \u00e1guas.\" \/>\n<meta property=\"og:url\" content=\"https:\/\/portaltela.pt\/noticias\/2026\/02\/06\/moradores-de-soure-tentam-escoar-a-agua-que-invadiu-casas\/\" \/>\n<meta property=\"og:site_name\" content=\"Portal Tela Portugal\" \/>\n<meta property=\"article:published_time\" content=\"2026-02-06T09:23:41+00:00\" \/>\n<meta name=\"author\" content=\"Telinha\" \/>\n<meta name=\"twitter:card\" content=\"summary_large_image\" \/>\n<meta name=\"twitter:label1\" content=\"Escrito por\" \/>\n\t<meta name=\"twitter:data1\" content=\"Telinha\" \/>\n\t<meta name=\"twitter:label2\" content=\"Tempo estimado de leitura\" \/>\n\t<meta name=\"twitter:data2\" content=\"1 minuto\" \/>\n<script type=\"application\/ld+json\" class=\"yoast-schema-graph\">{\"@context\":\"https:\/\/schema.org\",\"@graph\":[{\"@type\":\"Article\",\"@id\":\"https:\/\/portaltela.pt\/noticias\/2026\/02\/06\/moradores-de-soure-tentam-escoar-a-agua-que-invadiu-casas\/#article\",\"isPartOf\":{\"@id\":\"https:\/\/portaltela.pt\/noticias\/2026\/02\/06\/moradores-de-soure-tentam-escoar-a-agua-que-invadiu-casas\/\"},\"author\":{\"name\":\"Telinha\",\"@id\":\"https:\/\/portaltela.pt\/#\/schema\/person\/c4278d4a6028830caff9ee44b42d32ed\"},\"headline\":\"Moradores de Soure tentam escoar a \u00e1gua que invadiu casas\",\"datePublished\":\"2026-02-06T09:23:41+00:00\",\"mainEntityOfPage\":{\"@id\":\"https:\/\/portaltela.pt\/noticias\/2026\/02\/06\/moradores-de-soure-tentam-escoar-a-agua-que-invadiu-casas\/\"},\"wordCount\":188,\"image\":{\"@id\":\"https:\/\/portaltela.pt\/noticias\/2026\/02\/06\/moradores-de-soure-tentam-escoar-a-agua-que-invadiu-casas\/#primaryimage\"},\"thumbnailUrl\":\"https:\/\/portaltela.pt\/s.01k8rhncp4jt1\/2026\/02\/img_1280x722uu2026-02-06-09-22-15-2265171.jpg\",\"keywords\":[\"\u00e1gua\",\"alagamentos\",\"evacua\u00e7\u00f5es\",\"inunda\u00e7\u00f5es\",\"limpeza de vias\",\"Prote\u00e7\u00e3o Civil Municipal\"],\"articleSection\":[\"Not\u00edcias\"],\"inLanguage\":\"pt-PT\"},{\"@type\":\"WebPage\",\"@id\":\"https:\/\/portaltela.pt\/noticias\/2026\/02\/06\/moradores-de-soure-tentam-escoar-a-agua-que-invadiu-casas\/\",\"url\":\"https:\/\/portaltela.pt\/noticias\/2026\/02\/06\/moradores-de-soure-tentam-escoar-a-agua-que-invadiu-casas\/\",\"name\":\"Moradores de Soure tentam escoar a \u00e1gua que invadiu casas - Portal Tela Portugal\",\"isPartOf\":{\"@id\":\"https:\/\/portaltela.pt\/#website\"},\"primaryImageOfPage\":{\"@id\":\"https:\/\/portaltela.pt\/noticias\/2026\/02\/06\/moradores-de-soure-tentam-escoar-a-agua-que-invadiu-casas\/#primaryimage\"},\"image\":{\"@id\":\"https:\/\/portaltela.pt\/noticias\/2026\/02\/06\/moradores-de-soure-tentam-escoar-a-agua-que-invadiu-casas\/#primaryimage\"},\"thumbnailUrl\":\"https:\/\/portaltela.pt\/s.01k8rhncp4jt1\/2026\/02\/img_1280x722uu2026-02-06-09-22-15-2265171.jpg\",\"datePublished\":\"2026-02-06T09:23:41+00:00\",\"author\":{\"@id\":\"https:\/\/portaltela.pt\/#\/schema\/person\/c4278d4a6028830caff9ee44b42d32ed\"},\"breadcrumb\":{\"@id\":\"https:\/\/portaltela.pt\/noticias\/2026\/02\/06\/moradores-de-soure-tentam-escoar-a-agua-que-invadiu-casas\/#breadcrumb\"},\"inLanguage\":\"pt-PT\",\"potentialAction\":[{\"@type\":\"ReadAction\",\"target\":[\"https:\/\/portaltela.pt\/noticias\/2026\/02\/06\/moradores-de-soure-tentam-escoar-a-agua-que-invadiu-casas\/\"]}]},{\"@type\":\"ImageObject\",\"inLanguage\":\"pt-PT\",\"@id\":\"https:\/\/portaltela.pt\/noticias\/2026\/02\/06\/moradores-de-soure-tentam-escoar-a-agua-que-invadiu-casas\/#primaryimage\",\"url\":\"https:\/\/portaltela.pt\/s.01k8rhncp4jt1\/2026\/02\/img_1280x722uu2026-02-06-09-22-15-2265171.jpg\",\"contentUrl\":\"https:\/\/portaltela.pt\/s.01k8rhncp4jt1\/2026\/02\/img_1280x722uu2026-02-06-09-22-15-2265171.jpg\",\"width\":796,\"height\":448,\"caption\":\"Photo\"},{\"@type\":\"BreadcrumbList\",\"@id\":\"https:\/\/portaltela.pt\/noticias\/2026\/02\/06\/moradores-de-soure-tentam-escoar-a-agua-que-invadiu-casas\/#breadcrumb\",\"itemListElement\":[{\"@type\":\"ListItem\",\"position\":1,\"name\":\"In\u00edcio\",\"item\":\"https:\/\/portaltela.pt\/\"},{\"@type\":\"ListItem\",\"position\":2,\"name\":\"Moradores de Soure tentam escoar a \u00e1gua que invadiu casas\"}]},{\"@type\":\"WebSite\",\"@id\":\"https:\/\/portaltela.pt\/#website\",\"url\":\"https:\/\/portaltela.pt\/\",\"name\":\"Portal Tela Portugal\",\"description\":\"\",\"potentialAction\":[{\"@type\":\"SearchAction\",\"target\":{\"@type\":\"EntryPoint\",\"urlTemplate\":\"https:\/\/portaltela.pt\/?s={search_term_string}\"},\"query-input\":{\"@type\":\"PropertyValueSpecification\",\"valueRequired\":true,\"valueName\":\"search_term_string\"}}],\"inLanguage\":\"pt-PT\"},{\"@type\":\"Person\",\"@id\":\"https:\/\/portaltela.pt\/#\/schema\/person\/c4278d4a6028830caff9ee44b42d32ed\",\"name\":\"Telinha\",\"image\":{\"@type\":\"ImageObject\",\"inLanguage\":\"pt-PT\",\"@id\":\"https:\/\/portaltela.pt\/s.01k8rhncp4jt1\/2025\/11\/talking-bot-125x125.png\",\"url\":\"https:\/\/portaltela.pt\/s.01k8rhncp4jt1\/2025\/11\/talking-bot-125x125.png\",\"contentUrl\":\"https:\/\/portaltela.pt\/s.01k8rhncp4jt1\/2025\/11\/talking-bot-125x125.png\",\"caption\":\"Telinha\"},\"sameAs\":[\"https:\/\/portaltela.pt\/\"],\"url\":\"https:\/\/portaltela.pt\/por\/367410592786\/\"}]}<\/script>\n<!-- \/ Yoast SEO plugin. -->","yoast_head_json":{"title":"Moradores de Soure tentam escoar a \u00e1gua que invadiu casas - Portal Tela Portugal","robots":{"index":"index","follow":"follow","max-snippet":"max-snippet:-1","max-image-preview":"max-image-preview:large","max-video-preview":"max-video-preview:-1"},"og_locale":"pt_PT","og_type":"article","og_title":"Moradores de Soure tentam escoar a \u00e1gua que invadiu casas - Portal Tela Portugal","og_description":"Moradores de Soure tentam escoar a \u00e1gua que invadiu habita\u00e7\u00f5es. A popula\u00e7\u00e3o permanece preocupada com a possibilidade de aumento do n\u00edvel da \u00e1gua. A informa\u00e7\u00e3o \u00e9 partilhada para afastar danos e facilitar a evacua\u00e7\u00e3o de \u00e1reas afetadas. N\u00e3o h\u00e1 detalhes oficiais adicionais sobre a origem ou a extens\u00e3o da subida das \u00e1guas.","og_url":"https:\/\/portaltela.pt\/noticias\/2026\/02\/06\/moradores-de-soure-tentam-escoar-a-agua-que-invadiu-casas\/","og_site_name":"Portal Tela Portugal","article_published_time":"2026-02-06T09:23:41+00:00","author":"Telinha","twitter_card":"summary_large_image","twitter_misc":{"Escrito por":"Telinha","Tempo estimado de leitura":"1 minuto"},"schema":{"@context":"https:\/\/schema.org","@graph":[{"@type":"Article","@id":"https:\/\/portaltela.pt\/noticias\/2026\/02\/06\/moradores-de-soure-tentam-escoar-a-agua-que-invadiu-casas\/#article","isPartOf":{"@id":"https:\/\/portaltela.pt\/noticias\/2026\/02\/06\/moradores-de-soure-tentam-escoar-a-agua-que-invadiu-casas\/"},"author":{"name":"Telinha","@id":"https:\/\/portaltela.pt\/#\/schema\/person\/c4278d4a6028830caff9ee44b42d32ed"},"headline":"Moradores de Soure tentam escoar a \u00e1gua que invadiu casas","datePublished":"2026-02-06T09:23:41+00:00","mainEntityOfPage":{"@id":"https:\/\/portaltela.pt\/noticias\/2026\/02\/06\/moradores-de-soure-tentam-escoar-a-agua-que-invadiu-casas\/"},"wordCount":188,"image":{"@id":"https:\/\/portaltela.pt\/noticias\/2026\/02\/06\/moradores-de-soure-tentam-escoar-a-agua-que-invadiu-casas\/#primaryimage"},"thumbnailUrl":"https:\/\/portaltela.pt\/s.01k8rhncp4jt1\/2026\/02\/img_1280x722uu2026-02-06-09-22-15-2265171.jpg","keywords":["\u00e1gua","alagamentos","evacua\u00e7\u00f5es","inunda\u00e7\u00f5es","limpeza de vias","Prote\u00e7\u00e3o Civil Municipal"],"articleSection":["Not\u00edcias"],"inLanguage":"pt-PT"},{"@type":"WebPage","@id":"https:\/\/portaltela.pt\/noticias\/2026\/02\/06\/moradores-de-soure-tentam-escoar-a-agua-que-invadiu-casas\/","url":"https:\/\/portaltela.pt\/noticias\/2026\/02\/06\/moradores-de-soure-tentam-escoar-a-agua-que-invadiu-casas\/","name":"Moradores de Soure tentam escoar a \u00e1gua que invadiu casas - Portal Tela Portugal","isPartOf":{"@id":"https:\/\/portaltela.pt\/#website"},"primaryImageOfPage":{"@id":"https:\/\/portaltela.pt\/noticias\/2026\/02\/06\/moradores-de-soure-tentam-escoar-a-agua-que-invadiu-casas\/#primaryimage"},"image":{"@id":"https:\/\/portaltela.pt\/noticias\/2026\/02\/06\/moradores-de-soure-tentam-escoar-a-agua-que-invadiu-casas\/#primaryimage"},"thumbnailUrl":"https:\/\/portaltela.pt\/s.01k8rhncp4jt1\/2026\/02\/img_1280x722uu2026-02-06-09-22-15-2265171.jpg","datePublished":"2026-02-06T09:23:41+00:00","author":{"@id":"https:\/\/portaltela.pt\/#\/schema\/person\/c4278d4a6028830caff9ee44b42d32ed"},"breadcrumb":{"@id":"https:\/\/portaltela.pt\/noticias\/2026\/02\/06\/moradores-de-soure-tentam-escoar-a-agua-que-invadiu-casas\/#breadcrumb"},"inLanguage":"pt-PT","potentialAction":[{"@type":"ReadAction","target":["https:\/\/portaltela.pt\/noticias\/2026\/02\/06\/moradores-de-soure-tentam-escoar-a-agua-que-invadiu-casas\/"]}]},{"@type":"ImageObject","inLanguage":"pt-PT","@id":"https:\/\/portaltela.pt\/noticias\/2026\/02\/06\/moradores-de-soure-tentam-escoar-a-agua-que-invadiu-casas\/#primaryimage","url":"https:\/\/portaltela.pt\/s.01k8rhncp4jt1\/2026\/02\/img_1280x722uu2026-02-06-09-22-15-2265171.jpg","contentUrl":"https:\/\/portaltela.pt\/s.01k8rhncp4jt1\/2026\/02\/img_1280x722uu2026-02-06-09-22-15-2265171.jpg","width":796,"height":448,"caption":"Photo"},{"@type":"BreadcrumbList","@id":"https:\/\/portaltela.pt\/noticias\/2026\/02\/06\/moradores-de-soure-tentam-escoar-a-agua-que-invadiu-casas\/#breadcrumb","itemListElement":[{"@type":"ListItem","position":1,"name":"In\u00edcio","item":"https:\/\/portaltela.pt\/"},{"@type":"ListItem","position":2,"name":"Moradores de Soure tentam escoar a \u00e1gua que invadiu casas"}]},{"@type":"WebSite","@id":"https:\/\/portaltela.pt\/#website","url":"https:\/\/portaltela.pt\/","name":"Portal Tela Portugal","description":"","potentialAction":[{"@type":"SearchAction","target":{"@type":"EntryPoint","urlTemplate":"https:\/\/portaltela.pt\/?s={search_term_string}"},"query-input":{"@type":"PropertyValueSpecification","valueRequired":true,"valueName":"search_term_string"}}],"inLanguage":"pt-PT"},{"@type":"Person","@id":"https:\/\/portaltela.pt\/#\/schema\/person\/c4278d4a6028830caff9ee44b42d32ed","name":"Telinha","image":{"@type":"ImageObject","inLanguage":"pt-PT","@id":"https:\/\/portaltela.pt\/s.01k8rhncp4jt1\/2025\/11\/talking-bot-125x125.png","url":"https:\/\/portaltela.pt\/s.01k8rhncp4jt1\/2025\/11\/talking-bot-125x125.png","contentUrl":"https:\/\/portaltela.pt\/s.01k8rhncp4jt1\/2025\/11\/talking-bot-125x125.png","caption":"Telinha"},"sameAs":["https:\/\/portaltela.pt\/"],"url":"https:\/\/portaltela.pt\/por\/367410592786\/"}]}},"_links":{"self":[{"href":"https:\/\/portaltela.pt\/api\/wp\/v2\/posts\/201217","targetHints":{"allow":["GET"]}}],"collection":[{"href":"https:\/\/portaltela.pt\/api\/wp\/v2\/posts"}],"about":[{"href":"https:\/\/portaltela.pt\/api\/wp\/v2\/types\/post"}],"author":[{"embeddable":true,"href":"https:\/\/portaltela.pt\/api\/wp\/v2\/users\/2"}],"replies":[{"embeddable":true,"href":"https:\/\/portaltela.pt\/api\/wp\/v2\/comments?post=201217"}],"version-history":[{"count":0,"href":"https:\/\/portaltela.pt\/api\/wp\/v2\/posts\/201217\/revisions"}],"wp:featuredmedia":[{"embeddable":true,"href":"https:\/\/portaltela.pt\/api\/wp\/v2\/media\/201221"}],"wp:attachment":[{"href":"https:\/\/portaltela.pt\/api\/wp\/v2\/media?parent=201217"}],"wp:term":[{"taxonomy":"category","embeddable":true,"href":"https:\/\/portaltela.pt\/api\/wp\/v2\/categories?post=201217"},{"taxonomy":"post_tag","embeddable":true,"href":"https:\/\/portaltela.pt\/api\/wp\/v2\/tags?post=201217"}],"curies":[{"name":"wp","href":"https:\/\/api.w.org\/{rel}","templated":true}]}}