{"id":201151,"date":"2026-02-06T05:10:00","date_gmt":"2026-02-06T08:10:00","guid":{"rendered":"https:\/\/portaltela.pt\/noticias\/2026\/02\/06\/moedas-recua-em-retirar-competencias-as-juntas-e-fala-em-reajustar\/"},"modified":"2026-02-06T05:10:00","modified_gmt":"2026-02-06T08:10:00","slug":"moedas-recua-em-retirar-competencias-as-juntas-e-fala-em-reajustar","status":"publish","type":"post","link":"https:\/\/portaltela.pt\/noticias\/2026\/02\/06\/moedas-recua-em-retirar-competencias-as-juntas-e-fala-em-reajustar\/","title":{"rendered":"Moedas recua em retirar compet\u00eancias \u00e0s juntas e fala em reajustar"},"content":{"rendered":"<p>A autarquia de Lisboa anunciou que 2026 ser\u00e1 um ano de transi\u00e7\u00e3o no \u00e2mbito da gest\u00e3o do lixo e da higiene urbana. Em vez de avan\u00e7ar com uma retirada de compet\u00eancias \u00e0s juntas de freguesia, a administra\u00e7\u00e3o municipal pretende reajustar o modelo de coopera\u00e7\u00e3o com as juntas para a varredura, deservagem e lavagem das vias da cidade. O objetivo \u00e9 manter a responsabilidade partilhada, com ajustes gradualmente definidos.<\/p>\n<p>O an\u00fancio indica que a C\u00e2mara de Lisboa passar\u00e1 a assumir a limpeza e a recolha nos ecopontos, garantindo continuidade de servi\u00e7o e coordena\u00e7\u00e3o entre entidades. A decis\u00e3o surge num contexto de revis\u00f5es do modelo de gest\u00e3o de res\u00edduos, a ser implementado ao longo de 2026.<\/p>\n<p>Quem est\u00e1 envolvido nesta mudan\u00e7a s\u00e3o a C\u00e2mara Municipal de Lisboa, as juntas de freguesia da cidade e a pr\u00f3pria autarquia respons\u00e1vel pela higiene urbana. A comunica\u00e7\u00e3o aponta para uma transi\u00e7\u00e3o planeada e colaborativa, sem cortes abruptos de compet\u00eancias, mantendo o foco na efici\u00eancia do servi\u00e7o p\u00fablico e na melhoria ambiental.<\/p>\n<h3>Mudan\u00e7a de compet\u00eancias e fases da transi\u00e7\u00e3o<\/h3>\n<p>O plano descreve uma integra\u00e7\u00e3o gradual da gest\u00e3o de limpeza urbana nas estruturas municipais, com monitoriza\u00e7\u00e3o de resultados e ajustes processuais. A autarquia enfatiza que a coopera\u00e7\u00e3o com as juntas continuar\u00e1 a ser essencial para a opera\u00e7\u00e3o das vias e \u00e1reas p\u00fablicas, mantendo a participa\u00e7\u00e3o de entidades locais.<\/p>\n<p>Esta abordagem pretende evitar interrup\u00e7\u00f5es no servi\u00e7o de higiene urbana. N\u00e3o h\u00e1 indica\u00e7\u00e3o de descontinuidade de servi\u00e7os, apenas controle mais direto pela C\u00e2mara em \u00e1reas-chave, com acompanhamento de entidades locais. A implementa\u00e7\u00e3o dever\u00e1 ocorrer ao longo do pr\u00f3ximo ano, com avalia\u00e7\u00e3o peri\u00f3dica.<\/p>\n","protected":false},"excerpt":{"rendered":"<ul>\n<li>Moedas desiste de tirar compet\u00eancias \u00e0s juntas no lixo e fala em reajustar.<\/li>\n<li>A autarquia diz que 2026 ser\u00e1 um ano de transi\u00e7\u00e3o e que ir\u00e1 colaborar com as juntas na varredura, deservagem e lavagem de ruas.<\/li>\n<li>A C\u00e2mara de Lisboa vai passar a assumir a limpeza e a recolha nos ecopontos.<\/li>\n<li>O an\u00fancio surge como uma mudan\u00e7a lenta e mitigada, em vez de uma revolu\u00e7\u00e3o anunciada anteriormente.<\/li>\n<li>A medida contraria promessas feitas durante a campanha eleitoral e no discurso de tomada de posse.<\/li>\n<\/ul>\n","protected":false},"author":2,"featured_media":201155,"comment_status":"closed","ping_status":"closed","sticky":false,"template":"","format":"standard","meta":{"footnotes":""},"categories":[1],"tags":[5449,2667,672,4311,1831,981],"class_list":["post-201151","post","type-post","status-publish","format-standard","has-post-thumbnail","hentry","category-noticias","tag-camara-municipal","tag-gestao-de-residuos","tag-higiene-urbana","tag-juntas-de-freguesia","tag-limpeza-urbana","tag-lisboa"],"yoast_head":"<!-- This site is optimized with the Yoast SEO plugin v27.2 - https:\/\/yoast.com\/product\/yoast-seo-wordpress\/ -->\n<title>Moedas recua em retirar compet\u00eancias \u00e0s juntas e fala em reajustar - Portal Tela Portugal<\/title>\n<meta name=\"robots\" content=\"index, follow, max-snippet:-1, max-image-preview:large, max-video-preview:-1\" \/>\n<meta property=\"og:locale\" content=\"pt_PT\" \/>\n<meta property=\"og:type\" content=\"article\" \/>\n<meta property=\"og:title\" content=\"Moedas recua em retirar compet\u00eancias \u00e0s juntas e fala em reajustar - Portal Tela Portugal\" \/>\n<meta property=\"og:description\" content=\"Moedas desiste de tirar compet\u00eancias \u00e0s juntas no lixo e fala em reajustar. A autarquia diz que 2026 ser\u00e1 um ano de transi\u00e7\u00e3o e que ir\u00e1 colaborar com as juntas na varredura, deservagem e lavagem de ruas. A C\u00e2mara de Lisboa vai passar a assumir a limpeza e a recolha nos ecopontos. O an\u00fancio surge como uma mudan\u00e7a lenta e mitigada, em vez de uma revolu\u00e7\u00e3o anunciada anteriormente. A medida contraria promessas feitas durante a campanha eleitoral e no discurso de tomada de posse.\" \/>\n<meta property=\"og:url\" content=\"https:\/\/portaltela.pt\/noticias\/2026\/02\/06\/moedas-recua-em-retirar-competencias-as-juntas-e-fala-em-reajustar\/\" \/>\n<meta property=\"og:site_name\" content=\"Portal Tela Portugal\" \/>\n<meta property=\"article:published_time\" content=\"2026-02-06T08:10:00+00:00\" \/>\n<meta name=\"author\" content=\"Telinha\" \/>\n<meta name=\"twitter:card\" content=\"summary_large_image\" \/>\n<meta name=\"twitter:label1\" content=\"Escrito por\" \/>\n\t<meta name=\"twitter:data1\" content=\"Telinha\" \/>\n\t<meta name=\"twitter:label2\" content=\"Tempo estimado de leitura\" \/>\n\t<meta name=\"twitter:data2\" content=\"2 minutos\" \/>\n<script type=\"application\/ld+json\" class=\"yoast-schema-graph\">{\"@context\":\"https:\/\/schema.org\",\"@graph\":[{\"@type\":\"Article\",\"@id\":\"https:\/\/portaltela.pt\/noticias\/2026\/02\/06\/moedas-recua-em-retirar-competencias-as-juntas-e-fala-em-reajustar\/#article\",\"isPartOf\":{\"@id\":\"https:\/\/portaltela.pt\/noticias\/2026\/02\/06\/moedas-recua-em-retirar-competencias-as-juntas-e-fala-em-reajustar\/\"},\"author\":{\"name\":\"Telinha\",\"@id\":\"https:\/\/portaltela.pt\/#\/schema\/person\/c4278d4a6028830caff9ee44b42d32ed\"},\"headline\":\"Moedas recua em retirar compet\u00eancias \u00e0s juntas e fala em reajustar\",\"datePublished\":\"2026-02-06T08:10:00+00:00\",\"mainEntityOfPage\":{\"@id\":\"https:\/\/portaltela.pt\/noticias\/2026\/02\/06\/moedas-recua-em-retirar-competencias-as-juntas-e-fala-em-reajustar\/\"},\"wordCount\":316,\"image\":{\"@id\":\"https:\/\/portaltela.pt\/noticias\/2026\/02\/06\/moedas-recua-em-retirar-competencias-as-juntas-e-fala-em-reajustar\/#primaryimage\"},\"thumbnailUrl\":\"https:\/\/portaltela.pt\/s.01k8rhncp4jt1\/2026\/02\/2064133.jpg\",\"keywords\":[\"C\u00e2mara Municipal\",\"gest\u00e3o de res\u00edduos\",\"higiene urbana\",\"juntas de freguesia\",\"limpeza urbana\",\"Lisboa\"],\"articleSection\":[\"Not\u00edcias\"],\"inLanguage\":\"pt-PT\"},{\"@type\":\"WebPage\",\"@id\":\"https:\/\/portaltela.pt\/noticias\/2026\/02\/06\/moedas-recua-em-retirar-competencias-as-juntas-e-fala-em-reajustar\/\",\"url\":\"https:\/\/portaltela.pt\/noticias\/2026\/02\/06\/moedas-recua-em-retirar-competencias-as-juntas-e-fala-em-reajustar\/\",\"name\":\"Moedas recua em retirar compet\u00eancias \u00e0s juntas e fala em reajustar - Portal Tela Portugal\",\"isPartOf\":{\"@id\":\"https:\/\/portaltela.pt\/#website\"},\"primaryImageOfPage\":{\"@id\":\"https:\/\/portaltela.pt\/noticias\/2026\/02\/06\/moedas-recua-em-retirar-competencias-as-juntas-e-fala-em-reajustar\/#primaryimage\"},\"image\":{\"@id\":\"https:\/\/portaltela.pt\/noticias\/2026\/02\/06\/moedas-recua-em-retirar-competencias-as-juntas-e-fala-em-reajustar\/#primaryimage\"},\"thumbnailUrl\":\"https:\/\/portaltela.pt\/s.01k8rhncp4jt1\/2026\/02\/2064133.jpg\",\"datePublished\":\"2026-02-06T08:10:00+00:00\",\"author\":{\"@id\":\"https:\/\/portaltela.pt\/#\/schema\/person\/c4278d4a6028830caff9ee44b42d32ed\"},\"breadcrumb\":{\"@id\":\"https:\/\/portaltela.pt\/noticias\/2026\/02\/06\/moedas-recua-em-retirar-competencias-as-juntas-e-fala-em-reajustar\/#breadcrumb\"},\"inLanguage\":\"pt-PT\",\"potentialAction\":[{\"@type\":\"ReadAction\",\"target\":[\"https:\/\/portaltela.pt\/noticias\/2026\/02\/06\/moedas-recua-em-retirar-competencias-as-juntas-e-fala-em-reajustar\/\"]}]},{\"@type\":\"ImageObject\",\"inLanguage\":\"pt-PT\",\"@id\":\"https:\/\/portaltela.pt\/noticias\/2026\/02\/06\/moedas-recua-em-retirar-competencias-as-juntas-e-fala-em-reajustar\/#primaryimage\",\"url\":\"https:\/\/portaltela.pt\/s.01k8rhncp4jt1\/2026\/02\/2064133.jpg\",\"contentUrl\":\"https:\/\/portaltela.pt\/s.01k8rhncp4jt1\/2026\/02\/2064133.jpg\",\"width\":796,\"height\":448,\"caption\":\"C\u00e2mara de Lisboa diz que assumir\u00e1 \\\"recolha de res\u00edduos indevidamente colocados em volta das eco-ilhas\\\"\"},{\"@type\":\"BreadcrumbList\",\"@id\":\"https:\/\/portaltela.pt\/noticias\/2026\/02\/06\/moedas-recua-em-retirar-competencias-as-juntas-e-fala-em-reajustar\/#breadcrumb\",\"itemListElement\":[{\"@type\":\"ListItem\",\"position\":1,\"name\":\"In\u00edcio\",\"item\":\"https:\/\/portaltela.pt\/\"},{\"@type\":\"ListItem\",\"position\":2,\"name\":\"Moedas recua em retirar compet\u00eancias \u00e0s juntas e fala em reajustar\"}]},{\"@type\":\"WebSite\",\"@id\":\"https:\/\/portaltela.pt\/#website\",\"url\":\"https:\/\/portaltela.pt\/\",\"name\":\"Portal Tela Portugal\",\"description\":\"\",\"potentialAction\":[{\"@type\":\"SearchAction\",\"target\":{\"@type\":\"EntryPoint\",\"urlTemplate\":\"https:\/\/portaltela.pt\/?s={search_term_string}\"},\"query-input\":{\"@type\":\"PropertyValueSpecification\",\"valueRequired\":true,\"valueName\":\"search_term_string\"}}],\"inLanguage\":\"pt-PT\"},{\"@type\":\"Person\",\"@id\":\"https:\/\/portaltela.pt\/#\/schema\/person\/c4278d4a6028830caff9ee44b42d32ed\",\"name\":\"Telinha\",\"image\":{\"@type\":\"ImageObject\",\"inLanguage\":\"pt-PT\",\"@id\":\"https:\/\/portaltela.pt\/s.01k8rhncp4jt1\/2025\/11\/talking-bot-125x125.png\",\"url\":\"https:\/\/portaltela.pt\/s.01k8rhncp4jt1\/2025\/11\/talking-bot-125x125.png\",\"contentUrl\":\"https:\/\/portaltela.pt\/s.01k8rhncp4jt1\/2025\/11\/talking-bot-125x125.png\",\"caption\":\"Telinha\"},\"sameAs\":[\"https:\/\/portaltela.pt\/\"],\"url\":\"https:\/\/portaltela.pt\/por\/367410592786\/\"}]}<\/script>\n<!-- \/ Yoast SEO plugin. -->","yoast_head_json":{"title":"Moedas recua em retirar compet\u00eancias \u00e0s juntas e fala em reajustar - Portal Tela Portugal","robots":{"index":"index","follow":"follow","max-snippet":"max-snippet:-1","max-image-preview":"max-image-preview:large","max-video-preview":"max-video-preview:-1"},"og_locale":"pt_PT","og_type":"article","og_title":"Moedas recua em retirar compet\u00eancias \u00e0s juntas e fala em reajustar - Portal Tela Portugal","og_description":"Moedas desiste de tirar compet\u00eancias \u00e0s juntas no lixo e fala em reajustar. A autarquia diz que 2026 ser\u00e1 um ano de transi\u00e7\u00e3o e que ir\u00e1 colaborar com as juntas na varredura, deservagem e lavagem de ruas. A C\u00e2mara de Lisboa vai passar a assumir a limpeza e a recolha nos ecopontos. O an\u00fancio surge como uma mudan\u00e7a lenta e mitigada, em vez de uma revolu\u00e7\u00e3o anunciada anteriormente. A medida contraria promessas feitas durante a campanha eleitoral e no discurso de tomada de posse.","og_url":"https:\/\/portaltela.pt\/noticias\/2026\/02\/06\/moedas-recua-em-retirar-competencias-as-juntas-e-fala-em-reajustar\/","og_site_name":"Portal Tela Portugal","article_published_time":"2026-02-06T08:10:00+00:00","author":"Telinha","twitter_card":"summary_large_image","twitter_misc":{"Escrito por":"Telinha","Tempo estimado de leitura":"2 minutos"},"schema":{"@context":"https:\/\/schema.org","@graph":[{"@type":"Article","@id":"https:\/\/portaltela.pt\/noticias\/2026\/02\/06\/moedas-recua-em-retirar-competencias-as-juntas-e-fala-em-reajustar\/#article","isPartOf":{"@id":"https:\/\/portaltela.pt\/noticias\/2026\/02\/06\/moedas-recua-em-retirar-competencias-as-juntas-e-fala-em-reajustar\/"},"author":{"name":"Telinha","@id":"https:\/\/portaltela.pt\/#\/schema\/person\/c4278d4a6028830caff9ee44b42d32ed"},"headline":"Moedas recua em retirar compet\u00eancias \u00e0s juntas e fala em reajustar","datePublished":"2026-02-06T08:10:00+00:00","mainEntityOfPage":{"@id":"https:\/\/portaltela.pt\/noticias\/2026\/02\/06\/moedas-recua-em-retirar-competencias-as-juntas-e-fala-em-reajustar\/"},"wordCount":316,"image":{"@id":"https:\/\/portaltela.pt\/noticias\/2026\/02\/06\/moedas-recua-em-retirar-competencias-as-juntas-e-fala-em-reajustar\/#primaryimage"},"thumbnailUrl":"https:\/\/portaltela.pt\/s.01k8rhncp4jt1\/2026\/02\/2064133.jpg","keywords":["C\u00e2mara Municipal","gest\u00e3o de res\u00edduos","higiene urbana","juntas de freguesia","limpeza urbana","Lisboa"],"articleSection":["Not\u00edcias"],"inLanguage":"pt-PT"},{"@type":"WebPage","@id":"https:\/\/portaltela.pt\/noticias\/2026\/02\/06\/moedas-recua-em-retirar-competencias-as-juntas-e-fala-em-reajustar\/","url":"https:\/\/portaltela.pt\/noticias\/2026\/02\/06\/moedas-recua-em-retirar-competencias-as-juntas-e-fala-em-reajustar\/","name":"Moedas recua em retirar compet\u00eancias \u00e0s juntas e fala em reajustar - Portal Tela Portugal","isPartOf":{"@id":"https:\/\/portaltela.pt\/#website"},"primaryImageOfPage":{"@id":"https:\/\/portaltela.pt\/noticias\/2026\/02\/06\/moedas-recua-em-retirar-competencias-as-juntas-e-fala-em-reajustar\/#primaryimage"},"image":{"@id":"https:\/\/portaltela.pt\/noticias\/2026\/02\/06\/moedas-recua-em-retirar-competencias-as-juntas-e-fala-em-reajustar\/#primaryimage"},"thumbnailUrl":"https:\/\/portaltela.pt\/s.01k8rhncp4jt1\/2026\/02\/2064133.jpg","datePublished":"2026-02-06T08:10:00+00:00","author":{"@id":"https:\/\/portaltela.pt\/#\/schema\/person\/c4278d4a6028830caff9ee44b42d32ed"},"breadcrumb":{"@id":"https:\/\/portaltela.pt\/noticias\/2026\/02\/06\/moedas-recua-em-retirar-competencias-as-juntas-e-fala-em-reajustar\/#breadcrumb"},"inLanguage":"pt-PT","potentialAction":[{"@type":"ReadAction","target":["https:\/\/portaltela.pt\/noticias\/2026\/02\/06\/moedas-recua-em-retirar-competencias-as-juntas-e-fala-em-reajustar\/"]}]},{"@type":"ImageObject","inLanguage":"pt-PT","@id":"https:\/\/portaltela.pt\/noticias\/2026\/02\/06\/moedas-recua-em-retirar-competencias-as-juntas-e-fala-em-reajustar\/#primaryimage","url":"https:\/\/portaltela.pt\/s.01k8rhncp4jt1\/2026\/02\/2064133.jpg","contentUrl":"https:\/\/portaltela.pt\/s.01k8rhncp4jt1\/2026\/02\/2064133.jpg","width":796,"height":448,"caption":"C\u00e2mara de Lisboa diz que assumir\u00e1 \"recolha de res\u00edduos indevidamente colocados em volta das eco-ilhas\""},{"@type":"BreadcrumbList","@id":"https:\/\/portaltela.pt\/noticias\/2026\/02\/06\/moedas-recua-em-retirar-competencias-as-juntas-e-fala-em-reajustar\/#breadcrumb","itemListElement":[{"@type":"ListItem","position":1,"name":"In\u00edcio","item":"https:\/\/portaltela.pt\/"},{"@type":"ListItem","position":2,"name":"Moedas recua em retirar compet\u00eancias \u00e0s juntas e fala em reajustar"}]},{"@type":"WebSite","@id":"https:\/\/portaltela.pt\/#website","url":"https:\/\/portaltela.pt\/","name":"Portal Tela Portugal","description":"","potentialAction":[{"@type":"SearchAction","target":{"@type":"EntryPoint","urlTemplate":"https:\/\/portaltela.pt\/?s={search_term_string}"},"query-input":{"@type":"PropertyValueSpecification","valueRequired":true,"valueName":"search_term_string"}}],"inLanguage":"pt-PT"},{"@type":"Person","@id":"https:\/\/portaltela.pt\/#\/schema\/person\/c4278d4a6028830caff9ee44b42d32ed","name":"Telinha","image":{"@type":"ImageObject","inLanguage":"pt-PT","@id":"https:\/\/portaltela.pt\/s.01k8rhncp4jt1\/2025\/11\/talking-bot-125x125.png","url":"https:\/\/portaltela.pt\/s.01k8rhncp4jt1\/2025\/11\/talking-bot-125x125.png","contentUrl":"https:\/\/portaltela.pt\/s.01k8rhncp4jt1\/2025\/11\/talking-bot-125x125.png","caption":"Telinha"},"sameAs":["https:\/\/portaltela.pt\/"],"url":"https:\/\/portaltela.pt\/por\/367410592786\/"}]}},"_links":{"self":[{"href":"https:\/\/portaltela.pt\/api\/wp\/v2\/posts\/201151","targetHints":{"allow":["GET"]}}],"collection":[{"href":"https:\/\/portaltela.pt\/api\/wp\/v2\/posts"}],"about":[{"href":"https:\/\/portaltela.pt\/api\/wp\/v2\/types\/post"}],"author":[{"embeddable":true,"href":"https:\/\/portaltela.pt\/api\/wp\/v2\/users\/2"}],"replies":[{"embeddable":true,"href":"https:\/\/portaltela.pt\/api\/wp\/v2\/comments?post=201151"}],"version-history":[{"count":0,"href":"https:\/\/portaltela.pt\/api\/wp\/v2\/posts\/201151\/revisions"}],"wp:featuredmedia":[{"embeddable":true,"href":"https:\/\/portaltela.pt\/api\/wp\/v2\/media\/201155"}],"wp:attachment":[{"href":"https:\/\/portaltela.pt\/api\/wp\/v2\/media?parent=201151"}],"wp:term":[{"taxonomy":"category","embeddable":true,"href":"https:\/\/portaltela.pt\/api\/wp\/v2\/categories?post=201151"},{"taxonomy":"post_tag","embeddable":true,"href":"https:\/\/portaltela.pt\/api\/wp\/v2\/tags?post=201151"}],"curies":[{"name":"wp","href":"https:\/\/api.w.org\/{rel}","templated":true}]}}