{"id":201124,"date":"2026-02-06T04:50:00","date_gmt":"2026-02-06T07:50:00","guid":{"rendered":"https:\/\/portaltela.pt\/noticias\/2026\/02\/06\/cuidador-de-idoso-afirma-ter-apenas-ajudado-a-esconder-o-cadaver\/"},"modified":"2026-02-06T04:50:00","modified_gmt":"2026-02-06T07:50:00","slug":"cuidador-de-idoso-afirma-ter-apenas-ajudado-a-esconder-o-cadaver","status":"publish","type":"post","link":"https:\/\/portaltela.pt\/noticias\/2026\/02\/06\/cuidador-de-idoso-afirma-ter-apenas-ajudado-a-esconder-o-cadaver\/","title":{"rendered":"Cuidador de idoso afirma ter apenas ajudado a esconder o cad\u00e1ver"},"content":{"rendered":"<p>O homem acusado de assassinar, junto \u00e0 c\u00famplice, um octogen\u00e1rio que ambos cuidavam na vila da Ap\u00falia, Esposende, negou a autoria no arranque do julgamento no Tribunal de Braga. Alegou n\u00e3o ter sido o autor do crime.<\/p>\n<p>O arguido Salah Mammeri \u00e9 julgado sozinho, uma vez que a c\u00famplice Sandra Luiza Matias dos Santos, brasileira de 50 anos, atualmente com outro nome, Kadijah Mammeri, continua fugida \u00e0 Justi\u00e7a.<\/p>\n<p>A acusa\u00e7\u00e3o sustenta que o casal planeou o homic\u00eddio e ocultou o cad\u00e1ver do idoso, que era sob a sua responsabilidade de cuidado. O julgamento come\u00e7ou ontem e segue no Tribunal de Braga.<\/p>\n","protected":false},"excerpt":{"rendered":"<ul>\n<li>O arguido Salah Mammeri, imigrante argelino, negou no arranque do julgamento ter assassinado o octogen\u00e1rio que ele e a companheira cuidavam em Ap\u00falia, Esposende.<\/li>\n<li>O homem afirmou apenas ter ajudado a esconder o cad\u00e1ver, durante o in\u00edcio do julgamento no Tribunal de Braga.<\/li>\n<li>A companheira dele, Sandra Luiza Matias dos Santos, de 50 anos e brasileira, est\u00e1 a monte, tendo adoptado o nome Kadijah Mammeri.<\/li>\n<li>O julgamento ocorre com Mammeri a ser julgado sozinho, uma vez que a r\u00e9 fugiu \u00e0 justi\u00e7a.<\/li>\n<\/ul>\n","protected":false},"author":2,"featured_media":201127,"comment_status":"closed","ping_status":"closed","sticky":false,"template":"","format":"standard","meta":{"footnotes":""},"categories":[1],"tags":[147,1545,1345,217,294,52],"class_list":["post-201124","post","type-post","status-publish","format-standard","has-post-thumbnail","hentry","category-noticias","tag-crime","tag-esposende","tag-homicidio","tag-investigacao-criminal","tag-ocultacao-de-cadaver","tag-tribunal"],"yoast_head":"<!-- This site is optimized with the Yoast SEO plugin v27.2 - https:\/\/yoast.com\/product\/yoast-seo-wordpress\/ -->\n<title>Cuidador de idoso afirma ter apenas ajudado a esconder o cad\u00e1ver - Portal Tela Portugal<\/title>\n<meta name=\"robots\" content=\"index, follow, max-snippet:-1, max-image-preview:large, max-video-preview:-1\" \/>\n<meta property=\"og:locale\" content=\"pt_PT\" \/>\n<meta property=\"og:type\" content=\"article\" \/>\n<meta property=\"og:title\" content=\"Cuidador de idoso afirma ter apenas ajudado a esconder o cad\u00e1ver - Portal Tela Portugal\" \/>\n<meta property=\"og:description\" content=\"O arguido Salah Mammeri, imigrante argelino, negou no arranque do julgamento ter assassinado o octogen\u00e1rio que ele e a companheira cuidavam em Ap\u00falia, Esposende. O homem afirmou apenas ter ajudado a esconder o cad\u00e1ver, durante o in\u00edcio do julgamento no Tribunal de Braga. A companheira dele, Sandra Luiza Matias dos Santos, de 50 anos e brasileira, est\u00e1 a monte, tendo adoptado o nome Kadijah Mammeri. O julgamento ocorre com Mammeri a ser julgado sozinho, uma vez que a r\u00e9 fugiu \u00e0 justi\u00e7a.\" \/>\n<meta property=\"og:url\" content=\"https:\/\/portaltela.pt\/noticias\/2026\/02\/06\/cuidador-de-idoso-afirma-ter-apenas-ajudado-a-esconder-o-cadaver\/\" \/>\n<meta property=\"og:site_name\" content=\"Portal Tela Portugal\" \/>\n<meta property=\"article:published_time\" content=\"2026-02-06T07:50:00+00:00\" \/>\n<meta name=\"author\" content=\"Telinha\" \/>\n<meta name=\"twitter:card\" content=\"summary_large_image\" \/>\n<meta name=\"twitter:label1\" content=\"Escrito por\" \/>\n\t<meta name=\"twitter:data1\" content=\"Telinha\" \/>\n\t<meta name=\"twitter:label2\" content=\"Tempo estimado de leitura\" \/>\n\t<meta name=\"twitter:data2\" content=\"1 minuto\" \/>\n<script type=\"application\/ld+json\" class=\"yoast-schema-graph\">{\"@context\":\"https:\/\/schema.org\",\"@graph\":[{\"@type\":\"Article\",\"@id\":\"https:\/\/portaltela.pt\/noticias\/2026\/02\/06\/cuidador-de-idoso-afirma-ter-apenas-ajudado-a-esconder-o-cadaver\/#article\",\"isPartOf\":{\"@id\":\"https:\/\/portaltela.pt\/noticias\/2026\/02\/06\/cuidador-de-idoso-afirma-ter-apenas-ajudado-a-esconder-o-cadaver\/\"},\"author\":{\"name\":\"Telinha\",\"@id\":\"https:\/\/portaltela.pt\/#\/schema\/person\/c4278d4a6028830caff9ee44b42d32ed\"},\"headline\":\"Cuidador de idoso afirma ter apenas ajudado a esconder o cad\u00e1ver\",\"datePublished\":\"2026-02-06T07:50:00+00:00\",\"mainEntityOfPage\":{\"@id\":\"https:\/\/portaltela.pt\/noticias\/2026\/02\/06\/cuidador-de-idoso-afirma-ter-apenas-ajudado-a-esconder-o-cadaver\/\"},\"wordCount\":119,\"image\":{\"@id\":\"https:\/\/portaltela.pt\/noticias\/2026\/02\/06\/cuidador-de-idoso-afirma-ter-apenas-ajudado-a-esconder-o-cadaver\/#primaryimage\"},\"thumbnailUrl\":\"https:\/\/portaltela.pt\/s.01k8rhncp4jt1\/2026\/02\/890e03e9-5c49-4565-bcab-1e1ebbc082e9_1200x675.jpg\",\"keywords\":[\"crime\",\"Esposende\",\"homic\u00eddio\",\"investiga\u00e7\u00e3o criminal\",\"oculta\u00e7\u00e3o de cad\u00e1ver\",\"tribunal\"],\"articleSection\":[\"Not\u00edcias\"],\"inLanguage\":\"pt-PT\"},{\"@type\":\"WebPage\",\"@id\":\"https:\/\/portaltela.pt\/noticias\/2026\/02\/06\/cuidador-de-idoso-afirma-ter-apenas-ajudado-a-esconder-o-cadaver\/\",\"url\":\"https:\/\/portaltela.pt\/noticias\/2026\/02\/06\/cuidador-de-idoso-afirma-ter-apenas-ajudado-a-esconder-o-cadaver\/\",\"name\":\"Cuidador de idoso afirma ter apenas ajudado a esconder o cad\u00e1ver - Portal Tela Portugal\",\"isPartOf\":{\"@id\":\"https:\/\/portaltela.pt\/#website\"},\"primaryImageOfPage\":{\"@id\":\"https:\/\/portaltela.pt\/noticias\/2026\/02\/06\/cuidador-de-idoso-afirma-ter-apenas-ajudado-a-esconder-o-cadaver\/#primaryimage\"},\"image\":{\"@id\":\"https:\/\/portaltela.pt\/noticias\/2026\/02\/06\/cuidador-de-idoso-afirma-ter-apenas-ajudado-a-esconder-o-cadaver\/#primaryimage\"},\"thumbnailUrl\":\"https:\/\/portaltela.pt\/s.01k8rhncp4jt1\/2026\/02\/890e03e9-5c49-4565-bcab-1e1ebbc082e9_1200x675.jpg\",\"datePublished\":\"2026-02-06T07:50:00+00:00\",\"author\":{\"@id\":\"https:\/\/portaltela.pt\/#\/schema\/person\/c4278d4a6028830caff9ee44b42d32ed\"},\"breadcrumb\":{\"@id\":\"https:\/\/portaltela.pt\/noticias\/2026\/02\/06\/cuidador-de-idoso-afirma-ter-apenas-ajudado-a-esconder-o-cadaver\/#breadcrumb\"},\"inLanguage\":\"pt-PT\",\"potentialAction\":[{\"@type\":\"ReadAction\",\"target\":[\"https:\/\/portaltela.pt\/noticias\/2026\/02\/06\/cuidador-de-idoso-afirma-ter-apenas-ajudado-a-esconder-o-cadaver\/\"]}]},{\"@type\":\"ImageObject\",\"inLanguage\":\"pt-PT\",\"@id\":\"https:\/\/portaltela.pt\/noticias\/2026\/02\/06\/cuidador-de-idoso-afirma-ter-apenas-ajudado-a-esconder-o-cadaver\/#primaryimage\",\"url\":\"https:\/\/portaltela.pt\/s.01k8rhncp4jt1\/2026\/02\/890e03e9-5c49-4565-bcab-1e1ebbc082e9_1200x675.jpg\",\"contentUrl\":\"https:\/\/portaltela.pt\/s.01k8rhncp4jt1\/2026\/02\/890e03e9-5c49-4565-bcab-1e1ebbc082e9_1200x675.jpg\",\"width\":796,\"height\":448,\"caption\":\"Arguido atira culpas \u00e0 ex-companheira\"},{\"@type\":\"BreadcrumbList\",\"@id\":\"https:\/\/portaltela.pt\/noticias\/2026\/02\/06\/cuidador-de-idoso-afirma-ter-apenas-ajudado-a-esconder-o-cadaver\/#breadcrumb\",\"itemListElement\":[{\"@type\":\"ListItem\",\"position\":1,\"name\":\"In\u00edcio\",\"item\":\"https:\/\/portaltela.pt\/\"},{\"@type\":\"ListItem\",\"position\":2,\"name\":\"Cuidador de idoso afirma ter apenas ajudado a esconder o cad\u00e1ver\"}]},{\"@type\":\"WebSite\",\"@id\":\"https:\/\/portaltela.pt\/#website\",\"url\":\"https:\/\/portaltela.pt\/\",\"name\":\"Portal Tela Portugal\",\"description\":\"\",\"potentialAction\":[{\"@type\":\"SearchAction\",\"target\":{\"@type\":\"EntryPoint\",\"urlTemplate\":\"https:\/\/portaltela.pt\/?s={search_term_string}\"},\"query-input\":{\"@type\":\"PropertyValueSpecification\",\"valueRequired\":true,\"valueName\":\"search_term_string\"}}],\"inLanguage\":\"pt-PT\"},{\"@type\":\"Person\",\"@id\":\"https:\/\/portaltela.pt\/#\/schema\/person\/c4278d4a6028830caff9ee44b42d32ed\",\"name\":\"Telinha\",\"image\":{\"@type\":\"ImageObject\",\"inLanguage\":\"pt-PT\",\"@id\":\"https:\/\/portaltela.pt\/s.01k8rhncp4jt1\/2025\/11\/talking-bot-125x125.png\",\"url\":\"https:\/\/portaltela.pt\/s.01k8rhncp4jt1\/2025\/11\/talking-bot-125x125.png\",\"contentUrl\":\"https:\/\/portaltela.pt\/s.01k8rhncp4jt1\/2025\/11\/talking-bot-125x125.png\",\"caption\":\"Telinha\"},\"sameAs\":[\"https:\/\/portaltela.pt\/\"],\"url\":\"https:\/\/portaltela.pt\/por\/367410592786\/\"}]}<\/script>\n<!-- \/ Yoast SEO plugin. -->","yoast_head_json":{"title":"Cuidador de idoso afirma ter apenas ajudado a esconder o cad\u00e1ver - Portal Tela Portugal","robots":{"index":"index","follow":"follow","max-snippet":"max-snippet:-1","max-image-preview":"max-image-preview:large","max-video-preview":"max-video-preview:-1"},"og_locale":"pt_PT","og_type":"article","og_title":"Cuidador de idoso afirma ter apenas ajudado a esconder o cad\u00e1ver - Portal Tela Portugal","og_description":"O arguido Salah Mammeri, imigrante argelino, negou no arranque do julgamento ter assassinado o octogen\u00e1rio que ele e a companheira cuidavam em Ap\u00falia, Esposende. O homem afirmou apenas ter ajudado a esconder o cad\u00e1ver, durante o in\u00edcio do julgamento no Tribunal de Braga. A companheira dele, Sandra Luiza Matias dos Santos, de 50 anos e brasileira, est\u00e1 a monte, tendo adoptado o nome Kadijah Mammeri. O julgamento ocorre com Mammeri a ser julgado sozinho, uma vez que a r\u00e9 fugiu \u00e0 justi\u00e7a.","og_url":"https:\/\/portaltela.pt\/noticias\/2026\/02\/06\/cuidador-de-idoso-afirma-ter-apenas-ajudado-a-esconder-o-cadaver\/","og_site_name":"Portal Tela Portugal","article_published_time":"2026-02-06T07:50:00+00:00","author":"Telinha","twitter_card":"summary_large_image","twitter_misc":{"Escrito por":"Telinha","Tempo estimado de leitura":"1 minuto"},"schema":{"@context":"https:\/\/schema.org","@graph":[{"@type":"Article","@id":"https:\/\/portaltela.pt\/noticias\/2026\/02\/06\/cuidador-de-idoso-afirma-ter-apenas-ajudado-a-esconder-o-cadaver\/#article","isPartOf":{"@id":"https:\/\/portaltela.pt\/noticias\/2026\/02\/06\/cuidador-de-idoso-afirma-ter-apenas-ajudado-a-esconder-o-cadaver\/"},"author":{"name":"Telinha","@id":"https:\/\/portaltela.pt\/#\/schema\/person\/c4278d4a6028830caff9ee44b42d32ed"},"headline":"Cuidador de idoso afirma ter apenas ajudado a esconder o cad\u00e1ver","datePublished":"2026-02-06T07:50:00+00:00","mainEntityOfPage":{"@id":"https:\/\/portaltela.pt\/noticias\/2026\/02\/06\/cuidador-de-idoso-afirma-ter-apenas-ajudado-a-esconder-o-cadaver\/"},"wordCount":119,"image":{"@id":"https:\/\/portaltela.pt\/noticias\/2026\/02\/06\/cuidador-de-idoso-afirma-ter-apenas-ajudado-a-esconder-o-cadaver\/#primaryimage"},"thumbnailUrl":"https:\/\/portaltela.pt\/s.01k8rhncp4jt1\/2026\/02\/890e03e9-5c49-4565-bcab-1e1ebbc082e9_1200x675.jpg","keywords":["crime","Esposende","homic\u00eddio","investiga\u00e7\u00e3o criminal","oculta\u00e7\u00e3o de cad\u00e1ver","tribunal"],"articleSection":["Not\u00edcias"],"inLanguage":"pt-PT"},{"@type":"WebPage","@id":"https:\/\/portaltela.pt\/noticias\/2026\/02\/06\/cuidador-de-idoso-afirma-ter-apenas-ajudado-a-esconder-o-cadaver\/","url":"https:\/\/portaltela.pt\/noticias\/2026\/02\/06\/cuidador-de-idoso-afirma-ter-apenas-ajudado-a-esconder-o-cadaver\/","name":"Cuidador de idoso afirma ter apenas ajudado a esconder o cad\u00e1ver - Portal Tela Portugal","isPartOf":{"@id":"https:\/\/portaltela.pt\/#website"},"primaryImageOfPage":{"@id":"https:\/\/portaltela.pt\/noticias\/2026\/02\/06\/cuidador-de-idoso-afirma-ter-apenas-ajudado-a-esconder-o-cadaver\/#primaryimage"},"image":{"@id":"https:\/\/portaltela.pt\/noticias\/2026\/02\/06\/cuidador-de-idoso-afirma-ter-apenas-ajudado-a-esconder-o-cadaver\/#primaryimage"},"thumbnailUrl":"https:\/\/portaltela.pt\/s.01k8rhncp4jt1\/2026\/02\/890e03e9-5c49-4565-bcab-1e1ebbc082e9_1200x675.jpg","datePublished":"2026-02-06T07:50:00+00:00","author":{"@id":"https:\/\/portaltela.pt\/#\/schema\/person\/c4278d4a6028830caff9ee44b42d32ed"},"breadcrumb":{"@id":"https:\/\/portaltela.pt\/noticias\/2026\/02\/06\/cuidador-de-idoso-afirma-ter-apenas-ajudado-a-esconder-o-cadaver\/#breadcrumb"},"inLanguage":"pt-PT","potentialAction":[{"@type":"ReadAction","target":["https:\/\/portaltela.pt\/noticias\/2026\/02\/06\/cuidador-de-idoso-afirma-ter-apenas-ajudado-a-esconder-o-cadaver\/"]}]},{"@type":"ImageObject","inLanguage":"pt-PT","@id":"https:\/\/portaltela.pt\/noticias\/2026\/02\/06\/cuidador-de-idoso-afirma-ter-apenas-ajudado-a-esconder-o-cadaver\/#primaryimage","url":"https:\/\/portaltela.pt\/s.01k8rhncp4jt1\/2026\/02\/890e03e9-5c49-4565-bcab-1e1ebbc082e9_1200x675.jpg","contentUrl":"https:\/\/portaltela.pt\/s.01k8rhncp4jt1\/2026\/02\/890e03e9-5c49-4565-bcab-1e1ebbc082e9_1200x675.jpg","width":796,"height":448,"caption":"Arguido atira culpas \u00e0 ex-companheira"},{"@type":"BreadcrumbList","@id":"https:\/\/portaltela.pt\/noticias\/2026\/02\/06\/cuidador-de-idoso-afirma-ter-apenas-ajudado-a-esconder-o-cadaver\/#breadcrumb","itemListElement":[{"@type":"ListItem","position":1,"name":"In\u00edcio","item":"https:\/\/portaltela.pt\/"},{"@type":"ListItem","position":2,"name":"Cuidador de idoso afirma ter apenas ajudado a esconder o cad\u00e1ver"}]},{"@type":"WebSite","@id":"https:\/\/portaltela.pt\/#website","url":"https:\/\/portaltela.pt\/","name":"Portal Tela Portugal","description":"","potentialAction":[{"@type":"SearchAction","target":{"@type":"EntryPoint","urlTemplate":"https:\/\/portaltela.pt\/?s={search_term_string}"},"query-input":{"@type":"PropertyValueSpecification","valueRequired":true,"valueName":"search_term_string"}}],"inLanguage":"pt-PT"},{"@type":"Person","@id":"https:\/\/portaltela.pt\/#\/schema\/person\/c4278d4a6028830caff9ee44b42d32ed","name":"Telinha","image":{"@type":"ImageObject","inLanguage":"pt-PT","@id":"https:\/\/portaltela.pt\/s.01k8rhncp4jt1\/2025\/11\/talking-bot-125x125.png","url":"https:\/\/portaltela.pt\/s.01k8rhncp4jt1\/2025\/11\/talking-bot-125x125.png","contentUrl":"https:\/\/portaltela.pt\/s.01k8rhncp4jt1\/2025\/11\/talking-bot-125x125.png","caption":"Telinha"},"sameAs":["https:\/\/portaltela.pt\/"],"url":"https:\/\/portaltela.pt\/por\/367410592786\/"}]}},"_links":{"self":[{"href":"https:\/\/portaltela.pt\/api\/wp\/v2\/posts\/201124","targetHints":{"allow":["GET"]}}],"collection":[{"href":"https:\/\/portaltela.pt\/api\/wp\/v2\/posts"}],"about":[{"href":"https:\/\/portaltela.pt\/api\/wp\/v2\/types\/post"}],"author":[{"embeddable":true,"href":"https:\/\/portaltela.pt\/api\/wp\/v2\/users\/2"}],"replies":[{"embeddable":true,"href":"https:\/\/portaltela.pt\/api\/wp\/v2\/comments?post=201124"}],"version-history":[{"count":0,"href":"https:\/\/portaltela.pt\/api\/wp\/v2\/posts\/201124\/revisions"}],"wp:featuredmedia":[{"embeddable":true,"href":"https:\/\/portaltela.pt\/api\/wp\/v2\/media\/201127"}],"wp:attachment":[{"href":"https:\/\/portaltela.pt\/api\/wp\/v2\/media?parent=201124"}],"wp:term":[{"taxonomy":"category","embeddable":true,"href":"https:\/\/portaltela.pt\/api\/wp\/v2\/categories?post=201124"},{"taxonomy":"post_tag","embeddable":true,"href":"https:\/\/portaltela.pt\/api\/wp\/v2\/tags?post=201124"}],"curies":[{"name":"wp","href":"https:\/\/api.w.org\/{rel}","templated":true}]}}