{"id":201102,"date":"2026-02-06T04:39:35","date_gmt":"2026-02-06T07:39:35","guid":{"rendered":"https:\/\/portaltela.pt\/noticias\/2026\/02\/06\/imagens-de-drone-revelam-devastacao-na-zona-centro\/"},"modified":"2026-02-06T04:39:35","modified_gmt":"2026-02-06T07:39:35","slug":"imagens-de-drone-revelam-devastacao-na-zona-centro","status":"publish","type":"post","link":"https:\/\/portaltela.pt\/noticias\/2026\/02\/06\/imagens-de-drone-revelam-devastacao-na-zona-centro\/","title":{"rendered":"Imagens de drone revelam devasta\u00e7\u00e3o na zona centro"},"content":{"rendered":"<p>As imagens de drone indicam destrui\u00e7\u00e3o consider\u00e1vel na regi\u00e3o centro, com danos generalizados em habita\u00e7\u00f5es e estruturas. Casas destelhadas, outdoors ca\u00eddos e vigas de metal atravessadas em some im\u00f3veis s\u00e3o os sinais mais evidentes nas \u00e1reas de Barrac\u00e3o, Bajouca, Colmeias e Vieira de Leiria.<\/p>\n<p>Segundo as vis\u00f5es a\u00e9reas, \u00e1rvores tamb\u00e9m foram afetadas, com eucaliptos e pinheiros partidos ou arrancados. Os destro\u00e7os ocupam \u00e1reas residenciais, sugerindo um impacto significativo na infraestrutura local.<\/p>\n<p>N\u00e3o foram apresentadas informa\u00e7\u00f5es oficiais sobre a causa dos danos no momento. As imagens destacam a necessidade de avalia\u00e7\u00e3o de estrutura e de apoio aos moradores das \u00e1reas atingidas.<\/p>\n<p>A regi\u00e3o afetada inclui Barrac\u00e3o, Bajouca, Colmeias e Vieira de Leiria, conforme os registros das fotografias a\u00e9reas. A per\u00edcia e o levantamento de danos devem seguir para confirmar responsabilidades, se houver, e planejar respostas de emerg\u00eancia.<\/p>\n","protected":false},"excerpt":{"rendered":"<ul>\n<li>Imagens de drone mostram devasta\u00e7\u00e3o na zona centro, incluindo Barrac\u00e3o, Bajouca, Colmeias e Vieira de Leiria.<\/li>\n<li>Casas destelhadas e outdoors ca\u00eddos.<\/li>\n<li>Vigas de metal atravessadas nas habita\u00e7\u00f5es.<\/li>\n<li>Eucaliptos e pinheiros partidos e arrancados pelo cen\u00e1rio de destrui\u00e7\u00e3o.<\/li>\n<\/ul>\n","protected":false},"author":2,"featured_media":201106,"comment_status":"closed","ping_status":"closed","sticky":false,"template":"","format":"standard","meta":{"footnotes":""},"categories":[1],"tags":[5215,150,215,1385,4650,5545],"class_list":["post-201102","post","type-post","status-publish","format-standard","has-post-thumbnail","hentry","category-noticias","tag-catastrofes-naturais","tag-habitacao","tag-investigacao","tag-leiria","tag-regiao-centro","tag-zona-centro"],"yoast_head":"<!-- This site is optimized with the Yoast SEO plugin v27.2 - https:\/\/yoast.com\/product\/yoast-seo-wordpress\/ -->\n<title>Imagens de drone revelam devasta\u00e7\u00e3o na zona centro - Portal Tela Portugal<\/title>\n<meta name=\"robots\" content=\"index, follow, max-snippet:-1, max-image-preview:large, max-video-preview:-1\" \/>\n<meta property=\"og:locale\" content=\"pt_PT\" \/>\n<meta property=\"og:type\" content=\"article\" \/>\n<meta property=\"og:title\" content=\"Imagens de drone revelam devasta\u00e7\u00e3o na zona centro - Portal Tela Portugal\" \/>\n<meta property=\"og:description\" content=\"Imagens de drone mostram devasta\u00e7\u00e3o na zona centro, incluindo Barrac\u00e3o, Bajouca, Colmeias e Vieira de Leiria. Casas destelhadas e outdoors ca\u00eddos. Vigas de metal atravessadas nas habita\u00e7\u00f5es. Eucaliptos e pinheiros partidos e arrancados pelo cen\u00e1rio de destrui\u00e7\u00e3o.\" \/>\n<meta property=\"og:url\" content=\"https:\/\/portaltela.pt\/noticias\/2026\/02\/06\/imagens-de-drone-revelam-devastacao-na-zona-centro\/\" \/>\n<meta property=\"og:site_name\" content=\"Portal Tela Portugal\" \/>\n<meta property=\"article:published_time\" content=\"2026-02-06T07:39:35+00:00\" \/>\n<meta name=\"author\" content=\"Telinha\" \/>\n<meta name=\"twitter:card\" content=\"summary_large_image\" \/>\n<meta name=\"twitter:label1\" content=\"Escrito por\" \/>\n\t<meta name=\"twitter:data1\" content=\"Telinha\" \/>\n\t<meta name=\"twitter:label2\" content=\"Tempo estimado de leitura\" \/>\n\t<meta name=\"twitter:data2\" content=\"1 minuto\" \/>\n<script type=\"application\/ld+json\" class=\"yoast-schema-graph\">{\"@context\":\"https:\/\/schema.org\",\"@graph\":[{\"@type\":\"Article\",\"@id\":\"https:\/\/portaltela.pt\/noticias\/2026\/02\/06\/imagens-de-drone-revelam-devastacao-na-zona-centro\/#article\",\"isPartOf\":{\"@id\":\"https:\/\/portaltela.pt\/noticias\/2026\/02\/06\/imagens-de-drone-revelam-devastacao-na-zona-centro\/\"},\"author\":{\"name\":\"Telinha\",\"@id\":\"https:\/\/portaltela.pt\/#\/schema\/person\/c4278d4a6028830caff9ee44b42d32ed\"},\"headline\":\"Imagens de drone revelam devasta\u00e7\u00e3o na zona centro\",\"datePublished\":\"2026-02-06T07:39:35+00:00\",\"mainEntityOfPage\":{\"@id\":\"https:\/\/portaltela.pt\/noticias\/2026\/02\/06\/imagens-de-drone-revelam-devastacao-na-zona-centro\/\"},\"wordCount\":165,\"image\":{\"@id\":\"https:\/\/portaltela.pt\/noticias\/2026\/02\/06\/imagens-de-drone-revelam-devastacao-na-zona-centro\/#primaryimage\"},\"thumbnailUrl\":\"https:\/\/portaltela.pt\/s.01k8rhncp4jt1\/2026\/02\/img_1200x721uu2026-02-06-07-38-03-2419895.jpg\",\"keywords\":[\"cat\u00e1strofes naturais\",\"habita\u00e7\u00e3o\",\"investiga\u00e7\u00e3o\",\"Leiria\",\"Regi\u00e3o Centro\",\"Zona Centro\"],\"articleSection\":[\"Not\u00edcias\"],\"inLanguage\":\"pt-PT\"},{\"@type\":\"WebPage\",\"@id\":\"https:\/\/portaltela.pt\/noticias\/2026\/02\/06\/imagens-de-drone-revelam-devastacao-na-zona-centro\/\",\"url\":\"https:\/\/portaltela.pt\/noticias\/2026\/02\/06\/imagens-de-drone-revelam-devastacao-na-zona-centro\/\",\"name\":\"Imagens de drone revelam devasta\u00e7\u00e3o na zona centro - Portal Tela Portugal\",\"isPartOf\":{\"@id\":\"https:\/\/portaltela.pt\/#website\"},\"primaryImageOfPage\":{\"@id\":\"https:\/\/portaltela.pt\/noticias\/2026\/02\/06\/imagens-de-drone-revelam-devastacao-na-zona-centro\/#primaryimage\"},\"image\":{\"@id\":\"https:\/\/portaltela.pt\/noticias\/2026\/02\/06\/imagens-de-drone-revelam-devastacao-na-zona-centro\/#primaryimage\"},\"thumbnailUrl\":\"https:\/\/portaltela.pt\/s.01k8rhncp4jt1\/2026\/02\/img_1200x721uu2026-02-06-07-38-03-2419895.jpg\",\"datePublished\":\"2026-02-06T07:39:35+00:00\",\"author\":{\"@id\":\"https:\/\/portaltela.pt\/#\/schema\/person\/c4278d4a6028830caff9ee44b42d32ed\"},\"breadcrumb\":{\"@id\":\"https:\/\/portaltela.pt\/noticias\/2026\/02\/06\/imagens-de-drone-revelam-devastacao-na-zona-centro\/#breadcrumb\"},\"inLanguage\":\"pt-PT\",\"potentialAction\":[{\"@type\":\"ReadAction\",\"target\":[\"https:\/\/portaltela.pt\/noticias\/2026\/02\/06\/imagens-de-drone-revelam-devastacao-na-zona-centro\/\"]}]},{\"@type\":\"ImageObject\",\"inLanguage\":\"pt-PT\",\"@id\":\"https:\/\/portaltela.pt\/noticias\/2026\/02\/06\/imagens-de-drone-revelam-devastacao-na-zona-centro\/#primaryimage\",\"url\":\"https:\/\/portaltela.pt\/s.01k8rhncp4jt1\/2026\/02\/img_1200x721uu2026-02-06-07-38-03-2419895.jpg\",\"contentUrl\":\"https:\/\/portaltela.pt\/s.01k8rhncp4jt1\/2026\/02\/img_1200x721uu2026-02-06-07-38-03-2419895.jpg\",\"width\":796,\"height\":448,\"caption\":\"Casas destelhadas, outdoors ca\u00eddos, vigas de metal atravessadas nas casas...\"},{\"@type\":\"BreadcrumbList\",\"@id\":\"https:\/\/portaltela.pt\/noticias\/2026\/02\/06\/imagens-de-drone-revelam-devastacao-na-zona-centro\/#breadcrumb\",\"itemListElement\":[{\"@type\":\"ListItem\",\"position\":1,\"name\":\"In\u00edcio\",\"item\":\"https:\/\/portaltela.pt\/\"},{\"@type\":\"ListItem\",\"position\":2,\"name\":\"Imagens de drone revelam devasta\u00e7\u00e3o na zona centro\"}]},{\"@type\":\"WebSite\",\"@id\":\"https:\/\/portaltela.pt\/#website\",\"url\":\"https:\/\/portaltela.pt\/\",\"name\":\"Portal Tela Portugal\",\"description\":\"\",\"potentialAction\":[{\"@type\":\"SearchAction\",\"target\":{\"@type\":\"EntryPoint\",\"urlTemplate\":\"https:\/\/portaltela.pt\/?s={search_term_string}\"},\"query-input\":{\"@type\":\"PropertyValueSpecification\",\"valueRequired\":true,\"valueName\":\"search_term_string\"}}],\"inLanguage\":\"pt-PT\"},{\"@type\":\"Person\",\"@id\":\"https:\/\/portaltela.pt\/#\/schema\/person\/c4278d4a6028830caff9ee44b42d32ed\",\"name\":\"Telinha\",\"image\":{\"@type\":\"ImageObject\",\"inLanguage\":\"pt-PT\",\"@id\":\"https:\/\/portaltela.pt\/s.01k8rhncp4jt1\/2025\/11\/talking-bot-125x125.png\",\"url\":\"https:\/\/portaltela.pt\/s.01k8rhncp4jt1\/2025\/11\/talking-bot-125x125.png\",\"contentUrl\":\"https:\/\/portaltela.pt\/s.01k8rhncp4jt1\/2025\/11\/talking-bot-125x125.png\",\"caption\":\"Telinha\"},\"sameAs\":[\"https:\/\/portaltela.pt\/\"],\"url\":\"https:\/\/portaltela.pt\/por\/367410592786\/\"}]}<\/script>\n<!-- \/ Yoast SEO plugin. -->","yoast_head_json":{"title":"Imagens de drone revelam devasta\u00e7\u00e3o na zona centro - Portal Tela Portugal","robots":{"index":"index","follow":"follow","max-snippet":"max-snippet:-1","max-image-preview":"max-image-preview:large","max-video-preview":"max-video-preview:-1"},"og_locale":"pt_PT","og_type":"article","og_title":"Imagens de drone revelam devasta\u00e7\u00e3o na zona centro - Portal Tela Portugal","og_description":"Imagens de drone mostram devasta\u00e7\u00e3o na zona centro, incluindo Barrac\u00e3o, Bajouca, Colmeias e Vieira de Leiria. Casas destelhadas e outdoors ca\u00eddos. Vigas de metal atravessadas nas habita\u00e7\u00f5es. Eucaliptos e pinheiros partidos e arrancados pelo cen\u00e1rio de destrui\u00e7\u00e3o.","og_url":"https:\/\/portaltela.pt\/noticias\/2026\/02\/06\/imagens-de-drone-revelam-devastacao-na-zona-centro\/","og_site_name":"Portal Tela Portugal","article_published_time":"2026-02-06T07:39:35+00:00","author":"Telinha","twitter_card":"summary_large_image","twitter_misc":{"Escrito por":"Telinha","Tempo estimado de leitura":"1 minuto"},"schema":{"@context":"https:\/\/schema.org","@graph":[{"@type":"Article","@id":"https:\/\/portaltela.pt\/noticias\/2026\/02\/06\/imagens-de-drone-revelam-devastacao-na-zona-centro\/#article","isPartOf":{"@id":"https:\/\/portaltela.pt\/noticias\/2026\/02\/06\/imagens-de-drone-revelam-devastacao-na-zona-centro\/"},"author":{"name":"Telinha","@id":"https:\/\/portaltela.pt\/#\/schema\/person\/c4278d4a6028830caff9ee44b42d32ed"},"headline":"Imagens de drone revelam devasta\u00e7\u00e3o na zona centro","datePublished":"2026-02-06T07:39:35+00:00","mainEntityOfPage":{"@id":"https:\/\/portaltela.pt\/noticias\/2026\/02\/06\/imagens-de-drone-revelam-devastacao-na-zona-centro\/"},"wordCount":165,"image":{"@id":"https:\/\/portaltela.pt\/noticias\/2026\/02\/06\/imagens-de-drone-revelam-devastacao-na-zona-centro\/#primaryimage"},"thumbnailUrl":"https:\/\/portaltela.pt\/s.01k8rhncp4jt1\/2026\/02\/img_1200x721uu2026-02-06-07-38-03-2419895.jpg","keywords":["cat\u00e1strofes naturais","habita\u00e7\u00e3o","investiga\u00e7\u00e3o","Leiria","Regi\u00e3o Centro","Zona Centro"],"articleSection":["Not\u00edcias"],"inLanguage":"pt-PT"},{"@type":"WebPage","@id":"https:\/\/portaltela.pt\/noticias\/2026\/02\/06\/imagens-de-drone-revelam-devastacao-na-zona-centro\/","url":"https:\/\/portaltela.pt\/noticias\/2026\/02\/06\/imagens-de-drone-revelam-devastacao-na-zona-centro\/","name":"Imagens de drone revelam devasta\u00e7\u00e3o na zona centro - Portal Tela Portugal","isPartOf":{"@id":"https:\/\/portaltela.pt\/#website"},"primaryImageOfPage":{"@id":"https:\/\/portaltela.pt\/noticias\/2026\/02\/06\/imagens-de-drone-revelam-devastacao-na-zona-centro\/#primaryimage"},"image":{"@id":"https:\/\/portaltela.pt\/noticias\/2026\/02\/06\/imagens-de-drone-revelam-devastacao-na-zona-centro\/#primaryimage"},"thumbnailUrl":"https:\/\/portaltela.pt\/s.01k8rhncp4jt1\/2026\/02\/img_1200x721uu2026-02-06-07-38-03-2419895.jpg","datePublished":"2026-02-06T07:39:35+00:00","author":{"@id":"https:\/\/portaltela.pt\/#\/schema\/person\/c4278d4a6028830caff9ee44b42d32ed"},"breadcrumb":{"@id":"https:\/\/portaltela.pt\/noticias\/2026\/02\/06\/imagens-de-drone-revelam-devastacao-na-zona-centro\/#breadcrumb"},"inLanguage":"pt-PT","potentialAction":[{"@type":"ReadAction","target":["https:\/\/portaltela.pt\/noticias\/2026\/02\/06\/imagens-de-drone-revelam-devastacao-na-zona-centro\/"]}]},{"@type":"ImageObject","inLanguage":"pt-PT","@id":"https:\/\/portaltela.pt\/noticias\/2026\/02\/06\/imagens-de-drone-revelam-devastacao-na-zona-centro\/#primaryimage","url":"https:\/\/portaltela.pt\/s.01k8rhncp4jt1\/2026\/02\/img_1200x721uu2026-02-06-07-38-03-2419895.jpg","contentUrl":"https:\/\/portaltela.pt\/s.01k8rhncp4jt1\/2026\/02\/img_1200x721uu2026-02-06-07-38-03-2419895.jpg","width":796,"height":448,"caption":"Casas destelhadas, outdoors ca\u00eddos, vigas de metal atravessadas nas casas..."},{"@type":"BreadcrumbList","@id":"https:\/\/portaltela.pt\/noticias\/2026\/02\/06\/imagens-de-drone-revelam-devastacao-na-zona-centro\/#breadcrumb","itemListElement":[{"@type":"ListItem","position":1,"name":"In\u00edcio","item":"https:\/\/portaltela.pt\/"},{"@type":"ListItem","position":2,"name":"Imagens de drone revelam devasta\u00e7\u00e3o na zona centro"}]},{"@type":"WebSite","@id":"https:\/\/portaltela.pt\/#website","url":"https:\/\/portaltela.pt\/","name":"Portal Tela Portugal","description":"","potentialAction":[{"@type":"SearchAction","target":{"@type":"EntryPoint","urlTemplate":"https:\/\/portaltela.pt\/?s={search_term_string}"},"query-input":{"@type":"PropertyValueSpecification","valueRequired":true,"valueName":"search_term_string"}}],"inLanguage":"pt-PT"},{"@type":"Person","@id":"https:\/\/portaltela.pt\/#\/schema\/person\/c4278d4a6028830caff9ee44b42d32ed","name":"Telinha","image":{"@type":"ImageObject","inLanguage":"pt-PT","@id":"https:\/\/portaltela.pt\/s.01k8rhncp4jt1\/2025\/11\/talking-bot-125x125.png","url":"https:\/\/portaltela.pt\/s.01k8rhncp4jt1\/2025\/11\/talking-bot-125x125.png","contentUrl":"https:\/\/portaltela.pt\/s.01k8rhncp4jt1\/2025\/11\/talking-bot-125x125.png","caption":"Telinha"},"sameAs":["https:\/\/portaltela.pt\/"],"url":"https:\/\/portaltela.pt\/por\/367410592786\/"}]}},"_links":{"self":[{"href":"https:\/\/portaltela.pt\/api\/wp\/v2\/posts\/201102","targetHints":{"allow":["GET"]}}],"collection":[{"href":"https:\/\/portaltela.pt\/api\/wp\/v2\/posts"}],"about":[{"href":"https:\/\/portaltela.pt\/api\/wp\/v2\/types\/post"}],"author":[{"embeddable":true,"href":"https:\/\/portaltela.pt\/api\/wp\/v2\/users\/2"}],"replies":[{"embeddable":true,"href":"https:\/\/portaltela.pt\/api\/wp\/v2\/comments?post=201102"}],"version-history":[{"count":0,"href":"https:\/\/portaltela.pt\/api\/wp\/v2\/posts\/201102\/revisions"}],"wp:featuredmedia":[{"embeddable":true,"href":"https:\/\/portaltela.pt\/api\/wp\/v2\/media\/201106"}],"wp:attachment":[{"href":"https:\/\/portaltela.pt\/api\/wp\/v2\/media?parent=201102"}],"wp:term":[{"taxonomy":"category","embeddable":true,"href":"https:\/\/portaltela.pt\/api\/wp\/v2\/categories?post=201102"},{"taxonomy":"post_tag","embeddable":true,"href":"https:\/\/portaltela.pt\/api\/wp\/v2\/tags?post=201102"}],"curies":[{"name":"wp","href":"https:\/\/api.w.org\/{rel}","templated":true}]}}