{"id":201101,"date":"2026-02-06T04:34:00","date_gmt":"2026-02-06T07:34:00","guid":{"rendered":"https:\/\/portaltela.pt\/noticias\/2026\/02\/06\/luis-pinto-diz-que-marca-europeia-esta-a-ser-construida-e-precisa-de-cimentar-se\/"},"modified":"2026-02-06T04:34:00","modified_gmt":"2026-02-06T07:34:00","slug":"luis-pinto-diz-que-marca-europeia-esta-a-ser-construida-e-precisa-de-cimentar-se","status":"publish","type":"post","link":"https:\/\/portaltela.pt\/desporto\/futebol\/2026\/02\/06\/luis-pinto-diz-que-marca-europeia-esta-a-ser-construida-e-precisa-de-cimentar-se\/","title":{"rendered":"Lu\u00eds Pinto diz que marca europeia est\u00e1 a ser constru\u00edda e precisa de cimentar-se"},"content":{"rendered":"<p>Lu\u00eds Pinto refor\u00e7a o objetivo do Vit\u00f3ria de Guimar\u00e3es para a temporada: regressar ao patamar europeu ap\u00f3s a conquista da Allianz Cup, numa altura em que o clube procura cimentar uma \u201cmarca europeia\u201d em crescimento. O t\u00e9cnico evita desviar-se das responsabilidades e aposta na progress\u00e3o recente do emblema minhoto.<\/p>\n<p>O treinador de 36 anos sublinha que o Vit\u00f3ria tem de continuar a somar conquistas e manter o ritmo europeu conquistado nas \u00faltimas \u00e9pocas. Para ele, o clube j\u00e1 provou que pode subir de patamar e manter uma presen\u00e7a regular na competi\u00e7\u00e3o nacional e europeia.<\/p>\n<p>Pinto destaca a dimens\u00e3o do Vit\u00f3ria para al\u00e9m do concelho de Guimar\u00e3es, referindo os mais de 36 mil associados e o desejo de comunicar o projeto do clube a todo o pa\u00eds. O foco continua a ser o sucesso imediato: vencer o pr\u00f3ximo jogo e, assim, manter a evolu\u00e7\u00e3o do clube.<\/p>\n<p>A n\u00edvel pessoal, o t\u00e9cnico recorda as duas temporadas memor\u00e1veis: a promo\u00e7\u00e3o do Tondela na \u00e9poca 2024\/25 e a conquista da Allianz Cup na \u00e9poca seguinte. Embora reconhe\u00e7a o potencial de atrair interesse de clubes maiores, afirma que o objetivo imediato \u00e9 manter o Vit\u00f3ria no caminho certo.<\/p>\n","protected":false},"excerpt":{"rendered":"<ul>\n<li>O Vit\u00f3ria de Guimar\u00e3es quer regressar aos palcos europeus ap\u00f3s vencer a Allianz Cup, recuperando do rev\u00e9s de 2024\/25.<\/li>\n<li>Lu\u00eds Pinto disse que a \u201cmarca europeia\u201d do clube est\u00e1 a ser constru\u00edda e precisa de ser cimentada.<\/li>\n<li>O t\u00e9cnico, de 36 anos, mant\u00e9m o foco no presente e no pr\u00f3ximo jogo, refor\u00e7ando a posi\u00e7\u00e3o do Vit\u00f3ria entre os grandes do futebol portugu\u00eas.<\/li>\n<li>O clube tem mais de 36 mil associados e pretende levar o projeto al\u00e9m do concelho de Guimar\u00e3es.<\/li>\n<li>Pinto n\u00e3o rejeita a hip\u00f3tese de vir a treinar um clube maior, mas o objetivo atual \u00e9 assegurar o sucesso do Vit\u00f3ria.<\/li>\n<\/ul>\n","protected":false},"author":2,"featured_media":201105,"comment_status":"closed","ping_status":"closed","sticky":false,"template":"","format":"standard","meta":{"footnotes":""},"categories":[21,24],"tags":[4073,2487,5544,32,1145,2428],"class_list":["post-201101","post","type-post","status-publish","format-standard","has-post-thumbnail","hentry","category-desporto","category-futebol","tag-allianz-cup","tag-europa","tag-europa-league","tag-futebol","tag-guimaraes","tag-vitoria"],"yoast_head":"<!-- This site is optimized with the Yoast SEO plugin v27.2 - https:\/\/yoast.com\/product\/yoast-seo-wordpress\/ -->\n<title>Lu\u00eds Pinto diz que marca europeia est\u00e1 a ser constru\u00edda e precisa de cimentar-se - Portal Tela Portugal<\/title>\n<meta name=\"robots\" content=\"index, follow, max-snippet:-1, max-image-preview:large, max-video-preview:-1\" \/>\n<meta property=\"og:locale\" content=\"pt_PT\" \/>\n<meta property=\"og:type\" content=\"article\" \/>\n<meta property=\"og:title\" content=\"Lu\u00eds Pinto diz que marca europeia est\u00e1 a ser constru\u00edda e precisa de cimentar-se - Portal Tela Portugal\" \/>\n<meta property=\"og:description\" content=\"O Vit\u00f3ria de Guimar\u00e3es quer regressar aos palcos europeus ap\u00f3s vencer a Allianz Cup, recuperando do rev\u00e9s de 2024\/25. Lu\u00eds Pinto disse que a \u201cmarca europeia\u201d do clube est\u00e1 a ser constru\u00edda e precisa de ser cimentada. O t\u00e9cnico, de 36 anos, mant\u00e9m o foco no presente e no pr\u00f3ximo jogo, refor\u00e7ando a posi\u00e7\u00e3o do Vit\u00f3ria entre os grandes do futebol portugu\u00eas. O clube tem mais de 36 mil associados e pretende levar o projeto al\u00e9m do concelho de Guimar\u00e3es. Pinto n\u00e3o rejeita a hip\u00f3tese de vir a treinar um clube maior, mas o objetivo atual \u00e9 assegurar o sucesso do Vit\u00f3ria.\" \/>\n<meta property=\"og:url\" content=\"https:\/\/portaltela.pt\/noticias\/2026\/02\/06\/luis-pinto-diz-que-marca-europeia-esta-a-ser-construida-e-precisa-de-cimentar-se\/\" \/>\n<meta property=\"og:site_name\" content=\"Portal Tela Portugal\" \/>\n<meta property=\"article:published_time\" content=\"2026-02-06T07:34:00+00:00\" \/>\n<meta name=\"author\" content=\"Telinha\" \/>\n<meta name=\"twitter:card\" content=\"summary_large_image\" \/>\n<meta name=\"twitter:label1\" content=\"Escrito por\" \/>\n\t<meta name=\"twitter:data1\" content=\"Telinha\" \/>\n\t<meta name=\"twitter:label2\" content=\"Tempo estimado de leitura\" \/>\n\t<meta name=\"twitter:data2\" content=\"1 minuto\" \/>\n<script type=\"application\/ld+json\" class=\"yoast-schema-graph\">{\"@context\":\"https:\/\/schema.org\",\"@graph\":[{\"@type\":\"Article\",\"@id\":\"https:\/\/portaltela.pt\/noticias\/2026\/02\/06\/luis-pinto-diz-que-marca-europeia-esta-a-ser-construida-e-precisa-de-cimentar-se\/#article\",\"isPartOf\":{\"@id\":\"https:\/\/portaltela.pt\/noticias\/2026\/02\/06\/luis-pinto-diz-que-marca-europeia-esta-a-ser-construida-e-precisa-de-cimentar-se\/\"},\"author\":{\"name\":\"Telinha\",\"@id\":\"https:\/\/portaltela.pt\/#\/schema\/person\/c4278d4a6028830caff9ee44b42d32ed\"},\"headline\":\"Lu\u00eds Pinto diz que marca europeia est\u00e1 a ser constru\u00edda e precisa de cimentar-se\",\"datePublished\":\"2026-02-06T07:34:00+00:00\",\"mainEntityOfPage\":{\"@id\":\"https:\/\/portaltela.pt\/noticias\/2026\/02\/06\/luis-pinto-diz-que-marca-europeia-esta-a-ser-construida-e-precisa-de-cimentar-se\/\"},\"wordCount\":228,\"image\":{\"@id\":\"https:\/\/portaltela.pt\/noticias\/2026\/02\/06\/luis-pinto-diz-que-marca-europeia-esta-a-ser-construida-e-precisa-de-cimentar-se\/#primaryimage\"},\"thumbnailUrl\":\"https:\/\/portaltela.pt\/s.01k8rhncp4jt1\/2026\/02\/img_920x518uu2026-01-31-00-04-09-2418587.jpg\",\"keywords\":[\"Allianz Cup\",\"Europa\",\"Europa League\",\"futebol\",\"Guimar\u00e3es\",\"Vit\u00f3ria\"],\"articleSection\":[\"Desporto\",\"Futebol\"],\"inLanguage\":\"pt-PT\"},{\"@type\":\"WebPage\",\"@id\":\"https:\/\/portaltela.pt\/noticias\/2026\/02\/06\/luis-pinto-diz-que-marca-europeia-esta-a-ser-construida-e-precisa-de-cimentar-se\/\",\"url\":\"https:\/\/portaltela.pt\/noticias\/2026\/02\/06\/luis-pinto-diz-que-marca-europeia-esta-a-ser-construida-e-precisa-de-cimentar-se\/\",\"name\":\"Lu\u00eds Pinto diz que marca europeia est\u00e1 a ser constru\u00edda e precisa de cimentar-se - Portal Tela Portugal\",\"isPartOf\":{\"@id\":\"https:\/\/portaltela.pt\/#website\"},\"primaryImageOfPage\":{\"@id\":\"https:\/\/portaltela.pt\/noticias\/2026\/02\/06\/luis-pinto-diz-que-marca-europeia-esta-a-ser-construida-e-precisa-de-cimentar-se\/#primaryimage\"},\"image\":{\"@id\":\"https:\/\/portaltela.pt\/noticias\/2026\/02\/06\/luis-pinto-diz-que-marca-europeia-esta-a-ser-construida-e-precisa-de-cimentar-se\/#primaryimage\"},\"thumbnailUrl\":\"https:\/\/portaltela.pt\/s.01k8rhncp4jt1\/2026\/02\/img_920x518uu2026-01-31-00-04-09-2418587.jpg\",\"datePublished\":\"2026-02-06T07:34:00+00:00\",\"author\":{\"@id\":\"https:\/\/portaltela.pt\/#\/schema\/person\/c4278d4a6028830caff9ee44b42d32ed\"},\"breadcrumb\":{\"@id\":\"https:\/\/portaltela.pt\/noticias\/2026\/02\/06\/luis-pinto-diz-que-marca-europeia-esta-a-ser-construida-e-precisa-de-cimentar-se\/#breadcrumb\"},\"inLanguage\":\"pt-PT\",\"potentialAction\":[{\"@type\":\"ReadAction\",\"target\":[\"https:\/\/portaltela.pt\/noticias\/2026\/02\/06\/luis-pinto-diz-que-marca-europeia-esta-a-ser-construida-e-precisa-de-cimentar-se\/\"]}]},{\"@type\":\"ImageObject\",\"inLanguage\":\"pt-PT\",\"@id\":\"https:\/\/portaltela.pt\/noticias\/2026\/02\/06\/luis-pinto-diz-que-marca-europeia-esta-a-ser-construida-e-precisa-de-cimentar-se\/#primaryimage\",\"url\":\"https:\/\/portaltela.pt\/s.01k8rhncp4jt1\/2026\/02\/img_920x518uu2026-01-31-00-04-09-2418587.jpg\",\"contentUrl\":\"https:\/\/portaltela.pt\/s.01k8rhncp4jt1\/2026\/02\/img_920x518uu2026-01-31-00-04-09-2418587.jpg\",\"width\":796,\"height\":448,\"caption\":\"Lu\u00eds Pinto, treinador do V. Guimar\u00e3es\"},{\"@type\":\"BreadcrumbList\",\"@id\":\"https:\/\/portaltela.pt\/noticias\/2026\/02\/06\/luis-pinto-diz-que-marca-europeia-esta-a-ser-construida-e-precisa-de-cimentar-se\/#breadcrumb\",\"itemListElement\":[{\"@type\":\"ListItem\",\"position\":1,\"name\":\"In\u00edcio\",\"item\":\"https:\/\/portaltela.pt\/\"},{\"@type\":\"ListItem\",\"position\":2,\"name\":\"Lu\u00eds Pinto diz que marca europeia est\u00e1 a ser constru\u00edda e precisa de cimentar-se\"}]},{\"@type\":\"WebSite\",\"@id\":\"https:\/\/portaltela.pt\/#website\",\"url\":\"https:\/\/portaltela.pt\/\",\"name\":\"Portal Tela Portugal\",\"description\":\"\",\"potentialAction\":[{\"@type\":\"SearchAction\",\"target\":{\"@type\":\"EntryPoint\",\"urlTemplate\":\"https:\/\/portaltela.pt\/?s={search_term_string}\"},\"query-input\":{\"@type\":\"PropertyValueSpecification\",\"valueRequired\":true,\"valueName\":\"search_term_string\"}}],\"inLanguage\":\"pt-PT\"},{\"@type\":\"Person\",\"@id\":\"https:\/\/portaltela.pt\/#\/schema\/person\/c4278d4a6028830caff9ee44b42d32ed\",\"name\":\"Telinha\",\"image\":{\"@type\":\"ImageObject\",\"inLanguage\":\"pt-PT\",\"@id\":\"https:\/\/portaltela.pt\/s.01k8rhncp4jt1\/2025\/11\/talking-bot-125x125.png\",\"url\":\"https:\/\/portaltela.pt\/s.01k8rhncp4jt1\/2025\/11\/talking-bot-125x125.png\",\"contentUrl\":\"https:\/\/portaltela.pt\/s.01k8rhncp4jt1\/2025\/11\/talking-bot-125x125.png\",\"caption\":\"Telinha\"},\"sameAs\":[\"https:\/\/portaltela.pt\/\"],\"url\":\"https:\/\/portaltela.pt\/por\/367410592786\/\"}]}<\/script>\n<!-- \/ Yoast SEO plugin. -->","yoast_head_json":{"title":"Lu\u00eds Pinto diz que marca europeia est\u00e1 a ser constru\u00edda e precisa de cimentar-se - Portal Tela Portugal","robots":{"index":"index","follow":"follow","max-snippet":"max-snippet:-1","max-image-preview":"max-image-preview:large","max-video-preview":"max-video-preview:-1"},"og_locale":"pt_PT","og_type":"article","og_title":"Lu\u00eds Pinto diz que marca europeia est\u00e1 a ser constru\u00edda e precisa de cimentar-se - Portal Tela Portugal","og_description":"O Vit\u00f3ria de Guimar\u00e3es quer regressar aos palcos europeus ap\u00f3s vencer a Allianz Cup, recuperando do rev\u00e9s de 2024\/25. Lu\u00eds Pinto disse que a \u201cmarca europeia\u201d do clube est\u00e1 a ser constru\u00edda e precisa de ser cimentada. O t\u00e9cnico, de 36 anos, mant\u00e9m o foco no presente e no pr\u00f3ximo jogo, refor\u00e7ando a posi\u00e7\u00e3o do Vit\u00f3ria entre os grandes do futebol portugu\u00eas. O clube tem mais de 36 mil associados e pretende levar o projeto al\u00e9m do concelho de Guimar\u00e3es. Pinto n\u00e3o rejeita a hip\u00f3tese de vir a treinar um clube maior, mas o objetivo atual \u00e9 assegurar o sucesso do Vit\u00f3ria.","og_url":"https:\/\/portaltela.pt\/noticias\/2026\/02\/06\/luis-pinto-diz-que-marca-europeia-esta-a-ser-construida-e-precisa-de-cimentar-se\/","og_site_name":"Portal Tela Portugal","article_published_time":"2026-02-06T07:34:00+00:00","author":"Telinha","twitter_card":"summary_large_image","twitter_misc":{"Escrito por":"Telinha","Tempo estimado de leitura":"1 minuto"},"schema":{"@context":"https:\/\/schema.org","@graph":[{"@type":"Article","@id":"https:\/\/portaltela.pt\/noticias\/2026\/02\/06\/luis-pinto-diz-que-marca-europeia-esta-a-ser-construida-e-precisa-de-cimentar-se\/#article","isPartOf":{"@id":"https:\/\/portaltela.pt\/noticias\/2026\/02\/06\/luis-pinto-diz-que-marca-europeia-esta-a-ser-construida-e-precisa-de-cimentar-se\/"},"author":{"name":"Telinha","@id":"https:\/\/portaltela.pt\/#\/schema\/person\/c4278d4a6028830caff9ee44b42d32ed"},"headline":"Lu\u00eds Pinto diz que marca europeia est\u00e1 a ser constru\u00edda e precisa de cimentar-se","datePublished":"2026-02-06T07:34:00+00:00","mainEntityOfPage":{"@id":"https:\/\/portaltela.pt\/noticias\/2026\/02\/06\/luis-pinto-diz-que-marca-europeia-esta-a-ser-construida-e-precisa-de-cimentar-se\/"},"wordCount":228,"image":{"@id":"https:\/\/portaltela.pt\/noticias\/2026\/02\/06\/luis-pinto-diz-que-marca-europeia-esta-a-ser-construida-e-precisa-de-cimentar-se\/#primaryimage"},"thumbnailUrl":"https:\/\/portaltela.pt\/s.01k8rhncp4jt1\/2026\/02\/img_920x518uu2026-01-31-00-04-09-2418587.jpg","keywords":["Allianz Cup","Europa","Europa League","futebol","Guimar\u00e3es","Vit\u00f3ria"],"articleSection":["Desporto","Futebol"],"inLanguage":"pt-PT"},{"@type":"WebPage","@id":"https:\/\/portaltela.pt\/noticias\/2026\/02\/06\/luis-pinto-diz-que-marca-europeia-esta-a-ser-construida-e-precisa-de-cimentar-se\/","url":"https:\/\/portaltela.pt\/noticias\/2026\/02\/06\/luis-pinto-diz-que-marca-europeia-esta-a-ser-construida-e-precisa-de-cimentar-se\/","name":"Lu\u00eds Pinto diz que marca europeia est\u00e1 a ser constru\u00edda e precisa de cimentar-se - Portal Tela Portugal","isPartOf":{"@id":"https:\/\/portaltela.pt\/#website"},"primaryImageOfPage":{"@id":"https:\/\/portaltela.pt\/noticias\/2026\/02\/06\/luis-pinto-diz-que-marca-europeia-esta-a-ser-construida-e-precisa-de-cimentar-se\/#primaryimage"},"image":{"@id":"https:\/\/portaltela.pt\/noticias\/2026\/02\/06\/luis-pinto-diz-que-marca-europeia-esta-a-ser-construida-e-precisa-de-cimentar-se\/#primaryimage"},"thumbnailUrl":"https:\/\/portaltela.pt\/s.01k8rhncp4jt1\/2026\/02\/img_920x518uu2026-01-31-00-04-09-2418587.jpg","datePublished":"2026-02-06T07:34:00+00:00","author":{"@id":"https:\/\/portaltela.pt\/#\/schema\/person\/c4278d4a6028830caff9ee44b42d32ed"},"breadcrumb":{"@id":"https:\/\/portaltela.pt\/noticias\/2026\/02\/06\/luis-pinto-diz-que-marca-europeia-esta-a-ser-construida-e-precisa-de-cimentar-se\/#breadcrumb"},"inLanguage":"pt-PT","potentialAction":[{"@type":"ReadAction","target":["https:\/\/portaltela.pt\/noticias\/2026\/02\/06\/luis-pinto-diz-que-marca-europeia-esta-a-ser-construida-e-precisa-de-cimentar-se\/"]}]},{"@type":"ImageObject","inLanguage":"pt-PT","@id":"https:\/\/portaltela.pt\/noticias\/2026\/02\/06\/luis-pinto-diz-que-marca-europeia-esta-a-ser-construida-e-precisa-de-cimentar-se\/#primaryimage","url":"https:\/\/portaltela.pt\/s.01k8rhncp4jt1\/2026\/02\/img_920x518uu2026-01-31-00-04-09-2418587.jpg","contentUrl":"https:\/\/portaltela.pt\/s.01k8rhncp4jt1\/2026\/02\/img_920x518uu2026-01-31-00-04-09-2418587.jpg","width":796,"height":448,"caption":"Lu\u00eds Pinto, treinador do V. Guimar\u00e3es"},{"@type":"BreadcrumbList","@id":"https:\/\/portaltela.pt\/noticias\/2026\/02\/06\/luis-pinto-diz-que-marca-europeia-esta-a-ser-construida-e-precisa-de-cimentar-se\/#breadcrumb","itemListElement":[{"@type":"ListItem","position":1,"name":"In\u00edcio","item":"https:\/\/portaltela.pt\/"},{"@type":"ListItem","position":2,"name":"Lu\u00eds Pinto diz que marca europeia est\u00e1 a ser constru\u00edda e precisa de cimentar-se"}]},{"@type":"WebSite","@id":"https:\/\/portaltela.pt\/#website","url":"https:\/\/portaltela.pt\/","name":"Portal Tela Portugal","description":"","potentialAction":[{"@type":"SearchAction","target":{"@type":"EntryPoint","urlTemplate":"https:\/\/portaltela.pt\/?s={search_term_string}"},"query-input":{"@type":"PropertyValueSpecification","valueRequired":true,"valueName":"search_term_string"}}],"inLanguage":"pt-PT"},{"@type":"Person","@id":"https:\/\/portaltela.pt\/#\/schema\/person\/c4278d4a6028830caff9ee44b42d32ed","name":"Telinha","image":{"@type":"ImageObject","inLanguage":"pt-PT","@id":"https:\/\/portaltela.pt\/s.01k8rhncp4jt1\/2025\/11\/talking-bot-125x125.png","url":"https:\/\/portaltela.pt\/s.01k8rhncp4jt1\/2025\/11\/talking-bot-125x125.png","contentUrl":"https:\/\/portaltela.pt\/s.01k8rhncp4jt1\/2025\/11\/talking-bot-125x125.png","caption":"Telinha"},"sameAs":["https:\/\/portaltela.pt\/"],"url":"https:\/\/portaltela.pt\/por\/367410592786\/"}]}},"_links":{"self":[{"href":"https:\/\/portaltela.pt\/api\/wp\/v2\/posts\/201101","targetHints":{"allow":["GET"]}}],"collection":[{"href":"https:\/\/portaltela.pt\/api\/wp\/v2\/posts"}],"about":[{"href":"https:\/\/portaltela.pt\/api\/wp\/v2\/types\/post"}],"author":[{"embeddable":true,"href":"https:\/\/portaltela.pt\/api\/wp\/v2\/users\/2"}],"replies":[{"embeddable":true,"href":"https:\/\/portaltela.pt\/api\/wp\/v2\/comments?post=201101"}],"version-history":[{"count":0,"href":"https:\/\/portaltela.pt\/api\/wp\/v2\/posts\/201101\/revisions"}],"wp:featuredmedia":[{"embeddable":true,"href":"https:\/\/portaltela.pt\/api\/wp\/v2\/media\/201105"}],"wp:attachment":[{"href":"https:\/\/portaltela.pt\/api\/wp\/v2\/media?parent=201101"}],"wp:term":[{"taxonomy":"category","embeddable":true,"href":"https:\/\/portaltela.pt\/api\/wp\/v2\/categories?post=201101"},{"taxonomy":"post_tag","embeddable":true,"href":"https:\/\/portaltela.pt\/api\/wp\/v2\/tags?post=201101"}],"curies":[{"name":"wp","href":"https:\/\/api.w.org\/{rel}","templated":true}]}}