{"id":201061,"date":"2026-02-06T03:44:00","date_gmt":"2026-02-06T06:44:00","guid":{"rendered":"https:\/\/portaltela.pt\/noticias\/2026\/02\/06\/regressao-certamente\/"},"modified":"2026-02-06T03:44:00","modified_gmt":"2026-02-06T06:44:00","slug":"regressao-certamente","status":"publish","type":"post","link":"https:\/\/portaltela.pt\/noticias\/politica\/2026\/02\/06\/regressao-certamente\/","title":{"rendered":"Regress\u00e3o, certamente"},"content":{"rendered":"<p>Uma an\u00e1lise sobre a natureza da mobiliza\u00e7\u00e3o social lan\u00e7a novas op\u00e7\u00f5es de leitura sobre o fascismo contempor\u00e2neo. O texto da semana passada, na coluna, aborda o ressentimento como categoria fundamental para compreender movimentos de extrema-direita e neofascistas. O foco n\u00e3o \u00e9 a psicologia individual, mas as estruturas sociais que alimentam essa mobiliza\u00e7\u00e3o.<\/p>\n<p>O estudo citado \u00e9 alem\u00e3o, de 2021, de Joseph Vogl, professor da Universidade de Humboldt. O livro, Kapital und Ressentiment, apresenta-se como uma breve teoria do presente, explorando a rela\u00e7\u00e3o entre capital, ressentimento e din\u00e2mica pol\u00edtica.<\/p>\n<p>A obra liter\u00e1ria e de estudos culturais \u00e9 destacada como marco para entender a atual conjuntura. A refer\u00eancia busca situar o ressentimento no \u00e2mago das formas de organiza\u00e7\u00e3o social que favorecem populismos e discursos autorit\u00e1rios.<\/p>\n<p>Segundo a an\u00e1lise, a regress\u00e3o observada n\u00e3o \u00e9 apenas uma interpreta\u00e7\u00e3o passageira, mas uma leitura que aponta para altera\u00e7\u00f5es estruturais. A refer\u00eancia aponta para uma arquitetura social que sustenta a mobiliza\u00e7\u00e3o de grupos a partir de insatisfa\u00e7\u00f5es profundas.<\/p>\n","protected":false},"excerpt":{"rendered":"<ul>\n<li>O texto discute que identifcar certas manifesta\u00e7\u00f5es com fascismo exige entender a regress\u00e3o de forma mais complexa do que uma leitura ing\u00eanua.<\/li>\n<li>O autor recapitula uma coluna anterior sobre o ressentimento como categoria fundamental para compreender a mobiliza\u00e7\u00e3o social de movimentos populistas, de direita e neofascistas.<\/li>\n<li>Defende que o ressentimento deve ser entendido sem psicologiza\u00e7\u00e3o, dando prioridade \u00e0s estruturas sociais.<\/li>\n<li>Cita um estudo alem\u00e3o de 2021 de Joseph Vogl, professor da Universidade de Humboldt, intitulado Kapital und Ressentiment (Capital and Ressentiment).<\/li>\n<li>O livro \u00e9 apresentado no subt\u00edtulo como \u201cuma breve teoria do presente\u201d.<\/li>\n<\/ul>\n","protected":false},"author":2,"featured_media":201063,"comment_status":"closed","ping_status":"closed","sticky":false,"template":"","format":"standard","meta":{"footnotes":""},"categories":[1,5],"tags":[2633,5517,3296,2271,2832,2318],"class_list":["post-201061","post","type-post","status-publish","format-standard","has-post-thumbnail","hentry","category-noticias","category-politica","tag-direitos-humanos","tag-extrema-direita","tag-extremismos","tag-movimentos-de-massa","tag-politica","tag-sociedade"],"yoast_head":"<!-- This site is optimized with the Yoast SEO plugin v27.2 - https:\/\/yoast.com\/product\/yoast-seo-wordpress\/ -->\n<title>Regress\u00e3o, certamente - Portal Tela Portugal<\/title>\n<meta name=\"robots\" content=\"index, follow, max-snippet:-1, max-image-preview:large, max-video-preview:-1\" \/>\n<meta property=\"og:locale\" content=\"pt_PT\" \/>\n<meta property=\"og:type\" content=\"article\" \/>\n<meta property=\"og:title\" content=\"Regress\u00e3o, certamente - Portal Tela Portugal\" \/>\n<meta property=\"og:description\" content=\"O texto discute que identifcar certas manifesta\u00e7\u00f5es com fascismo exige entender a regress\u00e3o de forma mais complexa do que uma leitura ing\u00eanua. O autor recapitula uma coluna anterior sobre o ressentimento como categoria fundamental para compreender a mobiliza\u00e7\u00e3o social de movimentos populistas, de direita e neofascistas. Defende que o ressentimento deve ser entendido sem psicologiza\u00e7\u00e3o, dando prioridade \u00e0s estruturas sociais. Cita um estudo alem\u00e3o de 2021 de Joseph Vogl, professor da Universidade de Humboldt, intitulado Kapital und Ressentiment (Capital and Ressentiment). O livro \u00e9 apresentado no subt\u00edtulo como \u201cuma breve teoria do presente\u201d.\" \/>\n<meta property=\"og:url\" content=\"https:\/\/portaltela.pt\/noticias\/2026\/02\/06\/regressao-certamente\/\" \/>\n<meta property=\"og:site_name\" content=\"Portal Tela Portugal\" \/>\n<meta property=\"article:published_time\" content=\"2026-02-06T06:44:00+00:00\" \/>\n<meta name=\"author\" content=\"Telinha\" \/>\n<meta name=\"twitter:card\" content=\"summary_large_image\" \/>\n<meta name=\"twitter:label1\" content=\"Escrito por\" \/>\n\t<meta name=\"twitter:data1\" content=\"Telinha\" \/>\n\t<meta name=\"twitter:label2\" content=\"Tempo estimado de leitura\" \/>\n\t<meta name=\"twitter:data2\" content=\"1 minuto\" \/>\n<script type=\"application\/ld+json\" class=\"yoast-schema-graph\">{\"@context\":\"https:\/\/schema.org\",\"@graph\":[{\"@type\":\"Article\",\"@id\":\"https:\/\/portaltela.pt\/noticias\/2026\/02\/06\/regressao-certamente\/#article\",\"isPartOf\":{\"@id\":\"https:\/\/portaltela.pt\/noticias\/2026\/02\/06\/regressao-certamente\/\"},\"author\":{\"name\":\"Telinha\",\"@id\":\"https:\/\/portaltela.pt\/#\/schema\/person\/c4278d4a6028830caff9ee44b42d32ed\"},\"headline\":\"Regress\u00e3o, certamente\",\"datePublished\":\"2026-02-06T06:44:00+00:00\",\"mainEntityOfPage\":{\"@id\":\"https:\/\/portaltela.pt\/noticias\/2026\/02\/06\/regressao-certamente\/\"},\"wordCount\":182,\"image\":{\"@id\":\"https:\/\/portaltela.pt\/noticias\/2026\/02\/06\/regressao-certamente\/#primaryimage\"},\"thumbnailUrl\":\"https:\/\/portaltela.pt\/s.01k8rhncp4jt1\/2026\/02\/1739856.jpg\",\"keywords\":[\"direitos humanos\",\"extrema-direita\",\"extremismos\",\"movimentos de massa\",\"pol\u00edtica\",\"sociedade\"],\"articleSection\":[\"Not\u00edcias\",\"Pol\u00edtica\"],\"inLanguage\":\"pt-PT\"},{\"@type\":\"WebPage\",\"@id\":\"https:\/\/portaltela.pt\/noticias\/2026\/02\/06\/regressao-certamente\/\",\"url\":\"https:\/\/portaltela.pt\/noticias\/2026\/02\/06\/regressao-certamente\/\",\"name\":\"Regress\u00e3o, certamente - Portal Tela Portugal\",\"isPartOf\":{\"@id\":\"https:\/\/portaltela.pt\/#website\"},\"primaryImageOfPage\":{\"@id\":\"https:\/\/portaltela.pt\/noticias\/2026\/02\/06\/regressao-certamente\/#primaryimage\"},\"image\":{\"@id\":\"https:\/\/portaltela.pt\/noticias\/2026\/02\/06\/regressao-certamente\/#primaryimage\"},\"thumbnailUrl\":\"https:\/\/portaltela.pt\/s.01k8rhncp4jt1\/2026\/02\/1739856.jpg\",\"datePublished\":\"2026-02-06T06:44:00+00:00\",\"author\":{\"@id\":\"https:\/\/portaltela.pt\/#\/schema\/person\/c4278d4a6028830caff9ee44b42d32ed\"},\"breadcrumb\":{\"@id\":\"https:\/\/portaltela.pt\/noticias\/2026\/02\/06\/regressao-certamente\/#breadcrumb\"},\"inLanguage\":\"pt-PT\",\"potentialAction\":[{\"@type\":\"ReadAction\",\"target\":[\"https:\/\/portaltela.pt\/noticias\/2026\/02\/06\/regressao-certamente\/\"]}]},{\"@type\":\"ImageObject\",\"inLanguage\":\"pt-PT\",\"@id\":\"https:\/\/portaltela.pt\/noticias\/2026\/02\/06\/regressao-certamente\/#primaryimage\",\"url\":\"https:\/\/portaltela.pt\/s.01k8rhncp4jt1\/2026\/02\/1739856.jpg\",\"contentUrl\":\"https:\/\/portaltela.pt\/s.01k8rhncp4jt1\/2026\/02\/1739856.jpg\",\"width\":796,\"height\":448,\"caption\":\"Photo\"},{\"@type\":\"BreadcrumbList\",\"@id\":\"https:\/\/portaltela.pt\/noticias\/2026\/02\/06\/regressao-certamente\/#breadcrumb\",\"itemListElement\":[{\"@type\":\"ListItem\",\"position\":1,\"name\":\"In\u00edcio\",\"item\":\"https:\/\/portaltela.pt\/\"},{\"@type\":\"ListItem\",\"position\":2,\"name\":\"Regress\u00e3o, certamente\"}]},{\"@type\":\"WebSite\",\"@id\":\"https:\/\/portaltela.pt\/#website\",\"url\":\"https:\/\/portaltela.pt\/\",\"name\":\"Portal Tela Portugal\",\"description\":\"\",\"potentialAction\":[{\"@type\":\"SearchAction\",\"target\":{\"@type\":\"EntryPoint\",\"urlTemplate\":\"https:\/\/portaltela.pt\/?s={search_term_string}\"},\"query-input\":{\"@type\":\"PropertyValueSpecification\",\"valueRequired\":true,\"valueName\":\"search_term_string\"}}],\"inLanguage\":\"pt-PT\"},{\"@type\":\"Person\",\"@id\":\"https:\/\/portaltela.pt\/#\/schema\/person\/c4278d4a6028830caff9ee44b42d32ed\",\"name\":\"Telinha\",\"image\":{\"@type\":\"ImageObject\",\"inLanguage\":\"pt-PT\",\"@id\":\"https:\/\/portaltela.pt\/s.01k8rhncp4jt1\/2025\/11\/talking-bot-125x125.png\",\"url\":\"https:\/\/portaltela.pt\/s.01k8rhncp4jt1\/2025\/11\/talking-bot-125x125.png\",\"contentUrl\":\"https:\/\/portaltela.pt\/s.01k8rhncp4jt1\/2025\/11\/talking-bot-125x125.png\",\"caption\":\"Telinha\"},\"sameAs\":[\"https:\/\/portaltela.pt\/\"],\"url\":\"https:\/\/portaltela.pt\/por\/367410592786\/\"}]}<\/script>\n<!-- \/ Yoast SEO plugin. -->","yoast_head_json":{"title":"Regress\u00e3o, certamente - Portal Tela Portugal","robots":{"index":"index","follow":"follow","max-snippet":"max-snippet:-1","max-image-preview":"max-image-preview:large","max-video-preview":"max-video-preview:-1"},"og_locale":"pt_PT","og_type":"article","og_title":"Regress\u00e3o, certamente - Portal Tela Portugal","og_description":"O texto discute que identifcar certas manifesta\u00e7\u00f5es com fascismo exige entender a regress\u00e3o de forma mais complexa do que uma leitura ing\u00eanua. O autor recapitula uma coluna anterior sobre o ressentimento como categoria fundamental para compreender a mobiliza\u00e7\u00e3o social de movimentos populistas, de direita e neofascistas. Defende que o ressentimento deve ser entendido sem psicologiza\u00e7\u00e3o, dando prioridade \u00e0s estruturas sociais. Cita um estudo alem\u00e3o de 2021 de Joseph Vogl, professor da Universidade de Humboldt, intitulado Kapital und Ressentiment (Capital and Ressentiment). O livro \u00e9 apresentado no subt\u00edtulo como \u201cuma breve teoria do presente\u201d.","og_url":"https:\/\/portaltela.pt\/noticias\/2026\/02\/06\/regressao-certamente\/","og_site_name":"Portal Tela Portugal","article_published_time":"2026-02-06T06:44:00+00:00","author":"Telinha","twitter_card":"summary_large_image","twitter_misc":{"Escrito por":"Telinha","Tempo estimado de leitura":"1 minuto"},"schema":{"@context":"https:\/\/schema.org","@graph":[{"@type":"Article","@id":"https:\/\/portaltela.pt\/noticias\/2026\/02\/06\/regressao-certamente\/#article","isPartOf":{"@id":"https:\/\/portaltela.pt\/noticias\/2026\/02\/06\/regressao-certamente\/"},"author":{"name":"Telinha","@id":"https:\/\/portaltela.pt\/#\/schema\/person\/c4278d4a6028830caff9ee44b42d32ed"},"headline":"Regress\u00e3o, certamente","datePublished":"2026-02-06T06:44:00+00:00","mainEntityOfPage":{"@id":"https:\/\/portaltela.pt\/noticias\/2026\/02\/06\/regressao-certamente\/"},"wordCount":182,"image":{"@id":"https:\/\/portaltela.pt\/noticias\/2026\/02\/06\/regressao-certamente\/#primaryimage"},"thumbnailUrl":"https:\/\/portaltela.pt\/s.01k8rhncp4jt1\/2026\/02\/1739856.jpg","keywords":["direitos humanos","extrema-direita","extremismos","movimentos de massa","pol\u00edtica","sociedade"],"articleSection":["Not\u00edcias","Pol\u00edtica"],"inLanguage":"pt-PT"},{"@type":"WebPage","@id":"https:\/\/portaltela.pt\/noticias\/2026\/02\/06\/regressao-certamente\/","url":"https:\/\/portaltela.pt\/noticias\/2026\/02\/06\/regressao-certamente\/","name":"Regress\u00e3o, certamente - Portal Tela Portugal","isPartOf":{"@id":"https:\/\/portaltela.pt\/#website"},"primaryImageOfPage":{"@id":"https:\/\/portaltela.pt\/noticias\/2026\/02\/06\/regressao-certamente\/#primaryimage"},"image":{"@id":"https:\/\/portaltela.pt\/noticias\/2026\/02\/06\/regressao-certamente\/#primaryimage"},"thumbnailUrl":"https:\/\/portaltela.pt\/s.01k8rhncp4jt1\/2026\/02\/1739856.jpg","datePublished":"2026-02-06T06:44:00+00:00","author":{"@id":"https:\/\/portaltela.pt\/#\/schema\/person\/c4278d4a6028830caff9ee44b42d32ed"},"breadcrumb":{"@id":"https:\/\/portaltela.pt\/noticias\/2026\/02\/06\/regressao-certamente\/#breadcrumb"},"inLanguage":"pt-PT","potentialAction":[{"@type":"ReadAction","target":["https:\/\/portaltela.pt\/noticias\/2026\/02\/06\/regressao-certamente\/"]}]},{"@type":"ImageObject","inLanguage":"pt-PT","@id":"https:\/\/portaltela.pt\/noticias\/2026\/02\/06\/regressao-certamente\/#primaryimage","url":"https:\/\/portaltela.pt\/s.01k8rhncp4jt1\/2026\/02\/1739856.jpg","contentUrl":"https:\/\/portaltela.pt\/s.01k8rhncp4jt1\/2026\/02\/1739856.jpg","width":796,"height":448,"caption":"Photo"},{"@type":"BreadcrumbList","@id":"https:\/\/portaltela.pt\/noticias\/2026\/02\/06\/regressao-certamente\/#breadcrumb","itemListElement":[{"@type":"ListItem","position":1,"name":"In\u00edcio","item":"https:\/\/portaltela.pt\/"},{"@type":"ListItem","position":2,"name":"Regress\u00e3o, certamente"}]},{"@type":"WebSite","@id":"https:\/\/portaltela.pt\/#website","url":"https:\/\/portaltela.pt\/","name":"Portal Tela Portugal","description":"","potentialAction":[{"@type":"SearchAction","target":{"@type":"EntryPoint","urlTemplate":"https:\/\/portaltela.pt\/?s={search_term_string}"},"query-input":{"@type":"PropertyValueSpecification","valueRequired":true,"valueName":"search_term_string"}}],"inLanguage":"pt-PT"},{"@type":"Person","@id":"https:\/\/portaltela.pt\/#\/schema\/person\/c4278d4a6028830caff9ee44b42d32ed","name":"Telinha","image":{"@type":"ImageObject","inLanguage":"pt-PT","@id":"https:\/\/portaltela.pt\/s.01k8rhncp4jt1\/2025\/11\/talking-bot-125x125.png","url":"https:\/\/portaltela.pt\/s.01k8rhncp4jt1\/2025\/11\/talking-bot-125x125.png","contentUrl":"https:\/\/portaltela.pt\/s.01k8rhncp4jt1\/2025\/11\/talking-bot-125x125.png","caption":"Telinha"},"sameAs":["https:\/\/portaltela.pt\/"],"url":"https:\/\/portaltela.pt\/por\/367410592786\/"}]}},"_links":{"self":[{"href":"https:\/\/portaltela.pt\/api\/wp\/v2\/posts\/201061","targetHints":{"allow":["GET"]}}],"collection":[{"href":"https:\/\/portaltela.pt\/api\/wp\/v2\/posts"}],"about":[{"href":"https:\/\/portaltela.pt\/api\/wp\/v2\/types\/post"}],"author":[{"embeddable":true,"href":"https:\/\/portaltela.pt\/api\/wp\/v2\/users\/2"}],"replies":[{"embeddable":true,"href":"https:\/\/portaltela.pt\/api\/wp\/v2\/comments?post=201061"}],"version-history":[{"count":0,"href":"https:\/\/portaltela.pt\/api\/wp\/v2\/posts\/201061\/revisions"}],"wp:featuredmedia":[{"embeddable":true,"href":"https:\/\/portaltela.pt\/api\/wp\/v2\/media\/201063"}],"wp:attachment":[{"href":"https:\/\/portaltela.pt\/api\/wp\/v2\/media?parent=201061"}],"wp:term":[{"taxonomy":"category","embeddable":true,"href":"https:\/\/portaltela.pt\/api\/wp\/v2\/categories?post=201061"},{"taxonomy":"post_tag","embeddable":true,"href":"https:\/\/portaltela.pt\/api\/wp\/v2\/tags?post=201061"}],"curies":[{"name":"wp","href":"https:\/\/api.w.org\/{rel}","templated":true}]}}