{"id":200991,"date":"2026-02-05T22:30:00","date_gmt":"2026-02-06T01:30:00","guid":{"rendered":"https:\/\/portaltela.pt\/noticias\/2026\/02\/05\/cmtv-anuncia-nova-megaoperacao-durante-a-noite-eleitoral\/"},"modified":"2026-02-05T22:30:00","modified_gmt":"2026-02-06T01:30:00","slug":"cmtv-anuncia-nova-megaoperacao-durante-a-noite-eleitoral","status":"publish","type":"post","link":"https:\/\/portaltela.pt\/noticias\/politica\/2026\/02\/05\/cmtv-anuncia-nova-megaoperacao-durante-a-noite-eleitoral\/","title":{"rendered":"CMTV anuncia nova megaopera\u00e7\u00e3o durante a noite eleitoral"},"content":{"rendered":"<p>\u00c0 semelhan\u00e7a da primeira volta, a CMTV prepara uma emiss\u00e3o especial para a segunda volta das presidenciais, que decorre este domingo, 8 de fevereiro. Ant\u00f3nio Jos\u00e9 Seguro e Andr\u00e9 Ventura disputam a vit\u00f3ria em Bel\u00e9m, com uma equipa integrada por centenas de profissionais a acompanhar o escrut\u00ednio. A transmiss\u00e3o busca informar de forma r\u00e1pida e precisa.<\/p>\n<p>A emiss\u00e3o arranca \u00e0s 20h00 com a proje\u00e7\u00e3o \u00e0 boca das urnas, realizada pela Intercampus, para apresentar resultados e margens entre os candidatos. Em est\u00fadio, a noite \u00e9 conduzida por v\u00e1rios piv\u00f4s e apresentadores, com cobertura em direto das sedes de campanha e de outras estruturas relevantes.<\/p>\n<p>Cobertura e convidados<\/p>\n<p>A equipa da CMTV inclui Jos\u00e9 Carlos Castro, Daniela Pol\u00f3nia, \u00c2ngela Gon\u00e7alves Marques, Sara Carrilho, Francisco Penim e Diana Cardoso. Em direto estar\u00e3o tamb\u00e9m Ant\u00f3nio Jos\u00e9 Seguro e Andr\u00e9 Ventura, com rea\u00e7\u00f5es de respons\u00e1veis pol\u00edticos de todos os partidos com assento parlamentar.<\/p>\n<p>Coment\u00e1rios de an\u00e1lise<\/p>\n<p>No est\u00fadio, participam Lu\u00eds Campos Ferreira, Marcos Perestrelo, Jo\u00e3o Pereira Coutinho, Francisco Jos\u00e9 Viegas e Rui Pereira. O painel conta ainda com convidados de apoio de cada candidatura, entre eles Camilo Loure\u00e7o, Rita Matias e Andr\u00e9 Pinotes Batista. Alberto Jo\u00e3o Jardim estar\u00e1 em direto do Funchal.<\/p>\n<p>Expans\u00e3o internacional e desportiva<\/p>\n<p>A cobertura da noite eleitoral estende-se ao estrangeiro, com diretos permanentes em Fran\u00e7a, B\u00e9lgica e Luxemburgo, para acompanhar as comunidades portuguesas. Paralelamente, a CMTV acompanha o jogo do Benfica frente ao Alverca, \u00e0s 20h30, numa emiss\u00e3o paralela conduzida por Paulo Catarro.<\/p>\n","protected":false},"excerpt":{"rendered":"<ul>\n<li>A CMTV prepara uma emiss\u00e3o especial para a segunda volta das presidenciais deste domingo, com Ant\u00f3nio Jos\u00e9 Seguro e Andr\u00e9 Ventura na corrida a Bel\u00e9m.<\/li>\n<li>A emiss\u00e3o come\u00e7a \u00e0s 20h00 com uma proje\u00e7\u00e3o \u00e0 boca das urnas da Intercampus, para mostrar quem ganhou, quem perdeu e a margem entre os candidatos.<\/li>\n<li>Em est\u00fadio v\u00e3o conduzir a noite os piv\u00f4s Jos\u00e9 Carlos Castro, Daniela Pol\u00f3nia, \u00c2ngela Gon\u00e7alves Marques, Sara Carrilho, Francisco Penim e Diana Cardoso, com emiss\u00f5es em direto das sedes de campanha.<\/li>\n<li>O painel inclui Lu\u00eds Campos Ferreira, Marcos Perestrelo, Jo\u00e3o Pereira Coutinho, Francisco Jos\u00e9 Viegas, Rui Pereira, Ant\u00f3nio Salvador (Intercampus), Camilo Loure\u00e7o, Rita Matias (Chega) e Andr\u00e9 Pinotes Batista (PS), com Alberto Jo\u00e3o Jardim em direto do Funchal.<\/li>\n<li>A cobertura da CMTV estende-se a comunidades portuguesas no estrangeiro (Fran\u00e7a, B\u00e9lgica, Luxemburgo) e envolve ainda o jogo Benfica vs Alverca, \u00e0s 20h30, conduzido por Paulo Catarro.<\/li>\n<\/ul>\n","protected":false},"author":2,"featured_media":200998,"comment_status":"closed","ping_status":"closed","sticky":false,"template":"","format":"standard","meta":{"footnotes":""},"categories":[1,5],"tags":[5548,68,1856,34,2832,2780],"class_list":["post-200991","post","type-post","status-publish","format-standard","has-post-thumbnail","hentry","category-noticias","category-politica","tag-comunidades-internacionais","tag-eleicoes","tag-franca","tag-governo","tag-politica","tag-transmissoes-televisivas"],"yoast_head":"<!-- This site is optimized with the Yoast SEO plugin v27.2 - https:\/\/yoast.com\/product\/yoast-seo-wordpress\/ -->\n<title>CMTV anuncia nova megaopera\u00e7\u00e3o durante a noite eleitoral - Portal Tela Portugal<\/title>\n<meta name=\"robots\" content=\"index, follow, max-snippet:-1, max-image-preview:large, max-video-preview:-1\" \/>\n<meta property=\"og:locale\" content=\"pt_PT\" \/>\n<meta property=\"og:type\" content=\"article\" \/>\n<meta property=\"og:title\" content=\"CMTV anuncia nova megaopera\u00e7\u00e3o durante a noite eleitoral - Portal Tela Portugal\" \/>\n<meta property=\"og:description\" content=\"A CMTV prepara uma emiss\u00e3o especial para a segunda volta das presidenciais deste domingo, com Ant\u00f3nio Jos\u00e9 Seguro e Andr\u00e9 Ventura na corrida a Bel\u00e9m. A emiss\u00e3o come\u00e7a \u00e0s 20h00 com uma proje\u00e7\u00e3o \u00e0 boca das urnas da Intercampus, para mostrar quem ganhou, quem perdeu e a margem entre os candidatos. Em est\u00fadio v\u00e3o conduzir a noite os piv\u00f4s Jos\u00e9 Carlos Castro, Daniela Pol\u00f3nia, \u00c2ngela Gon\u00e7alves Marques, Sara Carrilho, Francisco Penim e Diana Cardoso, com emiss\u00f5es em direto das sedes de campanha. O painel inclui Lu\u00eds Campos Ferreira, Marcos Perestrelo, Jo\u00e3o Pereira Coutinho, Francisco Jos\u00e9 Viegas, Rui Pereira, Ant\u00f3nio Salvador (Intercampus), Camilo Loure\u00e7o, Rita Matias (Chega) e Andr\u00e9 Pinotes Batista (PS), com Alberto Jo\u00e3o Jardim em direto do Funchal. A cobertura da CMTV estende-se a comunidades portuguesas no estrangeiro (Fran\u00e7a, B\u00e9lgica, Luxemburgo) e envolve ainda o jogo Benfica vs Alverca, \u00e0s 20h30, conduzido por Paulo Catarro.\" \/>\n<meta property=\"og:url\" content=\"https:\/\/portaltela.pt\/noticias\/2026\/02\/05\/cmtv-anuncia-nova-megaoperacao-durante-a-noite-eleitoral\/\" \/>\n<meta property=\"og:site_name\" content=\"Portal Tela Portugal\" \/>\n<meta property=\"article:published_time\" content=\"2026-02-06T01:30:00+00:00\" \/>\n<meta name=\"author\" content=\"Telinha\" \/>\n<meta name=\"twitter:card\" content=\"summary_large_image\" \/>\n<meta name=\"twitter:label1\" content=\"Escrito por\" \/>\n\t<meta name=\"twitter:data1\" content=\"Telinha\" \/>\n\t<meta name=\"twitter:label2\" content=\"Tempo estimado de leitura\" \/>\n\t<meta name=\"twitter:data2\" content=\"1 minuto\" \/>\n<script type=\"application\/ld+json\" class=\"yoast-schema-graph\">{\"@context\":\"https:\/\/schema.org\",\"@graph\":[{\"@type\":\"Article\",\"@id\":\"https:\/\/portaltela.pt\/noticias\/2026\/02\/05\/cmtv-anuncia-nova-megaoperacao-durante-a-noite-eleitoral\/#article\",\"isPartOf\":{\"@id\":\"https:\/\/portaltela.pt\/noticias\/2026\/02\/05\/cmtv-anuncia-nova-megaoperacao-durante-a-noite-eleitoral\/\"},\"author\":{\"name\":\"Telinha\",\"@id\":\"https:\/\/portaltela.pt\/#\/schema\/person\/c4278d4a6028830caff9ee44b42d32ed\"},\"headline\":\"CMTV anuncia nova megaopera\u00e7\u00e3o durante a noite eleitoral\",\"datePublished\":\"2026-02-06T01:30:00+00:00\",\"mainEntityOfPage\":{\"@id\":\"https:\/\/portaltela.pt\/noticias\/2026\/02\/05\/cmtv-anuncia-nova-megaoperacao-durante-a-noite-eleitoral\/\"},\"wordCount\":279,\"image\":{\"@id\":\"https:\/\/portaltela.pt\/noticias\/2026\/02\/05\/cmtv-anuncia-nova-megaoperacao-durante-a-noite-eleitoral\/#primaryimage\"},\"thumbnailUrl\":\"https:\/\/portaltela.pt\/s.01k8rhncp4jt1\/2026\/02\/img_1280x721uu2026-02-04-18-24-30-2264780.jpg\",\"keywords\":[\"comunidades internacionais\",\"elei\u00e7\u00f5es\",\"Fran\u00e7a\",\"governo\",\"pol\u00edtica\",\"transmiss\u00f5es televisivas\"],\"articleSection\":[\"Not\u00edcias\",\"Pol\u00edtica\"],\"inLanguage\":\"pt-PT\"},{\"@type\":\"WebPage\",\"@id\":\"https:\/\/portaltela.pt\/noticias\/2026\/02\/05\/cmtv-anuncia-nova-megaoperacao-durante-a-noite-eleitoral\/\",\"url\":\"https:\/\/portaltela.pt\/noticias\/2026\/02\/05\/cmtv-anuncia-nova-megaoperacao-durante-a-noite-eleitoral\/\",\"name\":\"CMTV anuncia nova megaopera\u00e7\u00e3o durante a noite eleitoral - Portal Tela Portugal\",\"isPartOf\":{\"@id\":\"https:\/\/portaltela.pt\/#website\"},\"primaryImageOfPage\":{\"@id\":\"https:\/\/portaltela.pt\/noticias\/2026\/02\/05\/cmtv-anuncia-nova-megaoperacao-durante-a-noite-eleitoral\/#primaryimage\"},\"image\":{\"@id\":\"https:\/\/portaltela.pt\/noticias\/2026\/02\/05\/cmtv-anuncia-nova-megaoperacao-durante-a-noite-eleitoral\/#primaryimage\"},\"thumbnailUrl\":\"https:\/\/portaltela.pt\/s.01k8rhncp4jt1\/2026\/02\/img_1280x721uu2026-02-04-18-24-30-2264780.jpg\",\"datePublished\":\"2026-02-06T01:30:00+00:00\",\"author\":{\"@id\":\"https:\/\/portaltela.pt\/#\/schema\/person\/c4278d4a6028830caff9ee44b42d32ed\"},\"breadcrumb\":{\"@id\":\"https:\/\/portaltela.pt\/noticias\/2026\/02\/05\/cmtv-anuncia-nova-megaoperacao-durante-a-noite-eleitoral\/#breadcrumb\"},\"inLanguage\":\"pt-PT\",\"potentialAction\":[{\"@type\":\"ReadAction\",\"target\":[\"https:\/\/portaltela.pt\/noticias\/2026\/02\/05\/cmtv-anuncia-nova-megaoperacao-durante-a-noite-eleitoral\/\"]}]},{\"@type\":\"ImageObject\",\"inLanguage\":\"pt-PT\",\"@id\":\"https:\/\/portaltela.pt\/noticias\/2026\/02\/05\/cmtv-anuncia-nova-megaoperacao-durante-a-noite-eleitoral\/#primaryimage\",\"url\":\"https:\/\/portaltela.pt\/s.01k8rhncp4jt1\/2026\/02\/img_1280x721uu2026-02-04-18-24-30-2264780.jpg\",\"contentUrl\":\"https:\/\/portaltela.pt\/s.01k8rhncp4jt1\/2026\/02\/img_1280x721uu2026-02-04-18-24-30-2264780.jpg\",\"width\":796,\"height\":448,\"caption\":\"Photo\"},{\"@type\":\"BreadcrumbList\",\"@id\":\"https:\/\/portaltela.pt\/noticias\/2026\/02\/05\/cmtv-anuncia-nova-megaoperacao-durante-a-noite-eleitoral\/#breadcrumb\",\"itemListElement\":[{\"@type\":\"ListItem\",\"position\":1,\"name\":\"In\u00edcio\",\"item\":\"https:\/\/portaltela.pt\/\"},{\"@type\":\"ListItem\",\"position\":2,\"name\":\"CMTV anuncia nova megaopera\u00e7\u00e3o durante a noite eleitoral\"}]},{\"@type\":\"WebSite\",\"@id\":\"https:\/\/portaltela.pt\/#website\",\"url\":\"https:\/\/portaltela.pt\/\",\"name\":\"Portal Tela Portugal\",\"description\":\"\",\"potentialAction\":[{\"@type\":\"SearchAction\",\"target\":{\"@type\":\"EntryPoint\",\"urlTemplate\":\"https:\/\/portaltela.pt\/?s={search_term_string}\"},\"query-input\":{\"@type\":\"PropertyValueSpecification\",\"valueRequired\":true,\"valueName\":\"search_term_string\"}}],\"inLanguage\":\"pt-PT\"},{\"@type\":\"Person\",\"@id\":\"https:\/\/portaltela.pt\/#\/schema\/person\/c4278d4a6028830caff9ee44b42d32ed\",\"name\":\"Telinha\",\"image\":{\"@type\":\"ImageObject\",\"inLanguage\":\"pt-PT\",\"@id\":\"https:\/\/portaltela.pt\/s.01k8rhncp4jt1\/2025\/11\/talking-bot-125x125.png\",\"url\":\"https:\/\/portaltela.pt\/s.01k8rhncp4jt1\/2025\/11\/talking-bot-125x125.png\",\"contentUrl\":\"https:\/\/portaltela.pt\/s.01k8rhncp4jt1\/2025\/11\/talking-bot-125x125.png\",\"caption\":\"Telinha\"},\"sameAs\":[\"https:\/\/portaltela.pt\/\"],\"url\":\"https:\/\/portaltela.pt\/por\/367410592786\/\"}]}<\/script>\n<!-- \/ Yoast SEO plugin. -->","yoast_head_json":{"title":"CMTV anuncia nova megaopera\u00e7\u00e3o durante a noite eleitoral - Portal Tela Portugal","robots":{"index":"index","follow":"follow","max-snippet":"max-snippet:-1","max-image-preview":"max-image-preview:large","max-video-preview":"max-video-preview:-1"},"og_locale":"pt_PT","og_type":"article","og_title":"CMTV anuncia nova megaopera\u00e7\u00e3o durante a noite eleitoral - Portal Tela Portugal","og_description":"A CMTV prepara uma emiss\u00e3o especial para a segunda volta das presidenciais deste domingo, com Ant\u00f3nio Jos\u00e9 Seguro e Andr\u00e9 Ventura na corrida a Bel\u00e9m. A emiss\u00e3o come\u00e7a \u00e0s 20h00 com uma proje\u00e7\u00e3o \u00e0 boca das urnas da Intercampus, para mostrar quem ganhou, quem perdeu e a margem entre os candidatos. Em est\u00fadio v\u00e3o conduzir a noite os piv\u00f4s Jos\u00e9 Carlos Castro, Daniela Pol\u00f3nia, \u00c2ngela Gon\u00e7alves Marques, Sara Carrilho, Francisco Penim e Diana Cardoso, com emiss\u00f5es em direto das sedes de campanha. O painel inclui Lu\u00eds Campos Ferreira, Marcos Perestrelo, Jo\u00e3o Pereira Coutinho, Francisco Jos\u00e9 Viegas, Rui Pereira, Ant\u00f3nio Salvador (Intercampus), Camilo Loure\u00e7o, Rita Matias (Chega) e Andr\u00e9 Pinotes Batista (PS), com Alberto Jo\u00e3o Jardim em direto do Funchal. A cobertura da CMTV estende-se a comunidades portuguesas no estrangeiro (Fran\u00e7a, B\u00e9lgica, Luxemburgo) e envolve ainda o jogo Benfica vs Alverca, \u00e0s 20h30, conduzido por Paulo Catarro.","og_url":"https:\/\/portaltela.pt\/noticias\/2026\/02\/05\/cmtv-anuncia-nova-megaoperacao-durante-a-noite-eleitoral\/","og_site_name":"Portal Tela Portugal","article_published_time":"2026-02-06T01:30:00+00:00","author":"Telinha","twitter_card":"summary_large_image","twitter_misc":{"Escrito por":"Telinha","Tempo estimado de leitura":"1 minuto"},"schema":{"@context":"https:\/\/schema.org","@graph":[{"@type":"Article","@id":"https:\/\/portaltela.pt\/noticias\/2026\/02\/05\/cmtv-anuncia-nova-megaoperacao-durante-a-noite-eleitoral\/#article","isPartOf":{"@id":"https:\/\/portaltela.pt\/noticias\/2026\/02\/05\/cmtv-anuncia-nova-megaoperacao-durante-a-noite-eleitoral\/"},"author":{"name":"Telinha","@id":"https:\/\/portaltela.pt\/#\/schema\/person\/c4278d4a6028830caff9ee44b42d32ed"},"headline":"CMTV anuncia nova megaopera\u00e7\u00e3o durante a noite eleitoral","datePublished":"2026-02-06T01:30:00+00:00","mainEntityOfPage":{"@id":"https:\/\/portaltela.pt\/noticias\/2026\/02\/05\/cmtv-anuncia-nova-megaoperacao-durante-a-noite-eleitoral\/"},"wordCount":279,"image":{"@id":"https:\/\/portaltela.pt\/noticias\/2026\/02\/05\/cmtv-anuncia-nova-megaoperacao-durante-a-noite-eleitoral\/#primaryimage"},"thumbnailUrl":"https:\/\/portaltela.pt\/s.01k8rhncp4jt1\/2026\/02\/img_1280x721uu2026-02-04-18-24-30-2264780.jpg","keywords":["comunidades internacionais","elei\u00e7\u00f5es","Fran\u00e7a","governo","pol\u00edtica","transmiss\u00f5es televisivas"],"articleSection":["Not\u00edcias","Pol\u00edtica"],"inLanguage":"pt-PT"},{"@type":"WebPage","@id":"https:\/\/portaltela.pt\/noticias\/2026\/02\/05\/cmtv-anuncia-nova-megaoperacao-durante-a-noite-eleitoral\/","url":"https:\/\/portaltela.pt\/noticias\/2026\/02\/05\/cmtv-anuncia-nova-megaoperacao-durante-a-noite-eleitoral\/","name":"CMTV anuncia nova megaopera\u00e7\u00e3o durante a noite eleitoral - Portal Tela Portugal","isPartOf":{"@id":"https:\/\/portaltela.pt\/#website"},"primaryImageOfPage":{"@id":"https:\/\/portaltela.pt\/noticias\/2026\/02\/05\/cmtv-anuncia-nova-megaoperacao-durante-a-noite-eleitoral\/#primaryimage"},"image":{"@id":"https:\/\/portaltela.pt\/noticias\/2026\/02\/05\/cmtv-anuncia-nova-megaoperacao-durante-a-noite-eleitoral\/#primaryimage"},"thumbnailUrl":"https:\/\/portaltela.pt\/s.01k8rhncp4jt1\/2026\/02\/img_1280x721uu2026-02-04-18-24-30-2264780.jpg","datePublished":"2026-02-06T01:30:00+00:00","author":{"@id":"https:\/\/portaltela.pt\/#\/schema\/person\/c4278d4a6028830caff9ee44b42d32ed"},"breadcrumb":{"@id":"https:\/\/portaltela.pt\/noticias\/2026\/02\/05\/cmtv-anuncia-nova-megaoperacao-durante-a-noite-eleitoral\/#breadcrumb"},"inLanguage":"pt-PT","potentialAction":[{"@type":"ReadAction","target":["https:\/\/portaltela.pt\/noticias\/2026\/02\/05\/cmtv-anuncia-nova-megaoperacao-durante-a-noite-eleitoral\/"]}]},{"@type":"ImageObject","inLanguage":"pt-PT","@id":"https:\/\/portaltela.pt\/noticias\/2026\/02\/05\/cmtv-anuncia-nova-megaoperacao-durante-a-noite-eleitoral\/#primaryimage","url":"https:\/\/portaltela.pt\/s.01k8rhncp4jt1\/2026\/02\/img_1280x721uu2026-02-04-18-24-30-2264780.jpg","contentUrl":"https:\/\/portaltela.pt\/s.01k8rhncp4jt1\/2026\/02\/img_1280x721uu2026-02-04-18-24-30-2264780.jpg","width":796,"height":448,"caption":"Photo"},{"@type":"BreadcrumbList","@id":"https:\/\/portaltela.pt\/noticias\/2026\/02\/05\/cmtv-anuncia-nova-megaoperacao-durante-a-noite-eleitoral\/#breadcrumb","itemListElement":[{"@type":"ListItem","position":1,"name":"In\u00edcio","item":"https:\/\/portaltela.pt\/"},{"@type":"ListItem","position":2,"name":"CMTV anuncia nova megaopera\u00e7\u00e3o durante a noite eleitoral"}]},{"@type":"WebSite","@id":"https:\/\/portaltela.pt\/#website","url":"https:\/\/portaltela.pt\/","name":"Portal Tela Portugal","description":"","potentialAction":[{"@type":"SearchAction","target":{"@type":"EntryPoint","urlTemplate":"https:\/\/portaltela.pt\/?s={search_term_string}"},"query-input":{"@type":"PropertyValueSpecification","valueRequired":true,"valueName":"search_term_string"}}],"inLanguage":"pt-PT"},{"@type":"Person","@id":"https:\/\/portaltela.pt\/#\/schema\/person\/c4278d4a6028830caff9ee44b42d32ed","name":"Telinha","image":{"@type":"ImageObject","inLanguage":"pt-PT","@id":"https:\/\/portaltela.pt\/s.01k8rhncp4jt1\/2025\/11\/talking-bot-125x125.png","url":"https:\/\/portaltela.pt\/s.01k8rhncp4jt1\/2025\/11\/talking-bot-125x125.png","contentUrl":"https:\/\/portaltela.pt\/s.01k8rhncp4jt1\/2025\/11\/talking-bot-125x125.png","caption":"Telinha"},"sameAs":["https:\/\/portaltela.pt\/"],"url":"https:\/\/portaltela.pt\/por\/367410592786\/"}]}},"_links":{"self":[{"href":"https:\/\/portaltela.pt\/api\/wp\/v2\/posts\/200991","targetHints":{"allow":["GET"]}}],"collection":[{"href":"https:\/\/portaltela.pt\/api\/wp\/v2\/posts"}],"about":[{"href":"https:\/\/portaltela.pt\/api\/wp\/v2\/types\/post"}],"author":[{"embeddable":true,"href":"https:\/\/portaltela.pt\/api\/wp\/v2\/users\/2"}],"replies":[{"embeddable":true,"href":"https:\/\/portaltela.pt\/api\/wp\/v2\/comments?post=200991"}],"version-history":[{"count":0,"href":"https:\/\/portaltela.pt\/api\/wp\/v2\/posts\/200991\/revisions"}],"wp:featuredmedia":[{"embeddable":true,"href":"https:\/\/portaltela.pt\/api\/wp\/v2\/media\/200998"}],"wp:attachment":[{"href":"https:\/\/portaltela.pt\/api\/wp\/v2\/media?parent=200991"}],"wp:term":[{"taxonomy":"category","embeddable":true,"href":"https:\/\/portaltela.pt\/api\/wp\/v2\/categories?post=200991"},{"taxonomy":"post_tag","embeddable":true,"href":"https:\/\/portaltela.pt\/api\/wp\/v2\/tags?post=200991"}],"curies":[{"name":"wp","href":"https:\/\/api.w.org\/{rel}","templated":true}]}}