{"id":200982,"date":"2026-02-05T22:30:00","date_gmt":"2026-02-06T01:30:00","guid":{"rendered":"https:\/\/portaltela.pt\/noticias\/2026\/02\/05\/mercado-imobiliario-preve-ajuste-nos-precos-das-casas\/"},"modified":"2026-02-05T22:30:00","modified_gmt":"2026-02-06T01:30:00","slug":"mercado-imobiliario-preve-ajuste-nos-precos-das-casas","status":"publish","type":"post","link":"https:\/\/portaltela.pt\/noticias\/economia\/2026\/02\/05\/mercado-imobiliario-preve-ajuste-nos-precos-das-casas\/","title":{"rendered":"Mercado imobili\u00e1rio prev\u00ea ajuste nos pre\u00e7os das casas"},"content":{"rendered":"<p>Miguel Maya, CEO do Millennium bcp, afirmou que, no universo imobili\u00e1rio, ocorrer\u00e1 um ajustamento nos pre\u00e7os da habita\u00e7\u00e3o em alguns segmentos destinados a fam\u00edlias de maior rendimento. A previs\u00e3o aponta para um prazo de tr\u00eas a cinco anos.<\/p>\n<p>O respons\u00e1vel pelo banco explicou que esse ajuste dificilmente se verificar\u00e1 j\u00e1 em 2026 devido ao desfasamento entre oferta e procura, salientando que a mudan\u00e7a ser\u00e1 gradual e segmentada. N\u00e3o quis comentar qualquer sobreaquecimento de pre\u00e7os no curto prazo.<\/p>\n<p>O encontro ocorreu no \u00e2mbito de uma sess\u00e3o do Observat\u00f3rio do Imobili\u00e1rio sobre o futuro do setor. Al\u00e9m disso, Maya advertiu para a possibilidade de eventos inesperados que podem alterar o cen\u00e1rio macroecon\u00f3mico, referidos como cisnes negros.<\/p>\n<h3>Perspetivas de cr\u00e9dito<\/h3>\n<p>Lu\u00eds Pereira Coutinho, administrador da Caixa Geral de Dep\u00f3sitos, indicou que o cr\u00e9dito banc\u00e1rio dever\u00e1 crescer em 2026. O banqueiro p\u00fablico reiterou o foco em apoiar jovens e na melhoria das condi\u00e7\u00f5es de habita\u00e7\u00e3o no pa\u00eds.<\/p>\n<p>O dirigente sublinhou que o financiamento ter\u00e1 orienta\u00e7\u00e3o para reduzir barreiras ao acesso \u00e0 casa, mantendo, por\u00e9m, a prud\u00eancia face a potenciais choques econ\u00f3micos. A CGD promete continuidade de programas de apoio ao segmento jovem.<\/p>\n","protected":false},"excerpt":{"rendered":"<ul>\n<li>O presidente executivo do Millennium bcp, Miguel Maya, disse que num prazo de tr\u00eas a cinco anos haver\u00e1 um ajustamento dos pre\u00e7os da habita\u00e7\u00e3o em segmentos destinados \u00e0s fam\u00edlias de maior rendimento.<\/li>\n<li>O ajustamento dificilmente ocorrer\u00e1 j\u00e1 em 2026, por causa do desfase entre oferta e procura.<\/li>\n<li>Miguel Maya n\u00e3o partilha a ideia de um sobreaquecimento de trinta e cinco por cento no pre\u00e7o das casas em Portugal.<\/li>\n<li>O administrador da Caixa Geral de Dep\u00f3sitos (CGD), Lu\u00eds Pereira Coutinho, antecipa crescimento do cr\u00e9dito banc\u00e1rio em 2026, mantendo o banco focado em cr\u00e9dito a jovens e na melhoria das condi\u00e7\u00f5es das habita\u00e7\u00f5es no pa\u00eds.<\/li>\n<\/ul>\n","protected":false},"author":2,"featured_media":200992,"comment_status":"closed","ping_status":"closed","sticky":false,"template":"","format":"standard","meta":{"footnotes":""},"categories":[2,1],"tags":[3171,1960,2323,150,228,2844],"class_list":["post-200982","post","type-post","status-publish","format-standard","has-post-thumbnail","hentry","category-economia","category-noticias","tag-caixa-geral-de-depositos","tag-credito","tag-credito-habitacao","tag-habitacao","tag-imobiliario","tag-jovens"],"yoast_head":"<!-- This site is optimized with the Yoast SEO plugin v27.2 - https:\/\/yoast.com\/product\/yoast-seo-wordpress\/ -->\n<title>Mercado imobili\u00e1rio prev\u00ea ajuste nos pre\u00e7os das casas - Portal Tela Portugal<\/title>\n<meta name=\"robots\" content=\"index, follow, max-snippet:-1, max-image-preview:large, max-video-preview:-1\" \/>\n<meta property=\"og:locale\" content=\"pt_PT\" \/>\n<meta property=\"og:type\" content=\"article\" \/>\n<meta property=\"og:title\" content=\"Mercado imobili\u00e1rio prev\u00ea ajuste nos pre\u00e7os das casas - Portal Tela Portugal\" \/>\n<meta property=\"og:description\" content=\"O presidente executivo do Millennium bcp, Miguel Maya, disse que num prazo de tr\u00eas a cinco anos haver\u00e1 um ajustamento dos pre\u00e7os da habita\u00e7\u00e3o em segmentos destinados \u00e0s fam\u00edlias de maior rendimento. O ajustamento dificilmente ocorrer\u00e1 j\u00e1 em 2026, por causa do desfase entre oferta e procura. Miguel Maya n\u00e3o partilha a ideia de um sobreaquecimento de trinta e cinco por cento no pre\u00e7o das casas em Portugal. O administrador da Caixa Geral de Dep\u00f3sitos (CGD), Lu\u00eds Pereira Coutinho, antecipa crescimento do cr\u00e9dito banc\u00e1rio em 2026, mantendo o banco focado em cr\u00e9dito a jovens e na melhoria das condi\u00e7\u00f5es das habita\u00e7\u00f5es no pa\u00eds.\" \/>\n<meta property=\"og:url\" content=\"https:\/\/portaltela.pt\/noticias\/2026\/02\/05\/mercado-imobiliario-preve-ajuste-nos-precos-das-casas\/\" \/>\n<meta property=\"og:site_name\" content=\"Portal Tela Portugal\" \/>\n<meta property=\"article:published_time\" content=\"2026-02-06T01:30:00+00:00\" \/>\n<meta name=\"author\" content=\"Telinha\" \/>\n<meta name=\"twitter:card\" content=\"summary_large_image\" \/>\n<meta name=\"twitter:label1\" content=\"Escrito por\" \/>\n\t<meta name=\"twitter:data1\" content=\"Telinha\" \/>\n\t<meta name=\"twitter:label2\" content=\"Tempo estimado de leitura\" \/>\n\t<meta name=\"twitter:data2\" content=\"1 minuto\" \/>\n<script type=\"application\/ld+json\" class=\"yoast-schema-graph\">{\"@context\":\"https:\/\/schema.org\",\"@graph\":[{\"@type\":\"Article\",\"@id\":\"https:\/\/portaltela.pt\/noticias\/2026\/02\/05\/mercado-imobiliario-preve-ajuste-nos-precos-das-casas\/#article\",\"isPartOf\":{\"@id\":\"https:\/\/portaltela.pt\/noticias\/2026\/02\/05\/mercado-imobiliario-preve-ajuste-nos-precos-das-casas\/\"},\"author\":{\"name\":\"Telinha\",\"@id\":\"https:\/\/portaltela.pt\/#\/schema\/person\/c4278d4a6028830caff9ee44b42d32ed\"},\"headline\":\"Mercado imobili\u00e1rio prev\u00ea ajuste nos pre\u00e7os das casas\",\"datePublished\":\"2026-02-06T01:30:00+00:00\",\"mainEntityOfPage\":{\"@id\":\"https:\/\/portaltela.pt\/noticias\/2026\/02\/05\/mercado-imobiliario-preve-ajuste-nos-precos-das-casas\/\"},\"wordCount\":224,\"image\":{\"@id\":\"https:\/\/portaltela.pt\/noticias\/2026\/02\/05\/mercado-imobiliario-preve-ajuste-nos-precos-das-casas\/#primaryimage\"},\"thumbnailUrl\":\"https:\/\/portaltela.pt\/s.01k8rhncp4jt1\/2026\/02\/img_1500x1000uu2025-10-09-16-26-41-2240452.jpg\",\"keywords\":[\"Caixa Geral de Dep\u00f3sitos\",\"cr\u00e9dito\",\"Cr\u00e9dito Habita\u00e7\u00e3o\",\"habita\u00e7\u00e3o\",\"imobili\u00e1rio\",\"jovens\"],\"articleSection\":[\"Economia\",\"Not\u00edcias\"],\"inLanguage\":\"pt-PT\"},{\"@type\":\"WebPage\",\"@id\":\"https:\/\/portaltela.pt\/noticias\/2026\/02\/05\/mercado-imobiliario-preve-ajuste-nos-precos-das-casas\/\",\"url\":\"https:\/\/portaltela.pt\/noticias\/2026\/02\/05\/mercado-imobiliario-preve-ajuste-nos-precos-das-casas\/\",\"name\":\"Mercado imobili\u00e1rio prev\u00ea ajuste nos pre\u00e7os das casas - Portal Tela Portugal\",\"isPartOf\":{\"@id\":\"https:\/\/portaltela.pt\/#website\"},\"primaryImageOfPage\":{\"@id\":\"https:\/\/portaltela.pt\/noticias\/2026\/02\/05\/mercado-imobiliario-preve-ajuste-nos-precos-das-casas\/#primaryimage\"},\"image\":{\"@id\":\"https:\/\/portaltela.pt\/noticias\/2026\/02\/05\/mercado-imobiliario-preve-ajuste-nos-precos-das-casas\/#primaryimage\"},\"thumbnailUrl\":\"https:\/\/portaltela.pt\/s.01k8rhncp4jt1\/2026\/02\/img_1500x1000uu2025-10-09-16-26-41-2240452.jpg\",\"datePublished\":\"2026-02-06T01:30:00+00:00\",\"author\":{\"@id\":\"https:\/\/portaltela.pt\/#\/schema\/person\/c4278d4a6028830caff9ee44b42d32ed\"},\"breadcrumb\":{\"@id\":\"https:\/\/portaltela.pt\/noticias\/2026\/02\/05\/mercado-imobiliario-preve-ajuste-nos-precos-das-casas\/#breadcrumb\"},\"inLanguage\":\"pt-PT\",\"potentialAction\":[{\"@type\":\"ReadAction\",\"target\":[\"https:\/\/portaltela.pt\/noticias\/2026\/02\/05\/mercado-imobiliario-preve-ajuste-nos-precos-das-casas\/\"]}]},{\"@type\":\"ImageObject\",\"inLanguage\":\"pt-PT\",\"@id\":\"https:\/\/portaltela.pt\/noticias\/2026\/02\/05\/mercado-imobiliario-preve-ajuste-nos-precos-das-casas\/#primaryimage\",\"url\":\"https:\/\/portaltela.pt\/s.01k8rhncp4jt1\/2026\/02\/img_1500x1000uu2025-10-09-16-26-41-2240452.jpg\",\"contentUrl\":\"https:\/\/portaltela.pt\/s.01k8rhncp4jt1\/2026\/02\/img_1500x1000uu2025-10-09-16-26-41-2240452.jpg\",\"width\":796,\"height\":448,\"caption\":\"H\u00e1 um desfasamento entre oferta e procura\"},{\"@type\":\"BreadcrumbList\",\"@id\":\"https:\/\/portaltela.pt\/noticias\/2026\/02\/05\/mercado-imobiliario-preve-ajuste-nos-precos-das-casas\/#breadcrumb\",\"itemListElement\":[{\"@type\":\"ListItem\",\"position\":1,\"name\":\"In\u00edcio\",\"item\":\"https:\/\/portaltela.pt\/\"},{\"@type\":\"ListItem\",\"position\":2,\"name\":\"Mercado imobili\u00e1rio prev\u00ea ajuste nos pre\u00e7os das casas\"}]},{\"@type\":\"WebSite\",\"@id\":\"https:\/\/portaltela.pt\/#website\",\"url\":\"https:\/\/portaltela.pt\/\",\"name\":\"Portal Tela Portugal\",\"description\":\"\",\"potentialAction\":[{\"@type\":\"SearchAction\",\"target\":{\"@type\":\"EntryPoint\",\"urlTemplate\":\"https:\/\/portaltela.pt\/?s={search_term_string}\"},\"query-input\":{\"@type\":\"PropertyValueSpecification\",\"valueRequired\":true,\"valueName\":\"search_term_string\"}}],\"inLanguage\":\"pt-PT\"},{\"@type\":\"Person\",\"@id\":\"https:\/\/portaltela.pt\/#\/schema\/person\/c4278d4a6028830caff9ee44b42d32ed\",\"name\":\"Telinha\",\"image\":{\"@type\":\"ImageObject\",\"inLanguage\":\"pt-PT\",\"@id\":\"https:\/\/portaltela.pt\/s.01k8rhncp4jt1\/2025\/11\/talking-bot-125x125.png\",\"url\":\"https:\/\/portaltela.pt\/s.01k8rhncp4jt1\/2025\/11\/talking-bot-125x125.png\",\"contentUrl\":\"https:\/\/portaltela.pt\/s.01k8rhncp4jt1\/2025\/11\/talking-bot-125x125.png\",\"caption\":\"Telinha\"},\"sameAs\":[\"https:\/\/portaltela.pt\/\"],\"url\":\"https:\/\/portaltela.pt\/por\/367410592786\/\"}]}<\/script>\n<!-- \/ Yoast SEO plugin. -->","yoast_head_json":{"title":"Mercado imobili\u00e1rio prev\u00ea ajuste nos pre\u00e7os das casas - Portal Tela Portugal","robots":{"index":"index","follow":"follow","max-snippet":"max-snippet:-1","max-image-preview":"max-image-preview:large","max-video-preview":"max-video-preview:-1"},"og_locale":"pt_PT","og_type":"article","og_title":"Mercado imobili\u00e1rio prev\u00ea ajuste nos pre\u00e7os das casas - Portal Tela Portugal","og_description":"O presidente executivo do Millennium bcp, Miguel Maya, disse que num prazo de tr\u00eas a cinco anos haver\u00e1 um ajustamento dos pre\u00e7os da habita\u00e7\u00e3o em segmentos destinados \u00e0s fam\u00edlias de maior rendimento. O ajustamento dificilmente ocorrer\u00e1 j\u00e1 em 2026, por causa do desfase entre oferta e procura. Miguel Maya n\u00e3o partilha a ideia de um sobreaquecimento de trinta e cinco por cento no pre\u00e7o das casas em Portugal. O administrador da Caixa Geral de Dep\u00f3sitos (CGD), Lu\u00eds Pereira Coutinho, antecipa crescimento do cr\u00e9dito banc\u00e1rio em 2026, mantendo o banco focado em cr\u00e9dito a jovens e na melhoria das condi\u00e7\u00f5es das habita\u00e7\u00f5es no pa\u00eds.","og_url":"https:\/\/portaltela.pt\/noticias\/2026\/02\/05\/mercado-imobiliario-preve-ajuste-nos-precos-das-casas\/","og_site_name":"Portal Tela Portugal","article_published_time":"2026-02-06T01:30:00+00:00","author":"Telinha","twitter_card":"summary_large_image","twitter_misc":{"Escrito por":"Telinha","Tempo estimado de leitura":"1 minuto"},"schema":{"@context":"https:\/\/schema.org","@graph":[{"@type":"Article","@id":"https:\/\/portaltela.pt\/noticias\/2026\/02\/05\/mercado-imobiliario-preve-ajuste-nos-precos-das-casas\/#article","isPartOf":{"@id":"https:\/\/portaltela.pt\/noticias\/2026\/02\/05\/mercado-imobiliario-preve-ajuste-nos-precos-das-casas\/"},"author":{"name":"Telinha","@id":"https:\/\/portaltela.pt\/#\/schema\/person\/c4278d4a6028830caff9ee44b42d32ed"},"headline":"Mercado imobili\u00e1rio prev\u00ea ajuste nos pre\u00e7os das casas","datePublished":"2026-02-06T01:30:00+00:00","mainEntityOfPage":{"@id":"https:\/\/portaltela.pt\/noticias\/2026\/02\/05\/mercado-imobiliario-preve-ajuste-nos-precos-das-casas\/"},"wordCount":224,"image":{"@id":"https:\/\/portaltela.pt\/noticias\/2026\/02\/05\/mercado-imobiliario-preve-ajuste-nos-precos-das-casas\/#primaryimage"},"thumbnailUrl":"https:\/\/portaltela.pt\/s.01k8rhncp4jt1\/2026\/02\/img_1500x1000uu2025-10-09-16-26-41-2240452.jpg","keywords":["Caixa Geral de Dep\u00f3sitos","cr\u00e9dito","Cr\u00e9dito Habita\u00e7\u00e3o","habita\u00e7\u00e3o","imobili\u00e1rio","jovens"],"articleSection":["Economia","Not\u00edcias"],"inLanguage":"pt-PT"},{"@type":"WebPage","@id":"https:\/\/portaltela.pt\/noticias\/2026\/02\/05\/mercado-imobiliario-preve-ajuste-nos-precos-das-casas\/","url":"https:\/\/portaltela.pt\/noticias\/2026\/02\/05\/mercado-imobiliario-preve-ajuste-nos-precos-das-casas\/","name":"Mercado imobili\u00e1rio prev\u00ea ajuste nos pre\u00e7os das casas - Portal Tela Portugal","isPartOf":{"@id":"https:\/\/portaltela.pt\/#website"},"primaryImageOfPage":{"@id":"https:\/\/portaltela.pt\/noticias\/2026\/02\/05\/mercado-imobiliario-preve-ajuste-nos-precos-das-casas\/#primaryimage"},"image":{"@id":"https:\/\/portaltela.pt\/noticias\/2026\/02\/05\/mercado-imobiliario-preve-ajuste-nos-precos-das-casas\/#primaryimage"},"thumbnailUrl":"https:\/\/portaltela.pt\/s.01k8rhncp4jt1\/2026\/02\/img_1500x1000uu2025-10-09-16-26-41-2240452.jpg","datePublished":"2026-02-06T01:30:00+00:00","author":{"@id":"https:\/\/portaltela.pt\/#\/schema\/person\/c4278d4a6028830caff9ee44b42d32ed"},"breadcrumb":{"@id":"https:\/\/portaltela.pt\/noticias\/2026\/02\/05\/mercado-imobiliario-preve-ajuste-nos-precos-das-casas\/#breadcrumb"},"inLanguage":"pt-PT","potentialAction":[{"@type":"ReadAction","target":["https:\/\/portaltela.pt\/noticias\/2026\/02\/05\/mercado-imobiliario-preve-ajuste-nos-precos-das-casas\/"]}]},{"@type":"ImageObject","inLanguage":"pt-PT","@id":"https:\/\/portaltela.pt\/noticias\/2026\/02\/05\/mercado-imobiliario-preve-ajuste-nos-precos-das-casas\/#primaryimage","url":"https:\/\/portaltela.pt\/s.01k8rhncp4jt1\/2026\/02\/img_1500x1000uu2025-10-09-16-26-41-2240452.jpg","contentUrl":"https:\/\/portaltela.pt\/s.01k8rhncp4jt1\/2026\/02\/img_1500x1000uu2025-10-09-16-26-41-2240452.jpg","width":796,"height":448,"caption":"H\u00e1 um desfasamento entre oferta e procura"},{"@type":"BreadcrumbList","@id":"https:\/\/portaltela.pt\/noticias\/2026\/02\/05\/mercado-imobiliario-preve-ajuste-nos-precos-das-casas\/#breadcrumb","itemListElement":[{"@type":"ListItem","position":1,"name":"In\u00edcio","item":"https:\/\/portaltela.pt\/"},{"@type":"ListItem","position":2,"name":"Mercado imobili\u00e1rio prev\u00ea ajuste nos pre\u00e7os das casas"}]},{"@type":"WebSite","@id":"https:\/\/portaltela.pt\/#website","url":"https:\/\/portaltela.pt\/","name":"Portal Tela Portugal","description":"","potentialAction":[{"@type":"SearchAction","target":{"@type":"EntryPoint","urlTemplate":"https:\/\/portaltela.pt\/?s={search_term_string}"},"query-input":{"@type":"PropertyValueSpecification","valueRequired":true,"valueName":"search_term_string"}}],"inLanguage":"pt-PT"},{"@type":"Person","@id":"https:\/\/portaltela.pt\/#\/schema\/person\/c4278d4a6028830caff9ee44b42d32ed","name":"Telinha","image":{"@type":"ImageObject","inLanguage":"pt-PT","@id":"https:\/\/portaltela.pt\/s.01k8rhncp4jt1\/2025\/11\/talking-bot-125x125.png","url":"https:\/\/portaltela.pt\/s.01k8rhncp4jt1\/2025\/11\/talking-bot-125x125.png","contentUrl":"https:\/\/portaltela.pt\/s.01k8rhncp4jt1\/2025\/11\/talking-bot-125x125.png","caption":"Telinha"},"sameAs":["https:\/\/portaltela.pt\/"],"url":"https:\/\/portaltela.pt\/por\/367410592786\/"}]}},"_links":{"self":[{"href":"https:\/\/portaltela.pt\/api\/wp\/v2\/posts\/200982","targetHints":{"allow":["GET"]}}],"collection":[{"href":"https:\/\/portaltela.pt\/api\/wp\/v2\/posts"}],"about":[{"href":"https:\/\/portaltela.pt\/api\/wp\/v2\/types\/post"}],"author":[{"embeddable":true,"href":"https:\/\/portaltela.pt\/api\/wp\/v2\/users\/2"}],"replies":[{"embeddable":true,"href":"https:\/\/portaltela.pt\/api\/wp\/v2\/comments?post=200982"}],"version-history":[{"count":0,"href":"https:\/\/portaltela.pt\/api\/wp\/v2\/posts\/200982\/revisions"}],"wp:featuredmedia":[{"embeddable":true,"href":"https:\/\/portaltela.pt\/api\/wp\/v2\/media\/200992"}],"wp:attachment":[{"href":"https:\/\/portaltela.pt\/api\/wp\/v2\/media?parent=200982"}],"wp:term":[{"taxonomy":"category","embeddable":true,"href":"https:\/\/portaltela.pt\/api\/wp\/v2\/categories?post=200982"},{"taxonomy":"post_tag","embeddable":true,"href":"https:\/\/portaltela.pt\/api\/wp\/v2\/tags?post=200982"}],"curies":[{"name":"wp","href":"https:\/\/api.w.org\/{rel}","templated":true}]}}