{"id":200951,"date":"2026-02-05T22:10:34","date_gmt":"2026-02-06T01:10:34","guid":{"rendered":"https:\/\/portaltela.pt\/noticias\/2026\/02\/05\/vida-na-terra-tem-antepassado-comum-de-4-mil-milhoes-de-anos\/"},"modified":"2026-02-05T22:10:34","modified_gmt":"2026-02-06T01:10:34","slug":"vida-na-terra-tem-antepassado-comum-de-4-mil-milhoes-de-anos","status":"publish","type":"post","link":"https:\/\/portaltela.pt\/noticias\/2026\/02\/05\/vida-na-terra-tem-antepassado-comum-de-4-mil-milhoes-de-anos\/","title":{"rendered":"Vida na Terra tem antepassado comum de 4 mil milh\u00f5es de anos"},"content":{"rendered":"<p>Toda a vida na Terra partilha um antepassado comum que viveu h\u00e1 cerca de quatro mil milh\u00f5es de anos, segundo um estudo liderado pelo Oberlin College. A pesquisa, presentada na revista Cell Genomics, envolve investigadores dos EUA.<\/p>\n<p>O trabalho descreve o que \u00e9 conhecido como o \u00faltimo antepassado comum universal, o organismo mais antigo que pode ser estudado com m\u00e9todos evolutivos atuais. Os autores analisam evid\u00eancias f\u00f3sseis e gen\u00f3micas para sustentar a ideia.<\/p>\n<p>Par\u00e1logos universais fortalecem a hip\u00f3tese de um antepassado comum. Trata-se de fam\u00edlias de genes com m\u00faltiplos membros presentes em quase todos os genomas atuais, remontando a duplica\u00e7\u00f5es anteriores ao \u00faltimo ancestral comum.<\/p>\n<p>Par\u00e1logos surgem por duplica\u00e7\u00e3o de genes ao longo de milh\u00f5es de anos, com cada c\u00f3pia desenvolvendo fun\u00e7\u00f5es distintas. A presen\u00e7a generalizada indica que a duplica\u00e7\u00e3o ocorreu antes do \u00faltimo ancestral comum universal.<\/p>\n<p>No estudo, os investigadores descrevem a relev\u00e2ncia desses elementos para entender a hist\u00f3ria primitiva da vida. A an\u00e1lise de todos os par\u00e1logos universais conhecidos aponta para genes ligados \u00e0 produ\u00e7\u00e3o de prote\u00ednas e ao transporte atrav\u00e9s das membranas celulares.<\/p>\n<p>Essas fun\u00e7\u00f5es sugerem que prote\u00ednas e transporte de mol\u00e9culas foram caracter\u00edsticas entre as primeiras etapas da evolu\u00e7\u00e3o celular. Os autores destacam a necessidade de descrever com mais detalhe os genes ancestrais.<\/p>\n<h3>Par\u00e1logos universais: evid\u00eancia da hist\u00f3ria antiga<\/h3>\n<p>Os autores destacam que a investiga\u00e7\u00e3o de par\u00e1logos universais pode oferecer informa\u00e7\u00f5es valiosas sobre linhas celulares primitivas, sobretudo com o avan\u00e7o de t\u00e9cnicas de IA. O estudo refor\u00e7a a import\u00e2ncia de revisar o papel desses genes na evolu\u00e7\u00e3o.<\/p>\n<p>A equipa, formada por Aaron Goldman, Greg Fournier e Bet\u00fcl Ka\u00e7ar, baseia-se em uma abordagem que cruza dados gen\u00f3micos com modelos evolutivos. O artigo refor\u00e7a que os par\u00e1logos universais podem ser alvos-chave de investiga\u00e7\u00e3o futura.<\/p>\n<p>A pesquisa sublinha ainda que as descobertas ajudam a compreender como surgiram caracter\u00edsticas centrais da vida, como a membrana celular e o genoma de ADN, desde as primeiras formas de vida. O trabalho recomenda descri\u00e7\u00f5es mais detalhadas de genes ancestrais para aprofundar o conhecimento.<\/p>\n","protected":false},"excerpt":{"rendered":"<ul>\n<li>Investiga\u00e7\u00f5es indicam que toda a vida na Terra partilha o \u00faltimo antepassado comum universal, h\u00e1 cerca de quatro mil milh\u00f5es de anos.<\/li>\n<li>O estudo, liderado pelo Oberlin College, foi apresentado na revista Cell Genomics e envolve os investigadores Aaron Goldman, Greg Fournier e Bet\u00fcl Ka\u00e7ar.<\/li>\n<li>Os par\u00e1logos universais s\u00e3o fam\u00edlias de genes presentes em pelo menos duas c\u00f3pias nos genomas de praticamente todos os seres vivos, sugerindo duplica\u00e7\u00f5es anteriores ao antepassado comum.<\/li>\n<li>Estes par\u00e1logos est\u00e3o ligados \u00e0 produ\u00e7\u00e3o de prote\u00ednas e ao transporte de mol\u00e9culas atrav\u00e9s das membranas, sugerindo duas das primeiras caracter\u00edsticas da vida.<\/li>\n<li>Os autores recomendam estudos mais detalhados sobre os genes ancestrais e o uso de ferramentas baseadas em IA para aprofundar a compreens\u00e3o da hist\u00f3ria remota da vida.<\/li>\n<\/ul>\n","protected":false},"author":2,"featured_media":200953,"comment_status":"closed","ping_status":"closed","sticky":false,"template":"","format":"standard","meta":{"footnotes":""},"categories":[1],"tags":[4277,206,1992,2628,2555,215],"class_list":["post-200951","post","type-post","status-publish","format-standard","has-post-thumbnail","hentry","category-noticias","tag-adn","tag-analise","tag-ciencia","tag-genetica","tag-genetica-humana","tag-investigacao"],"yoast_head":"<!-- This site is optimized with the Yoast SEO plugin v27.2 - https:\/\/yoast.com\/product\/yoast-seo-wordpress\/ -->\n<title>Vida na Terra tem antepassado comum de 4 mil milh\u00f5es de anos - Portal Tela Portugal<\/title>\n<meta name=\"robots\" content=\"index, follow, max-snippet:-1, max-image-preview:large, max-video-preview:-1\" \/>\n<meta property=\"og:locale\" content=\"pt_PT\" \/>\n<meta property=\"og:type\" content=\"article\" \/>\n<meta property=\"og:title\" content=\"Vida na Terra tem antepassado comum de 4 mil milh\u00f5es de anos - Portal Tela Portugal\" \/>\n<meta property=\"og:description\" content=\"Investiga\u00e7\u00f5es indicam que toda a vida na Terra partilha o \u00faltimo antepassado comum universal, h\u00e1 cerca de quatro mil milh\u00f5es de anos. O estudo, liderado pelo Oberlin College, foi apresentado na revista Cell Genomics e envolve os investigadores Aaron Goldman, Greg Fournier e Bet\u00fcl Ka\u00e7ar. Os par\u00e1logos universais s\u00e3o fam\u00edlias de genes presentes em pelo menos duas c\u00f3pias nos genomas de praticamente todos os seres vivos, sugerindo duplica\u00e7\u00f5es anteriores ao antepassado comum. Estes par\u00e1logos est\u00e3o ligados \u00e0 produ\u00e7\u00e3o de prote\u00ednas e ao transporte de mol\u00e9culas atrav\u00e9s das membranas, sugerindo duas das primeiras caracter\u00edsticas da vida. Os autores recomendam estudos mais detalhados sobre os genes ancestrais e o uso de ferramentas baseadas em IA para aprofundar a compreens\u00e3o da hist\u00f3ria remota da vida.\" \/>\n<meta property=\"og:url\" content=\"https:\/\/portaltela.pt\/noticias\/2026\/02\/05\/vida-na-terra-tem-antepassado-comum-de-4-mil-milhoes-de-anos\/\" \/>\n<meta property=\"og:site_name\" content=\"Portal Tela Portugal\" \/>\n<meta property=\"article:published_time\" content=\"2026-02-06T01:10:34+00:00\" \/>\n<meta name=\"author\" content=\"Telinha\" \/>\n<meta name=\"twitter:card\" content=\"summary_large_image\" \/>\n<meta name=\"twitter:label1\" content=\"Escrito por\" \/>\n\t<meta name=\"twitter:data1\" content=\"Telinha\" \/>\n\t<meta name=\"twitter:label2\" content=\"Tempo estimado de leitura\" \/>\n\t<meta name=\"twitter:data2\" content=\"2 minutos\" \/>\n<script type=\"application\/ld+json\" class=\"yoast-schema-graph\">{\"@context\":\"https:\/\/schema.org\",\"@graph\":[{\"@type\":\"Article\",\"@id\":\"https:\/\/portaltela.pt\/noticias\/2026\/02\/05\/vida-na-terra-tem-antepassado-comum-de-4-mil-milhoes-de-anos\/#article\",\"isPartOf\":{\"@id\":\"https:\/\/portaltela.pt\/noticias\/2026\/02\/05\/vida-na-terra-tem-antepassado-comum-de-4-mil-milhoes-de-anos\/\"},\"author\":{\"name\":\"Telinha\",\"@id\":\"https:\/\/portaltela.pt\/#\/schema\/person\/c4278d4a6028830caff9ee44b42d32ed\"},\"headline\":\"Vida na Terra tem antepassado comum de 4 mil milh\u00f5es de anos\",\"datePublished\":\"2026-02-06T01:10:34+00:00\",\"mainEntityOfPage\":{\"@id\":\"https:\/\/portaltela.pt\/noticias\/2026\/02\/05\/vida-na-terra-tem-antepassado-comum-de-4-mil-milhoes-de-anos\/\"},\"wordCount\":388,\"image\":{\"@id\":\"https:\/\/portaltela.pt\/noticias\/2026\/02\/05\/vida-na-terra-tem-antepassado-comum-de-4-mil-milhoes-de-anos\/#primaryimage\"},\"thumbnailUrl\":\"https:\/\/portaltela.pt\/s.01k8rhncp4jt1\/2026\/02\/img_1500x1000uu2017-08-01-10-10-00-654735.jpg\",\"keywords\":[\"ADN\",\"an\u00e1lise\",\"ci\u00eancia\",\"gen\u00e9tica\",\"Gen\u00e9tica Humana\",\"investiga\u00e7\u00e3o\"],\"articleSection\":[\"Not\u00edcias\"],\"inLanguage\":\"pt-PT\"},{\"@type\":\"WebPage\",\"@id\":\"https:\/\/portaltela.pt\/noticias\/2026\/02\/05\/vida-na-terra-tem-antepassado-comum-de-4-mil-milhoes-de-anos\/\",\"url\":\"https:\/\/portaltela.pt\/noticias\/2026\/02\/05\/vida-na-terra-tem-antepassado-comum-de-4-mil-milhoes-de-anos\/\",\"name\":\"Vida na Terra tem antepassado comum de 4 mil milh\u00f5es de anos - Portal Tela Portugal\",\"isPartOf\":{\"@id\":\"https:\/\/portaltela.pt\/#website\"},\"primaryImageOfPage\":{\"@id\":\"https:\/\/portaltela.pt\/noticias\/2026\/02\/05\/vida-na-terra-tem-antepassado-comum-de-4-mil-milhoes-de-anos\/#primaryimage\"},\"image\":{\"@id\":\"https:\/\/portaltela.pt\/noticias\/2026\/02\/05\/vida-na-terra-tem-antepassado-comum-de-4-mil-milhoes-de-anos\/#primaryimage\"},\"thumbnailUrl\":\"https:\/\/portaltela.pt\/s.01k8rhncp4jt1\/2026\/02\/img_1500x1000uu2017-08-01-10-10-00-654735.jpg\",\"datePublished\":\"2026-02-06T01:10:34+00:00\",\"author\":{\"@id\":\"https:\/\/portaltela.pt\/#\/schema\/person\/c4278d4a6028830caff9ee44b42d32ed\"},\"breadcrumb\":{\"@id\":\"https:\/\/portaltela.pt\/noticias\/2026\/02\/05\/vida-na-terra-tem-antepassado-comum-de-4-mil-milhoes-de-anos\/#breadcrumb\"},\"inLanguage\":\"pt-PT\",\"potentialAction\":[{\"@type\":\"ReadAction\",\"target\":[\"https:\/\/portaltela.pt\/noticias\/2026\/02\/05\/vida-na-terra-tem-antepassado-comum-de-4-mil-milhoes-de-anos\/\"]}]},{\"@type\":\"ImageObject\",\"inLanguage\":\"pt-PT\",\"@id\":\"https:\/\/portaltela.pt\/noticias\/2026\/02\/05\/vida-na-terra-tem-antepassado-comum-de-4-mil-milhoes-de-anos\/#primaryimage\",\"url\":\"https:\/\/portaltela.pt\/s.01k8rhncp4jt1\/2026\/02\/img_1500x1000uu2017-08-01-10-10-00-654735.jpg\",\"contentUrl\":\"https:\/\/portaltela.pt\/s.01k8rhncp4jt1\/2026\/02\/img_1500x1000uu2017-08-01-10-10-00-654735.jpg\",\"width\":796,\"height\":448,\"caption\":\"Planeta Terra\"},{\"@type\":\"BreadcrumbList\",\"@id\":\"https:\/\/portaltela.pt\/noticias\/2026\/02\/05\/vida-na-terra-tem-antepassado-comum-de-4-mil-milhoes-de-anos\/#breadcrumb\",\"itemListElement\":[{\"@type\":\"ListItem\",\"position\":1,\"name\":\"In\u00edcio\",\"item\":\"https:\/\/portaltela.pt\/\"},{\"@type\":\"ListItem\",\"position\":2,\"name\":\"Vida na Terra tem antepassado comum de 4 mil milh\u00f5es de anos\"}]},{\"@type\":\"WebSite\",\"@id\":\"https:\/\/portaltela.pt\/#website\",\"url\":\"https:\/\/portaltela.pt\/\",\"name\":\"Portal Tela Portugal\",\"description\":\"\",\"potentialAction\":[{\"@type\":\"SearchAction\",\"target\":{\"@type\":\"EntryPoint\",\"urlTemplate\":\"https:\/\/portaltela.pt\/?s={search_term_string}\"},\"query-input\":{\"@type\":\"PropertyValueSpecification\",\"valueRequired\":true,\"valueName\":\"search_term_string\"}}],\"inLanguage\":\"pt-PT\"},{\"@type\":\"Person\",\"@id\":\"https:\/\/portaltela.pt\/#\/schema\/person\/c4278d4a6028830caff9ee44b42d32ed\",\"name\":\"Telinha\",\"image\":{\"@type\":\"ImageObject\",\"inLanguage\":\"pt-PT\",\"@id\":\"https:\/\/portaltela.pt\/s.01k8rhncp4jt1\/2025\/11\/talking-bot-125x125.png\",\"url\":\"https:\/\/portaltela.pt\/s.01k8rhncp4jt1\/2025\/11\/talking-bot-125x125.png\",\"contentUrl\":\"https:\/\/portaltela.pt\/s.01k8rhncp4jt1\/2025\/11\/talking-bot-125x125.png\",\"caption\":\"Telinha\"},\"sameAs\":[\"https:\/\/portaltela.pt\/\"],\"url\":\"https:\/\/portaltela.pt\/por\/367410592786\/\"}]}<\/script>\n<!-- \/ Yoast SEO plugin. -->","yoast_head_json":{"title":"Vida na Terra tem antepassado comum de 4 mil milh\u00f5es de anos - Portal Tela Portugal","robots":{"index":"index","follow":"follow","max-snippet":"max-snippet:-1","max-image-preview":"max-image-preview:large","max-video-preview":"max-video-preview:-1"},"og_locale":"pt_PT","og_type":"article","og_title":"Vida na Terra tem antepassado comum de 4 mil milh\u00f5es de anos - Portal Tela Portugal","og_description":"Investiga\u00e7\u00f5es indicam que toda a vida na Terra partilha o \u00faltimo antepassado comum universal, h\u00e1 cerca de quatro mil milh\u00f5es de anos. O estudo, liderado pelo Oberlin College, foi apresentado na revista Cell Genomics e envolve os investigadores Aaron Goldman, Greg Fournier e Bet\u00fcl Ka\u00e7ar. Os par\u00e1logos universais s\u00e3o fam\u00edlias de genes presentes em pelo menos duas c\u00f3pias nos genomas de praticamente todos os seres vivos, sugerindo duplica\u00e7\u00f5es anteriores ao antepassado comum. Estes par\u00e1logos est\u00e3o ligados \u00e0 produ\u00e7\u00e3o de prote\u00ednas e ao transporte de mol\u00e9culas atrav\u00e9s das membranas, sugerindo duas das primeiras caracter\u00edsticas da vida. Os autores recomendam estudos mais detalhados sobre os genes ancestrais e o uso de ferramentas baseadas em IA para aprofundar a compreens\u00e3o da hist\u00f3ria remota da vida.","og_url":"https:\/\/portaltela.pt\/noticias\/2026\/02\/05\/vida-na-terra-tem-antepassado-comum-de-4-mil-milhoes-de-anos\/","og_site_name":"Portal Tela Portugal","article_published_time":"2026-02-06T01:10:34+00:00","author":"Telinha","twitter_card":"summary_large_image","twitter_misc":{"Escrito por":"Telinha","Tempo estimado de leitura":"2 minutos"},"schema":{"@context":"https:\/\/schema.org","@graph":[{"@type":"Article","@id":"https:\/\/portaltela.pt\/noticias\/2026\/02\/05\/vida-na-terra-tem-antepassado-comum-de-4-mil-milhoes-de-anos\/#article","isPartOf":{"@id":"https:\/\/portaltela.pt\/noticias\/2026\/02\/05\/vida-na-terra-tem-antepassado-comum-de-4-mil-milhoes-de-anos\/"},"author":{"name":"Telinha","@id":"https:\/\/portaltela.pt\/#\/schema\/person\/c4278d4a6028830caff9ee44b42d32ed"},"headline":"Vida na Terra tem antepassado comum de 4 mil milh\u00f5es de anos","datePublished":"2026-02-06T01:10:34+00:00","mainEntityOfPage":{"@id":"https:\/\/portaltela.pt\/noticias\/2026\/02\/05\/vida-na-terra-tem-antepassado-comum-de-4-mil-milhoes-de-anos\/"},"wordCount":388,"image":{"@id":"https:\/\/portaltela.pt\/noticias\/2026\/02\/05\/vida-na-terra-tem-antepassado-comum-de-4-mil-milhoes-de-anos\/#primaryimage"},"thumbnailUrl":"https:\/\/portaltela.pt\/s.01k8rhncp4jt1\/2026\/02\/img_1500x1000uu2017-08-01-10-10-00-654735.jpg","keywords":["ADN","an\u00e1lise","ci\u00eancia","gen\u00e9tica","Gen\u00e9tica Humana","investiga\u00e7\u00e3o"],"articleSection":["Not\u00edcias"],"inLanguage":"pt-PT"},{"@type":"WebPage","@id":"https:\/\/portaltela.pt\/noticias\/2026\/02\/05\/vida-na-terra-tem-antepassado-comum-de-4-mil-milhoes-de-anos\/","url":"https:\/\/portaltela.pt\/noticias\/2026\/02\/05\/vida-na-terra-tem-antepassado-comum-de-4-mil-milhoes-de-anos\/","name":"Vida na Terra tem antepassado comum de 4 mil milh\u00f5es de anos - Portal Tela Portugal","isPartOf":{"@id":"https:\/\/portaltela.pt\/#website"},"primaryImageOfPage":{"@id":"https:\/\/portaltela.pt\/noticias\/2026\/02\/05\/vida-na-terra-tem-antepassado-comum-de-4-mil-milhoes-de-anos\/#primaryimage"},"image":{"@id":"https:\/\/portaltela.pt\/noticias\/2026\/02\/05\/vida-na-terra-tem-antepassado-comum-de-4-mil-milhoes-de-anos\/#primaryimage"},"thumbnailUrl":"https:\/\/portaltela.pt\/s.01k8rhncp4jt1\/2026\/02\/img_1500x1000uu2017-08-01-10-10-00-654735.jpg","datePublished":"2026-02-06T01:10:34+00:00","author":{"@id":"https:\/\/portaltela.pt\/#\/schema\/person\/c4278d4a6028830caff9ee44b42d32ed"},"breadcrumb":{"@id":"https:\/\/portaltela.pt\/noticias\/2026\/02\/05\/vida-na-terra-tem-antepassado-comum-de-4-mil-milhoes-de-anos\/#breadcrumb"},"inLanguage":"pt-PT","potentialAction":[{"@type":"ReadAction","target":["https:\/\/portaltela.pt\/noticias\/2026\/02\/05\/vida-na-terra-tem-antepassado-comum-de-4-mil-milhoes-de-anos\/"]}]},{"@type":"ImageObject","inLanguage":"pt-PT","@id":"https:\/\/portaltela.pt\/noticias\/2026\/02\/05\/vida-na-terra-tem-antepassado-comum-de-4-mil-milhoes-de-anos\/#primaryimage","url":"https:\/\/portaltela.pt\/s.01k8rhncp4jt1\/2026\/02\/img_1500x1000uu2017-08-01-10-10-00-654735.jpg","contentUrl":"https:\/\/portaltela.pt\/s.01k8rhncp4jt1\/2026\/02\/img_1500x1000uu2017-08-01-10-10-00-654735.jpg","width":796,"height":448,"caption":"Planeta Terra"},{"@type":"BreadcrumbList","@id":"https:\/\/portaltela.pt\/noticias\/2026\/02\/05\/vida-na-terra-tem-antepassado-comum-de-4-mil-milhoes-de-anos\/#breadcrumb","itemListElement":[{"@type":"ListItem","position":1,"name":"In\u00edcio","item":"https:\/\/portaltela.pt\/"},{"@type":"ListItem","position":2,"name":"Vida na Terra tem antepassado comum de 4 mil milh\u00f5es de anos"}]},{"@type":"WebSite","@id":"https:\/\/portaltela.pt\/#website","url":"https:\/\/portaltela.pt\/","name":"Portal Tela Portugal","description":"","potentialAction":[{"@type":"SearchAction","target":{"@type":"EntryPoint","urlTemplate":"https:\/\/portaltela.pt\/?s={search_term_string}"},"query-input":{"@type":"PropertyValueSpecification","valueRequired":true,"valueName":"search_term_string"}}],"inLanguage":"pt-PT"},{"@type":"Person","@id":"https:\/\/portaltela.pt\/#\/schema\/person\/c4278d4a6028830caff9ee44b42d32ed","name":"Telinha","image":{"@type":"ImageObject","inLanguage":"pt-PT","@id":"https:\/\/portaltela.pt\/s.01k8rhncp4jt1\/2025\/11\/talking-bot-125x125.png","url":"https:\/\/portaltela.pt\/s.01k8rhncp4jt1\/2025\/11\/talking-bot-125x125.png","contentUrl":"https:\/\/portaltela.pt\/s.01k8rhncp4jt1\/2025\/11\/talking-bot-125x125.png","caption":"Telinha"},"sameAs":["https:\/\/portaltela.pt\/"],"url":"https:\/\/portaltela.pt\/por\/367410592786\/"}]}},"_links":{"self":[{"href":"https:\/\/portaltela.pt\/api\/wp\/v2\/posts\/200951","targetHints":{"allow":["GET"]}}],"collection":[{"href":"https:\/\/portaltela.pt\/api\/wp\/v2\/posts"}],"about":[{"href":"https:\/\/portaltela.pt\/api\/wp\/v2\/types\/post"}],"author":[{"embeddable":true,"href":"https:\/\/portaltela.pt\/api\/wp\/v2\/users\/2"}],"replies":[{"embeddable":true,"href":"https:\/\/portaltela.pt\/api\/wp\/v2\/comments?post=200951"}],"version-history":[{"count":0,"href":"https:\/\/portaltela.pt\/api\/wp\/v2\/posts\/200951\/revisions"}],"wp:featuredmedia":[{"embeddable":true,"href":"https:\/\/portaltela.pt\/api\/wp\/v2\/media\/200953"}],"wp:attachment":[{"href":"https:\/\/portaltela.pt\/api\/wp\/v2\/media?parent=200951"}],"wp:term":[{"taxonomy":"category","embeddable":true,"href":"https:\/\/portaltela.pt\/api\/wp\/v2\/categories?post=200951"},{"taxonomy":"post_tag","embeddable":true,"href":"https:\/\/portaltela.pt\/api\/wp\/v2\/tags?post=200951"}],"curies":[{"name":"wp","href":"https:\/\/api.w.org\/{rel}","templated":true}]}}