{"id":200936,"date":"2026-02-05T21:45:00","date_gmt":"2026-02-06T00:45:00","guid":{"rendered":"https:\/\/portaltela.pt\/noticias\/2026\/02\/05\/seguro-promete-presidencia-aberta-na-zona-centro-e-busca-respostas-permanentes\/"},"modified":"2026-02-05T21:45:00","modified_gmt":"2026-02-06T00:45:00","slug":"seguro-promete-presidencia-aberta-na-zona-centro-e-busca-respostas-permanentes","status":"publish","type":"post","link":"https:\/\/portaltela.pt\/noticias\/politica\/2026\/02\/05\/seguro-promete-presidencia-aberta-na-zona-centro-e-busca-respostas-permanentes\/","title":{"rendered":"Seguro promete presid\u00eancia aberta na Zona Centro e busca respostas permanentes"},"content":{"rendered":"<p>O candidato Ant\u00f3nio Jos\u00e9 Seguro afirmou, esta noite, que as medidas extraordin\u00e1rias anunciadas pelo Executivo para responder \u00e0 tempestade Kristin devem tornar-se permanentes no futuro. Defendeu ainda que a primeira presid\u00eancia aberta deve ocorrer na zona Centro, fortemente afetada pela tempestade.<\/p>\n<p>Segundo Seguro, se o Estado reconheceu a necessidade de respostas em situa\u00e7\u00e3o de emerg\u00eancia, \u00e9 essencial que essas medidas passem a serem ordin\u00e1rias para assegurar apoios atempados. O objetivo \u00e9 reestabelecer rapidamente a normalidade nas regi\u00f5es atingidas.<\/p>\n<p>O discurso ocorreu no F\u00f3rum Lisboa, com a presen\u00e7a da companheira Margarida Maldonado Freitas. Tamb\u00e9m falaram a atriz Beatriz Batarda e o mandat\u00e1rio distrital de Lisboa, Guilherme d\u2019Oliveira Martins, ap\u00f3s atua\u00e7\u00f5es de Agir e Joana Alegre.<\/p>\n<h3>A presid\u00eancia aberta na zona Centro<\/h3>\n<p>Seguro comprometeu-se a manter a presen\u00e7a permanente nas zonas devastadas pela tempestade e a acompanhar a reorganiza\u00e7\u00e3o econ\u00f3mica dos quatro distritos afetados, que podem incluir outras \u00e1reas afetadas.<\/p>\n<p>O candidato repetiu a ideia de ser um Presidente pr\u00f3ximo das pessoas, com foco especial naqueles em situa\u00e7\u00f5es mais dif\u00edceis. Acrescentou que a prioridade \u00e9 assegurar que as fam\u00edlias recebam os apoios necess\u00e1rios.<\/p>\n<p>Entre as figuras socialistas presentes estiveram membros de v\u00e1rios setores do partido, incluindo antigos ministros. A presen\u00e7a de l\u00edderes como Jos\u00e9 Lu\u00eds Carneiro ficou de fora da ocasi\u00e3o.<\/p>\n","protected":false},"excerpt":{"rendered":"<ul>\n<li>O candidato Ant\u00f3nio Jos\u00e9 Seguro defende que as medidas extraordin\u00e1rias anunciadas pelo primeiro-ministro para responder \u00e0 tempestade devem tornar-se permanentes no futuro, prometendo a primeira presid\u00eancia aberta na zona centro, fortemente afetada.<\/li>\n<li>A proposta sustenta que, se o Estado reconhece a necessidade de medidas extraordin\u00e1rias em emerg\u00eancia, essas devem passar a ser medidas ordin\u00e1rias para assegurar apoios atempados.<\/li>\n<li>Seguro afirma que voltar\u00e1 a realizar presid\u00eancias abertas, com foco na proximidade, iniciando pela zona centro para acompanhar a recupera\u00e7\u00e3o nas \u00e1reas devastadas pela tempestade.<\/li>\n<li>A presid\u00eancia aberta ter\u00e1 como objetivo garantir que os apoios cheguem \u00e0s fam\u00edlias e \u00e0s empresas, facilitando a retoma da vida normal e da atividade econ\u00f3mica nos quatro distritos mais impactados, acrescidos por efeitos das cheias.<\/li>\n<li>O com\u00edcio decorreu no F\u00f3rum Lisboa, com presen\u00e7a de familiares e dirigentes socialistas, incluindo o mandat\u00e1rio distrital de Lisboa, Beatriz Batarda e outros convidados, em ambiente com lugares dispon\u00edveis nas \u00faltimas filas.<\/li>\n<\/ul>\n","protected":false},"author":2,"featured_media":200939,"comment_status":"closed","ping_status":"closed","sticky":false,"template":"","format":"standard","meta":{"footnotes":""},"categories":[1,5],"tags":[4687,148,34,2832,30,5545],"class_list":["post-200936","post","type-post","status-publish","format-standard","has-post-thumbnail","hentry","category-noticias","category-politica","tag-calamidade-publica","tag-familias","tag-governo","tag-politica","tag-presidente","tag-zona-centro"],"yoast_head":"<!-- This site is optimized with the Yoast SEO plugin v27.2 - https:\/\/yoast.com\/product\/yoast-seo-wordpress\/ -->\n<title>Seguro promete presid\u00eancia aberta na Zona Centro e busca respostas permanentes - Portal Tela Portugal<\/title>\n<meta name=\"robots\" content=\"index, follow, max-snippet:-1, max-image-preview:large, max-video-preview:-1\" \/>\n<meta property=\"og:locale\" content=\"pt_PT\" \/>\n<meta property=\"og:type\" content=\"article\" \/>\n<meta property=\"og:title\" content=\"Seguro promete presid\u00eancia aberta na Zona Centro e busca respostas permanentes - Portal Tela Portugal\" \/>\n<meta property=\"og:description\" content=\"O candidato Ant\u00f3nio Jos\u00e9 Seguro defende que as medidas extraordin\u00e1rias anunciadas pelo primeiro-ministro para responder \u00e0 tempestade devem tornar-se permanentes no futuro, prometendo a primeira presid\u00eancia aberta na zona centro, fortemente afetada. A proposta sustenta que, se o Estado reconhece a necessidade de medidas extraordin\u00e1rias em emerg\u00eancia, essas devem passar a ser medidas ordin\u00e1rias para assegurar apoios atempados. Seguro afirma que voltar\u00e1 a realizar presid\u00eancias abertas, com foco na proximidade, iniciando pela zona centro para acompanhar a recupera\u00e7\u00e3o nas \u00e1reas devastadas pela tempestade. A presid\u00eancia aberta ter\u00e1 como objetivo garantir que os apoios cheguem \u00e0s fam\u00edlias e \u00e0s empresas, facilitando a retoma da vida normal e da atividade econ\u00f3mica nos quatro distritos mais impactados, acrescidos por efeitos das cheias. O com\u00edcio decorreu no F\u00f3rum Lisboa, com presen\u00e7a de familiares e dirigentes socialistas, incluindo o mandat\u00e1rio distrital de Lisboa, Beatriz Batarda e outros convidados, em ambiente com lugares dispon\u00edveis nas \u00faltimas filas.\" \/>\n<meta property=\"og:url\" content=\"https:\/\/portaltela.pt\/noticias\/2026\/02\/05\/seguro-promete-presidencia-aberta-na-zona-centro-e-busca-respostas-permanentes\/\" \/>\n<meta property=\"og:site_name\" content=\"Portal Tela Portugal\" \/>\n<meta property=\"article:published_time\" content=\"2026-02-06T00:45:00+00:00\" \/>\n<meta name=\"author\" content=\"Telinha\" \/>\n<meta name=\"twitter:card\" content=\"summary_large_image\" \/>\n<meta name=\"twitter:label1\" content=\"Escrito por\" \/>\n\t<meta name=\"twitter:data1\" content=\"Telinha\" \/>\n\t<meta name=\"twitter:label2\" content=\"Tempo estimado de leitura\" \/>\n\t<meta name=\"twitter:data2\" content=\"1 minuto\" \/>\n<script type=\"application\/ld+json\" class=\"yoast-schema-graph\">{\"@context\":\"https:\/\/schema.org\",\"@graph\":[{\"@type\":\"Article\",\"@id\":\"https:\/\/portaltela.pt\/noticias\/2026\/02\/05\/seguro-promete-presidencia-aberta-na-zona-centro-e-busca-respostas-permanentes\/#article\",\"isPartOf\":{\"@id\":\"https:\/\/portaltela.pt\/noticias\/2026\/02\/05\/seguro-promete-presidencia-aberta-na-zona-centro-e-busca-respostas-permanentes\/\"},\"author\":{\"name\":\"Telinha\",\"@id\":\"https:\/\/portaltela.pt\/#\/schema\/person\/c4278d4a6028830caff9ee44b42d32ed\"},\"headline\":\"Seguro promete presid\u00eancia aberta na Zona Centro e busca respostas permanentes\",\"datePublished\":\"2026-02-06T00:45:00+00:00\",\"mainEntityOfPage\":{\"@id\":\"https:\/\/portaltela.pt\/noticias\/2026\/02\/05\/seguro-promete-presidencia-aberta-na-zona-centro-e-busca-respostas-permanentes\/\"},\"wordCount\":245,\"image\":{\"@id\":\"https:\/\/portaltela.pt\/noticias\/2026\/02\/05\/seguro-promete-presidencia-aberta-na-zona-centro-e-busca-respostas-permanentes\/#primaryimage\"},\"thumbnailUrl\":\"https:\/\/portaltela.pt\/s.01k8rhncp4jt1\/2026\/02\/image-440.jpg\",\"keywords\":[\"calamidade p\u00fablica\",\"fam\u00edlias\",\"governo\",\"pol\u00edtica\",\"presidente\",\"Zona Centro\"],\"articleSection\":[\"Not\u00edcias\",\"Pol\u00edtica\"],\"inLanguage\":\"pt-PT\"},{\"@type\":\"WebPage\",\"@id\":\"https:\/\/portaltela.pt\/noticias\/2026\/02\/05\/seguro-promete-presidencia-aberta-na-zona-centro-e-busca-respostas-permanentes\/\",\"url\":\"https:\/\/portaltela.pt\/noticias\/2026\/02\/05\/seguro-promete-presidencia-aberta-na-zona-centro-e-busca-respostas-permanentes\/\",\"name\":\"Seguro promete presid\u00eancia aberta na Zona Centro e busca respostas permanentes - Portal Tela Portugal\",\"isPartOf\":{\"@id\":\"https:\/\/portaltela.pt\/#website\"},\"primaryImageOfPage\":{\"@id\":\"https:\/\/portaltela.pt\/noticias\/2026\/02\/05\/seguro-promete-presidencia-aberta-na-zona-centro-e-busca-respostas-permanentes\/#primaryimage\"},\"image\":{\"@id\":\"https:\/\/portaltela.pt\/noticias\/2026\/02\/05\/seguro-promete-presidencia-aberta-na-zona-centro-e-busca-respostas-permanentes\/#primaryimage\"},\"thumbnailUrl\":\"https:\/\/portaltela.pt\/s.01k8rhncp4jt1\/2026\/02\/image-440.jpg\",\"datePublished\":\"2026-02-06T00:45:00+00:00\",\"author\":{\"@id\":\"https:\/\/portaltela.pt\/#\/schema\/person\/c4278d4a6028830caff9ee44b42d32ed\"},\"breadcrumb\":{\"@id\":\"https:\/\/portaltela.pt\/noticias\/2026\/02\/05\/seguro-promete-presidencia-aberta-na-zona-centro-e-busca-respostas-permanentes\/#breadcrumb\"},\"inLanguage\":\"pt-PT\",\"potentialAction\":[{\"@type\":\"ReadAction\",\"target\":[\"https:\/\/portaltela.pt\/noticias\/2026\/02\/05\/seguro-promete-presidencia-aberta-na-zona-centro-e-busca-respostas-permanentes\/\"]}]},{\"@type\":\"ImageObject\",\"inLanguage\":\"pt-PT\",\"@id\":\"https:\/\/portaltela.pt\/noticias\/2026\/02\/05\/seguro-promete-presidencia-aberta-na-zona-centro-e-busca-respostas-permanentes\/#primaryimage\",\"url\":\"https:\/\/portaltela.pt\/s.01k8rhncp4jt1\/2026\/02\/image-440.jpg\",\"contentUrl\":\"https:\/\/portaltela.pt\/s.01k8rhncp4jt1\/2026\/02\/image-440.jpg\",\"width\":796,\"height\":448,\"caption\":\"Imagem de contexto do artigo Seguro promete primeira presid\u00eancia aberta na zona Centro e quer respostas permanentes\"},{\"@type\":\"BreadcrumbList\",\"@id\":\"https:\/\/portaltela.pt\/noticias\/2026\/02\/05\/seguro-promete-presidencia-aberta-na-zona-centro-e-busca-respostas-permanentes\/#breadcrumb\",\"itemListElement\":[{\"@type\":\"ListItem\",\"position\":1,\"name\":\"In\u00edcio\",\"item\":\"https:\/\/portaltela.pt\/\"},{\"@type\":\"ListItem\",\"position\":2,\"name\":\"Seguro promete presid\u00eancia aberta na Zona Centro e busca respostas permanentes\"}]},{\"@type\":\"WebSite\",\"@id\":\"https:\/\/portaltela.pt\/#website\",\"url\":\"https:\/\/portaltela.pt\/\",\"name\":\"Portal Tela Portugal\",\"description\":\"\",\"potentialAction\":[{\"@type\":\"SearchAction\",\"target\":{\"@type\":\"EntryPoint\",\"urlTemplate\":\"https:\/\/portaltela.pt\/?s={search_term_string}\"},\"query-input\":{\"@type\":\"PropertyValueSpecification\",\"valueRequired\":true,\"valueName\":\"search_term_string\"}}],\"inLanguage\":\"pt-PT\"},{\"@type\":\"Person\",\"@id\":\"https:\/\/portaltela.pt\/#\/schema\/person\/c4278d4a6028830caff9ee44b42d32ed\",\"name\":\"Telinha\",\"image\":{\"@type\":\"ImageObject\",\"inLanguage\":\"pt-PT\",\"@id\":\"https:\/\/portaltela.pt\/s.01k8rhncp4jt1\/2025\/11\/talking-bot-125x125.png\",\"url\":\"https:\/\/portaltela.pt\/s.01k8rhncp4jt1\/2025\/11\/talking-bot-125x125.png\",\"contentUrl\":\"https:\/\/portaltela.pt\/s.01k8rhncp4jt1\/2025\/11\/talking-bot-125x125.png\",\"caption\":\"Telinha\"},\"sameAs\":[\"https:\/\/portaltela.pt\/\"],\"url\":\"https:\/\/portaltela.pt\/por\/367410592786\/\"}]}<\/script>\n<!-- \/ Yoast SEO plugin. -->","yoast_head_json":{"title":"Seguro promete presid\u00eancia aberta na Zona Centro e busca respostas permanentes - Portal Tela Portugal","robots":{"index":"index","follow":"follow","max-snippet":"max-snippet:-1","max-image-preview":"max-image-preview:large","max-video-preview":"max-video-preview:-1"},"og_locale":"pt_PT","og_type":"article","og_title":"Seguro promete presid\u00eancia aberta na Zona Centro e busca respostas permanentes - Portal Tela Portugal","og_description":"O candidato Ant\u00f3nio Jos\u00e9 Seguro defende que as medidas extraordin\u00e1rias anunciadas pelo primeiro-ministro para responder \u00e0 tempestade devem tornar-se permanentes no futuro, prometendo a primeira presid\u00eancia aberta na zona centro, fortemente afetada. A proposta sustenta que, se o Estado reconhece a necessidade de medidas extraordin\u00e1rias em emerg\u00eancia, essas devem passar a ser medidas ordin\u00e1rias para assegurar apoios atempados. Seguro afirma que voltar\u00e1 a realizar presid\u00eancias abertas, com foco na proximidade, iniciando pela zona centro para acompanhar a recupera\u00e7\u00e3o nas \u00e1reas devastadas pela tempestade. A presid\u00eancia aberta ter\u00e1 como objetivo garantir que os apoios cheguem \u00e0s fam\u00edlias e \u00e0s empresas, facilitando a retoma da vida normal e da atividade econ\u00f3mica nos quatro distritos mais impactados, acrescidos por efeitos das cheias. O com\u00edcio decorreu no F\u00f3rum Lisboa, com presen\u00e7a de familiares e dirigentes socialistas, incluindo o mandat\u00e1rio distrital de Lisboa, Beatriz Batarda e outros convidados, em ambiente com lugares dispon\u00edveis nas \u00faltimas filas.","og_url":"https:\/\/portaltela.pt\/noticias\/2026\/02\/05\/seguro-promete-presidencia-aberta-na-zona-centro-e-busca-respostas-permanentes\/","og_site_name":"Portal Tela Portugal","article_published_time":"2026-02-06T00:45:00+00:00","author":"Telinha","twitter_card":"summary_large_image","twitter_misc":{"Escrito por":"Telinha","Tempo estimado de leitura":"1 minuto"},"schema":{"@context":"https:\/\/schema.org","@graph":[{"@type":"Article","@id":"https:\/\/portaltela.pt\/noticias\/2026\/02\/05\/seguro-promete-presidencia-aberta-na-zona-centro-e-busca-respostas-permanentes\/#article","isPartOf":{"@id":"https:\/\/portaltela.pt\/noticias\/2026\/02\/05\/seguro-promete-presidencia-aberta-na-zona-centro-e-busca-respostas-permanentes\/"},"author":{"name":"Telinha","@id":"https:\/\/portaltela.pt\/#\/schema\/person\/c4278d4a6028830caff9ee44b42d32ed"},"headline":"Seguro promete presid\u00eancia aberta na Zona Centro e busca respostas permanentes","datePublished":"2026-02-06T00:45:00+00:00","mainEntityOfPage":{"@id":"https:\/\/portaltela.pt\/noticias\/2026\/02\/05\/seguro-promete-presidencia-aberta-na-zona-centro-e-busca-respostas-permanentes\/"},"wordCount":245,"image":{"@id":"https:\/\/portaltela.pt\/noticias\/2026\/02\/05\/seguro-promete-presidencia-aberta-na-zona-centro-e-busca-respostas-permanentes\/#primaryimage"},"thumbnailUrl":"https:\/\/portaltela.pt\/s.01k8rhncp4jt1\/2026\/02\/image-440.jpg","keywords":["calamidade p\u00fablica","fam\u00edlias","governo","pol\u00edtica","presidente","Zona Centro"],"articleSection":["Not\u00edcias","Pol\u00edtica"],"inLanguage":"pt-PT"},{"@type":"WebPage","@id":"https:\/\/portaltela.pt\/noticias\/2026\/02\/05\/seguro-promete-presidencia-aberta-na-zona-centro-e-busca-respostas-permanentes\/","url":"https:\/\/portaltela.pt\/noticias\/2026\/02\/05\/seguro-promete-presidencia-aberta-na-zona-centro-e-busca-respostas-permanentes\/","name":"Seguro promete presid\u00eancia aberta na Zona Centro e busca respostas permanentes - Portal Tela Portugal","isPartOf":{"@id":"https:\/\/portaltela.pt\/#website"},"primaryImageOfPage":{"@id":"https:\/\/portaltela.pt\/noticias\/2026\/02\/05\/seguro-promete-presidencia-aberta-na-zona-centro-e-busca-respostas-permanentes\/#primaryimage"},"image":{"@id":"https:\/\/portaltela.pt\/noticias\/2026\/02\/05\/seguro-promete-presidencia-aberta-na-zona-centro-e-busca-respostas-permanentes\/#primaryimage"},"thumbnailUrl":"https:\/\/portaltela.pt\/s.01k8rhncp4jt1\/2026\/02\/image-440.jpg","datePublished":"2026-02-06T00:45:00+00:00","author":{"@id":"https:\/\/portaltela.pt\/#\/schema\/person\/c4278d4a6028830caff9ee44b42d32ed"},"breadcrumb":{"@id":"https:\/\/portaltela.pt\/noticias\/2026\/02\/05\/seguro-promete-presidencia-aberta-na-zona-centro-e-busca-respostas-permanentes\/#breadcrumb"},"inLanguage":"pt-PT","potentialAction":[{"@type":"ReadAction","target":["https:\/\/portaltela.pt\/noticias\/2026\/02\/05\/seguro-promete-presidencia-aberta-na-zona-centro-e-busca-respostas-permanentes\/"]}]},{"@type":"ImageObject","inLanguage":"pt-PT","@id":"https:\/\/portaltela.pt\/noticias\/2026\/02\/05\/seguro-promete-presidencia-aberta-na-zona-centro-e-busca-respostas-permanentes\/#primaryimage","url":"https:\/\/portaltela.pt\/s.01k8rhncp4jt1\/2026\/02\/image-440.jpg","contentUrl":"https:\/\/portaltela.pt\/s.01k8rhncp4jt1\/2026\/02\/image-440.jpg","width":796,"height":448,"caption":"Imagem de contexto do artigo Seguro promete primeira presid\u00eancia aberta na zona Centro e quer respostas permanentes"},{"@type":"BreadcrumbList","@id":"https:\/\/portaltela.pt\/noticias\/2026\/02\/05\/seguro-promete-presidencia-aberta-na-zona-centro-e-busca-respostas-permanentes\/#breadcrumb","itemListElement":[{"@type":"ListItem","position":1,"name":"In\u00edcio","item":"https:\/\/portaltela.pt\/"},{"@type":"ListItem","position":2,"name":"Seguro promete presid\u00eancia aberta na Zona Centro e busca respostas permanentes"}]},{"@type":"WebSite","@id":"https:\/\/portaltela.pt\/#website","url":"https:\/\/portaltela.pt\/","name":"Portal Tela Portugal","description":"","potentialAction":[{"@type":"SearchAction","target":{"@type":"EntryPoint","urlTemplate":"https:\/\/portaltela.pt\/?s={search_term_string}"},"query-input":{"@type":"PropertyValueSpecification","valueRequired":true,"valueName":"search_term_string"}}],"inLanguage":"pt-PT"},{"@type":"Person","@id":"https:\/\/portaltela.pt\/#\/schema\/person\/c4278d4a6028830caff9ee44b42d32ed","name":"Telinha","image":{"@type":"ImageObject","inLanguage":"pt-PT","@id":"https:\/\/portaltela.pt\/s.01k8rhncp4jt1\/2025\/11\/talking-bot-125x125.png","url":"https:\/\/portaltela.pt\/s.01k8rhncp4jt1\/2025\/11\/talking-bot-125x125.png","contentUrl":"https:\/\/portaltela.pt\/s.01k8rhncp4jt1\/2025\/11\/talking-bot-125x125.png","caption":"Telinha"},"sameAs":["https:\/\/portaltela.pt\/"],"url":"https:\/\/portaltela.pt\/por\/367410592786\/"}]}},"_links":{"self":[{"href":"https:\/\/portaltela.pt\/api\/wp\/v2\/posts\/200936","targetHints":{"allow":["GET"]}}],"collection":[{"href":"https:\/\/portaltela.pt\/api\/wp\/v2\/posts"}],"about":[{"href":"https:\/\/portaltela.pt\/api\/wp\/v2\/types\/post"}],"author":[{"embeddable":true,"href":"https:\/\/portaltela.pt\/api\/wp\/v2\/users\/2"}],"replies":[{"embeddable":true,"href":"https:\/\/portaltela.pt\/api\/wp\/v2\/comments?post=200936"}],"version-history":[{"count":0,"href":"https:\/\/portaltela.pt\/api\/wp\/v2\/posts\/200936\/revisions"}],"wp:featuredmedia":[{"embeddable":true,"href":"https:\/\/portaltela.pt\/api\/wp\/v2\/media\/200939"}],"wp:attachment":[{"href":"https:\/\/portaltela.pt\/api\/wp\/v2\/media?parent=200936"}],"wp:term":[{"taxonomy":"category","embeddable":true,"href":"https:\/\/portaltela.pt\/api\/wp\/v2\/categories?post=200936"},{"taxonomy":"post_tag","embeddable":true,"href":"https:\/\/portaltela.pt\/api\/wp\/v2\/tags?post=200936"}],"curies":[{"name":"wp","href":"https:\/\/api.w.org\/{rel}","templated":true}]}}