{"id":200924,"date":"2026-02-05T21:21:00","date_gmt":"2026-02-06T00:21:00","guid":{"rendered":"https:\/\/portaltela.pt\/noticias\/2026\/02\/05\/condenado-a-21-anos-por-matar-homem-e-agredir-mulher-e-filho-em-obidos\/"},"modified":"2026-02-05T21:21:00","modified_gmt":"2026-02-06T00:21:00","slug":"condenado-a-21-anos-por-matar-homem-e-agredir-mulher-e-filho-em-obidos","status":"publish","type":"post","link":"https:\/\/portaltela.pt\/noticias\/2026\/02\/05\/condenado-a-21-anos-por-matar-homem-e-agredir-mulher-e-filho-em-obidos\/","title":{"rendered":"Condenado a 21 anos por matar homem e agredir mulher e filho em \u00d3bidos"},"content":{"rendered":"<p>O Tribunal de Leiria condenou um homem de 32 anos a 21 anos de pris\u00e3o por tr\u00eas crimes de homic\u00eddio qualificado (um consumado e dois tentados) e deten\u00e7\u00e3o de arma proibida, em \u00d3bidos. A senten\u00e7a foi proferida esta quinta-feira. O arguido foi absolvido do crime de viola\u00e7\u00e3o de domic\u00edlio e ter\u00e1 expuls\u00e3o do pa\u00eds por cinco anos.<\/p>\n<p>O homem ter\u00e1 de pagar \u00e0 Unidade Local de Sa\u00fade (ULS) de Santa Maria cerca de 3900 euros e quase 2000 euros \u00e0 ULS do Oeste. A decis\u00e3o refere ainda que o crime decorreu em mar\u00e7o de 2025 na freguesia de \u00d3bidos.<\/p>\n<p>Pela leitura do ac\u00f3rd\u00e3o, o septuagen\u00e1rio, de 72 anos, morreu durante o ataque. A mulher e o filho ficaram feridos, numa ocorr\u00eancia que o tribunal n\u00e3o considerou provada como d\u00edvida de 500 euros.<\/p>\n<h3>Condena\u00e7\u00e3o e penas<\/h3>\n<p>O coletivo de ju\u00edzes entendeu que o arguido agiu com inten\u00e7\u00e3o de matar o idoso, revelando desprezo pela vida. O crime ocorreu na madrugada, quando o homem entrou na resid\u00eancia pela marquise com uma faca com o cabo forrado com fita adesiva.<\/p>\n<p>A senten\u00e7a mant\u00e9m o crit\u00e9rio de que o arguido deslocou-se de Lisboa de motociclo at\u00e9 \u00e0 moradia, para cometer os crimes. O caso envolve ainda a deten\u00e7\u00e3o de arma proibida, com a pena acess\u00f3ria de expuls\u00e3o do pa\u00eds.<\/p>\n<h3>Contexto do caso<\/h3>\n<p>Conheciam o arguido h\u00e1 cerca de quatro anos, conforme ficou provado. O grupo familiar j\u00e1 tinha trabalhado com o filho do casal na agricultura. Em 2023, o homem entregou-lhes um carro no valor de 500 euros e chegou a residir na casa das v\u00edtimas por um m\u00eas.<\/p>\n","protected":false},"excerpt":{"rendered":"<ul>\n<li>O Tribunal de Leiria condenou um homem de 32 anos a vinte e um anos de pris\u00e3o pela pr\u00e1tica de tr\u00eas crimes de homic\u00eddio qualificado (um consumado e dois tentados) e deten\u00e7\u00e3o de arma proibida, em \u00d3bidos, em mar\u00e7o de 2025.<\/li>\n<li>A v\u00edtima fatal foi um homem de 72 anos; a mulher e o filho ficaram feridos, num caso relacionado com uma alegada d\u00edvida de 500 euros, que o tribunal n\u00e3o deu como provada.<\/li>\n<li>O arguido foi absolvido do crime de viola\u00e7\u00e3o de domic\u00edlio e vai cumprir ainda a pena acess\u00f3ria de expuls\u00e3o do pa\u00eds por cinco anos.<\/li>\n<li>O homem, que deslocou-se de Lisboa de motociclo, tinha anteriormente estado a morar na casa das v\u00edtimas durante cerca de um m\u00eas, em 2023, e sabia que as janelas da marquise n\u00e3o ficavam trancadas.<\/li>\n<li>Foi-lhe ainda exigido o pagamento de cerca de 3.900 euros \u00e0 Unidade Local de Sa\u00fade de Santa Maria e quase 2.000 euros \u00e0 Unidade Local de Sa\u00fade do Oeste.<\/li>\n<\/ul>\n","protected":false},"author":2,"featured_media":200925,"comment_status":"closed","ping_status":"closed","sticky":false,"template":"","format":"standard","meta":{"footnotes":""},"categories":[1],"tags":[2660,2971,1345,1385,1280,2649],"class_list":["post-200924","post","type-post","status-publish","format-standard","has-post-thumbnail","hentry","category-noticias","tag-arma-proibida","tag-expulsoes","tag-homicidio","tag-leiria","tag-obidos","tag-violacao-de-domicilio"],"yoast_head":"<!-- This site is optimized with the Yoast SEO plugin v27.2 - https:\/\/yoast.com\/product\/yoast-seo-wordpress\/ -->\n<title>Condenado a 21 anos por matar homem e agredir mulher e filho em \u00d3bidos - Portal Tela Portugal<\/title>\n<meta name=\"robots\" content=\"index, follow, max-snippet:-1, max-image-preview:large, max-video-preview:-1\" \/>\n<meta property=\"og:locale\" content=\"pt_PT\" \/>\n<meta property=\"og:type\" content=\"article\" \/>\n<meta property=\"og:title\" content=\"Condenado a 21 anos por matar homem e agredir mulher e filho em \u00d3bidos - Portal Tela Portugal\" \/>\n<meta property=\"og:description\" content=\"O Tribunal de Leiria condenou um homem de 32 anos a vinte e um anos de pris\u00e3o pela pr\u00e1tica de tr\u00eas crimes de homic\u00eddio qualificado (um consumado e dois tentados) e deten\u00e7\u00e3o de arma proibida, em \u00d3bidos, em mar\u00e7o de 2025. A v\u00edtima fatal foi um homem de 72 anos; a mulher e o filho ficaram feridos, num caso relacionado com uma alegada d\u00edvida de 500 euros, que o tribunal n\u00e3o deu como provada. O arguido foi absolvido do crime de viola\u00e7\u00e3o de domic\u00edlio e vai cumprir ainda a pena acess\u00f3ria de expuls\u00e3o do pa\u00eds por cinco anos. O homem, que deslocou-se de Lisboa de motociclo, tinha anteriormente estado a morar na casa das v\u00edtimas durante cerca de um m\u00eas, em 2023, e sabia que as janelas da marquise n\u00e3o ficavam trancadas. Foi-lhe ainda exigido o pagamento de cerca de 3.900 euros \u00e0 Unidade Local de Sa\u00fade de Santa Maria e quase 2.000 euros \u00e0 Unidade Local de Sa\u00fade do Oeste.\" \/>\n<meta property=\"og:url\" content=\"https:\/\/portaltela.pt\/noticias\/2026\/02\/05\/condenado-a-21-anos-por-matar-homem-e-agredir-mulher-e-filho-em-obidos\/\" \/>\n<meta property=\"og:site_name\" content=\"Portal Tela Portugal\" \/>\n<meta property=\"article:published_time\" content=\"2026-02-06T00:21:00+00:00\" \/>\n<meta name=\"author\" content=\"Telinha\" \/>\n<meta name=\"twitter:card\" content=\"summary_large_image\" \/>\n<meta name=\"twitter:label1\" content=\"Escrito por\" \/>\n\t<meta name=\"twitter:data1\" content=\"Telinha\" \/>\n\t<meta name=\"twitter:label2\" content=\"Tempo estimado de leitura\" \/>\n\t<meta name=\"twitter:data2\" content=\"1 minuto\" \/>\n<script type=\"application\/ld+json\" class=\"yoast-schema-graph\">{\"@context\":\"https:\/\/schema.org\",\"@graph\":[{\"@type\":\"Article\",\"@id\":\"https:\/\/portaltela.pt\/noticias\/2026\/02\/05\/condenado-a-21-anos-por-matar-homem-e-agredir-mulher-e-filho-em-obidos\/#article\",\"isPartOf\":{\"@id\":\"https:\/\/portaltela.pt\/noticias\/2026\/02\/05\/condenado-a-21-anos-por-matar-homem-e-agredir-mulher-e-filho-em-obidos\/\"},\"author\":{\"name\":\"Telinha\",\"@id\":\"https:\/\/portaltela.pt\/#\/schema\/person\/c4278d4a6028830caff9ee44b42d32ed\"},\"headline\":\"Condenado a 21 anos por matar homem e agredir mulher e filho em \u00d3bidos\",\"datePublished\":\"2026-02-06T00:21:00+00:00\",\"mainEntityOfPage\":{\"@id\":\"https:\/\/portaltela.pt\/noticias\/2026\/02\/05\/condenado-a-21-anos-por-matar-homem-e-agredir-mulher-e-filho-em-obidos\/\"},\"wordCount\":297,\"image\":{\"@id\":\"https:\/\/portaltela.pt\/noticias\/2026\/02\/05\/condenado-a-21-anos-por-matar-homem-e-agredir-mulher-e-filho-em-obidos\/#primaryimage\"},\"thumbnailUrl\":\"https:\/\/portaltela.pt\/s.01k8rhncp4jt1\/2026\/02\/image-439.jpg\",\"keywords\":[\"arma proibida\",\"expuls\u00f5es\",\"homic\u00eddio\",\"Leiria\",\"\u00d3bidos\",\"viola\u00e7\u00e3o de domic\u00edlio\"],\"articleSection\":[\"Not\u00edcias\"],\"inLanguage\":\"pt-PT\"},{\"@type\":\"WebPage\",\"@id\":\"https:\/\/portaltela.pt\/noticias\/2026\/02\/05\/condenado-a-21-anos-por-matar-homem-e-agredir-mulher-e-filho-em-obidos\/\",\"url\":\"https:\/\/portaltela.pt\/noticias\/2026\/02\/05\/condenado-a-21-anos-por-matar-homem-e-agredir-mulher-e-filho-em-obidos\/\",\"name\":\"Condenado a 21 anos por matar homem e agredir mulher e filho em \u00d3bidos - Portal Tela Portugal\",\"isPartOf\":{\"@id\":\"https:\/\/portaltela.pt\/#website\"},\"primaryImageOfPage\":{\"@id\":\"https:\/\/portaltela.pt\/noticias\/2026\/02\/05\/condenado-a-21-anos-por-matar-homem-e-agredir-mulher-e-filho-em-obidos\/#primaryimage\"},\"image\":{\"@id\":\"https:\/\/portaltela.pt\/noticias\/2026\/02\/05\/condenado-a-21-anos-por-matar-homem-e-agredir-mulher-e-filho-em-obidos\/#primaryimage\"},\"thumbnailUrl\":\"https:\/\/portaltela.pt\/s.01k8rhncp4jt1\/2026\/02\/image-439.jpg\",\"datePublished\":\"2026-02-06T00:21:00+00:00\",\"author\":{\"@id\":\"https:\/\/portaltela.pt\/#\/schema\/person\/c4278d4a6028830caff9ee44b42d32ed\"},\"breadcrumb\":{\"@id\":\"https:\/\/portaltela.pt\/noticias\/2026\/02\/05\/condenado-a-21-anos-por-matar-homem-e-agredir-mulher-e-filho-em-obidos\/#breadcrumb\"},\"inLanguage\":\"pt-PT\",\"potentialAction\":[{\"@type\":\"ReadAction\",\"target\":[\"https:\/\/portaltela.pt\/noticias\/2026\/02\/05\/condenado-a-21-anos-por-matar-homem-e-agredir-mulher-e-filho-em-obidos\/\"]}]},{\"@type\":\"ImageObject\",\"inLanguage\":\"pt-PT\",\"@id\":\"https:\/\/portaltela.pt\/noticias\/2026\/02\/05\/condenado-a-21-anos-por-matar-homem-e-agredir-mulher-e-filho-em-obidos\/#primaryimage\",\"url\":\"https:\/\/portaltela.pt\/s.01k8rhncp4jt1\/2026\/02\/image-439.jpg\",\"contentUrl\":\"https:\/\/portaltela.pt\/s.01k8rhncp4jt1\/2026\/02\/image-439.jpg\",\"width\":796,\"height\":448,\"caption\":\"Foto: Nuno Brites\"},{\"@type\":\"BreadcrumbList\",\"@id\":\"https:\/\/portaltela.pt\/noticias\/2026\/02\/05\/condenado-a-21-anos-por-matar-homem-e-agredir-mulher-e-filho-em-obidos\/#breadcrumb\",\"itemListElement\":[{\"@type\":\"ListItem\",\"position\":1,\"name\":\"In\u00edcio\",\"item\":\"https:\/\/portaltela.pt\/\"},{\"@type\":\"ListItem\",\"position\":2,\"name\":\"Condenado a 21 anos por matar homem e agredir mulher e filho em \u00d3bidos\"}]},{\"@type\":\"WebSite\",\"@id\":\"https:\/\/portaltela.pt\/#website\",\"url\":\"https:\/\/portaltela.pt\/\",\"name\":\"Portal Tela Portugal\",\"description\":\"\",\"potentialAction\":[{\"@type\":\"SearchAction\",\"target\":{\"@type\":\"EntryPoint\",\"urlTemplate\":\"https:\/\/portaltela.pt\/?s={search_term_string}\"},\"query-input\":{\"@type\":\"PropertyValueSpecification\",\"valueRequired\":true,\"valueName\":\"search_term_string\"}}],\"inLanguage\":\"pt-PT\"},{\"@type\":\"Person\",\"@id\":\"https:\/\/portaltela.pt\/#\/schema\/person\/c4278d4a6028830caff9ee44b42d32ed\",\"name\":\"Telinha\",\"image\":{\"@type\":\"ImageObject\",\"inLanguage\":\"pt-PT\",\"@id\":\"https:\/\/portaltela.pt\/s.01k8rhncp4jt1\/2025\/11\/talking-bot-125x125.png\",\"url\":\"https:\/\/portaltela.pt\/s.01k8rhncp4jt1\/2025\/11\/talking-bot-125x125.png\",\"contentUrl\":\"https:\/\/portaltela.pt\/s.01k8rhncp4jt1\/2025\/11\/talking-bot-125x125.png\",\"caption\":\"Telinha\"},\"sameAs\":[\"https:\/\/portaltela.pt\/\"],\"url\":\"https:\/\/portaltela.pt\/por\/367410592786\/\"}]}<\/script>\n<!-- \/ Yoast SEO plugin. -->","yoast_head_json":{"title":"Condenado a 21 anos por matar homem e agredir mulher e filho em \u00d3bidos - Portal Tela Portugal","robots":{"index":"index","follow":"follow","max-snippet":"max-snippet:-1","max-image-preview":"max-image-preview:large","max-video-preview":"max-video-preview:-1"},"og_locale":"pt_PT","og_type":"article","og_title":"Condenado a 21 anos por matar homem e agredir mulher e filho em \u00d3bidos - Portal Tela Portugal","og_description":"O Tribunal de Leiria condenou um homem de 32 anos a vinte e um anos de pris\u00e3o pela pr\u00e1tica de tr\u00eas crimes de homic\u00eddio qualificado (um consumado e dois tentados) e deten\u00e7\u00e3o de arma proibida, em \u00d3bidos, em mar\u00e7o de 2025. A v\u00edtima fatal foi um homem de 72 anos; a mulher e o filho ficaram feridos, num caso relacionado com uma alegada d\u00edvida de 500 euros, que o tribunal n\u00e3o deu como provada. O arguido foi absolvido do crime de viola\u00e7\u00e3o de domic\u00edlio e vai cumprir ainda a pena acess\u00f3ria de expuls\u00e3o do pa\u00eds por cinco anos. O homem, que deslocou-se de Lisboa de motociclo, tinha anteriormente estado a morar na casa das v\u00edtimas durante cerca de um m\u00eas, em 2023, e sabia que as janelas da marquise n\u00e3o ficavam trancadas. Foi-lhe ainda exigido o pagamento de cerca de 3.900 euros \u00e0 Unidade Local de Sa\u00fade de Santa Maria e quase 2.000 euros \u00e0 Unidade Local de Sa\u00fade do Oeste.","og_url":"https:\/\/portaltela.pt\/noticias\/2026\/02\/05\/condenado-a-21-anos-por-matar-homem-e-agredir-mulher-e-filho-em-obidos\/","og_site_name":"Portal Tela Portugal","article_published_time":"2026-02-06T00:21:00+00:00","author":"Telinha","twitter_card":"summary_large_image","twitter_misc":{"Escrito por":"Telinha","Tempo estimado de leitura":"1 minuto"},"schema":{"@context":"https:\/\/schema.org","@graph":[{"@type":"Article","@id":"https:\/\/portaltela.pt\/noticias\/2026\/02\/05\/condenado-a-21-anos-por-matar-homem-e-agredir-mulher-e-filho-em-obidos\/#article","isPartOf":{"@id":"https:\/\/portaltela.pt\/noticias\/2026\/02\/05\/condenado-a-21-anos-por-matar-homem-e-agredir-mulher-e-filho-em-obidos\/"},"author":{"name":"Telinha","@id":"https:\/\/portaltela.pt\/#\/schema\/person\/c4278d4a6028830caff9ee44b42d32ed"},"headline":"Condenado a 21 anos por matar homem e agredir mulher e filho em \u00d3bidos","datePublished":"2026-02-06T00:21:00+00:00","mainEntityOfPage":{"@id":"https:\/\/portaltela.pt\/noticias\/2026\/02\/05\/condenado-a-21-anos-por-matar-homem-e-agredir-mulher-e-filho-em-obidos\/"},"wordCount":297,"image":{"@id":"https:\/\/portaltela.pt\/noticias\/2026\/02\/05\/condenado-a-21-anos-por-matar-homem-e-agredir-mulher-e-filho-em-obidos\/#primaryimage"},"thumbnailUrl":"https:\/\/portaltela.pt\/s.01k8rhncp4jt1\/2026\/02\/image-439.jpg","keywords":["arma proibida","expuls\u00f5es","homic\u00eddio","Leiria","\u00d3bidos","viola\u00e7\u00e3o de domic\u00edlio"],"articleSection":["Not\u00edcias"],"inLanguage":"pt-PT"},{"@type":"WebPage","@id":"https:\/\/portaltela.pt\/noticias\/2026\/02\/05\/condenado-a-21-anos-por-matar-homem-e-agredir-mulher-e-filho-em-obidos\/","url":"https:\/\/portaltela.pt\/noticias\/2026\/02\/05\/condenado-a-21-anos-por-matar-homem-e-agredir-mulher-e-filho-em-obidos\/","name":"Condenado a 21 anos por matar homem e agredir mulher e filho em \u00d3bidos - Portal Tela Portugal","isPartOf":{"@id":"https:\/\/portaltela.pt\/#website"},"primaryImageOfPage":{"@id":"https:\/\/portaltela.pt\/noticias\/2026\/02\/05\/condenado-a-21-anos-por-matar-homem-e-agredir-mulher-e-filho-em-obidos\/#primaryimage"},"image":{"@id":"https:\/\/portaltela.pt\/noticias\/2026\/02\/05\/condenado-a-21-anos-por-matar-homem-e-agredir-mulher-e-filho-em-obidos\/#primaryimage"},"thumbnailUrl":"https:\/\/portaltela.pt\/s.01k8rhncp4jt1\/2026\/02\/image-439.jpg","datePublished":"2026-02-06T00:21:00+00:00","author":{"@id":"https:\/\/portaltela.pt\/#\/schema\/person\/c4278d4a6028830caff9ee44b42d32ed"},"breadcrumb":{"@id":"https:\/\/portaltela.pt\/noticias\/2026\/02\/05\/condenado-a-21-anos-por-matar-homem-e-agredir-mulher-e-filho-em-obidos\/#breadcrumb"},"inLanguage":"pt-PT","potentialAction":[{"@type":"ReadAction","target":["https:\/\/portaltela.pt\/noticias\/2026\/02\/05\/condenado-a-21-anos-por-matar-homem-e-agredir-mulher-e-filho-em-obidos\/"]}]},{"@type":"ImageObject","inLanguage":"pt-PT","@id":"https:\/\/portaltela.pt\/noticias\/2026\/02\/05\/condenado-a-21-anos-por-matar-homem-e-agredir-mulher-e-filho-em-obidos\/#primaryimage","url":"https:\/\/portaltela.pt\/s.01k8rhncp4jt1\/2026\/02\/image-439.jpg","contentUrl":"https:\/\/portaltela.pt\/s.01k8rhncp4jt1\/2026\/02\/image-439.jpg","width":796,"height":448,"caption":"Foto: Nuno Brites"},{"@type":"BreadcrumbList","@id":"https:\/\/portaltela.pt\/noticias\/2026\/02\/05\/condenado-a-21-anos-por-matar-homem-e-agredir-mulher-e-filho-em-obidos\/#breadcrumb","itemListElement":[{"@type":"ListItem","position":1,"name":"In\u00edcio","item":"https:\/\/portaltela.pt\/"},{"@type":"ListItem","position":2,"name":"Condenado a 21 anos por matar homem e agredir mulher e filho em \u00d3bidos"}]},{"@type":"WebSite","@id":"https:\/\/portaltela.pt\/#website","url":"https:\/\/portaltela.pt\/","name":"Portal Tela Portugal","description":"","potentialAction":[{"@type":"SearchAction","target":{"@type":"EntryPoint","urlTemplate":"https:\/\/portaltela.pt\/?s={search_term_string}"},"query-input":{"@type":"PropertyValueSpecification","valueRequired":true,"valueName":"search_term_string"}}],"inLanguage":"pt-PT"},{"@type":"Person","@id":"https:\/\/portaltela.pt\/#\/schema\/person\/c4278d4a6028830caff9ee44b42d32ed","name":"Telinha","image":{"@type":"ImageObject","inLanguage":"pt-PT","@id":"https:\/\/portaltela.pt\/s.01k8rhncp4jt1\/2025\/11\/talking-bot-125x125.png","url":"https:\/\/portaltela.pt\/s.01k8rhncp4jt1\/2025\/11\/talking-bot-125x125.png","contentUrl":"https:\/\/portaltela.pt\/s.01k8rhncp4jt1\/2025\/11\/talking-bot-125x125.png","caption":"Telinha"},"sameAs":["https:\/\/portaltela.pt\/"],"url":"https:\/\/portaltela.pt\/por\/367410592786\/"}]}},"_links":{"self":[{"href":"https:\/\/portaltela.pt\/api\/wp\/v2\/posts\/200924","targetHints":{"allow":["GET"]}}],"collection":[{"href":"https:\/\/portaltela.pt\/api\/wp\/v2\/posts"}],"about":[{"href":"https:\/\/portaltela.pt\/api\/wp\/v2\/types\/post"}],"author":[{"embeddable":true,"href":"https:\/\/portaltela.pt\/api\/wp\/v2\/users\/2"}],"replies":[{"embeddable":true,"href":"https:\/\/portaltela.pt\/api\/wp\/v2\/comments?post=200924"}],"version-history":[{"count":0,"href":"https:\/\/portaltela.pt\/api\/wp\/v2\/posts\/200924\/revisions"}],"wp:featuredmedia":[{"embeddable":true,"href":"https:\/\/portaltela.pt\/api\/wp\/v2\/media\/200925"}],"wp:attachment":[{"href":"https:\/\/portaltela.pt\/api\/wp\/v2\/media?parent=200924"}],"wp:term":[{"taxonomy":"category","embeddable":true,"href":"https:\/\/portaltela.pt\/api\/wp\/v2\/categories?post=200924"},{"taxonomy":"post_tag","embeddable":true,"href":"https:\/\/portaltela.pt\/api\/wp\/v2\/tags?post=200924"}],"curies":[{"name":"wp","href":"https:\/\/api.w.org\/{rel}","templated":true}]}}