{"id":200827,"date":"2026-02-05T19:36:15","date_gmt":"2026-02-05T22:36:15","guid":{"rendered":"https:\/\/portaltela.pt\/noticias\/2026\/02\/05\/homem-condenado-a-21-anos-de-prisao-por-homicidios-em-obidos\/"},"modified":"2026-02-05T19:36:15","modified_gmt":"2026-02-05T22:36:15","slug":"homem-condenado-a-21-anos-de-prisao-por-homicidios-em-obidos","status":"publish","type":"post","link":"https:\/\/portaltela.pt\/noticias\/2026\/02\/05\/homem-condenado-a-21-anos-de-prisao-por-homicidios-em-obidos\/","title":{"rendered":"Homem condenado a 21 anos de pris\u00e3o por homic\u00eddios em \u00d3bidos"},"content":{"rendered":"<p>O Tribunal de Leiria condenou um homem de 32 anos a 21 anos de pris\u00e3o, em pena \u00fanica, por tr\u00eas homic\u00eddios qualificados, dois tentados e uma consumado, e por deten\u00e7\u00e3o de arma proibida. A decis\u00e3o foi anunciada nesta quarta-feira e refere-se a factos ocorridos em \u00d3bidos, em mar\u00e7o de 2025.<\/p>\n<p>O arguido, estafeta de profiss\u00e3o, foi absolvido do crime de viola\u00e7\u00e3o de domic\u00edlio. Al\u00e9m da pena principal, ficou ainda condenado na pena acess\u00f3ria de expuls\u00e3o do pa\u00eds pelo per\u00edodo de cinco anos. A senten\u00e7a foi proferida pelo colectivo de ju\u00edzes do Tribunal de Leiria.<\/p>\n<p>O homem tamb\u00e9m dever\u00e1 pagar \u00e0 Unidade Local de Sa\u00fade de Santa Maria cerca de 3 900 euros e quase 2 mil euros \u00e0 ULS do Oeste. O processo relata a morte de um homem de 72 anos e ferimentos na mulher e no filho do casal, ocorridos ap\u00f3s uma alegada d\u00edvida de 500 euros que o colectivo n\u00e3o provou.<\/p>\n<p>Segundo o ac\u00f3rd\u00e3o, a fam\u00edlia conhecia o arguido h\u00e1 cerca de quatro anos e tinha rela\u00e7\u00f5es laborais com o filho do casal na agricultura. Em data n\u00e3o apurada, o arguido entregou ao homem idoso um carro no valor de 500 euros e chegou a morar na casa das v\u00edtimas durante um m\u00eas, em 2023, tendo conhecimento de que as janelas da marquise, embora fechadas, n\u00e3o ficavam trancadas.<\/p>\n<p>Pelas 03:00 de 21 de mar\u00e7o de 2025, o arguido deslocou-se de Lisboa para a casa do casal e do filho com a inten\u00e7\u00e3o de os matar, trazendo consigo uma faca cujo cabo estava forrado com fita adesiva para maior firmeza. Ap\u00f3s entrar pela marquise, matou o septuagen\u00e1rio que dormia e tentou matar a mulher e o filho.<\/p>\n<p>Para o Tribunal Judicial de Leiria, o arguido atuou com inten\u00e7\u00e3o de matar o septuagen\u00e1rio, demonstrando desprezo pela vida, e entrou na resid\u00eancia da madrugada, sem antecedentes criminais.<\/p>\n","protected":false},"excerpt":{"rendered":"<ul>\n<li>O Tribunal de Leiria condenou um homem de 32 anos a 21 anos de pris\u00e3o em pena \u00fanica por tr\u00eas crimes de homic\u00eddio qualificado (um consumado e dois tentados) e deten\u00e7\u00e3o de arma proibida, em mar\u00e7o de 2025, em \u00d3bidos.<\/li>\n<li>O arguido foi absolvido do crime de viola\u00e7\u00e3o de domic\u00edlio e ficou ainda sujeito \u00e0 pena acess\u00f3ria de expuls\u00e3o do pa\u00eds por cinco anos.<\/li>\n<li>Vai pagar \u00e0 Unidade Local de Sa\u00fade de Santa Maria cerca de 3.900 euros e quase 2.000 euros \u00e0 Unidade Local de Sa\u00fade do Oeste.<\/li>\n<li>A acusa\u00e7\u00e3o apontava como v\u00edtima um homem de 72 anos; a mulher e o filho ficaram feridos, numa sequ\u00eancia de uma suposta d\u00edvida de 500 euros que n\u00e3o foi provada.<\/li>\n<li>O tribunal considerou que o arguido conhecia a fam\u00edlia h\u00e1 cerca de quatro anos, entrou na habita\u00e7\u00e3o pela marquise na madrugada de 21 de mar\u00e7o de 2025, vindo de Lisboa numa motociclo com uma faca com cabo forrado e matou o septuagen\u00e1rio, tendo tentado matar a mulher e o filho.<\/li>\n<\/ul>\n","protected":false},"author":2,"featured_media":200833,"comment_status":"closed","ping_status":"closed","sticky":false,"template":"","format":"standard","meta":{"footnotes":""},"categories":[1],"tags":[2660,1345,1189,1280,52,2649],"class_list":["post-200827","post","type-post","status-publish","format-standard","has-post-thumbnail","hentry","category-noticias","tag-arma-proibida","tag-homicidio","tag-homicidio-qualificado","tag-obidos","tag-tribunal","tag-violacao-de-domicilio"],"yoast_head":"<!-- This site is optimized with the Yoast SEO plugin v27.2 - https:\/\/yoast.com\/product\/yoast-seo-wordpress\/ -->\n<title>Homem condenado a 21 anos de pris\u00e3o por homic\u00eddios em \u00d3bidos - Portal Tela Portugal<\/title>\n<meta name=\"robots\" content=\"index, follow, max-snippet:-1, max-image-preview:large, max-video-preview:-1\" \/>\n<meta property=\"og:locale\" content=\"pt_PT\" \/>\n<meta property=\"og:type\" content=\"article\" \/>\n<meta property=\"og:title\" content=\"Homem condenado a 21 anos de pris\u00e3o por homic\u00eddios em \u00d3bidos - Portal Tela Portugal\" \/>\n<meta property=\"og:description\" content=\"O Tribunal de Leiria condenou um homem de 32 anos a 21 anos de pris\u00e3o em pena \u00fanica por tr\u00eas crimes de homic\u00eddio qualificado (um consumado e dois tentados) e deten\u00e7\u00e3o de arma proibida, em mar\u00e7o de 2025, em \u00d3bidos. O arguido foi absolvido do crime de viola\u00e7\u00e3o de domic\u00edlio e ficou ainda sujeito \u00e0 pena acess\u00f3ria de expuls\u00e3o do pa\u00eds por cinco anos. Vai pagar \u00e0 Unidade Local de Sa\u00fade de Santa Maria cerca de 3.900 euros e quase 2.000 euros \u00e0 Unidade Local de Sa\u00fade do Oeste. A acusa\u00e7\u00e3o apontava como v\u00edtima um homem de 72 anos; a mulher e o filho ficaram feridos, numa sequ\u00eancia de uma suposta d\u00edvida de 500 euros que n\u00e3o foi provada. O tribunal considerou que o arguido conhecia a fam\u00edlia h\u00e1 cerca de quatro anos, entrou na habita\u00e7\u00e3o pela marquise na madrugada de 21 de mar\u00e7o de 2025, vindo de Lisboa numa motociclo com uma faca com cabo forrado e matou o septuagen\u00e1rio, tendo tentado matar a mulher e o filho.\" \/>\n<meta property=\"og:url\" content=\"https:\/\/portaltela.pt\/noticias\/2026\/02\/05\/homem-condenado-a-21-anos-de-prisao-por-homicidios-em-obidos\/\" \/>\n<meta property=\"og:site_name\" content=\"Portal Tela Portugal\" \/>\n<meta property=\"article:published_time\" content=\"2026-02-05T22:36:15+00:00\" \/>\n<meta name=\"author\" content=\"Telinha\" \/>\n<meta name=\"twitter:card\" content=\"summary_large_image\" \/>\n<meta name=\"twitter:label1\" content=\"Escrito por\" \/>\n\t<meta name=\"twitter:data1\" content=\"Telinha\" \/>\n\t<meta name=\"twitter:label2\" content=\"Tempo estimado de leitura\" \/>\n\t<meta name=\"twitter:data2\" content=\"2 minutos\" \/>\n<script type=\"application\/ld+json\" class=\"yoast-schema-graph\">{\"@context\":\"https:\/\/schema.org\",\"@graph\":[{\"@type\":\"Article\",\"@id\":\"https:\/\/portaltela.pt\/noticias\/2026\/02\/05\/homem-condenado-a-21-anos-de-prisao-por-homicidios-em-obidos\/#article\",\"isPartOf\":{\"@id\":\"https:\/\/portaltela.pt\/noticias\/2026\/02\/05\/homem-condenado-a-21-anos-de-prisao-por-homicidios-em-obidos\/\"},\"author\":{\"name\":\"Telinha\",\"@id\":\"https:\/\/portaltela.pt\/#\/schema\/person\/c4278d4a6028830caff9ee44b42d32ed\"},\"headline\":\"Homem condenado a 21 anos de pris\u00e3o por homic\u00eddios em \u00d3bidos\",\"datePublished\":\"2026-02-05T22:36:15+00:00\",\"mainEntityOfPage\":{\"@id\":\"https:\/\/portaltela.pt\/noticias\/2026\/02\/05\/homem-condenado-a-21-anos-de-prisao-por-homicidios-em-obidos\/\"},\"wordCount\":340,\"image\":{\"@id\":\"https:\/\/portaltela.pt\/noticias\/2026\/02\/05\/homem-condenado-a-21-anos-de-prisao-por-homicidios-em-obidos\/#primaryimage\"},\"thumbnailUrl\":\"https:\/\/portaltela.pt\/s.01k8rhncp4jt1\/2026\/02\/img_1500x1000uu2022-08-28-17-26-45-1180935.jpg\",\"keywords\":[\"arma proibida\",\"homic\u00eddio\",\"homic\u00eddio qualificado\",\"\u00d3bidos\",\"tribunal\",\"viola\u00e7\u00e3o de domic\u00edlio\"],\"articleSection\":[\"Not\u00edcias\"],\"inLanguage\":\"pt-PT\"},{\"@type\":\"WebPage\",\"@id\":\"https:\/\/portaltela.pt\/noticias\/2026\/02\/05\/homem-condenado-a-21-anos-de-prisao-por-homicidios-em-obidos\/\",\"url\":\"https:\/\/portaltela.pt\/noticias\/2026\/02\/05\/homem-condenado-a-21-anos-de-prisao-por-homicidios-em-obidos\/\",\"name\":\"Homem condenado a 21 anos de pris\u00e3o por homic\u00eddios em \u00d3bidos - Portal Tela Portugal\",\"isPartOf\":{\"@id\":\"https:\/\/portaltela.pt\/#website\"},\"primaryImageOfPage\":{\"@id\":\"https:\/\/portaltela.pt\/noticias\/2026\/02\/05\/homem-condenado-a-21-anos-de-prisao-por-homicidios-em-obidos\/#primaryimage\"},\"image\":{\"@id\":\"https:\/\/portaltela.pt\/noticias\/2026\/02\/05\/homem-condenado-a-21-anos-de-prisao-por-homicidios-em-obidos\/#primaryimage\"},\"thumbnailUrl\":\"https:\/\/portaltela.pt\/s.01k8rhncp4jt1\/2026\/02\/img_1500x1000uu2022-08-28-17-26-45-1180935.jpg\",\"datePublished\":\"2026-02-05T22:36:15+00:00\",\"author\":{\"@id\":\"https:\/\/portaltela.pt\/#\/schema\/person\/c4278d4a6028830caff9ee44b42d32ed\"},\"breadcrumb\":{\"@id\":\"https:\/\/portaltela.pt\/noticias\/2026\/02\/05\/homem-condenado-a-21-anos-de-prisao-por-homicidios-em-obidos\/#breadcrumb\"},\"inLanguage\":\"pt-PT\",\"potentialAction\":[{\"@type\":\"ReadAction\",\"target\":[\"https:\/\/portaltela.pt\/noticias\/2026\/02\/05\/homem-condenado-a-21-anos-de-prisao-por-homicidios-em-obidos\/\"]}]},{\"@type\":\"ImageObject\",\"inLanguage\":\"pt-PT\",\"@id\":\"https:\/\/portaltela.pt\/noticias\/2026\/02\/05\/homem-condenado-a-21-anos-de-prisao-por-homicidios-em-obidos\/#primaryimage\",\"url\":\"https:\/\/portaltela.pt\/s.01k8rhncp4jt1\/2026\/02\/img_1500x1000uu2022-08-28-17-26-45-1180935.jpg\",\"contentUrl\":\"https:\/\/portaltela.pt\/s.01k8rhncp4jt1\/2026\/02\/img_1500x1000uu2022-08-28-17-26-45-1180935.jpg\",\"width\":796,\"height\":448,\"caption\":\"Pris\u00e3o\"},{\"@type\":\"BreadcrumbList\",\"@id\":\"https:\/\/portaltela.pt\/noticias\/2026\/02\/05\/homem-condenado-a-21-anos-de-prisao-por-homicidios-em-obidos\/#breadcrumb\",\"itemListElement\":[{\"@type\":\"ListItem\",\"position\":1,\"name\":\"In\u00edcio\",\"item\":\"https:\/\/portaltela.pt\/\"},{\"@type\":\"ListItem\",\"position\":2,\"name\":\"Homem condenado a 21 anos de pris\u00e3o por homic\u00eddios em \u00d3bidos\"}]},{\"@type\":\"WebSite\",\"@id\":\"https:\/\/portaltela.pt\/#website\",\"url\":\"https:\/\/portaltela.pt\/\",\"name\":\"Portal Tela Portugal\",\"description\":\"\",\"potentialAction\":[{\"@type\":\"SearchAction\",\"target\":{\"@type\":\"EntryPoint\",\"urlTemplate\":\"https:\/\/portaltela.pt\/?s={search_term_string}\"},\"query-input\":{\"@type\":\"PropertyValueSpecification\",\"valueRequired\":true,\"valueName\":\"search_term_string\"}}],\"inLanguage\":\"pt-PT\"},{\"@type\":\"Person\",\"@id\":\"https:\/\/portaltela.pt\/#\/schema\/person\/c4278d4a6028830caff9ee44b42d32ed\",\"name\":\"Telinha\",\"image\":{\"@type\":\"ImageObject\",\"inLanguage\":\"pt-PT\",\"@id\":\"https:\/\/portaltela.pt\/s.01k8rhncp4jt1\/2025\/11\/talking-bot-125x125.png\",\"url\":\"https:\/\/portaltela.pt\/s.01k8rhncp4jt1\/2025\/11\/talking-bot-125x125.png\",\"contentUrl\":\"https:\/\/portaltela.pt\/s.01k8rhncp4jt1\/2025\/11\/talking-bot-125x125.png\",\"caption\":\"Telinha\"},\"sameAs\":[\"https:\/\/portaltela.pt\/\"],\"url\":\"https:\/\/portaltela.pt\/por\/367410592786\/\"}]}<\/script>\n<!-- \/ Yoast SEO plugin. -->","yoast_head_json":{"title":"Homem condenado a 21 anos de pris\u00e3o por homic\u00eddios em \u00d3bidos - Portal Tela Portugal","robots":{"index":"index","follow":"follow","max-snippet":"max-snippet:-1","max-image-preview":"max-image-preview:large","max-video-preview":"max-video-preview:-1"},"og_locale":"pt_PT","og_type":"article","og_title":"Homem condenado a 21 anos de pris\u00e3o por homic\u00eddios em \u00d3bidos - Portal Tela Portugal","og_description":"O Tribunal de Leiria condenou um homem de 32 anos a 21 anos de pris\u00e3o em pena \u00fanica por tr\u00eas crimes de homic\u00eddio qualificado (um consumado e dois tentados) e deten\u00e7\u00e3o de arma proibida, em mar\u00e7o de 2025, em \u00d3bidos. O arguido foi absolvido do crime de viola\u00e7\u00e3o de domic\u00edlio e ficou ainda sujeito \u00e0 pena acess\u00f3ria de expuls\u00e3o do pa\u00eds por cinco anos. Vai pagar \u00e0 Unidade Local de Sa\u00fade de Santa Maria cerca de 3.900 euros e quase 2.000 euros \u00e0 Unidade Local de Sa\u00fade do Oeste. A acusa\u00e7\u00e3o apontava como v\u00edtima um homem de 72 anos; a mulher e o filho ficaram feridos, numa sequ\u00eancia de uma suposta d\u00edvida de 500 euros que n\u00e3o foi provada. O tribunal considerou que o arguido conhecia a fam\u00edlia h\u00e1 cerca de quatro anos, entrou na habita\u00e7\u00e3o pela marquise na madrugada de 21 de mar\u00e7o de 2025, vindo de Lisboa numa motociclo com uma faca com cabo forrado e matou o septuagen\u00e1rio, tendo tentado matar a mulher e o filho.","og_url":"https:\/\/portaltela.pt\/noticias\/2026\/02\/05\/homem-condenado-a-21-anos-de-prisao-por-homicidios-em-obidos\/","og_site_name":"Portal Tela Portugal","article_published_time":"2026-02-05T22:36:15+00:00","author":"Telinha","twitter_card":"summary_large_image","twitter_misc":{"Escrito por":"Telinha","Tempo estimado de leitura":"2 minutos"},"schema":{"@context":"https:\/\/schema.org","@graph":[{"@type":"Article","@id":"https:\/\/portaltela.pt\/noticias\/2026\/02\/05\/homem-condenado-a-21-anos-de-prisao-por-homicidios-em-obidos\/#article","isPartOf":{"@id":"https:\/\/portaltela.pt\/noticias\/2026\/02\/05\/homem-condenado-a-21-anos-de-prisao-por-homicidios-em-obidos\/"},"author":{"name":"Telinha","@id":"https:\/\/portaltela.pt\/#\/schema\/person\/c4278d4a6028830caff9ee44b42d32ed"},"headline":"Homem condenado a 21 anos de pris\u00e3o por homic\u00eddios em \u00d3bidos","datePublished":"2026-02-05T22:36:15+00:00","mainEntityOfPage":{"@id":"https:\/\/portaltela.pt\/noticias\/2026\/02\/05\/homem-condenado-a-21-anos-de-prisao-por-homicidios-em-obidos\/"},"wordCount":340,"image":{"@id":"https:\/\/portaltela.pt\/noticias\/2026\/02\/05\/homem-condenado-a-21-anos-de-prisao-por-homicidios-em-obidos\/#primaryimage"},"thumbnailUrl":"https:\/\/portaltela.pt\/s.01k8rhncp4jt1\/2026\/02\/img_1500x1000uu2022-08-28-17-26-45-1180935.jpg","keywords":["arma proibida","homic\u00eddio","homic\u00eddio qualificado","\u00d3bidos","tribunal","viola\u00e7\u00e3o de domic\u00edlio"],"articleSection":["Not\u00edcias"],"inLanguage":"pt-PT"},{"@type":"WebPage","@id":"https:\/\/portaltela.pt\/noticias\/2026\/02\/05\/homem-condenado-a-21-anos-de-prisao-por-homicidios-em-obidos\/","url":"https:\/\/portaltela.pt\/noticias\/2026\/02\/05\/homem-condenado-a-21-anos-de-prisao-por-homicidios-em-obidos\/","name":"Homem condenado a 21 anos de pris\u00e3o por homic\u00eddios em \u00d3bidos - Portal Tela Portugal","isPartOf":{"@id":"https:\/\/portaltela.pt\/#website"},"primaryImageOfPage":{"@id":"https:\/\/portaltela.pt\/noticias\/2026\/02\/05\/homem-condenado-a-21-anos-de-prisao-por-homicidios-em-obidos\/#primaryimage"},"image":{"@id":"https:\/\/portaltela.pt\/noticias\/2026\/02\/05\/homem-condenado-a-21-anos-de-prisao-por-homicidios-em-obidos\/#primaryimage"},"thumbnailUrl":"https:\/\/portaltela.pt\/s.01k8rhncp4jt1\/2026\/02\/img_1500x1000uu2022-08-28-17-26-45-1180935.jpg","datePublished":"2026-02-05T22:36:15+00:00","author":{"@id":"https:\/\/portaltela.pt\/#\/schema\/person\/c4278d4a6028830caff9ee44b42d32ed"},"breadcrumb":{"@id":"https:\/\/portaltela.pt\/noticias\/2026\/02\/05\/homem-condenado-a-21-anos-de-prisao-por-homicidios-em-obidos\/#breadcrumb"},"inLanguage":"pt-PT","potentialAction":[{"@type":"ReadAction","target":["https:\/\/portaltela.pt\/noticias\/2026\/02\/05\/homem-condenado-a-21-anos-de-prisao-por-homicidios-em-obidos\/"]}]},{"@type":"ImageObject","inLanguage":"pt-PT","@id":"https:\/\/portaltela.pt\/noticias\/2026\/02\/05\/homem-condenado-a-21-anos-de-prisao-por-homicidios-em-obidos\/#primaryimage","url":"https:\/\/portaltela.pt\/s.01k8rhncp4jt1\/2026\/02\/img_1500x1000uu2022-08-28-17-26-45-1180935.jpg","contentUrl":"https:\/\/portaltela.pt\/s.01k8rhncp4jt1\/2026\/02\/img_1500x1000uu2022-08-28-17-26-45-1180935.jpg","width":796,"height":448,"caption":"Pris\u00e3o"},{"@type":"BreadcrumbList","@id":"https:\/\/portaltela.pt\/noticias\/2026\/02\/05\/homem-condenado-a-21-anos-de-prisao-por-homicidios-em-obidos\/#breadcrumb","itemListElement":[{"@type":"ListItem","position":1,"name":"In\u00edcio","item":"https:\/\/portaltela.pt\/"},{"@type":"ListItem","position":2,"name":"Homem condenado a 21 anos de pris\u00e3o por homic\u00eddios em \u00d3bidos"}]},{"@type":"WebSite","@id":"https:\/\/portaltela.pt\/#website","url":"https:\/\/portaltela.pt\/","name":"Portal Tela Portugal","description":"","potentialAction":[{"@type":"SearchAction","target":{"@type":"EntryPoint","urlTemplate":"https:\/\/portaltela.pt\/?s={search_term_string}"},"query-input":{"@type":"PropertyValueSpecification","valueRequired":true,"valueName":"search_term_string"}}],"inLanguage":"pt-PT"},{"@type":"Person","@id":"https:\/\/portaltela.pt\/#\/schema\/person\/c4278d4a6028830caff9ee44b42d32ed","name":"Telinha","image":{"@type":"ImageObject","inLanguage":"pt-PT","@id":"https:\/\/portaltela.pt\/s.01k8rhncp4jt1\/2025\/11\/talking-bot-125x125.png","url":"https:\/\/portaltela.pt\/s.01k8rhncp4jt1\/2025\/11\/talking-bot-125x125.png","contentUrl":"https:\/\/portaltela.pt\/s.01k8rhncp4jt1\/2025\/11\/talking-bot-125x125.png","caption":"Telinha"},"sameAs":["https:\/\/portaltela.pt\/"],"url":"https:\/\/portaltela.pt\/por\/367410592786\/"}]}},"_links":{"self":[{"href":"https:\/\/portaltela.pt\/api\/wp\/v2\/posts\/200827","targetHints":{"allow":["GET"]}}],"collection":[{"href":"https:\/\/portaltela.pt\/api\/wp\/v2\/posts"}],"about":[{"href":"https:\/\/portaltela.pt\/api\/wp\/v2\/types\/post"}],"author":[{"embeddable":true,"href":"https:\/\/portaltela.pt\/api\/wp\/v2\/users\/2"}],"replies":[{"embeddable":true,"href":"https:\/\/portaltela.pt\/api\/wp\/v2\/comments?post=200827"}],"version-history":[{"count":0,"href":"https:\/\/portaltela.pt\/api\/wp\/v2\/posts\/200827\/revisions"}],"wp:featuredmedia":[{"embeddable":true,"href":"https:\/\/portaltela.pt\/api\/wp\/v2\/media\/200833"}],"wp:attachment":[{"href":"https:\/\/portaltela.pt\/api\/wp\/v2\/media?parent=200827"}],"wp:term":[{"taxonomy":"category","embeddable":true,"href":"https:\/\/portaltela.pt\/api\/wp\/v2\/categories?post=200827"},{"taxonomy":"post_tag","embeddable":true,"href":"https:\/\/portaltela.pt\/api\/wp\/v2\/tags?post=200827"}],"curies":[{"name":"wp","href":"https:\/\/api.w.org\/{rel}","templated":true}]}}