{"id":200824,"date":"2026-02-05T19:42:55","date_gmt":"2026-02-05T22:42:55","guid":{"rendered":"https:\/\/portaltela.pt\/noticias\/2026\/02\/05\/jersey-pede-a-portugal-a-saida-da-lista-negra-de-paraisos-fiscais\/"},"modified":"2026-02-05T19:42:55","modified_gmt":"2026-02-05T22:42:55","slug":"jersey-pede-a-portugal-a-saida-da-lista-negra-de-paraisos-fiscais","status":"publish","type":"post","link":"https:\/\/portaltela.pt\/noticias\/internacional\/2026\/02\/05\/jersey-pede-a-portugal-a-saida-da-lista-negra-de-paraisos-fiscais\/","title":{"rendered":"Jersey pede a Portugal a sa\u00edda da lista negra de para\u00edsos fiscais"},"content":{"rendered":"<p>A ilha de Jersey pediu a Portugal a sa\u00edda da lista de para\u00edsos fiscais, semelhante ao que ocorreu com Hong Kong, Liechtenstein e Uruguai. A solicita\u00e7\u00e3o veio durante uma visita oficial a Jersey.<\/p>\n<p>O secret\u00e1rio de Estado das Comunidades Portuguesas, Em\u00eddio Sousa, confirmou \u00e0 Lusa o contacto feito na ter\u00e7a e quarta-feira. Acompanhavam-no o primeiro-ministro de Jersey, Lyndon Farnham, o ministro das Rela\u00e7\u00f5es Exteriores, Ian Gorst, e a adjunta do Primeiro-Ministro, Catarina Alves.<\/p>\n<p>Sousa disse ter tido um encontro com os governantes locais e que a retirada da lista foi uma das mat\u00e9rias suscitadas. Explicou que Portugal est\u00e1 condicionado pela perten\u00e7a \u00e0 Uni\u00e3o Europeia, mas mostrou disponibilidade para facilitar um encontro com o ministro das Finan\u00e7as.<\/p>\n<h3>Contexto hist\u00f3rico<\/h3>\n<p>Em 2004, Portugal criou uma lista de 83 pa\u00edses e territ\u00f3rios com regimes fiscais privilegiados para combater evas\u00e3o e fraude. A legisla\u00e7\u00e3o imp\u00f5e restri\u00e7\u00f5es como benef\u00edcios fiscais e impostos sobre rendimento e patrim\u00f3nio.<\/p>\n<p>Em 2025, houve uma altera\u00e7\u00e3o que retirou Hong Kong, Liechtenstein e Uruguai da lista negra, com efeito a partir de 1 de janeiro. Jersey \u00e9 um territ\u00f3rio dependente da coroa brit\u00e2nica, com governo aut\u00f3nomo e regime fiscal separado.<\/p>\n<p>Na Island, residem quase 10 mil emigrantes lusodescendentes, representando perto de 10% da popula\u00e7\u00e3o local. O secret\u00e1rio de Estado enfatizou que a comunidade est\u00e1 integrada e bem considerada pelos habitantes. Fonte: Ag\u00eancia Lusa.<\/p>\n","protected":false},"excerpt":{"rendered":"<ul>\n<li>A ilha de Jersey pediu a Portugal para sair da lista negra de para\u00edsos fiscais, semelhante ao que aconteceu com Hong Kong, Liechtenstein e Uruguai.<\/li>\n<li>O secret\u00e1rio de Estado das Comunidades Portuguesas, Em\u00eddio Sousa, confirmou ter sido abordado sobre o tema durante uma visita ao territ\u00f3rio na ter\u00e7a e quarta-feira.<\/li>\n<li>Em\u00eddio Sousa reuniu-se com o primeiro-ministro de Jersey, Lyndon Farnham, o ministro das Rela\u00e7\u00f5es Exteriores, Ian Gorst, e a adjunta do primeiro-ministro, Catarina Alves, no primeiro dia.<\/li>\n<li>Sousa indicou que Portugal est\u00e1 condicionado pela perten\u00e7a \u00e0 Uni\u00e3o Europeia, mas que se disponibiliza a facilitar um encontro com o ministro das Finan\u00e7as para tratar do assunto.<\/li>\n<li>Jersey tem regime fiscal aut\u00f3nomo; a lista de para\u00edsos fiscais portuguesa, criada em 2004 e atualizada em 2025, pode\/retirar jurisdi\u00e7\u00f5es conforme decis\u00f5es nacionais, com Hong Kong, Liechtenstein e Uruguai j\u00e1 removidos.<\/li>\n<\/ul>\n","protected":false},"author":2,"featured_media":200831,"comment_status":"closed","ping_status":"closed","sticky":false,"template":"","format":"standard","meta":{"footnotes":""},"categories":[4,1],"tags":[1437,3613,5541,1014,5542,2055],"class_list":["post-200824","post","type-post","status-publish","format-standard","has-post-thumbnail","hentry","category-internacional","category-noticias","tag-evasao-fiscal","tag-impostos","tag-paraisos","tag-portugal","tag-territorios","tag-uniao-europeia"],"yoast_head":"<!-- This site is optimized with the Yoast SEO plugin v27.2 - https:\/\/yoast.com\/product\/yoast-seo-wordpress\/ -->\n<title>Jersey pede a Portugal a sa\u00edda da lista negra de para\u00edsos fiscais - Portal Tela Portugal<\/title>\n<meta name=\"robots\" content=\"index, follow, max-snippet:-1, max-image-preview:large, max-video-preview:-1\" \/>\n<meta property=\"og:locale\" content=\"pt_PT\" \/>\n<meta property=\"og:type\" content=\"article\" \/>\n<meta property=\"og:title\" content=\"Jersey pede a Portugal a sa\u00edda da lista negra de para\u00edsos fiscais - Portal Tela Portugal\" \/>\n<meta property=\"og:description\" content=\"A ilha de Jersey pediu a Portugal para sair da lista negra de para\u00edsos fiscais, semelhante ao que aconteceu com Hong Kong, Liechtenstein e Uruguai. O secret\u00e1rio de Estado das Comunidades Portuguesas, Em\u00eddio Sousa, confirmou ter sido abordado sobre o tema durante uma visita ao territ\u00f3rio na ter\u00e7a e quarta-feira. Em\u00eddio Sousa reuniu-se com o primeiro-ministro de Jersey, Lyndon Farnham, o ministro das Rela\u00e7\u00f5es Exteriores, Ian Gorst, e a adjunta do primeiro-ministro, Catarina Alves, no primeiro dia. Sousa indicou que Portugal est\u00e1 condicionado pela perten\u00e7a \u00e0 Uni\u00e3o Europeia, mas que se disponibiliza a facilitar um encontro com o ministro das Finan\u00e7as para tratar do assunto. Jersey tem regime fiscal aut\u00f3nomo; a lista de para\u00edsos fiscais portuguesa, criada em 2004 e atualizada em 2025, pode\/retirar jurisdi\u00e7\u00f5es conforme decis\u00f5es nacionais, com Hong Kong, Liechtenstein e Uruguai j\u00e1 removidos.\" \/>\n<meta property=\"og:url\" content=\"https:\/\/portaltela.pt\/noticias\/2026\/02\/05\/jersey-pede-a-portugal-a-saida-da-lista-negra-de-paraisos-fiscais\/\" \/>\n<meta property=\"og:site_name\" content=\"Portal Tela Portugal\" \/>\n<meta property=\"article:published_time\" content=\"2026-02-05T22:42:55+00:00\" \/>\n<meta name=\"author\" content=\"Telinha\" \/>\n<meta name=\"twitter:card\" content=\"summary_large_image\" \/>\n<meta name=\"twitter:label1\" content=\"Escrito por\" \/>\n\t<meta name=\"twitter:data1\" content=\"Telinha\" \/>\n\t<meta name=\"twitter:label2\" content=\"Tempo estimado de leitura\" \/>\n\t<meta name=\"twitter:data2\" content=\"1 minuto\" \/>\n<script type=\"application\/ld+json\" class=\"yoast-schema-graph\">{\"@context\":\"https:\/\/schema.org\",\"@graph\":[{\"@type\":\"Article\",\"@id\":\"https:\/\/portaltela.pt\/noticias\/2026\/02\/05\/jersey-pede-a-portugal-a-saida-da-lista-negra-de-paraisos-fiscais\/#article\",\"isPartOf\":{\"@id\":\"https:\/\/portaltela.pt\/noticias\/2026\/02\/05\/jersey-pede-a-portugal-a-saida-da-lista-negra-de-paraisos-fiscais\/\"},\"author\":{\"name\":\"Telinha\",\"@id\":\"https:\/\/portaltela.pt\/#\/schema\/person\/c4278d4a6028830caff9ee44b42d32ed\"},\"headline\":\"Jersey pede a Portugal a sa\u00edda da lista negra de para\u00edsos fiscais\",\"datePublished\":\"2026-02-05T22:42:55+00:00\",\"mainEntityOfPage\":{\"@id\":\"https:\/\/portaltela.pt\/noticias\/2026\/02\/05\/jersey-pede-a-portugal-a-saida-da-lista-negra-de-paraisos-fiscais\/\"},\"wordCount\":254,\"image\":{\"@id\":\"https:\/\/portaltela.pt\/noticias\/2026\/02\/05\/jersey-pede-a-portugal-a-saida-da-lista-negra-de-paraisos-fiscais\/#primaryimage\"},\"thumbnailUrl\":\"https:\/\/portaltela.pt\/s.01k8rhncp4jt1\/2026\/02\/img_1500x1000uu2017-05-31-23-28-00-633753.jpg\",\"keywords\":[\"evas\u00e3o fiscal\",\"impostos\",\"para\u00edsos\",\"Portugal\",\"Territ\u00f3rios\",\"Uni\u00e3o Europeia\"],\"articleSection\":[\"Internacional\",\"Not\u00edcias\"],\"inLanguage\":\"pt-PT\"},{\"@type\":\"WebPage\",\"@id\":\"https:\/\/portaltela.pt\/noticias\/2026\/02\/05\/jersey-pede-a-portugal-a-saida-da-lista-negra-de-paraisos-fiscais\/\",\"url\":\"https:\/\/portaltela.pt\/noticias\/2026\/02\/05\/jersey-pede-a-portugal-a-saida-da-lista-negra-de-paraisos-fiscais\/\",\"name\":\"Jersey pede a Portugal a sa\u00edda da lista negra de para\u00edsos fiscais - Portal Tela Portugal\",\"isPartOf\":{\"@id\":\"https:\/\/portaltela.pt\/#website\"},\"primaryImageOfPage\":{\"@id\":\"https:\/\/portaltela.pt\/noticias\/2026\/02\/05\/jersey-pede-a-portugal-a-saida-da-lista-negra-de-paraisos-fiscais\/#primaryimage\"},\"image\":{\"@id\":\"https:\/\/portaltela.pt\/noticias\/2026\/02\/05\/jersey-pede-a-portugal-a-saida-da-lista-negra-de-paraisos-fiscais\/#primaryimage\"},\"thumbnailUrl\":\"https:\/\/portaltela.pt\/s.01k8rhncp4jt1\/2026\/02\/img_1500x1000uu2017-05-31-23-28-00-633753.jpg\",\"datePublished\":\"2026-02-05T22:42:55+00:00\",\"author\":{\"@id\":\"https:\/\/portaltela.pt\/#\/schema\/person\/c4278d4a6028830caff9ee44b42d32ed\"},\"breadcrumb\":{\"@id\":\"https:\/\/portaltela.pt\/noticias\/2026\/02\/05\/jersey-pede-a-portugal-a-saida-da-lista-negra-de-paraisos-fiscais\/#breadcrumb\"},\"inLanguage\":\"pt-PT\",\"potentialAction\":[{\"@type\":\"ReadAction\",\"target\":[\"https:\/\/portaltela.pt\/noticias\/2026\/02\/05\/jersey-pede-a-portugal-a-saida-da-lista-negra-de-paraisos-fiscais\/\"]}]},{\"@type\":\"ImageObject\",\"inLanguage\":\"pt-PT\",\"@id\":\"https:\/\/portaltela.pt\/noticias\/2026\/02\/05\/jersey-pede-a-portugal-a-saida-da-lista-negra-de-paraisos-fiscais\/#primaryimage\",\"url\":\"https:\/\/portaltela.pt\/s.01k8rhncp4jt1\/2026\/02\/img_1500x1000uu2017-05-31-23-28-00-633753.jpg\",\"contentUrl\":\"https:\/\/portaltela.pt\/s.01k8rhncp4jt1\/2026\/02\/img_1500x1000uu2017-05-31-23-28-00-633753.jpg\",\"width\":796,\"height\":448,\"caption\":\"Ilha de Jersey\"},{\"@type\":\"BreadcrumbList\",\"@id\":\"https:\/\/portaltela.pt\/noticias\/2026\/02\/05\/jersey-pede-a-portugal-a-saida-da-lista-negra-de-paraisos-fiscais\/#breadcrumb\",\"itemListElement\":[{\"@type\":\"ListItem\",\"position\":1,\"name\":\"In\u00edcio\",\"item\":\"https:\/\/portaltela.pt\/\"},{\"@type\":\"ListItem\",\"position\":2,\"name\":\"Jersey pede a Portugal a sa\u00edda da lista negra de para\u00edsos fiscais\"}]},{\"@type\":\"WebSite\",\"@id\":\"https:\/\/portaltela.pt\/#website\",\"url\":\"https:\/\/portaltela.pt\/\",\"name\":\"Portal Tela Portugal\",\"description\":\"\",\"potentialAction\":[{\"@type\":\"SearchAction\",\"target\":{\"@type\":\"EntryPoint\",\"urlTemplate\":\"https:\/\/portaltela.pt\/?s={search_term_string}\"},\"query-input\":{\"@type\":\"PropertyValueSpecification\",\"valueRequired\":true,\"valueName\":\"search_term_string\"}}],\"inLanguage\":\"pt-PT\"},{\"@type\":\"Person\",\"@id\":\"https:\/\/portaltela.pt\/#\/schema\/person\/c4278d4a6028830caff9ee44b42d32ed\",\"name\":\"Telinha\",\"image\":{\"@type\":\"ImageObject\",\"inLanguage\":\"pt-PT\",\"@id\":\"https:\/\/portaltela.pt\/s.01k8rhncp4jt1\/2025\/11\/talking-bot-125x125.png\",\"url\":\"https:\/\/portaltela.pt\/s.01k8rhncp4jt1\/2025\/11\/talking-bot-125x125.png\",\"contentUrl\":\"https:\/\/portaltela.pt\/s.01k8rhncp4jt1\/2025\/11\/talking-bot-125x125.png\",\"caption\":\"Telinha\"},\"sameAs\":[\"https:\/\/portaltela.pt\/\"],\"url\":\"https:\/\/portaltela.pt\/por\/367410592786\/\"}]}<\/script>\n<!-- \/ Yoast SEO plugin. -->","yoast_head_json":{"title":"Jersey pede a Portugal a sa\u00edda da lista negra de para\u00edsos fiscais - Portal Tela Portugal","robots":{"index":"index","follow":"follow","max-snippet":"max-snippet:-1","max-image-preview":"max-image-preview:large","max-video-preview":"max-video-preview:-1"},"og_locale":"pt_PT","og_type":"article","og_title":"Jersey pede a Portugal a sa\u00edda da lista negra de para\u00edsos fiscais - Portal Tela Portugal","og_description":"A ilha de Jersey pediu a Portugal para sair da lista negra de para\u00edsos fiscais, semelhante ao que aconteceu com Hong Kong, Liechtenstein e Uruguai. O secret\u00e1rio de Estado das Comunidades Portuguesas, Em\u00eddio Sousa, confirmou ter sido abordado sobre o tema durante uma visita ao territ\u00f3rio na ter\u00e7a e quarta-feira. Em\u00eddio Sousa reuniu-se com o primeiro-ministro de Jersey, Lyndon Farnham, o ministro das Rela\u00e7\u00f5es Exteriores, Ian Gorst, e a adjunta do primeiro-ministro, Catarina Alves, no primeiro dia. Sousa indicou que Portugal est\u00e1 condicionado pela perten\u00e7a \u00e0 Uni\u00e3o Europeia, mas que se disponibiliza a facilitar um encontro com o ministro das Finan\u00e7as para tratar do assunto. Jersey tem regime fiscal aut\u00f3nomo; a lista de para\u00edsos fiscais portuguesa, criada em 2004 e atualizada em 2025, pode\/retirar jurisdi\u00e7\u00f5es conforme decis\u00f5es nacionais, com Hong Kong, Liechtenstein e Uruguai j\u00e1 removidos.","og_url":"https:\/\/portaltela.pt\/noticias\/2026\/02\/05\/jersey-pede-a-portugal-a-saida-da-lista-negra-de-paraisos-fiscais\/","og_site_name":"Portal Tela Portugal","article_published_time":"2026-02-05T22:42:55+00:00","author":"Telinha","twitter_card":"summary_large_image","twitter_misc":{"Escrito por":"Telinha","Tempo estimado de leitura":"1 minuto"},"schema":{"@context":"https:\/\/schema.org","@graph":[{"@type":"Article","@id":"https:\/\/portaltela.pt\/noticias\/2026\/02\/05\/jersey-pede-a-portugal-a-saida-da-lista-negra-de-paraisos-fiscais\/#article","isPartOf":{"@id":"https:\/\/portaltela.pt\/noticias\/2026\/02\/05\/jersey-pede-a-portugal-a-saida-da-lista-negra-de-paraisos-fiscais\/"},"author":{"name":"Telinha","@id":"https:\/\/portaltela.pt\/#\/schema\/person\/c4278d4a6028830caff9ee44b42d32ed"},"headline":"Jersey pede a Portugal a sa\u00edda da lista negra de para\u00edsos fiscais","datePublished":"2026-02-05T22:42:55+00:00","mainEntityOfPage":{"@id":"https:\/\/portaltela.pt\/noticias\/2026\/02\/05\/jersey-pede-a-portugal-a-saida-da-lista-negra-de-paraisos-fiscais\/"},"wordCount":254,"image":{"@id":"https:\/\/portaltela.pt\/noticias\/2026\/02\/05\/jersey-pede-a-portugal-a-saida-da-lista-negra-de-paraisos-fiscais\/#primaryimage"},"thumbnailUrl":"https:\/\/portaltela.pt\/s.01k8rhncp4jt1\/2026\/02\/img_1500x1000uu2017-05-31-23-28-00-633753.jpg","keywords":["evas\u00e3o fiscal","impostos","para\u00edsos","Portugal","Territ\u00f3rios","Uni\u00e3o Europeia"],"articleSection":["Internacional","Not\u00edcias"],"inLanguage":"pt-PT"},{"@type":"WebPage","@id":"https:\/\/portaltela.pt\/noticias\/2026\/02\/05\/jersey-pede-a-portugal-a-saida-da-lista-negra-de-paraisos-fiscais\/","url":"https:\/\/portaltela.pt\/noticias\/2026\/02\/05\/jersey-pede-a-portugal-a-saida-da-lista-negra-de-paraisos-fiscais\/","name":"Jersey pede a Portugal a sa\u00edda da lista negra de para\u00edsos fiscais - Portal Tela Portugal","isPartOf":{"@id":"https:\/\/portaltela.pt\/#website"},"primaryImageOfPage":{"@id":"https:\/\/portaltela.pt\/noticias\/2026\/02\/05\/jersey-pede-a-portugal-a-saida-da-lista-negra-de-paraisos-fiscais\/#primaryimage"},"image":{"@id":"https:\/\/portaltela.pt\/noticias\/2026\/02\/05\/jersey-pede-a-portugal-a-saida-da-lista-negra-de-paraisos-fiscais\/#primaryimage"},"thumbnailUrl":"https:\/\/portaltela.pt\/s.01k8rhncp4jt1\/2026\/02\/img_1500x1000uu2017-05-31-23-28-00-633753.jpg","datePublished":"2026-02-05T22:42:55+00:00","author":{"@id":"https:\/\/portaltela.pt\/#\/schema\/person\/c4278d4a6028830caff9ee44b42d32ed"},"breadcrumb":{"@id":"https:\/\/portaltela.pt\/noticias\/2026\/02\/05\/jersey-pede-a-portugal-a-saida-da-lista-negra-de-paraisos-fiscais\/#breadcrumb"},"inLanguage":"pt-PT","potentialAction":[{"@type":"ReadAction","target":["https:\/\/portaltela.pt\/noticias\/2026\/02\/05\/jersey-pede-a-portugal-a-saida-da-lista-negra-de-paraisos-fiscais\/"]}]},{"@type":"ImageObject","inLanguage":"pt-PT","@id":"https:\/\/portaltela.pt\/noticias\/2026\/02\/05\/jersey-pede-a-portugal-a-saida-da-lista-negra-de-paraisos-fiscais\/#primaryimage","url":"https:\/\/portaltela.pt\/s.01k8rhncp4jt1\/2026\/02\/img_1500x1000uu2017-05-31-23-28-00-633753.jpg","contentUrl":"https:\/\/portaltela.pt\/s.01k8rhncp4jt1\/2026\/02\/img_1500x1000uu2017-05-31-23-28-00-633753.jpg","width":796,"height":448,"caption":"Ilha de Jersey"},{"@type":"BreadcrumbList","@id":"https:\/\/portaltela.pt\/noticias\/2026\/02\/05\/jersey-pede-a-portugal-a-saida-da-lista-negra-de-paraisos-fiscais\/#breadcrumb","itemListElement":[{"@type":"ListItem","position":1,"name":"In\u00edcio","item":"https:\/\/portaltela.pt\/"},{"@type":"ListItem","position":2,"name":"Jersey pede a Portugal a sa\u00edda da lista negra de para\u00edsos fiscais"}]},{"@type":"WebSite","@id":"https:\/\/portaltela.pt\/#website","url":"https:\/\/portaltela.pt\/","name":"Portal Tela Portugal","description":"","potentialAction":[{"@type":"SearchAction","target":{"@type":"EntryPoint","urlTemplate":"https:\/\/portaltela.pt\/?s={search_term_string}"},"query-input":{"@type":"PropertyValueSpecification","valueRequired":true,"valueName":"search_term_string"}}],"inLanguage":"pt-PT"},{"@type":"Person","@id":"https:\/\/portaltela.pt\/#\/schema\/person\/c4278d4a6028830caff9ee44b42d32ed","name":"Telinha","image":{"@type":"ImageObject","inLanguage":"pt-PT","@id":"https:\/\/portaltela.pt\/s.01k8rhncp4jt1\/2025\/11\/talking-bot-125x125.png","url":"https:\/\/portaltela.pt\/s.01k8rhncp4jt1\/2025\/11\/talking-bot-125x125.png","contentUrl":"https:\/\/portaltela.pt\/s.01k8rhncp4jt1\/2025\/11\/talking-bot-125x125.png","caption":"Telinha"},"sameAs":["https:\/\/portaltela.pt\/"],"url":"https:\/\/portaltela.pt\/por\/367410592786\/"}]}},"_links":{"self":[{"href":"https:\/\/portaltela.pt\/api\/wp\/v2\/posts\/200824","targetHints":{"allow":["GET"]}}],"collection":[{"href":"https:\/\/portaltela.pt\/api\/wp\/v2\/posts"}],"about":[{"href":"https:\/\/portaltela.pt\/api\/wp\/v2\/types\/post"}],"author":[{"embeddable":true,"href":"https:\/\/portaltela.pt\/api\/wp\/v2\/users\/2"}],"replies":[{"embeddable":true,"href":"https:\/\/portaltela.pt\/api\/wp\/v2\/comments?post=200824"}],"version-history":[{"count":0,"href":"https:\/\/portaltela.pt\/api\/wp\/v2\/posts\/200824\/revisions"}],"wp:featuredmedia":[{"embeddable":true,"href":"https:\/\/portaltela.pt\/api\/wp\/v2\/media\/200831"}],"wp:attachment":[{"href":"https:\/\/portaltela.pt\/api\/wp\/v2\/media?parent=200824"}],"wp:term":[{"taxonomy":"category","embeddable":true,"href":"https:\/\/portaltela.pt\/api\/wp\/v2\/categories?post=200824"},{"taxonomy":"post_tag","embeddable":true,"href":"https:\/\/portaltela.pt\/api\/wp\/v2\/tags?post=200824"}],"curies":[{"name":"wp","href":"https:\/\/api.w.org\/{rel}","templated":true}]}}